{"id":2790,"date":"2006-11-02T20:25:01","date_gmt":"2006-11-03T01:25:01","guid":{"rendered":"http:\/\/teamsters.ca\/2006\/11\/dossier-de-la-reouverture-des-salaires-air-canada-jazz\/"},"modified":"2019-06-27T20:39:55","modified_gmt":"2019-06-27T20:39:55","slug":"dossier-de-la-reouverture-des-salaires-air-canada-jazz","status":"publish","type":"post","link":"https:\/\/teamsters.ca\/fr\/blog\/2006\/11\/02\/dossier-de-la-reouverture-des-salaires-air-canada-jazz\/","title":{"rendered":"Dossier de la r\u00e9ouverture des salaires Air Canada Jazz"},"content":{"rendered":"<p>Ch\u00e8res Cons\u0153urs, Chers Confr\u00e8res,  <\/p>\n<p> \u00c0 l\u2019occasion de notre dernier envoi concernant le dossier de la r\u00e9ouverture des salaires des employ\u00e9(e)s d\u2019Air Canada Jazz membres de notre syndicat, nous avions pris l\u2019engagement de vous communiquer la d\u00e9cision finale de l\u2019arbitre Michel Picher.  <\/p>\n<p> Vous trouverez annex\u00e9e \u00e0 la pr\u00e9sente une copie de la d\u00e9cision arbitrale. Je vous invite \u00e0 en prendre connaissance. Vous noterez que les montants accord\u00e9s en vertu des augmentations de salaire et du r\u00e9gime de participation aux b\u00e9n\u00e9fices sont r\u00e9troactifs et doivent \u00eatre vers\u00e9s \u00e0 l\u2019int\u00e9rieur de deux p\u00e9riodes de paie \u00e0 compter de la date de la d\u00e9cision.  <\/p>\n<p> Nous tenons \u00e0 souligner le travail et la contribution des deux porte-paroles syndicaux Guy Bissonnette et David Frost, des membres \u00e9lus du conseil Anne Dean, Christian Boutet, Janet Pamenter, Sandra Huva et Britt Stevens, des agents d\u2019affaires Jim Russel, Shahan Simon et Cheryl Popeniuk, ainsi que de l\u2019avocat St\u00e9phane Lacoste. <\/p>\n<p> Si vous avez des questions concernant la d\u00e9cision ou sa mise en application, je vous invite \u00e0 communiquer avec le repr\u00e9sentant de votre r\u00e9gion. <\/p>\n<p> En toute solidarit\u00e9, <\/p>\n<p> Fran\u00e7ois Laporte<br \/> Assistant du pr\u00e9sident <\/p>\n<p> <a href=\"http:\/\/www.teamsters.ca\/airline\/pdf\/Arbitrage_oct_2006_FRA.pdf\" target=\"_blank\" rel=\"noopener noreferrer\">Document pertinent (PDF) >>><\/a><\/p>\n","protected":false},"excerpt":{"rendered":"<p>Ch\u00e8res Cons\u0153urs, Chers Confr\u00e8res, \u00c0 l\u2019occasion de notre dernier envoi concernant le dossier de la r\u00e9ouverture des salaires des employ\u00e9(e)s d\u2019Air Canada Jazz membres de notre syndicat, nous avions pris l\u2019engagement de vous communiquer la d\u00e9cision finale de l\u2019arbitre Michel Picher. Vous trouverez annex\u00e9e \u00e0 la pr\u00e9sente une copie de la d\u00e9cision arbitrale. Je vous [&hellip;]<\/p>\n","protected":false},"author":8,"featured_media":0,"comment_status":"closed","ping_status":"closed","sticky":false,"template":"","format":"standard","meta":{"ngg_post_thumbnail":0,"mc4wp_mailchimp_campaign":[],"footnotes":""},"categories":[1114],"tags":[],"class_list":{"0":"post-2790","1":"post","2":"type-post","3":"status-publish","4":"format-standard","6":"category-nouvelles"},"yoast_head":"<!-- This site is optimized with the Yoast SEO Premium plugin v25.5 (Yoast SEO v25.5) - https:\/\/yoast.com\/wordpress\/plugins\/seo\/ -->\n<title>Dossier de la r\u00e9ouverture des salaires Air Canada Jazz | Teamsters Canada<\/title>\n<meta name=\"robots\" content=\"index, follow, max-snippet:-1, max-image-preview:large, max-video-preview:-1\" \/>\n<link rel=\"canonical\" href=\"https:\/\/teamsters.ca\/fr\/blog\/2006\/11\/02\/dossier-de-la-reouverture-des-salaires-air-canada-jazz\/\" \/>\n<meta property=\"og:locale\" content=\"fr_CA\" \/>\n<meta property=\"og:type\" content=\"article\" \/>\n<meta property=\"og:title\" content=\"Dossier de la r\u00e9ouverture des salaires Air Canada Jazz\" \/>\n<meta property=\"og:description\" content=\"Ch\u00e8res Cons\u0153urs, Chers Confr\u00e8res, \u00c0 l\u2019occasion de notre dernier envoi concernant le dossier de la r\u00e9ouverture des salaires des employ\u00e9(e)s d\u2019Air Canada Jazz membres de notre syndicat, nous avions pris l\u2019engagement de vous communiquer la d\u00e9cision finale de l\u2019arbitre Michel Picher. Vous trouverez annex\u00e9e \u00e0 la pr\u00e9sente une copie de la d\u00e9cision arbitrale. Je vous [&hellip;]\" \/>\n<meta property=\"og:url\" content=\"https:\/\/teamsters.ca\/fr\/blog\/2006\/11\/02\/dossier-de-la-reouverture-des-salaires-air-canada-jazz\/\" \/>\n<meta property=\"og:site_name\" content=\"Teamsters Canada\" \/>\n<meta property=\"article:publisher\" content=\"https:\/\/www.facebook.com\/Teamsterscanada\/\" \/>\n<meta property=\"article:published_time\" content=\"2006-11-03T01:25:01+00:00\" \/>\n<meta property=\"article:modified_time\" content=\"2019-06-27T20:39:55+00:00\" \/>\n<meta name=\"author\" content=\"St\u00e9phanie Meunier\" \/>\n<meta name=\"twitter:card\" content=\"summary_large_image\" \/>\n<meta name=\"twitter:creator\" content=\"@TeamstersCanada\" \/>\n<meta name=\"twitter:site\" content=\"@TeamstersCanada\" \/>\n<meta name=\"twitter:label1\" content=\"\u00c9crit par\" \/>\n\t<meta name=\"twitter:data1\" content=\"St\u00e9phanie Meunier\" \/>\n\t<meta name=\"twitter:label2\" content=\"Estimation du temps de lecture\" \/>\n\t<meta name=\"twitter:data2\" content=\"1 minute\" \/>\n<script type=\"application\/ld+json\" class=\"yoast-schema-graph\">{\"@context\":\"https:\/\/schema.org\",\"@graph\":[{\"@type\":\"Article\",\"@id\":\"https:\/\/teamsters.ca\/fr\/blog\/2006\/11\/02\/dossier-de-la-reouverture-des-salaires-air-canada-jazz\/#article\",\"isPartOf\":{\"@id\":\"https:\/\/teamsters.ca\/fr\/blog\/2006\/11\/02\/dossier-de-la-reouverture-des-salaires-air-canada-jazz\/\"},\"author\":{\"name\":\"St\u00e9phanie Meunier\",\"@id\":\"https:\/\/teamsters.ca\/fr\/#\/schema\/person\/3e6ffefc39fe2f212400b7d8d0a4a0c1\"},\"headline\":\"Dossier de la r\u00e9ouverture des salaires Air Canada Jazz\",\"datePublished\":\"2006-11-03T01:25:01+00:00\",\"dateModified\":\"2019-06-27T20:39:55+00:00\",\"mainEntityOfPage\":{\"@id\":\"https:\/\/teamsters.ca\/fr\/blog\/2006\/11\/02\/dossier-de-la-reouverture-des-salaires-air-canada-jazz\/\"},\"wordCount\":220,\"publisher\":{\"@id\":\"https:\/\/teamsters.ca\/fr\/#organization\"},\"articleSection\":[\"Nouvelles\"],\"inLanguage\":\"fr-CA\"},{\"@type\":\"WebPage\",\"@id\":\"https:\/\/teamsters.ca\/fr\/blog\/2006\/11\/02\/dossier-de-la-reouverture-des-salaires-air-canada-jazz\/\",\"url\":\"https:\/\/teamsters.ca\/fr\/blog\/2006\/11\/02\/dossier-de-la-reouverture-des-salaires-air-canada-jazz\/\",\"name\":\"Dossier de la r\u00e9ouverture des salaires Air Canada Jazz | Teamsters Canada\",\"isPartOf\":{\"@id\":\"https:\/\/teamsters.ca\/fr\/#website\"},\"datePublished\":\"2006-11-03T01:25:01+00:00\",\"dateModified\":\"2019-06-27T20:39:55+00:00\",\"breadcrumb\":{\"@id\":\"https:\/\/teamsters.ca\/fr\/blog\/2006\/11\/02\/dossier-de-la-reouverture-des-salaires-air-canada-jazz\/#breadcrumb\"},\"inLanguage\":\"fr-CA\",\"potentialAction\":[{\"@type\":\"ReadAction\",\"target\":[\"https:\/\/teamsters.ca\/fr\/blog\/2006\/11\/02\/dossier-de-la-reouverture-des-salaires-air-canada-jazz\/\"]}]},{\"@type\":\"BreadcrumbList\",\"@id\":\"https:\/\/teamsters.ca\/fr\/blog\/2006\/11\/02\/dossier-de-la-reouverture-des-salaires-air-canada-jazz\/#breadcrumb\",\"itemListElement\":[{\"@type\":\"ListItem\",\"position\":1,\"name\":\"Home\",\"item\":\"https:\/\/teamsters.ca\/fr\/\"},{\"@type\":\"ListItem\",\"position\":2,\"name\":\"Dossier de la r\u00e9ouverture des salaires Air Canada Jazz\"}]},{\"@type\":\"WebSite\",\"@id\":\"https:\/\/teamsters.ca\/fr\/#website\",\"url\":\"https:\/\/teamsters.ca\/fr\/\",\"name\":\"Teamsters Canada\",\"description\":\"A Canadian union representing over 125 000 members\",\"publisher\":{\"@id\":\"https:\/\/teamsters.ca\/fr\/#organization\"},\"potentialAction\":[{\"@type\":\"SearchAction\",\"target\":{\"@type\":\"EntryPoint\",\"urlTemplate\":\"https:\/\/teamsters.ca\/fr\/?s={search_term_string}\"},\"query-input\":{\"@type\":\"PropertyValueSpecification\",\"valueRequired\":true,\"valueName\":\"search_term_string\"}}],\"inLanguage\":\"fr-CA\"},{\"@type\":\"Organization\",\"@id\":\"https:\/\/teamsters.ca\/fr\/#organization\",\"name\":\"Teamsters Canada\",\"url\":\"https:\/\/teamsters.ca\/fr\/\",\"logo\":{\"@type\":\"ImageObject\",\"inLanguage\":\"fr-CA\",\"@id\":\"https:\/\/teamsters.ca\/fr\/#\/schema\/logo\/image\/\",\"url\":\"https:\/\/teamsters.ca\/wp-content\/uploads\/2019\/08\/TeamstersCanada.png\",\"contentUrl\":\"https:\/\/teamsters.ca\/wp-content\/uploads\/2019\/08\/TeamstersCanada.png\",\"width\":545,\"height\":181,\"caption\":\"Teamsters Canada\"},\"image\":{\"@id\":\"https:\/\/teamsters.ca\/fr\/#\/schema\/logo\/image\/\"},\"sameAs\":[\"https:\/\/www.facebook.com\/Teamsterscanada\/\",\"https:\/\/x.com\/TeamstersCanada\"]},{\"@type\":\"Person\",\"@id\":\"https:\/\/teamsters.ca\/fr\/#\/schema\/person\/3e6ffefc39fe2f212400b7d8d0a4a0c1\",\"name\":\"St\u00e9phanie Meunier\",\"image\":{\"@type\":\"ImageObject\",\"inLanguage\":\"fr-CA\",\"@id\":\"https:\/\/teamsters.ca\/fr\/#\/schema\/person\/image\/\",\"url\":\"https:\/\/secure.gravatar.com\/avatar\/e4e8404e91ed71cb473fa2708849669810cf083c89825a3d2dd0d47dd6b2be77?s=96&d=mm&r=g\",\"contentUrl\":\"https:\/\/secure.gravatar.com\/avatar\/e4e8404e91ed71cb473fa2708849669810cf083c89825a3d2dd0d47dd6b2be77?s=96&d=mm&r=g\",\"caption\":\"St\u00e9phanie Meunier\"},\"url\":\"https:\/\/teamsters.ca\/fr\/blog\/author\/smeunier\/\"}]}<\/script>\n<!-- \/ Yoast SEO Premium plugin. -->","yoast_head_json":{"title":"Dossier de la r\u00e9ouverture des salaires Air Canada Jazz | Teamsters Canada","robots":{"index":"index","follow":"follow","max-snippet":"max-snippet:-1","max-image-preview":"max-image-preview:large","max-video-preview":"max-video-preview:-1"},"canonical":"https:\/\/teamsters.ca\/fr\/blog\/2006\/11\/02\/dossier-de-la-reouverture-des-salaires-air-canada-jazz\/","og_locale":"fr_CA","og_type":"article","og_title":"Dossier de la r\u00e9ouverture des salaires Air Canada Jazz","og_description":"Ch\u00e8res Cons\u0153urs, Chers Confr\u00e8res, \u00c0 l\u2019occasion de notre dernier envoi concernant le dossier de la r\u00e9ouverture des salaires des employ\u00e9(e)s d\u2019Air Canada Jazz membres de notre syndicat, nous avions pris l\u2019engagement de vous communiquer la d\u00e9cision finale de l\u2019arbitre Michel Picher. Vous trouverez annex\u00e9e \u00e0 la pr\u00e9sente une copie de la d\u00e9cision arbitrale. Je vous [&hellip;]","og_url":"https:\/\/teamsters.ca\/fr\/blog\/2006\/11\/02\/dossier-de-la-reouverture-des-salaires-air-canada-jazz\/","og_site_name":"Teamsters Canada","article_publisher":"https:\/\/www.facebook.com\/Teamsterscanada\/","article_published_time":"2006-11-03T01:25:01+00:00","article_modified_time":"2019-06-27T20:39:55+00:00","author":"St\u00e9phanie Meunier","twitter_card":"summary_large_image","twitter_creator":"@TeamstersCanada","twitter_site":"@TeamstersCanada","twitter_misc":{"\u00c9crit par":"St\u00e9phanie Meunier","Estimation du temps de lecture":"1 minute"},"schema":{"@context":"https:\/\/schema.org","@graph":[{"@type":"Article","@id":"https:\/\/teamsters.ca\/fr\/blog\/2006\/11\/02\/dossier-de-la-reouverture-des-salaires-air-canada-jazz\/#article","isPartOf":{"@id":"https:\/\/teamsters.ca\/fr\/blog\/2006\/11\/02\/dossier-de-la-reouverture-des-salaires-air-canada-jazz\/"},"author":{"name":"St\u00e9phanie Meunier","@id":"https:\/\/teamsters.ca\/fr\/#\/schema\/person\/3e6ffefc39fe2f212400b7d8d0a4a0c1"},"headline":"Dossier de la r\u00e9ouverture des salaires Air Canada Jazz","datePublished":"2006-11-03T01:25:01+00:00","dateModified":"2019-06-27T20:39:55+00:00","mainEntityOfPage":{"@id":"https:\/\/teamsters.ca\/fr\/blog\/2006\/11\/02\/dossier-de-la-reouverture-des-salaires-air-canada-jazz\/"},"wordCount":220,"publisher":{"@id":"https:\/\/teamsters.ca\/fr\/#organization"},"articleSection":["Nouvelles"],"inLanguage":"fr-CA"},{"@type":"WebPage","@id":"https:\/\/teamsters.ca\/fr\/blog\/2006\/11\/02\/dossier-de-la-reouverture-des-salaires-air-canada-jazz\/","url":"https:\/\/teamsters.ca\/fr\/blog\/2006\/11\/02\/dossier-de-la-reouverture-des-salaires-air-canada-jazz\/","name":"Dossier de la r\u00e9ouverture des salaires Air Canada Jazz | Teamsters Canada","isPartOf":{"@id":"https:\/\/teamsters.ca\/fr\/#website"},"datePublished":"2006-11-03T01:25:01+00:00","dateModified":"2019-06-27T20:39:55+00:00","breadcrumb":{"@id":"https:\/\/teamsters.ca\/fr\/blog\/2006\/11\/02\/dossier-de-la-reouverture-des-salaires-air-canada-jazz\/#breadcrumb"},"inLanguage":"fr-CA","potentialAction":[{"@type":"ReadAction","target":["https:\/\/teamsters.ca\/fr\/blog\/2006\/11\/02\/dossier-de-la-reouverture-des-salaires-air-canada-jazz\/"]}]},{"@type":"BreadcrumbList","@id":"https:\/\/teamsters.ca\/fr\/blog\/2006\/11\/02\/dossier-de-la-reouverture-des-salaires-air-canada-jazz\/#breadcrumb","itemListElement":[{"@type":"ListItem","position":1,"name":"Home","item":"https:\/\/teamsters.ca\/fr\/"},{"@type":"ListItem","position":2,"name":"Dossier de la r\u00e9ouverture des salaires Air Canada Jazz"}]},{"@type":"WebSite","@id":"https:\/\/teamsters.ca\/fr\/#website","url":"https:\/\/teamsters.ca\/fr\/","name":"Teamsters Canada","description":"A Canadian union representing over 125 000 members","publisher":{"@id":"https:\/\/teamsters.ca\/fr\/#organization"},"potentialAction":[{"@type":"SearchAction","target":{"@type":"EntryPoint","urlTemplate":"https:\/\/teamsters.ca\/fr\/?s={search_term_string}"},"query-input":{"@type":"PropertyValueSpecification","valueRequired":true,"valueName":"search_term_string"}}],"inLanguage":"fr-CA"},{"@type":"Organization","@id":"https:\/\/teamsters.ca\/fr\/#organization","name":"Teamsters Canada","url":"https:\/\/teamsters.ca\/fr\/","logo":{"@type":"ImageObject","inLanguage":"fr-CA","@id":"https:\/\/teamsters.ca\/fr\/#\/schema\/logo\/image\/","url":"https:\/\/teamsters.ca\/wp-content\/uploads\/2019\/08\/TeamstersCanada.png","contentUrl":"https:\/\/teamsters.ca\/wp-content\/uploads\/2019\/08\/TeamstersCanada.png","width":545,"height":181,"caption":"Teamsters Canada"},"image":{"@id":"https:\/\/teamsters.ca\/fr\/#\/schema\/logo\/image\/"},"sameAs":["https:\/\/www.facebook.com\/Teamsterscanada\/","https:\/\/x.com\/TeamstersCanada"]},{"@type":"Person","@id":"https:\/\/teamsters.ca\/fr\/#\/schema\/person\/3e6ffefc39fe2f212400b7d8d0a4a0c1","name":"St\u00e9phanie Meunier","image":{"@type":"ImageObject","inLanguage":"fr-CA","@id":"https:\/\/teamsters.ca\/fr\/#\/schema\/person\/image\/","url":"https:\/\/secure.gravatar.com\/avatar\/e4e8404e91ed71cb473fa2708849669810cf083c89825a3d2dd0d47dd6b2be77?s=96&d=mm&r=g","contentUrl":"https:\/\/secure.gravatar.com\/avatar\/e4e8404e91ed71cb473fa2708849669810cf083c89825a3d2dd0d47dd6b2be77?s=96&d=mm&r=g","caption":"St\u00e9phanie Meunier"},"url":"https:\/\/teamsters.ca\/fr\/blog\/author\/smeunier\/"}]}},"_links":{"self":[{"href":"https:\/\/teamsters.ca\/fr\/wp-json\/wp\/v2\/posts\/2790","targetHints":{"allow":["GET"]}}],"collection":[{"href":"https:\/\/teamsters.ca\/fr\/wp-json\/wp\/v2\/posts"}],"about":[{"href":"https:\/\/teamsters.ca\/fr\/wp-json\/wp\/v2\/types\/post"}],"author":[{"embeddable":true,"href":"https:\/\/teamsters.ca\/fr\/wp-json\/wp\/v2\/users\/8"}],"replies":[{"embeddable":true,"href":"https:\/\/teamsters.ca\/fr\/wp-json\/wp\/v2\/comments?post=2790"}],"version-history":[{"count":1,"href":"https:\/\/teamsters.ca\/fr\/wp-json\/wp\/v2\/posts\/2790\/revisions"}],"predecessor-version":[{"id":10810,"href":"https:\/\/teamsters.ca\/fr\/wp-json\/wp\/v2\/posts\/2790\/revisions\/10810"}],"wp:attachment":[{"href":"https:\/\/teamsters.ca\/fr\/wp-json\/wp\/v2\/media?parent=2790"}],"wp:term":[{"taxonomy":"category","embeddable":true,"href":"https:\/\/teamsters.ca\/fr\/wp-json\/wp\/v2\/categories?post=2790"},{"taxonomy":"post_tag","embeddable":true,"href":"https:\/\/teamsters.ca\/fr\/wp-json\/wp\/v2\/tags?post=2790"}],"curies":[{"name":"wp","href":"https:\/\/api.w.org\/{rel}","templated":true}]}}