{"id":27886,"date":"2024-10-08T17:13:17","date_gmt":"2024-10-08T21:13:17","guid":{"rendered":"https:\/\/teamsters.ca\/?p=27886"},"modified":"2024-10-08T17:13:20","modified_gmt":"2024-10-08T21:13:20","slug":"les-travailleurs-de-gordon-food-service-en-c-b-se-joignent-a-la-section-locale-31","status":"publish","type":"post","link":"https:\/\/teamsters.ca\/fr\/blog\/2024\/10\/08\/les-travailleurs-de-gordon-food-service-en-c-b-se-joignent-a-la-section-locale-31\/","title":{"rendered":"Les travailleurs de Gordon Food Service en C.-B. se joignent \u00e0 la Section locale 31"},"content":{"rendered":"\n<p><em>Avancer sans jamais reculer<\/em><\/p>\n\n\n\n<p>La Section locale 31 des Teamsters est pass\u00e9e \u00e0 l\u2019histoire le mois dernier en remportant sa plus grande victoire en mati\u00e8re de recrutement depuis sa fondation en 1936. Apr\u00e8s des ann\u00e9es d\u2019efforts, plus de 550 travailleuses et travailleurs de Gordon Food Service Canada en Colombie-Britannique sont maintenant syndiqu\u00e9s avec les Teamsters.<\/p>\n\n\n\n<p>La campagne de syndicalisation a \u00e9t\u00e9 lanc\u00e9e en 2021 et s\u2019est poursuivie jusqu\u2019\u00e0 l\u2019\u00e9t\u00e9 2023. \u00c0 travers la r\u00e9gion m\u00e9tropolitaine de Vancouver et la vall\u00e9e de l\u2019Okanagan, les travailleurs de l\u2019entreprise &#8211; dont des chauffeurs, du personnel d\u2019entrep\u00f4t, des commis et bien d\u2019autres &#8211; ont r\u00e9sist\u00e9 aux pressions et \u00e0 l\u2019ing\u00e9rence de l\u2019entreprise.<\/p>\n\n\n\n<p>Les travailleurs \u00e9taient aux prises avec toute une s\u00e9rie de probl\u00e8mes, notamment des salaires \u00e0 la traine, des pr\u00e9occupations en mati\u00e8re de sant\u00e9 et de s\u00e9curit\u00e9, du favoritisme, des mesures disciplinaires et des cong\u00e9diements injustes, ainsi qu\u2019un programme d\u2019assurances collectives de plus en plus couteux.<\/p>\n\n\n\n<p>Cette r\u00e9ussite n\u2019aurait pas \u00e9t\u00e9 possible sans le leadership du pr\u00e9sident de la section locale Stan Hennessy, du directeur de l\u2019organisation syndicale Ben Hennessy et du comit\u00e9 d\u2019organisation qui a port\u00e9 le combat. Des gens comme Pete Stanworth &#8211; aujourd\u2019hui agent d\u2019affaires \u00e0 la Section locale 31 &#8211; ainsi que les syndics Glen Bennison et Jas Haer, de m\u00eame que Rick Cultess, Quade Osborne, Jerry Barr, Jared Farrell et David Lundy, ont jou\u00e9 des r\u00f4les cruciaux. Ensemble, avec d\u2019autres agents d\u2019affaires de la Section locale 31 et des organisateurs internes, ils ont travaill\u00e9 sans rel\u00e2che &#8211; souvent apr\u00e8s les heures de travail &#8211; pour inscrire des coll\u00e8gues, surmonter des obstacles et instaurer un climat de confiance.<\/p>\n\n\n\n<p>Avec l\u2019aide d\u2019experts juridiques comme Daniel McBane, Nyssa Lessingham et Tamara Ramusovic, les Teamsters ont lutt\u00e9 contre les pratiques d\u00e9loyales de travail et ont obtenu des victoires cruciales.<\/p>\n\n\n\n<p>Mais ce n\u2019est qu\u2019un d\u00e9but. La prochaine bataille consistera \u00e0 n\u00e9gocier une premi\u00e8re convention collective afin de garantir de meilleurs salaires, avantages et protections \u00e0 ces travailleurs courageux.<\/p>\n\n\n\n<p>Aux 550 membres nouvellement unis, cette victoire est la v\u00f4tre. Vous \u00eates entr\u00e9s dans l\u2019histoire du syndicat et, ensemble, nous continuerons \u00e0 nous battre pour de meilleures conditions. F\u00e9licitations pour ce triomphe bien m\u00e9rit\u00e9.<\/p>\n\n\n\n<figure class=\"wp-block-image size-full\"><img loading=\"lazy\" decoding=\"async\" width=\"640\" height=\"480\" src=\"https:\/\/teamsters.ca\/wp-content\/uploads\/2024\/10\/GFS-Organizing-1-July-2023.png\" alt=\"\" class=\"wp-image-27881\" srcset=\"https:\/\/teamsters.ca\/wp-content\/uploads\/2024\/10\/GFS-Organizing-1-July-2023.png 640w, https:\/\/teamsters.ca\/wp-content\/uploads\/2024\/10\/GFS-Organizing-1-July-2023-300x225.png 300w, https:\/\/teamsters.ca\/wp-content\/uploads\/2024\/10\/GFS-Organizing-1-July-2023-150x113.png 150w, https:\/\/teamsters.ca\/wp-content\/uploads\/2024\/10\/GFS-Organizing-1-July-2023-560x420.png 560w, https:\/\/teamsters.ca\/wp-content\/uploads\/2024\/10\/GFS-Organizing-1-July-2023-80x60.png 80w, https:\/\/teamsters.ca\/wp-content\/uploads\/2024\/10\/GFS-Organizing-1-July-2023-265x198.png 265w\" sizes=\"auto, (max-width: 640px) 100vw, 640px\" \/><\/figure>\n","protected":false},"excerpt":{"rendered":"<p>La Section locale 31 des Teamsters est pass\u00e9e \u00e0 l\u2019histoire le mois dernier en remportant sa plus grande victoire en mati\u00e8re de recrutement depuis sa fondation en 1936. Apr\u00e8s des ann\u00e9es d\u2019efforts, plus de 550 travailleuses et travailleurs de Gordon Food Service Canada en Colombie-Britannique sont maintenant syndiqu\u00e9s avec les Teamsters.<\/p>\n","protected":false},"author":9,"featured_media":27884,"comment_status":"closed","ping_status":"closed","sticky":false,"template":"","format":"standard","meta":{"ngg_post_thumbnail":0,"mc4wp_mailchimp_campaign":[],"footnotes":""},"categories":[1139,1114],"tags":[7029],"class_list":{"0":"post-27886","1":"post","2":"type-post","3":"status-publish","4":"format-standard","5":"has-post-thumbnail","7":"category-colombie-britannique","8":"category-nouvelles","9":"tag-gordon-food-2"},"yoast_head":"<!-- This site is optimized with the Yoast SEO Premium plugin v25.5 (Yoast SEO v25.5) - https:\/\/yoast.com\/wordpress\/plugins\/seo\/ -->\n<title>Les travailleurs de Gordon Food Service en C.-B. se joignent \u00e0 la Section locale 31 | Teamsters Canada<\/title>\n<meta name=\"robots\" content=\"index, follow, max-snippet:-1, max-image-preview:large, max-video-preview:-1\" \/>\n<link rel=\"canonical\" href=\"https:\/\/teamsters.ca\/fr\/blog\/2024\/10\/08\/les-travailleurs-de-gordon-food-service-en-c-b-se-joignent-a-la-section-locale-31\/\" \/>\n<meta property=\"og:locale\" content=\"fr_CA\" \/>\n<meta property=\"og:type\" content=\"article\" \/>\n<meta property=\"og:title\" content=\"Les travailleurs de Gordon Food Service en C.-B. se joignent \u00e0 la Section locale 31\" \/>\n<meta property=\"og:description\" content=\"La Section locale 31 des Teamsters est pass\u00e9e \u00e0 l\u2019histoire le mois dernier en remportant sa plus grande victoire en mati\u00e8re de recrutement depuis sa fondation en 1936. Apr\u00e8s des ann\u00e9es d\u2019efforts, plus de 550 travailleuses et travailleurs de Gordon Food Service Canada en Colombie-Britannique sont maintenant syndiqu\u00e9s avec les Teamsters.\" \/>\n<meta property=\"og:url\" content=\"https:\/\/teamsters.ca\/fr\/blog\/2024\/10\/08\/les-travailleurs-de-gordon-food-service-en-c-b-se-joignent-a-la-section-locale-31\/\" \/>\n<meta property=\"og:site_name\" content=\"Teamsters Canada\" \/>\n<meta property=\"article:publisher\" content=\"https:\/\/www.facebook.com\/Teamsterscanada\/\" \/>\n<meta property=\"article:published_time\" content=\"2024-10-08T21:13:17+00:00\" \/>\n<meta property=\"article:modified_time\" content=\"2024-10-08T21:13:20+00:00\" \/>\n<meta property=\"og:image\" content=\"https:\/\/teamsters.ca\/wp-content\/uploads\/2024\/10\/Canada.jpg\" \/>\n\t<meta property=\"og:image:width\" content=\"1166\" \/>\n\t<meta property=\"og:image:height\" content=\"875\" \/>\n\t<meta property=\"og:image:type\" content=\"image\/jpeg\" \/>\n<meta name=\"author\" content=\"communications\" \/>\n<meta name=\"twitter:card\" content=\"summary_large_image\" \/>\n<meta name=\"twitter:creator\" content=\"@TeamstersCanada\" \/>\n<meta name=\"twitter:site\" content=\"@TeamstersCanada\" \/>\n<meta name=\"twitter:label1\" content=\"\u00c9crit par\" \/>\n\t<meta name=\"twitter:data1\" content=\"communications\" \/>\n\t<meta name=\"twitter:label2\" content=\"Estimation du temps de lecture\" \/>\n\t<meta name=\"twitter:data2\" content=\"2 minutes\" \/>\n<script type=\"application\/ld+json\" class=\"yoast-schema-graph\">{\"@context\":\"https:\/\/schema.org\",\"@graph\":[{\"@type\":\"Article\",\"@id\":\"https:\/\/teamsters.ca\/fr\/blog\/2024\/10\/08\/les-travailleurs-de-gordon-food-service-en-c-b-se-joignent-a-la-section-locale-31\/#article\",\"isPartOf\":{\"@id\":\"https:\/\/teamsters.ca\/fr\/blog\/2024\/10\/08\/les-travailleurs-de-gordon-food-service-en-c-b-se-joignent-a-la-section-locale-31\/\"},\"author\":{\"name\":\"communications\",\"@id\":\"https:\/\/teamsters.ca\/fr\/#\/schema\/person\/16abb510b61e30ac94505e325f34ff0c\"},\"headline\":\"Les travailleurs de Gordon Food Service en C.-B. se joignent \u00e0 la Section locale 31\",\"datePublished\":\"2024-10-08T21:13:17+00:00\",\"dateModified\":\"2024-10-08T21:13:20+00:00\",\"mainEntityOfPage\":{\"@id\":\"https:\/\/teamsters.ca\/fr\/blog\/2024\/10\/08\/les-travailleurs-de-gordon-food-service-en-c-b-se-joignent-a-la-section-locale-31\/\"},\"wordCount\":414,\"publisher\":{\"@id\":\"https:\/\/teamsters.ca\/fr\/#organization\"},\"image\":{\"@id\":\"https:\/\/teamsters.ca\/fr\/blog\/2024\/10\/08\/les-travailleurs-de-gordon-food-service-en-c-b-se-joignent-a-la-section-locale-31\/#primaryimage\"},\"thumbnailUrl\":\"https:\/\/teamsters.ca\/wp-content\/uploads\/2024\/10\/Canada.jpg\",\"keywords\":[\"Gordon Food\"],\"articleSection\":[\"Colombie-Britannique\",\"Nouvelles\"],\"inLanguage\":\"fr-CA\"},{\"@type\":\"WebPage\",\"@id\":\"https:\/\/teamsters.ca\/fr\/blog\/2024\/10\/08\/les-travailleurs-de-gordon-food-service-en-c-b-se-joignent-a-la-section-locale-31\/\",\"url\":\"https:\/\/teamsters.ca\/fr\/blog\/2024\/10\/08\/les-travailleurs-de-gordon-food-service-en-c-b-se-joignent-a-la-section-locale-31\/\",\"name\":\"Les travailleurs de Gordon Food Service en C.-B. se joignent \u00e0 la Section locale 31 | Teamsters Canada\",\"isPartOf\":{\"@id\":\"https:\/\/teamsters.ca\/fr\/#website\"},\"primaryImageOfPage\":{\"@id\":\"https:\/\/teamsters.ca\/fr\/blog\/2024\/10\/08\/les-travailleurs-de-gordon-food-service-en-c-b-se-joignent-a-la-section-locale-31\/#primaryimage\"},\"image\":{\"@id\":\"https:\/\/teamsters.ca\/fr\/blog\/2024\/10\/08\/les-travailleurs-de-gordon-food-service-en-c-b-se-joignent-a-la-section-locale-31\/#primaryimage\"},\"thumbnailUrl\":\"https:\/\/teamsters.ca\/wp-content\/uploads\/2024\/10\/Canada.jpg\",\"datePublished\":\"2024-10-08T21:13:17+00:00\",\"dateModified\":\"2024-10-08T21:13:20+00:00\",\"breadcrumb\":{\"@id\":\"https:\/\/teamsters.ca\/fr\/blog\/2024\/10\/08\/les-travailleurs-de-gordon-food-service-en-c-b-se-joignent-a-la-section-locale-31\/#breadcrumb\"},\"inLanguage\":\"fr-CA\",\"potentialAction\":[{\"@type\":\"ReadAction\",\"target\":[\"https:\/\/teamsters.ca\/fr\/blog\/2024\/10\/08\/les-travailleurs-de-gordon-food-service-en-c-b-se-joignent-a-la-section-locale-31\/\"]}]},{\"@type\":\"ImageObject\",\"inLanguage\":\"fr-CA\",\"@id\":\"https:\/\/teamsters.ca\/fr\/blog\/2024\/10\/08\/les-travailleurs-de-gordon-food-service-en-c-b-se-joignent-a-la-section-locale-31\/#primaryimage\",\"url\":\"https:\/\/teamsters.ca\/wp-content\/uploads\/2024\/10\/Canada.jpg\",\"contentUrl\":\"https:\/\/teamsters.ca\/wp-content\/uploads\/2024\/10\/Canada.jpg\",\"width\":1166,\"height\":875},{\"@type\":\"BreadcrumbList\",\"@id\":\"https:\/\/teamsters.ca\/fr\/blog\/2024\/10\/08\/les-travailleurs-de-gordon-food-service-en-c-b-se-joignent-a-la-section-locale-31\/#breadcrumb\",\"itemListElement\":[{\"@type\":\"ListItem\",\"position\":1,\"name\":\"Home\",\"item\":\"https:\/\/teamsters.ca\/fr\/\"},{\"@type\":\"ListItem\",\"position\":2,\"name\":\"Les travailleurs de Gordon Food Service en C.-B. se joignent \u00e0 la Section locale 31\"}]},{\"@type\":\"WebSite\",\"@id\":\"https:\/\/teamsters.ca\/fr\/#website\",\"url\":\"https:\/\/teamsters.ca\/fr\/\",\"name\":\"Teamsters Canada\",\"description\":\"A Canadian union representing over 125 000 members\",\"publisher\":{\"@id\":\"https:\/\/teamsters.ca\/fr\/#organization\"},\"potentialAction\":[{\"@type\":\"SearchAction\",\"target\":{\"@type\":\"EntryPoint\",\"urlTemplate\":\"https:\/\/teamsters.ca\/fr\/?s={search_term_string}\"},\"query-input\":{\"@type\":\"PropertyValueSpecification\",\"valueRequired\":true,\"valueName\":\"search_term_string\"}}],\"inLanguage\":\"fr-CA\"},{\"@type\":\"Organization\",\"@id\":\"https:\/\/teamsters.ca\/fr\/#organization\",\"name\":\"Teamsters Canada\",\"url\":\"https:\/\/teamsters.ca\/fr\/\",\"logo\":{\"@type\":\"ImageObject\",\"inLanguage\":\"fr-CA\",\"@id\":\"https:\/\/teamsters.ca\/fr\/#\/schema\/logo\/image\/\",\"url\":\"https:\/\/teamsters.ca\/wp-content\/uploads\/2019\/08\/TeamstersCanada.png\",\"contentUrl\":\"https:\/\/teamsters.ca\/wp-content\/uploads\/2019\/08\/TeamstersCanada.png\",\"width\":545,\"height\":181,\"caption\":\"Teamsters Canada\"},\"image\":{\"@id\":\"https:\/\/teamsters.ca\/fr\/#\/schema\/logo\/image\/\"},\"sameAs\":[\"https:\/\/www.facebook.com\/Teamsterscanada\/\",\"https:\/\/x.com\/TeamstersCanada\"]},{\"@type\":\"Person\",\"@id\":\"https:\/\/teamsters.ca\/fr\/#\/schema\/person\/16abb510b61e30ac94505e325f34ff0c\",\"name\":\"communications\",\"image\":{\"@type\":\"ImageObject\",\"inLanguage\":\"fr-CA\",\"@id\":\"https:\/\/teamsters.ca\/fr\/#\/schema\/person\/image\/\",\"url\":\"https:\/\/secure.gravatar.com\/avatar\/707c37c6763af59d83f3b3dcebfff9d9d58ef9e062e2c9452a9dbb153c85d7ac?s=96&d=mm&r=g\",\"contentUrl\":\"https:\/\/secure.gravatar.com\/avatar\/707c37c6763af59d83f3b3dcebfff9d9d58ef9e062e2c9452a9dbb153c85d7ac?s=96&d=mm&r=g\",\"caption\":\"communications\"},\"url\":\"https:\/\/teamsters.ca\/fr\/blog\/author\/communications\/\"}]}<\/script>\n<!-- \/ Yoast SEO Premium plugin. -->","yoast_head_json":{"title":"Les travailleurs de Gordon Food Service en C.-B. se joignent \u00e0 la Section locale 31 | Teamsters Canada","robots":{"index":"index","follow":"follow","max-snippet":"max-snippet:-1","max-image-preview":"max-image-preview:large","max-video-preview":"max-video-preview:-1"},"canonical":"https:\/\/teamsters.ca\/fr\/blog\/2024\/10\/08\/les-travailleurs-de-gordon-food-service-en-c-b-se-joignent-a-la-section-locale-31\/","og_locale":"fr_CA","og_type":"article","og_title":"Les travailleurs de Gordon Food Service en C.-B. se joignent \u00e0 la Section locale 31","og_description":"La Section locale 31 des Teamsters est pass\u00e9e \u00e0 l\u2019histoire le mois dernier en remportant sa plus grande victoire en mati\u00e8re de recrutement depuis sa fondation en 1936. Apr\u00e8s des ann\u00e9es d\u2019efforts, plus de 550 travailleuses et travailleurs de Gordon Food Service Canada en Colombie-Britannique sont maintenant syndiqu\u00e9s avec les Teamsters.","og_url":"https:\/\/teamsters.ca\/fr\/blog\/2024\/10\/08\/les-travailleurs-de-gordon-food-service-en-c-b-se-joignent-a-la-section-locale-31\/","og_site_name":"Teamsters Canada","article_publisher":"https:\/\/www.facebook.com\/Teamsterscanada\/","article_published_time":"2024-10-08T21:13:17+00:00","article_modified_time":"2024-10-08T21:13:20+00:00","og_image":[{"width":1166,"height":875,"url":"https:\/\/teamsters.ca\/wp-content\/uploads\/2024\/10\/Canada.jpg","type":"image\/jpeg"}],"author":"communications","twitter_card":"summary_large_image","twitter_creator":"@TeamstersCanada","twitter_site":"@TeamstersCanada","twitter_misc":{"\u00c9crit par":"communications","Estimation du temps de lecture":"2 minutes"},"schema":{"@context":"https:\/\/schema.org","@graph":[{"@type":"Article","@id":"https:\/\/teamsters.ca\/fr\/blog\/2024\/10\/08\/les-travailleurs-de-gordon-food-service-en-c-b-se-joignent-a-la-section-locale-31\/#article","isPartOf":{"@id":"https:\/\/teamsters.ca\/fr\/blog\/2024\/10\/08\/les-travailleurs-de-gordon-food-service-en-c-b-se-joignent-a-la-section-locale-31\/"},"author":{"name":"communications","@id":"https:\/\/teamsters.ca\/fr\/#\/schema\/person\/16abb510b61e30ac94505e325f34ff0c"},"headline":"Les travailleurs de Gordon Food Service en C.-B. se joignent \u00e0 la Section locale 31","datePublished":"2024-10-08T21:13:17+00:00","dateModified":"2024-10-08T21:13:20+00:00","mainEntityOfPage":{"@id":"https:\/\/teamsters.ca\/fr\/blog\/2024\/10\/08\/les-travailleurs-de-gordon-food-service-en-c-b-se-joignent-a-la-section-locale-31\/"},"wordCount":414,"publisher":{"@id":"https:\/\/teamsters.ca\/fr\/#organization"},"image":{"@id":"https:\/\/teamsters.ca\/fr\/blog\/2024\/10\/08\/les-travailleurs-de-gordon-food-service-en-c-b-se-joignent-a-la-section-locale-31\/#primaryimage"},"thumbnailUrl":"https:\/\/teamsters.ca\/wp-content\/uploads\/2024\/10\/Canada.jpg","keywords":["Gordon Food"],"articleSection":["Colombie-Britannique","Nouvelles"],"inLanguage":"fr-CA"},{"@type":"WebPage","@id":"https:\/\/teamsters.ca\/fr\/blog\/2024\/10\/08\/les-travailleurs-de-gordon-food-service-en-c-b-se-joignent-a-la-section-locale-31\/","url":"https:\/\/teamsters.ca\/fr\/blog\/2024\/10\/08\/les-travailleurs-de-gordon-food-service-en-c-b-se-joignent-a-la-section-locale-31\/","name":"Les travailleurs de Gordon Food Service en C.-B. se joignent \u00e0 la Section locale 31 | Teamsters Canada","isPartOf":{"@id":"https:\/\/teamsters.ca\/fr\/#website"},"primaryImageOfPage":{"@id":"https:\/\/teamsters.ca\/fr\/blog\/2024\/10\/08\/les-travailleurs-de-gordon-food-service-en-c-b-se-joignent-a-la-section-locale-31\/#primaryimage"},"image":{"@id":"https:\/\/teamsters.ca\/fr\/blog\/2024\/10\/08\/les-travailleurs-de-gordon-food-service-en-c-b-se-joignent-a-la-section-locale-31\/#primaryimage"},"thumbnailUrl":"https:\/\/teamsters.ca\/wp-content\/uploads\/2024\/10\/Canada.jpg","datePublished":"2024-10-08T21:13:17+00:00","dateModified":"2024-10-08T21:13:20+00:00","breadcrumb":{"@id":"https:\/\/teamsters.ca\/fr\/blog\/2024\/10\/08\/les-travailleurs-de-gordon-food-service-en-c-b-se-joignent-a-la-section-locale-31\/#breadcrumb"},"inLanguage":"fr-CA","potentialAction":[{"@type":"ReadAction","target":["https:\/\/teamsters.ca\/fr\/blog\/2024\/10\/08\/les-travailleurs-de-gordon-food-service-en-c-b-se-joignent-a-la-section-locale-31\/"]}]},{"@type":"ImageObject","inLanguage":"fr-CA","@id":"https:\/\/teamsters.ca\/fr\/blog\/2024\/10\/08\/les-travailleurs-de-gordon-food-service-en-c-b-se-joignent-a-la-section-locale-31\/#primaryimage","url":"https:\/\/teamsters.ca\/wp-content\/uploads\/2024\/10\/Canada.jpg","contentUrl":"https:\/\/teamsters.ca\/wp-content\/uploads\/2024\/10\/Canada.jpg","width":1166,"height":875},{"@type":"BreadcrumbList","@id":"https:\/\/teamsters.ca\/fr\/blog\/2024\/10\/08\/les-travailleurs-de-gordon-food-service-en-c-b-se-joignent-a-la-section-locale-31\/#breadcrumb","itemListElement":[{"@type":"ListItem","position":1,"name":"Home","item":"https:\/\/teamsters.ca\/fr\/"},{"@type":"ListItem","position":2,"name":"Les travailleurs de Gordon Food Service en C.-B. se joignent \u00e0 la Section locale 31"}]},{"@type":"WebSite","@id":"https:\/\/teamsters.ca\/fr\/#website","url":"https:\/\/teamsters.ca\/fr\/","name":"Teamsters Canada","description":"A Canadian union representing over 125 000 members","publisher":{"@id":"https:\/\/teamsters.ca\/fr\/#organization"},"potentialAction":[{"@type":"SearchAction","target":{"@type":"EntryPoint","urlTemplate":"https:\/\/teamsters.ca\/fr\/?s={search_term_string}"},"query-input":{"@type":"PropertyValueSpecification","valueRequired":true,"valueName":"search_term_string"}}],"inLanguage":"fr-CA"},{"@type":"Organization","@id":"https:\/\/teamsters.ca\/fr\/#organization","name":"Teamsters Canada","url":"https:\/\/teamsters.ca\/fr\/","logo":{"@type":"ImageObject","inLanguage":"fr-CA","@id":"https:\/\/teamsters.ca\/fr\/#\/schema\/logo\/image\/","url":"https:\/\/teamsters.ca\/wp-content\/uploads\/2019\/08\/TeamstersCanada.png","contentUrl":"https:\/\/teamsters.ca\/wp-content\/uploads\/2019\/08\/TeamstersCanada.png","width":545,"height":181,"caption":"Teamsters Canada"},"image":{"@id":"https:\/\/teamsters.ca\/fr\/#\/schema\/logo\/image\/"},"sameAs":["https:\/\/www.facebook.com\/Teamsterscanada\/","https:\/\/x.com\/TeamstersCanada"]},{"@type":"Person","@id":"https:\/\/teamsters.ca\/fr\/#\/schema\/person\/16abb510b61e30ac94505e325f34ff0c","name":"communications","image":{"@type":"ImageObject","inLanguage":"fr-CA","@id":"https:\/\/teamsters.ca\/fr\/#\/schema\/person\/image\/","url":"https:\/\/secure.gravatar.com\/avatar\/707c37c6763af59d83f3b3dcebfff9d9d58ef9e062e2c9452a9dbb153c85d7ac?s=96&d=mm&r=g","contentUrl":"https:\/\/secure.gravatar.com\/avatar\/707c37c6763af59d83f3b3dcebfff9d9d58ef9e062e2c9452a9dbb153c85d7ac?s=96&d=mm&r=g","caption":"communications"},"url":"https:\/\/teamsters.ca\/fr\/blog\/author\/communications\/"}]}},"_links":{"self":[{"href":"https:\/\/teamsters.ca\/fr\/wp-json\/wp\/v2\/posts\/27886","targetHints":{"allow":["GET"]}}],"collection":[{"href":"https:\/\/teamsters.ca\/fr\/wp-json\/wp\/v2\/posts"}],"about":[{"href":"https:\/\/teamsters.ca\/fr\/wp-json\/wp\/v2\/types\/post"}],"author":[{"embeddable":true,"href":"https:\/\/teamsters.ca\/fr\/wp-json\/wp\/v2\/users\/9"}],"replies":[{"embeddable":true,"href":"https:\/\/teamsters.ca\/fr\/wp-json\/wp\/v2\/comments?post=27886"}],"version-history":[{"count":3,"href":"https:\/\/teamsters.ca\/fr\/wp-json\/wp\/v2\/posts\/27886\/revisions"}],"predecessor-version":[{"id":27889,"href":"https:\/\/teamsters.ca\/fr\/wp-json\/wp\/v2\/posts\/27886\/revisions\/27889"}],"wp:featuredmedia":[{"embeddable":true,"href":"https:\/\/teamsters.ca\/fr\/wp-json\/wp\/v2\/media\/27884"}],"wp:attachment":[{"href":"https:\/\/teamsters.ca\/fr\/wp-json\/wp\/v2\/media?parent=27886"}],"wp:term":[{"taxonomy":"category","embeddable":true,"href":"https:\/\/teamsters.ca\/fr\/wp-json\/wp\/v2\/categories?post=27886"},{"taxonomy":"post_tag","embeddable":true,"href":"https:\/\/teamsters.ca\/fr\/wp-json\/wp\/v2\/tags?post=27886"}],"curies":[{"name":"wp","href":"https:\/\/api.w.org\/{rel}","templated":true}]}}