{"id":27831,"date":"2024-09-26T14:14:23","date_gmt":"2024-09-26T18:14:23","guid":{"rendered":"https:\/\/teamsters.ca\/?p=27831"},"modified":"2024-09-26T14:48:35","modified_gmt":"2024-09-26T18:48:35","slug":"le-gouvernement-legault-manque-de-vision-et-abandonne-les-personnes-issues-de-limmigration","status":"publish","type":"post","link":"https:\/\/teamsters.ca\/fr\/blog\/2024\/09\/26\/le-gouvernement-legault-manque-de-vision-et-abandonne-les-personnes-issues-de-limmigration\/","title":{"rendered":"Le gouvernement Legault manque de vision, et abandonne les personnes issues de l\u2019immigration"},"content":{"rendered":"\n<p>Nous apprenions en d\u00e9but de semaine que le gouvernement de Fran\u00e7ois Legault allait mettre fin \u00e0 l\u2019aide de 28 $ par jour que recevaient les nouveaux arrivants inscrits \u00e0 des cours de francisation \u00e0 temps partiel, travaillant pour des entreprises de 100 employ\u00e9s et plus. Cette aide s\u2019adressait non seulement aux personnes immigrantes r\u00e9cemment arriv\u00e9es, mais aussi \u00e0 celles qui n\u2019avaient pas encore eu l\u2019opportunit\u00e9 d\u2019apprendre le fran\u00e7ais, m\u00eame si elles avaient immigr\u00e9 depuis quelque temps.<\/p>\n\n\n\n<p>Le gouvernement justifie sa d\u00e9cision en expliquant que cette aide avait \u00e9t\u00e9 mise de l\u2019avant pour inciter les gens \u00e0 s\u2019inscrire \u00e0 des cours de la sorte, mais qu\u2019elle n\u2019\u00e9tait plus n\u00e9cessaire puisque la demande a explos\u00e9. \u00c0 la place, les sommes d\u00e9gag\u00e9es par la cessation de cette aide vont permettre d\u2019engager plus de ressources pour r\u00e9pondre \u00e0 cette nouvelle demande.<\/p>\n\n\n\n<p>Or, il y a plusieurs probl\u00e8mes dans cette logique gouvernementale tordue.<\/p>\n\n\n\n<p>D\u2019entr\u00e9e de jeu, sp\u00e9cifions que m\u00eame si tous les syndicats repr\u00e9sentent de nouveaux arrivants, la Section locale 106 du Syndicat des Teamsters est particuli\u00e8rement sensible \u00e0 leur r\u00e9alit\u00e9. Nous repr\u00e9sentons, entre autres, les ouvriers et ouvri\u00e8res de l\u2019usine de v\u00eatements Peerless, o\u00f9 des personnes issues de 30 nationalit\u00e9s s\u2019y c\u00f4toient. Depuis des lustres, nous luttons pour l\u2019am\u00e9lioration des cours de fran\u00e7ais, essentiels \u00e0 l\u2019int\u00e9gration de ces personnes, et l\u2019histoire de notre vice-pr\u00e9sident et agent syndical responsable de ce groupe, Mario Ayala, a m\u00eame \u00e9t\u00e9 reprise \u00e0 l\u2019\u00e9cran ( <a href=\"https:\/\/www.youtube.com\/watch?v=0knwI9PmZhs\">Langue \u00e0 l&rsquo;ouvrage &#8211; Migrer vers le fran\u00e7ais au travail <\/a>).<\/p>\n\n\n\n<p>Nous souhaitons tous que les personnes immigrantes trouvent leur place dans la soci\u00e9t\u00e9 qu\u00e9b\u00e9coise, et nous sommes \u00e9galement d\u2019avis que cette int\u00e9gration passe par l\u2019apprentissage du fran\u00e7ais et son utilisation au quotidien. Toutefois, ce processus doit \u00eatre fait le plus humainement possible. D\u00e9j\u00e0 qu\u2019en r\u00e9duisant le temps allou\u00e9 pour cet apprentissage, en envoyant des communications et documents officiels uniquement en fran\u00e7ais apr\u00e8s 6 mois, le gouvernement Legault vient mettre une pression suppl\u00e9mentaire importante sur les personnes immigrantes, qui ont peu de temps pour apprendre une nouvelle langue complexe tout en d\u00e9butant un nouveau travail et une nouvelle vie, cette d\u00e9cision vient maintenant ajouter une pression \u00e9conomique suppl\u00e9mentaire!<\/p>\n\n\n\n<p>Ne nous leurrons pas. En enlevant l\u2019aide de 28 $ par jour, le fardeau \u00e9conomique retombe maintenant sur les entreprises ou les individus. Ce montant, non n\u00e9gligeable, pourrait se traduire soit par une r\u00e9duction des salaires ou une d\u00e9gradation des conditions de travail si assum\u00e9 par l\u2019employeur, ou par une baisse du niveau de vie, d\u00e9j\u00e0 pr\u00e9caire, si assum\u00e9 par les individus.<\/p>\n\n\n\n<p>Nous reconnaissons qu\u2019il y a un probl\u00e8me d\u2019accessibilit\u00e9 \u00e0 ces cours et que plus d\u2019enseignants sont n\u00e9cessaires, mais si l\u2019int\u00e9gration des personnes immigrantes \u00e9tait vraiment une priorit\u00e9 du gouvernement Legault, il investirait les sommes n\u00e9cessaires sans augmenter la pression sur des gens qui sont d\u00e9j\u00e0 parmi les plus vuln\u00e9rables de notre soci\u00e9t\u00e9.<\/p>\n\n\n\n<p>Les personnes immigrantes contribuent \u00e0 la richesse et \u00e0 la diversit\u00e9 de notre soci\u00e9t\u00e9 qu\u00e9b\u00e9coise. Ce fut d\u00e9montr\u00e9 mainte fois, mais r\u00e9p\u00e9tons-le : leur int\u00e9gration est b\u00e9n\u00e9fique et chaque dollar investi de cette mani\u00e8re b\u00e9n\u00e9ficie \u00e0 tout le Qu\u00e9bec.<\/p>\n\n\n\n<p>Cette d\u00e9cision du gouvernement d\u00e9montre en soi un manque de vision, un manque de s\u00e9rieux, ou un manque r\u00e9el de volont\u00e9 d\u2019int\u00e9gration, bien qu\u2019en v\u00e9rit\u00e9, il s\u2019agisse probablement d\u2019un m\u00e9lange des trois.<\/p>\n\n\n\n<p>Nous demandons au gouvernement Legault de revenir sur cette d\u00e9cision, et de travailler avec le milieu communautaire afin de mettre sur pied une v\u00e9ritable strat\u00e9gie d\u2019int\u00e9gration pour les nouveaux arrivants.<\/p>\n","protected":false},"excerpt":{"rendered":"<p>Nous apprenions en d\u00e9but de semaine que le gouvernement de Fran\u00e7ois Legault allait mettre fin \u00e0 l\u2019aide de 28 $ par jour que recevaient les nouveaux arrivants inscrits \u00e0 des cours de francisation \u00e0 temps partiel, travaillant pour des entreprises de 100 employ\u00e9s et plus. <\/p>\n","protected":false},"author":9,"featured_media":27834,"comment_status":"closed","ping_status":"closed","sticky":false,"template":"","format":"standard","meta":{"ngg_post_thumbnail":0,"mc4wp_mailchimp_campaign":[],"footnotes":""},"categories":[1114,1145],"tags":[1912,7023],"class_list":{"0":"post-27831","1":"post","2":"type-post","3":"status-publish","4":"format-standard","5":"has-post-thumbnail","7":"category-nouvelles","8":"category-quebec-fr","9":"tag-gouvernement-legault","10":"tag-immigration"},"yoast_head":"<!-- This site is optimized with the Yoast SEO Premium plugin v25.5 (Yoast SEO v25.5) - https:\/\/yoast.com\/wordpress\/plugins\/seo\/ -->\n<title>Le gouvernement Legault manque de vision, et abandonne les personnes issues de l\u2019immigration | Teamsters Canada<\/title>\n<meta name=\"robots\" content=\"index, follow, max-snippet:-1, max-image-preview:large, max-video-preview:-1\" \/>\n<link rel=\"canonical\" href=\"https:\/\/teamsters.ca\/fr\/blog\/2024\/09\/26\/le-gouvernement-legault-manque-de-vision-et-abandonne-les-personnes-issues-de-limmigration\/\" \/>\n<meta property=\"og:locale\" content=\"fr_CA\" \/>\n<meta property=\"og:type\" content=\"article\" \/>\n<meta property=\"og:title\" content=\"Le gouvernement Legault manque de vision, et abandonne les personnes issues de l\u2019immigration\" \/>\n<meta property=\"og:description\" content=\"Nous apprenions en d\u00e9but de semaine que le gouvernement de Fran\u00e7ois Legault allait mettre fin \u00e0 l\u2019aide de 28 $ par jour que recevaient les nouveaux arrivants inscrits \u00e0 des cours de francisation \u00e0 temps partiel, travaillant pour des entreprises de 100 employ\u00e9s et plus.\" \/>\n<meta property=\"og:url\" content=\"https:\/\/teamsters.ca\/fr\/blog\/2024\/09\/26\/le-gouvernement-legault-manque-de-vision-et-abandonne-les-personnes-issues-de-limmigration\/\" \/>\n<meta property=\"og:site_name\" content=\"Teamsters Canada\" \/>\n<meta property=\"article:publisher\" content=\"https:\/\/www.facebook.com\/Teamsterscanada\/\" \/>\n<meta property=\"article:published_time\" content=\"2024-09-26T18:14:23+00:00\" \/>\n<meta property=\"article:modified_time\" content=\"2024-09-26T18:48:35+00:00\" \/>\n<meta property=\"og:image\" content=\"https:\/\/teamsters.ca\/wp-content\/uploads\/2024\/09\/francisation2024.jpg\" \/>\n\t<meta property=\"og:image:width\" content=\"1166\" \/>\n\t<meta property=\"og:image:height\" content=\"768\" \/>\n\t<meta property=\"og:image:type\" content=\"image\/jpeg\" \/>\n<meta name=\"author\" content=\"communications\" \/>\n<meta name=\"twitter:card\" content=\"summary_large_image\" \/>\n<meta name=\"twitter:creator\" content=\"@TeamstersCanada\" \/>\n<meta name=\"twitter:site\" content=\"@TeamstersCanada\" \/>\n<meta name=\"twitter:label1\" content=\"\u00c9crit par\" \/>\n\t<meta name=\"twitter:data1\" content=\"communications\" \/>\n\t<meta name=\"twitter:label2\" content=\"Estimation du temps de lecture\" \/>\n\t<meta name=\"twitter:data2\" content=\"3 minutes\" \/>\n<script type=\"application\/ld+json\" class=\"yoast-schema-graph\">{\"@context\":\"https:\/\/schema.org\",\"@graph\":[{\"@type\":\"Article\",\"@id\":\"https:\/\/teamsters.ca\/fr\/blog\/2024\/09\/26\/le-gouvernement-legault-manque-de-vision-et-abandonne-les-personnes-issues-de-limmigration\/#article\",\"isPartOf\":{\"@id\":\"https:\/\/teamsters.ca\/fr\/blog\/2024\/09\/26\/le-gouvernement-legault-manque-de-vision-et-abandonne-les-personnes-issues-de-limmigration\/\"},\"author\":{\"name\":\"communications\",\"@id\":\"https:\/\/teamsters.ca\/fr\/#\/schema\/person\/16abb510b61e30ac94505e325f34ff0c\"},\"headline\":\"Le gouvernement Legault manque de vision, et abandonne les personnes issues de l\u2019immigration\",\"datePublished\":\"2024-09-26T18:14:23+00:00\",\"dateModified\":\"2024-09-26T18:48:35+00:00\",\"mainEntityOfPage\":{\"@id\":\"https:\/\/teamsters.ca\/fr\/blog\/2024\/09\/26\/le-gouvernement-legault-manque-de-vision-et-abandonne-les-personnes-issues-de-limmigration\/\"},\"wordCount\":666,\"publisher\":{\"@id\":\"https:\/\/teamsters.ca\/fr\/#organization\"},\"image\":{\"@id\":\"https:\/\/teamsters.ca\/fr\/blog\/2024\/09\/26\/le-gouvernement-legault-manque-de-vision-et-abandonne-les-personnes-issues-de-limmigration\/#primaryimage\"},\"thumbnailUrl\":\"https:\/\/teamsters.ca\/wp-content\/uploads\/2024\/09\/francisation2024.jpg\",\"keywords\":[\"gouvernement Legault\",\"immigration\"],\"articleSection\":[\"Nouvelles\",\"Qu\u00e9bec\"],\"inLanguage\":\"fr-CA\"},{\"@type\":\"WebPage\",\"@id\":\"https:\/\/teamsters.ca\/fr\/blog\/2024\/09\/26\/le-gouvernement-legault-manque-de-vision-et-abandonne-les-personnes-issues-de-limmigration\/\",\"url\":\"https:\/\/teamsters.ca\/fr\/blog\/2024\/09\/26\/le-gouvernement-legault-manque-de-vision-et-abandonne-les-personnes-issues-de-limmigration\/\",\"name\":\"Le gouvernement Legault manque de vision, et abandonne les personnes issues de l\u2019immigration | Teamsters Canada\",\"isPartOf\":{\"@id\":\"https:\/\/teamsters.ca\/fr\/#website\"},\"primaryImageOfPage\":{\"@id\":\"https:\/\/teamsters.ca\/fr\/blog\/2024\/09\/26\/le-gouvernement-legault-manque-de-vision-et-abandonne-les-personnes-issues-de-limmigration\/#primaryimage\"},\"image\":{\"@id\":\"https:\/\/teamsters.ca\/fr\/blog\/2024\/09\/26\/le-gouvernement-legault-manque-de-vision-et-abandonne-les-personnes-issues-de-limmigration\/#primaryimage\"},\"thumbnailUrl\":\"https:\/\/teamsters.ca\/wp-content\/uploads\/2024\/09\/francisation2024.jpg\",\"datePublished\":\"2024-09-26T18:14:23+00:00\",\"dateModified\":\"2024-09-26T18:48:35+00:00\",\"breadcrumb\":{\"@id\":\"https:\/\/teamsters.ca\/fr\/blog\/2024\/09\/26\/le-gouvernement-legault-manque-de-vision-et-abandonne-les-personnes-issues-de-limmigration\/#breadcrumb\"},\"inLanguage\":\"fr-CA\",\"potentialAction\":[{\"@type\":\"ReadAction\",\"target\":[\"https:\/\/teamsters.ca\/fr\/blog\/2024\/09\/26\/le-gouvernement-legault-manque-de-vision-et-abandonne-les-personnes-issues-de-limmigration\/\"]}]},{\"@type\":\"ImageObject\",\"inLanguage\":\"fr-CA\",\"@id\":\"https:\/\/teamsters.ca\/fr\/blog\/2024\/09\/26\/le-gouvernement-legault-manque-de-vision-et-abandonne-les-personnes-issues-de-limmigration\/#primaryimage\",\"url\":\"https:\/\/teamsters.ca\/wp-content\/uploads\/2024\/09\/francisation2024.jpg\",\"contentUrl\":\"https:\/\/teamsters.ca\/wp-content\/uploads\/2024\/09\/francisation2024.jpg\",\"width\":1166,\"height\":768,\"caption\":\"Francisation chez V\u00eatements Peerless. Session printemps 2024 - Teamsters 106\"},{\"@type\":\"BreadcrumbList\",\"@id\":\"https:\/\/teamsters.ca\/fr\/blog\/2024\/09\/26\/le-gouvernement-legault-manque-de-vision-et-abandonne-les-personnes-issues-de-limmigration\/#breadcrumb\",\"itemListElement\":[{\"@type\":\"ListItem\",\"position\":1,\"name\":\"Home\",\"item\":\"https:\/\/teamsters.ca\/fr\/\"},{\"@type\":\"ListItem\",\"position\":2,\"name\":\"Le gouvernement Legault manque de vision, et abandonne les personnes issues de l\u2019immigration\"}]},{\"@type\":\"WebSite\",\"@id\":\"https:\/\/teamsters.ca\/fr\/#website\",\"url\":\"https:\/\/teamsters.ca\/fr\/\",\"name\":\"Teamsters Canada\",\"description\":\"A Canadian union representing over 125 000 members\",\"publisher\":{\"@id\":\"https:\/\/teamsters.ca\/fr\/#organization\"},\"potentialAction\":[{\"@type\":\"SearchAction\",\"target\":{\"@type\":\"EntryPoint\",\"urlTemplate\":\"https:\/\/teamsters.ca\/fr\/?s={search_term_string}\"},\"query-input\":{\"@type\":\"PropertyValueSpecification\",\"valueRequired\":true,\"valueName\":\"search_term_string\"}}],\"inLanguage\":\"fr-CA\"},{\"@type\":\"Organization\",\"@id\":\"https:\/\/teamsters.ca\/fr\/#organization\",\"name\":\"Teamsters Canada\",\"url\":\"https:\/\/teamsters.ca\/fr\/\",\"logo\":{\"@type\":\"ImageObject\",\"inLanguage\":\"fr-CA\",\"@id\":\"https:\/\/teamsters.ca\/fr\/#\/schema\/logo\/image\/\",\"url\":\"https:\/\/teamsters.ca\/wp-content\/uploads\/2019\/08\/TeamstersCanada.png\",\"contentUrl\":\"https:\/\/teamsters.ca\/wp-content\/uploads\/2019\/08\/TeamstersCanada.png\",\"width\":545,\"height\":181,\"caption\":\"Teamsters Canada\"},\"image\":{\"@id\":\"https:\/\/teamsters.ca\/fr\/#\/schema\/logo\/image\/\"},\"sameAs\":[\"https:\/\/www.facebook.com\/Teamsterscanada\/\",\"https:\/\/x.com\/TeamstersCanada\"]},{\"@type\":\"Person\",\"@id\":\"https:\/\/teamsters.ca\/fr\/#\/schema\/person\/16abb510b61e30ac94505e325f34ff0c\",\"name\":\"communications\",\"image\":{\"@type\":\"ImageObject\",\"inLanguage\":\"fr-CA\",\"@id\":\"https:\/\/teamsters.ca\/fr\/#\/schema\/person\/image\/\",\"url\":\"https:\/\/secure.gravatar.com\/avatar\/707c37c6763af59d83f3b3dcebfff9d9d58ef9e062e2c9452a9dbb153c85d7ac?s=96&d=mm&r=g\",\"contentUrl\":\"https:\/\/secure.gravatar.com\/avatar\/707c37c6763af59d83f3b3dcebfff9d9d58ef9e062e2c9452a9dbb153c85d7ac?s=96&d=mm&r=g\",\"caption\":\"communications\"},\"url\":\"https:\/\/teamsters.ca\/fr\/blog\/author\/communications\/\"}]}<\/script>\n<!-- \/ Yoast SEO Premium plugin. -->","yoast_head_json":{"title":"Le gouvernement Legault manque de vision, et abandonne les personnes issues de l\u2019immigration | Teamsters Canada","robots":{"index":"index","follow":"follow","max-snippet":"max-snippet:-1","max-image-preview":"max-image-preview:large","max-video-preview":"max-video-preview:-1"},"canonical":"https:\/\/teamsters.ca\/fr\/blog\/2024\/09\/26\/le-gouvernement-legault-manque-de-vision-et-abandonne-les-personnes-issues-de-limmigration\/","og_locale":"fr_CA","og_type":"article","og_title":"Le gouvernement Legault manque de vision, et abandonne les personnes issues de l\u2019immigration","og_description":"Nous apprenions en d\u00e9but de semaine que le gouvernement de Fran\u00e7ois Legault allait mettre fin \u00e0 l\u2019aide de 28 $ par jour que recevaient les nouveaux arrivants inscrits \u00e0 des cours de francisation \u00e0 temps partiel, travaillant pour des entreprises de 100 employ\u00e9s et plus.","og_url":"https:\/\/teamsters.ca\/fr\/blog\/2024\/09\/26\/le-gouvernement-legault-manque-de-vision-et-abandonne-les-personnes-issues-de-limmigration\/","og_site_name":"Teamsters Canada","article_publisher":"https:\/\/www.facebook.com\/Teamsterscanada\/","article_published_time":"2024-09-26T18:14:23+00:00","article_modified_time":"2024-09-26T18:48:35+00:00","og_image":[{"width":1166,"height":768,"url":"https:\/\/teamsters.ca\/wp-content\/uploads\/2024\/09\/francisation2024.jpg","type":"image\/jpeg"}],"author":"communications","twitter_card":"summary_large_image","twitter_creator":"@TeamstersCanada","twitter_site":"@TeamstersCanada","twitter_misc":{"\u00c9crit par":"communications","Estimation du temps de lecture":"3 minutes"},"schema":{"@context":"https:\/\/schema.org","@graph":[{"@type":"Article","@id":"https:\/\/teamsters.ca\/fr\/blog\/2024\/09\/26\/le-gouvernement-legault-manque-de-vision-et-abandonne-les-personnes-issues-de-limmigration\/#article","isPartOf":{"@id":"https:\/\/teamsters.ca\/fr\/blog\/2024\/09\/26\/le-gouvernement-legault-manque-de-vision-et-abandonne-les-personnes-issues-de-limmigration\/"},"author":{"name":"communications","@id":"https:\/\/teamsters.ca\/fr\/#\/schema\/person\/16abb510b61e30ac94505e325f34ff0c"},"headline":"Le gouvernement Legault manque de vision, et abandonne les personnes issues de l\u2019immigration","datePublished":"2024-09-26T18:14:23+00:00","dateModified":"2024-09-26T18:48:35+00:00","mainEntityOfPage":{"@id":"https:\/\/teamsters.ca\/fr\/blog\/2024\/09\/26\/le-gouvernement-legault-manque-de-vision-et-abandonne-les-personnes-issues-de-limmigration\/"},"wordCount":666,"publisher":{"@id":"https:\/\/teamsters.ca\/fr\/#organization"},"image":{"@id":"https:\/\/teamsters.ca\/fr\/blog\/2024\/09\/26\/le-gouvernement-legault-manque-de-vision-et-abandonne-les-personnes-issues-de-limmigration\/#primaryimage"},"thumbnailUrl":"https:\/\/teamsters.ca\/wp-content\/uploads\/2024\/09\/francisation2024.jpg","keywords":["gouvernement Legault","immigration"],"articleSection":["Nouvelles","Qu\u00e9bec"],"inLanguage":"fr-CA"},{"@type":"WebPage","@id":"https:\/\/teamsters.ca\/fr\/blog\/2024\/09\/26\/le-gouvernement-legault-manque-de-vision-et-abandonne-les-personnes-issues-de-limmigration\/","url":"https:\/\/teamsters.ca\/fr\/blog\/2024\/09\/26\/le-gouvernement-legault-manque-de-vision-et-abandonne-les-personnes-issues-de-limmigration\/","name":"Le gouvernement Legault manque de vision, et abandonne les personnes issues de l\u2019immigration | Teamsters Canada","isPartOf":{"@id":"https:\/\/teamsters.ca\/fr\/#website"},"primaryImageOfPage":{"@id":"https:\/\/teamsters.ca\/fr\/blog\/2024\/09\/26\/le-gouvernement-legault-manque-de-vision-et-abandonne-les-personnes-issues-de-limmigration\/#primaryimage"},"image":{"@id":"https:\/\/teamsters.ca\/fr\/blog\/2024\/09\/26\/le-gouvernement-legault-manque-de-vision-et-abandonne-les-personnes-issues-de-limmigration\/#primaryimage"},"thumbnailUrl":"https:\/\/teamsters.ca\/wp-content\/uploads\/2024\/09\/francisation2024.jpg","datePublished":"2024-09-26T18:14:23+00:00","dateModified":"2024-09-26T18:48:35+00:00","breadcrumb":{"@id":"https:\/\/teamsters.ca\/fr\/blog\/2024\/09\/26\/le-gouvernement-legault-manque-de-vision-et-abandonne-les-personnes-issues-de-limmigration\/#breadcrumb"},"inLanguage":"fr-CA","potentialAction":[{"@type":"ReadAction","target":["https:\/\/teamsters.ca\/fr\/blog\/2024\/09\/26\/le-gouvernement-legault-manque-de-vision-et-abandonne-les-personnes-issues-de-limmigration\/"]}]},{"@type":"ImageObject","inLanguage":"fr-CA","@id":"https:\/\/teamsters.ca\/fr\/blog\/2024\/09\/26\/le-gouvernement-legault-manque-de-vision-et-abandonne-les-personnes-issues-de-limmigration\/#primaryimage","url":"https:\/\/teamsters.ca\/wp-content\/uploads\/2024\/09\/francisation2024.jpg","contentUrl":"https:\/\/teamsters.ca\/wp-content\/uploads\/2024\/09\/francisation2024.jpg","width":1166,"height":768,"caption":"Francisation chez V\u00eatements Peerless. Session printemps 2024 - Teamsters 106"},{"@type":"BreadcrumbList","@id":"https:\/\/teamsters.ca\/fr\/blog\/2024\/09\/26\/le-gouvernement-legault-manque-de-vision-et-abandonne-les-personnes-issues-de-limmigration\/#breadcrumb","itemListElement":[{"@type":"ListItem","position":1,"name":"Home","item":"https:\/\/teamsters.ca\/fr\/"},{"@type":"ListItem","position":2,"name":"Le gouvernement Legault manque de vision, et abandonne les personnes issues de l\u2019immigration"}]},{"@type":"WebSite","@id":"https:\/\/teamsters.ca\/fr\/#website","url":"https:\/\/teamsters.ca\/fr\/","name":"Teamsters Canada","description":"A Canadian union representing over 125 000 members","publisher":{"@id":"https:\/\/teamsters.ca\/fr\/#organization"},"potentialAction":[{"@type":"SearchAction","target":{"@type":"EntryPoint","urlTemplate":"https:\/\/teamsters.ca\/fr\/?s={search_term_string}"},"query-input":{"@type":"PropertyValueSpecification","valueRequired":true,"valueName":"search_term_string"}}],"inLanguage":"fr-CA"},{"@type":"Organization","@id":"https:\/\/teamsters.ca\/fr\/#organization","name":"Teamsters Canada","url":"https:\/\/teamsters.ca\/fr\/","logo":{"@type":"ImageObject","inLanguage":"fr-CA","@id":"https:\/\/teamsters.ca\/fr\/#\/schema\/logo\/image\/","url":"https:\/\/teamsters.ca\/wp-content\/uploads\/2019\/08\/TeamstersCanada.png","contentUrl":"https:\/\/teamsters.ca\/wp-content\/uploads\/2019\/08\/TeamstersCanada.png","width":545,"height":181,"caption":"Teamsters Canada"},"image":{"@id":"https:\/\/teamsters.ca\/fr\/#\/schema\/logo\/image\/"},"sameAs":["https:\/\/www.facebook.com\/Teamsterscanada\/","https:\/\/x.com\/TeamstersCanada"]},{"@type":"Person","@id":"https:\/\/teamsters.ca\/fr\/#\/schema\/person\/16abb510b61e30ac94505e325f34ff0c","name":"communications","image":{"@type":"ImageObject","inLanguage":"fr-CA","@id":"https:\/\/teamsters.ca\/fr\/#\/schema\/person\/image\/","url":"https:\/\/secure.gravatar.com\/avatar\/707c37c6763af59d83f3b3dcebfff9d9d58ef9e062e2c9452a9dbb153c85d7ac?s=96&d=mm&r=g","contentUrl":"https:\/\/secure.gravatar.com\/avatar\/707c37c6763af59d83f3b3dcebfff9d9d58ef9e062e2c9452a9dbb153c85d7ac?s=96&d=mm&r=g","caption":"communications"},"url":"https:\/\/teamsters.ca\/fr\/blog\/author\/communications\/"}]}},"_links":{"self":[{"href":"https:\/\/teamsters.ca\/fr\/wp-json\/wp\/v2\/posts\/27831","targetHints":{"allow":["GET"]}}],"collection":[{"href":"https:\/\/teamsters.ca\/fr\/wp-json\/wp\/v2\/posts"}],"about":[{"href":"https:\/\/teamsters.ca\/fr\/wp-json\/wp\/v2\/types\/post"}],"author":[{"embeddable":true,"href":"https:\/\/teamsters.ca\/fr\/wp-json\/wp\/v2\/users\/9"}],"replies":[{"embeddable":true,"href":"https:\/\/teamsters.ca\/fr\/wp-json\/wp\/v2\/comments?post=27831"}],"version-history":[{"count":6,"href":"https:\/\/teamsters.ca\/fr\/wp-json\/wp\/v2\/posts\/27831\/revisions"}],"predecessor-version":[{"id":27840,"href":"https:\/\/teamsters.ca\/fr\/wp-json\/wp\/v2\/posts\/27831\/revisions\/27840"}],"wp:featuredmedia":[{"embeddable":true,"href":"https:\/\/teamsters.ca\/fr\/wp-json\/wp\/v2\/media\/27834"}],"wp:attachment":[{"href":"https:\/\/teamsters.ca\/fr\/wp-json\/wp\/v2\/media?parent=27831"}],"wp:term":[{"taxonomy":"category","embeddable":true,"href":"https:\/\/teamsters.ca\/fr\/wp-json\/wp\/v2\/categories?post=27831"},{"taxonomy":"post_tag","embeddable":true,"href":"https:\/\/teamsters.ca\/fr\/wp-json\/wp\/v2\/tags?post=27831"}],"curies":[{"name":"wp","href":"https:\/\/api.w.org\/{rel}","templated":true}]}}