{"id":2783,"date":"2007-01-05T09:29:12","date_gmt":"2007-01-05T14:29:12","guid":{"rendered":"http:\/\/teamsters.ca\/2007\/01\/deces-dun-pressier-du-journal-de-montreal\/"},"modified":"2019-06-27T20:39:55","modified_gmt":"2019-06-27T20:39:55","slug":"deces-dun-pressier-du-journal-de-montreal","status":"publish","type":"post","link":"https:\/\/teamsters.ca\/fr\/blog\/2007\/01\/05\/deces-dun-pressier-du-journal-de-montreal\/","title":{"rendered":"D\u00e9c\u00e8s d\u2019un pressier du Journal de Montr\u00e9al"},"content":{"rendered":"<p>Un pressier du Journal de Montr\u00e9al, Michel Lavoie, 61 ans, est d\u00e9c\u00e9d\u00e9 le 2 janvier dernier. M. Lavoie a travaill\u00e9 pour l\u2019imprimerie Dumont (maintenant Quebecor) \u00e0 compter de 1963 et au Journal \u00e0 partir de 1979. Il laisse dans le deuil sa femme et ses deux enfants. <\/p>\n<p> Teamsters Canada, ses sections locales ainsi que les confr\u00e8res de M. Lavoie tiennent \u00e0 offrir leurs plus sinc\u00e8res condol\u00e9ances \u00e0 la famille \u00e9plor\u00e9e. <\/p>\n<p> Michel Lavoie sera expos\u00e9 de 14h00 \u00e0 17h00, 19h00 \u00e0 22h00 le dimanche 7 janvier 2007 \u00e0 la r\u00e9sidence fun\u00e9raire  Goyer, 3495 Blvd Dagenais Ouest  Laval. <\/p>\n<p> Une liturgie de la parole aura lieu le 7 janvier 2007 \u00e0 20h00  \u00e0 m\u00eame la r\u00e9sidence fun\u00e9raire. <\/p>\n<p> Renseignements : St\u00e9phane Lacroix &#8211; 514-609-5101. <\/p>\n","protected":false},"excerpt":{"rendered":"<p>Un pressier du Journal de Montr\u00e9al, Michel Lavoie, 61 ans, est d\u00e9c\u00e9d\u00e9 le 2 janvier dernier. M. Lavoie a travaill\u00e9 pour l\u2019imprimerie Dumont (maintenant Quebecor) \u00e0 compter de 1963 et au Journal \u00e0 partir de 1979. Il laisse dans le deuil sa femme et ses deux enfants. Teamsters Canada, ses sections locales ainsi que les [&hellip;]<\/p>\n","protected":false},"author":8,"featured_media":0,"comment_status":"closed","ping_status":"closed","sticky":false,"template":"","format":"standard","meta":{"ngg_post_thumbnail":0,"mc4wp_mailchimp_campaign":[],"footnotes":""},"categories":[1114],"tags":[],"class_list":{"0":"post-2783","1":"post","2":"type-post","3":"status-publish","4":"format-standard","6":"category-nouvelles"},"yoast_head":"<!-- This site is optimized with the Yoast SEO Premium plugin v25.5 (Yoast SEO v25.5) - https:\/\/yoast.com\/wordpress\/plugins\/seo\/ -->\n<title>D\u00e9c\u00e8s d\u2019un pressier du Journal de Montr\u00e9al | Teamsters Canada<\/title>\n<meta name=\"robots\" content=\"index, follow, max-snippet:-1, max-image-preview:large, max-video-preview:-1\" \/>\n<link rel=\"canonical\" href=\"https:\/\/teamsters.ca\/fr\/blog\/2007\/01\/05\/deces-dun-pressier-du-journal-de-montreal\/\" \/>\n<meta property=\"og:locale\" content=\"fr_CA\" \/>\n<meta property=\"og:type\" content=\"article\" \/>\n<meta property=\"og:title\" content=\"D\u00e9c\u00e8s d\u2019un pressier du Journal de Montr\u00e9al\" \/>\n<meta property=\"og:description\" content=\"Un pressier du Journal de Montr\u00e9al, Michel Lavoie, 61 ans, est d\u00e9c\u00e9d\u00e9 le 2 janvier dernier. M. Lavoie a travaill\u00e9 pour l\u2019imprimerie Dumont (maintenant Quebecor) \u00e0 compter de 1963 et au Journal \u00e0 partir de 1979. Il laisse dans le deuil sa femme et ses deux enfants. Teamsters Canada, ses sections locales ainsi que les [&hellip;]\" \/>\n<meta property=\"og:url\" content=\"https:\/\/teamsters.ca\/fr\/blog\/2007\/01\/05\/deces-dun-pressier-du-journal-de-montreal\/\" \/>\n<meta property=\"og:site_name\" content=\"Teamsters Canada\" \/>\n<meta property=\"article:publisher\" content=\"https:\/\/www.facebook.com\/Teamsterscanada\/\" \/>\n<meta property=\"article:published_time\" content=\"2007-01-05T14:29:12+00:00\" \/>\n<meta property=\"article:modified_time\" content=\"2019-06-27T20:39:55+00:00\" \/>\n<meta name=\"author\" content=\"St\u00e9phanie Meunier\" \/>\n<meta name=\"twitter:card\" content=\"summary_large_image\" \/>\n<meta name=\"twitter:creator\" content=\"@TeamstersCanada\" \/>\n<meta name=\"twitter:site\" content=\"@TeamstersCanada\" \/>\n<meta name=\"twitter:label1\" content=\"\u00c9crit par\" \/>\n\t<meta name=\"twitter:data1\" content=\"St\u00e9phanie Meunier\" \/>\n\t<meta name=\"twitter:label2\" content=\"Estimation du temps de lecture\" \/>\n\t<meta name=\"twitter:data2\" content=\"1 minute\" \/>\n<script type=\"application\/ld+json\" class=\"yoast-schema-graph\">{\"@context\":\"https:\/\/schema.org\",\"@graph\":[{\"@type\":\"Article\",\"@id\":\"https:\/\/teamsters.ca\/fr\/blog\/2007\/01\/05\/deces-dun-pressier-du-journal-de-montreal\/#article\",\"isPartOf\":{\"@id\":\"https:\/\/teamsters.ca\/fr\/blog\/2007\/01\/05\/deces-dun-pressier-du-journal-de-montreal\/\"},\"author\":{\"name\":\"St\u00e9phanie Meunier\",\"@id\":\"https:\/\/teamsters.ca\/fr\/#\/schema\/person\/3e6ffefc39fe2f212400b7d8d0a4a0c1\"},\"headline\":\"D\u00e9c\u00e8s d\u2019un pressier du Journal de Montr\u00e9al\",\"datePublished\":\"2007-01-05T14:29:12+00:00\",\"dateModified\":\"2019-06-27T20:39:55+00:00\",\"mainEntityOfPage\":{\"@id\":\"https:\/\/teamsters.ca\/fr\/blog\/2007\/01\/05\/deces-dun-pressier-du-journal-de-montreal\/\"},\"wordCount\":127,\"publisher\":{\"@id\":\"https:\/\/teamsters.ca\/fr\/#organization\"},\"articleSection\":[\"Nouvelles\"],\"inLanguage\":\"fr-CA\"},{\"@type\":\"WebPage\",\"@id\":\"https:\/\/teamsters.ca\/fr\/blog\/2007\/01\/05\/deces-dun-pressier-du-journal-de-montreal\/\",\"url\":\"https:\/\/teamsters.ca\/fr\/blog\/2007\/01\/05\/deces-dun-pressier-du-journal-de-montreal\/\",\"name\":\"D\u00e9c\u00e8s d\u2019un pressier du Journal de Montr\u00e9al | Teamsters Canada\",\"isPartOf\":{\"@id\":\"https:\/\/teamsters.ca\/fr\/#website\"},\"datePublished\":\"2007-01-05T14:29:12+00:00\",\"dateModified\":\"2019-06-27T20:39:55+00:00\",\"breadcrumb\":{\"@id\":\"https:\/\/teamsters.ca\/fr\/blog\/2007\/01\/05\/deces-dun-pressier-du-journal-de-montreal\/#breadcrumb\"},\"inLanguage\":\"fr-CA\",\"potentialAction\":[{\"@type\":\"ReadAction\",\"target\":[\"https:\/\/teamsters.ca\/fr\/blog\/2007\/01\/05\/deces-dun-pressier-du-journal-de-montreal\/\"]}]},{\"@type\":\"BreadcrumbList\",\"@id\":\"https:\/\/teamsters.ca\/fr\/blog\/2007\/01\/05\/deces-dun-pressier-du-journal-de-montreal\/#breadcrumb\",\"itemListElement\":[{\"@type\":\"ListItem\",\"position\":1,\"name\":\"Home\",\"item\":\"https:\/\/teamsters.ca\/fr\/\"},{\"@type\":\"ListItem\",\"position\":2,\"name\":\"D\u00e9c\u00e8s d\u2019un pressier du Journal de Montr\u00e9al\"}]},{\"@type\":\"WebSite\",\"@id\":\"https:\/\/teamsters.ca\/fr\/#website\",\"url\":\"https:\/\/teamsters.ca\/fr\/\",\"name\":\"Teamsters Canada\",\"description\":\"A Canadian union representing over 125 000 members\",\"publisher\":{\"@id\":\"https:\/\/teamsters.ca\/fr\/#organization\"},\"potentialAction\":[{\"@type\":\"SearchAction\",\"target\":{\"@type\":\"EntryPoint\",\"urlTemplate\":\"https:\/\/teamsters.ca\/fr\/?s={search_term_string}\"},\"query-input\":{\"@type\":\"PropertyValueSpecification\",\"valueRequired\":true,\"valueName\":\"search_term_string\"}}],\"inLanguage\":\"fr-CA\"},{\"@type\":\"Organization\",\"@id\":\"https:\/\/teamsters.ca\/fr\/#organization\",\"name\":\"Teamsters Canada\",\"url\":\"https:\/\/teamsters.ca\/fr\/\",\"logo\":{\"@type\":\"ImageObject\",\"inLanguage\":\"fr-CA\",\"@id\":\"https:\/\/teamsters.ca\/fr\/#\/schema\/logo\/image\/\",\"url\":\"https:\/\/teamsters.ca\/wp-content\/uploads\/2019\/08\/TeamstersCanada.png\",\"contentUrl\":\"https:\/\/teamsters.ca\/wp-content\/uploads\/2019\/08\/TeamstersCanada.png\",\"width\":545,\"height\":181,\"caption\":\"Teamsters Canada\"},\"image\":{\"@id\":\"https:\/\/teamsters.ca\/fr\/#\/schema\/logo\/image\/\"},\"sameAs\":[\"https:\/\/www.facebook.com\/Teamsterscanada\/\",\"https:\/\/x.com\/TeamstersCanada\"]},{\"@type\":\"Person\",\"@id\":\"https:\/\/teamsters.ca\/fr\/#\/schema\/person\/3e6ffefc39fe2f212400b7d8d0a4a0c1\",\"name\":\"St\u00e9phanie Meunier\",\"image\":{\"@type\":\"ImageObject\",\"inLanguage\":\"fr-CA\",\"@id\":\"https:\/\/teamsters.ca\/fr\/#\/schema\/person\/image\/\",\"url\":\"https:\/\/secure.gravatar.com\/avatar\/e4e8404e91ed71cb473fa2708849669810cf083c89825a3d2dd0d47dd6b2be77?s=96&d=mm&r=g\",\"contentUrl\":\"https:\/\/secure.gravatar.com\/avatar\/e4e8404e91ed71cb473fa2708849669810cf083c89825a3d2dd0d47dd6b2be77?s=96&d=mm&r=g\",\"caption\":\"St\u00e9phanie Meunier\"},\"url\":\"https:\/\/teamsters.ca\/fr\/blog\/author\/smeunier\/\"}]}<\/script>\n<!-- \/ Yoast SEO Premium plugin. -->","yoast_head_json":{"title":"D\u00e9c\u00e8s d\u2019un pressier du Journal de Montr\u00e9al | Teamsters Canada","robots":{"index":"index","follow":"follow","max-snippet":"max-snippet:-1","max-image-preview":"max-image-preview:large","max-video-preview":"max-video-preview:-1"},"canonical":"https:\/\/teamsters.ca\/fr\/blog\/2007\/01\/05\/deces-dun-pressier-du-journal-de-montreal\/","og_locale":"fr_CA","og_type":"article","og_title":"D\u00e9c\u00e8s d\u2019un pressier du Journal de Montr\u00e9al","og_description":"Un pressier du Journal de Montr\u00e9al, Michel Lavoie, 61 ans, est d\u00e9c\u00e9d\u00e9 le 2 janvier dernier. M. Lavoie a travaill\u00e9 pour l\u2019imprimerie Dumont (maintenant Quebecor) \u00e0 compter de 1963 et au Journal \u00e0 partir de 1979. Il laisse dans le deuil sa femme et ses deux enfants. Teamsters Canada, ses sections locales ainsi que les [&hellip;]","og_url":"https:\/\/teamsters.ca\/fr\/blog\/2007\/01\/05\/deces-dun-pressier-du-journal-de-montreal\/","og_site_name":"Teamsters Canada","article_publisher":"https:\/\/www.facebook.com\/Teamsterscanada\/","article_published_time":"2007-01-05T14:29:12+00:00","article_modified_time":"2019-06-27T20:39:55+00:00","author":"St\u00e9phanie Meunier","twitter_card":"summary_large_image","twitter_creator":"@TeamstersCanada","twitter_site":"@TeamstersCanada","twitter_misc":{"\u00c9crit par":"St\u00e9phanie Meunier","Estimation du temps de lecture":"1 minute"},"schema":{"@context":"https:\/\/schema.org","@graph":[{"@type":"Article","@id":"https:\/\/teamsters.ca\/fr\/blog\/2007\/01\/05\/deces-dun-pressier-du-journal-de-montreal\/#article","isPartOf":{"@id":"https:\/\/teamsters.ca\/fr\/blog\/2007\/01\/05\/deces-dun-pressier-du-journal-de-montreal\/"},"author":{"name":"St\u00e9phanie Meunier","@id":"https:\/\/teamsters.ca\/fr\/#\/schema\/person\/3e6ffefc39fe2f212400b7d8d0a4a0c1"},"headline":"D\u00e9c\u00e8s d\u2019un pressier du Journal de Montr\u00e9al","datePublished":"2007-01-05T14:29:12+00:00","dateModified":"2019-06-27T20:39:55+00:00","mainEntityOfPage":{"@id":"https:\/\/teamsters.ca\/fr\/blog\/2007\/01\/05\/deces-dun-pressier-du-journal-de-montreal\/"},"wordCount":127,"publisher":{"@id":"https:\/\/teamsters.ca\/fr\/#organization"},"articleSection":["Nouvelles"],"inLanguage":"fr-CA"},{"@type":"WebPage","@id":"https:\/\/teamsters.ca\/fr\/blog\/2007\/01\/05\/deces-dun-pressier-du-journal-de-montreal\/","url":"https:\/\/teamsters.ca\/fr\/blog\/2007\/01\/05\/deces-dun-pressier-du-journal-de-montreal\/","name":"D\u00e9c\u00e8s d\u2019un pressier du Journal de Montr\u00e9al | Teamsters Canada","isPartOf":{"@id":"https:\/\/teamsters.ca\/fr\/#website"},"datePublished":"2007-01-05T14:29:12+00:00","dateModified":"2019-06-27T20:39:55+00:00","breadcrumb":{"@id":"https:\/\/teamsters.ca\/fr\/blog\/2007\/01\/05\/deces-dun-pressier-du-journal-de-montreal\/#breadcrumb"},"inLanguage":"fr-CA","potentialAction":[{"@type":"ReadAction","target":["https:\/\/teamsters.ca\/fr\/blog\/2007\/01\/05\/deces-dun-pressier-du-journal-de-montreal\/"]}]},{"@type":"BreadcrumbList","@id":"https:\/\/teamsters.ca\/fr\/blog\/2007\/01\/05\/deces-dun-pressier-du-journal-de-montreal\/#breadcrumb","itemListElement":[{"@type":"ListItem","position":1,"name":"Home","item":"https:\/\/teamsters.ca\/fr\/"},{"@type":"ListItem","position":2,"name":"D\u00e9c\u00e8s d\u2019un pressier du Journal de Montr\u00e9al"}]},{"@type":"WebSite","@id":"https:\/\/teamsters.ca\/fr\/#website","url":"https:\/\/teamsters.ca\/fr\/","name":"Teamsters Canada","description":"A Canadian union representing over 125 000 members","publisher":{"@id":"https:\/\/teamsters.ca\/fr\/#organization"},"potentialAction":[{"@type":"SearchAction","target":{"@type":"EntryPoint","urlTemplate":"https:\/\/teamsters.ca\/fr\/?s={search_term_string}"},"query-input":{"@type":"PropertyValueSpecification","valueRequired":true,"valueName":"search_term_string"}}],"inLanguage":"fr-CA"},{"@type":"Organization","@id":"https:\/\/teamsters.ca\/fr\/#organization","name":"Teamsters Canada","url":"https:\/\/teamsters.ca\/fr\/","logo":{"@type":"ImageObject","inLanguage":"fr-CA","@id":"https:\/\/teamsters.ca\/fr\/#\/schema\/logo\/image\/","url":"https:\/\/teamsters.ca\/wp-content\/uploads\/2019\/08\/TeamstersCanada.png","contentUrl":"https:\/\/teamsters.ca\/wp-content\/uploads\/2019\/08\/TeamstersCanada.png","width":545,"height":181,"caption":"Teamsters Canada"},"image":{"@id":"https:\/\/teamsters.ca\/fr\/#\/schema\/logo\/image\/"},"sameAs":["https:\/\/www.facebook.com\/Teamsterscanada\/","https:\/\/x.com\/TeamstersCanada"]},{"@type":"Person","@id":"https:\/\/teamsters.ca\/fr\/#\/schema\/person\/3e6ffefc39fe2f212400b7d8d0a4a0c1","name":"St\u00e9phanie Meunier","image":{"@type":"ImageObject","inLanguage":"fr-CA","@id":"https:\/\/teamsters.ca\/fr\/#\/schema\/person\/image\/","url":"https:\/\/secure.gravatar.com\/avatar\/e4e8404e91ed71cb473fa2708849669810cf083c89825a3d2dd0d47dd6b2be77?s=96&d=mm&r=g","contentUrl":"https:\/\/secure.gravatar.com\/avatar\/e4e8404e91ed71cb473fa2708849669810cf083c89825a3d2dd0d47dd6b2be77?s=96&d=mm&r=g","caption":"St\u00e9phanie Meunier"},"url":"https:\/\/teamsters.ca\/fr\/blog\/author\/smeunier\/"}]}},"_links":{"self":[{"href":"https:\/\/teamsters.ca\/fr\/wp-json\/wp\/v2\/posts\/2783","targetHints":{"allow":["GET"]}}],"collection":[{"href":"https:\/\/teamsters.ca\/fr\/wp-json\/wp\/v2\/posts"}],"about":[{"href":"https:\/\/teamsters.ca\/fr\/wp-json\/wp\/v2\/types\/post"}],"author":[{"embeddable":true,"href":"https:\/\/teamsters.ca\/fr\/wp-json\/wp\/v2\/users\/8"}],"replies":[{"embeddable":true,"href":"https:\/\/teamsters.ca\/fr\/wp-json\/wp\/v2\/comments?post=2783"}],"version-history":[{"count":1,"href":"https:\/\/teamsters.ca\/fr\/wp-json\/wp\/v2\/posts\/2783\/revisions"}],"predecessor-version":[{"id":10797,"href":"https:\/\/teamsters.ca\/fr\/wp-json\/wp\/v2\/posts\/2783\/revisions\/10797"}],"wp:attachment":[{"href":"https:\/\/teamsters.ca\/fr\/wp-json\/wp\/v2\/media?parent=2783"}],"wp:term":[{"taxonomy":"category","embeddable":true,"href":"https:\/\/teamsters.ca\/fr\/wp-json\/wp\/v2\/categories?post=2783"},{"taxonomy":"post_tag","embeddable":true,"href":"https:\/\/teamsters.ca\/fr\/wp-json\/wp\/v2\/tags?post=2783"}],"curies":[{"name":"wp","href":"https:\/\/api.w.org\/{rel}","templated":true}]}}