{"id":27790,"date":"2024-09-12T10:25:10","date_gmt":"2024-09-12T14:25:10","guid":{"rendered":"https:\/\/teamsters.ca\/?p=27790"},"modified":"2025-11-29T12:44:36","modified_gmt":"2025-11-29T17:44:36","slug":"ouvrir-la-voie-rejoindre-les-nouveaux-canadiens-et-les-integrer-est-crucial-pour-lavenir-du-pays","status":"publish","type":"post","link":"https:\/\/teamsters.ca\/fr\/blog\/2024\/09\/12\/ouvrir-la-voie-rejoindre-les-nouveaux-canadiens-et-les-integrer-est-crucial-pour-lavenir-du-pays\/","title":{"rendered":"Ouvrir la voie : rejoindre les nouveaux Canadiens et les int\u00e9grer est crucial pour l\u2019avenir du pays"},"content":{"rendered":"\n<p>En juin, nous apprenions le meurtre d\u2019Anastacio Tzib Caal, alors r\u00e9cemment \u00e9lu au poste de secr\u00e9taire-g\u00e9n\u00e9ral du syndicat repr\u00e9sentant les ouvriers de l\u2019usine de textile Texpia II, au Guatemala. Ce meurtre, malheureusement loin d\u2019\u00eatre unique, est un rappel des dangers auxquels font face les syndicalistes dans le monde.<\/p>\n\n\n\n<p>Bien que nous fassions encore face \u00e0 des difficult\u00e9s dans nos \u00e9conomies d\u00e9velopp\u00e9es, il est pertinent de se rappeler que dans plusieurs pays du monde, il est encore ill\u00e9gal de se syndiquer. \u00c0 bien des endroits, les syndicalistes s\u2019exposent \u00e0 de graves dangers, et leurs parents et amis sont couramment eux-m\u00eames menac\u00e9s.<\/p>\n\n\n\n<p>&nbsp;C\u2019est donc sans surprise que nous rencontrons des difficult\u00e9s lorsque nous cherchons \u00e0 impliquer&nbsp;les nouveaux Canadiens dans notre mouvement. Pour trop de ces nouveaux arrivants, les activit\u00e9s syndicales sont ill\u00e9gales, et ils s\u2019inqui\u00e8tent des r\u00e9percussions auxquelles ils pourraient faire face pour leur implication.<\/p>\n\n\n\n<p>Pour cette raison, je m\u2019engage \u00e0 ce que notre syndicat augmente ses efforts envers l\u2019implication des nouveaux arrivants, et j\u2019encourage tous les syndicats canadiens \u00e0 faire de m\u00eame.<\/p>\n\n\n\n<p class=\"has-text-color has-link-color wp-elements-00ed19ceb128c8175818a07e628551f6\" style=\"color:#3c70b7\"><strong>On doit faire mieux sur toute la ligne<\/strong><\/p>\n\n\n\n<p>Tout \u00e7a m\u2019am\u00e8ne \u00e0 parler d\u2019un probl\u00e8me plus important. Trop souvent, les nouveaux arrivants sont vus comme du <em>cheap-labour<\/em>, comme des gens qui peuvent \u00eatre employ\u00e9s \u00e0 moindre co\u00fbt. Quand on parle de travailleuses et travailleurs migrants, c\u2019est encore pire. Trop souvent, ils sont consid\u00e9r\u00e9s comme des travailleurs jetables, des individus que l\u2019on peut surexploiter, car leurs contrats ont une date de fin, et parce qu\u2019ils sont \u00e0 la merci de leurs employeurs, qui peuvent ais\u00e9ment les faire d\u00e9porter.<\/p>\n\n\n\n<p>Nous sommes fiers de compter des travailleuses et travailleurs migrants dans notre base, et nous travaillons fort pour nous assurer qu\u2019ils sont bien trait\u00e9s et gagnent des salaires qui refl\u00e8tent la valeur qu\u2019ils cr\u00e9ent au sein de notre soci\u00e9t\u00e9, nonobstant leur situation en mati\u00e8re de citoyennet\u00e9.<\/p>\n\n\n\n<p>&nbsp;Cela dit, ce ne sont pas tous les travailleurs migrants qui ont la chance d\u2019\u00eatre prot\u00e9g\u00e9s par un syndicat. En fait, la majorit\u00e9 ne l\u2019est pas, et elle fait face aux difficult\u00e9s que j\u2019ai relat\u00e9es plus haut.<\/p>\n\n\n\n<p>C\u2019est ce qui m\u2019am\u00e8ne \u00e0 mon point principal. Le Canada a besoin d\u2019une meilleure structure d\u2019accueil. Ce n\u2019est pas de plus de programmes dont nous avons besoin, mais bien d\u2019une vision. Nous devons nous assurer que les nouveaux arrivants sont pleinement int\u00e9gr\u00e9s dans notre soci\u00e9t\u00e9, et la seule fa\u00e7on que nous pouvons le faire, c\u2019est en les int\u00e9grant \u00e0 notre \u00e9conomie.<\/p>\n\n\n\n<p>\u00c0 cet effet, les syndicats ont un r\u00f4le \u00e0 jouer. En luttant pour des salaires justes et des conditions de travail ad\u00e9quates, nous pouvons amener la stabilit\u00e9 \u00e9conomique dont les immigrants et les immigrantes ont besoin pour s\u2019\u00e9panouir, et contribuer \u00e0 b\u00e2tir le Canada, comme nous le faisons tous. \u00c0 l\u2019aide de programmes de formation, nous pouvons aider les nouveaux arrivants \u00e0 s\u2019informer sur leurs droits et les diff\u00e9rentes protections en milieu de travail, ainsi que sur l\u2019importance des syndicats, et leurs nombreux avantages. Nous pouvons \u00e9galement offrir des programmes de mentorat pour aider les immigrants et immigrantes \u00e0 s\u2019adapter au march\u00e9 du travail plus rapidement, et changer les milieux de travail pour qu\u2019ils soient plus inclusifs, et accueillants.<\/p>\n\n\n\n<p>J\u2019\u00e9tais donc ravi de lire r\u00e9cemment que le gouvernement consid\u00e9rait r\u00e9duire le nombre de travailleurs migrants temporaires qui viennent au pays chaque ann\u00e9e, pour se concentrer, \u00e0 la place, sur leur int\u00e9gration, et le d\u00e9veloppement de voies vers la r\u00e9sidence permanente.<\/p>\n\n\n\n<p>Ce n\u2019est pas un secret pour personne que le Canada a besoin d\u2019immigrants. Nous devons trouver de nouveaux travailleurs pour combler des besoins de main-d\u2019\u0153uvre dans plusieurs industries, et, collectivement, nous profitons d\u2019une plus grande diversit\u00e9. En s\u2019assurant que les nouveaux arrivants sont bien int\u00e9gr\u00e9s \u00e0 notre \u00e9conomie, c\u2019est tout le Canada qui est gagnant.<\/p>\n\n\n\n<p>Les syndicats, comme les Teamsters, ont un r\u00f4le \u00e0 jouer dans ce processus. En s\u2019assurant que les nouveaux arrivants soient mieux inform\u00e9s quant aux syndicats, qu\u2019ils participent davantage \u00e0 nos processus d\u00e9mocratiques, tout en luttant pour leurs droits, ce n\u2019est pas que notre mouvement que nous venons renforcer, mais bien tout le pays. Cette mission, si nous la menons \u00e0 terme, rendra le Canada plus fort et prosp\u00e8re.<\/p>\n\n\n\n<p><strong>Fran\u00e7ois Laporte<\/strong><br \/>Pr\u00e9sident de Teamsters Canada<br \/>Vice-pr\u00e9sident de la Fraternit\u00e9 internationale des Teamsters<\/p>\n\n\n\n<p class=\"has-text-color has-link-color wp-elements-b7e9816ae479b6dc7a753c4bf5a7bbb6\" style=\"color:#3c70b7\"><em>Chaque mois, Fran\u00e7ois Laporte, pr\u00e9sident de Teamsters Canada, commente l\u2019actualit\u00e9 li\u00e9e au travail et ses enjeux dans une s\u00e9rie de chroniques appel\u00e9e \u00ab&nbsp;Ouvrir la voie&nbsp;\u00bb. Joignez-vous \u00e0 lui alors qu\u2019il discute des enjeux touchant les travailleurs canadiens d\u2019un oc\u00e9an \u00e0 l\u2019autre.<\/em><\/p>\n","protected":false},"excerpt":{"rendered":"<p>Le Canada a besoin d\u2019une meilleure structure d\u2019accueil. Ce n\u2019est pas de plus de programmes dont nous avons besoin, mais bien d\u2019une vision. Nous devons nous assurer que les nouveaux arrivants sont pleinement int\u00e9gr\u00e9s dans notre soci\u00e9t\u00e9, et la seule fa\u00e7on que nous pouvons le faire, c\u2019est en les int\u00e9grant \u00e0 notre \u00e9conomie.<\/p>\n","protected":false},"author":9,"featured_media":29707,"comment_status":"closed","ping_status":"closed","sticky":false,"template":"","format":"standard","meta":{"ngg_post_thumbnail":0,"mc4wp_mailchimp_campaign":[],"footnotes":""},"categories":[7016,1124,1114],"tags":[7022,7020],"class_list":{"0":"post-27790","1":"post","2":"type-post","3":"status-publish","4":"format-standard","5":"has-post-thumbnail","7":"category-chronique","8":"category-president-fr","9":"category-nouvelles","10":"tag-chronique-du-president","11":"tag-ouvrir-la-voie"},"yoast_head":"<!-- This site is optimized with the Yoast SEO Premium plugin v25.5 (Yoast SEO v25.5) - https:\/\/yoast.com\/wordpress\/plugins\/seo\/ -->\n<title>Ouvrir la voie : rejoindre les nouveaux Canadiens et les int\u00e9grer est crucial pour l\u2019avenir du pays | Teamsters Canada<\/title>\n<meta name=\"robots\" content=\"index, follow, max-snippet:-1, max-image-preview:large, max-video-preview:-1\" \/>\n<link rel=\"canonical\" href=\"https:\/\/teamsters.ca\/fr\/blog\/2024\/09\/12\/ouvrir-la-voie-rejoindre-les-nouveaux-canadiens-et-les-integrer-est-crucial-pour-lavenir-du-pays\/\" \/>\n<meta property=\"og:locale\" content=\"fr_CA\" \/>\n<meta property=\"og:type\" content=\"article\" \/>\n<meta property=\"og:title\" content=\"Ouvrir la voie : rejoindre les nouveaux Canadiens et les int\u00e9grer est crucial pour l\u2019avenir du pays\" \/>\n<meta property=\"og:description\" content=\"Le Canada a besoin d\u2019une meilleure structure d\u2019accueil. Ce n\u2019est pas de plus de programmes dont nous avons besoin, mais bien d\u2019une vision. Nous devons nous assurer que les nouveaux arrivants sont pleinement int\u00e9gr\u00e9s dans notre soci\u00e9t\u00e9, et la seule fa\u00e7on que nous pouvons le faire, c\u2019est en les int\u00e9grant \u00e0 notre \u00e9conomie.\" \/>\n<meta property=\"og:url\" content=\"https:\/\/teamsters.ca\/fr\/blog\/2024\/09\/12\/ouvrir-la-voie-rejoindre-les-nouveaux-canadiens-et-les-integrer-est-crucial-pour-lavenir-du-pays\/\" \/>\n<meta property=\"og:site_name\" content=\"Teamsters Canada\" \/>\n<meta property=\"article:publisher\" content=\"https:\/\/www.facebook.com\/Teamsterscanada\/\" \/>\n<meta property=\"article:published_time\" content=\"2024-09-12T14:25:10+00:00\" \/>\n<meta property=\"article:modified_time\" content=\"2025-11-29T17:44:36+00:00\" \/>\n<meta property=\"og:image\" content=\"https:\/\/teamsters.ca\/wp-content\/uploads\/2024\/09\/BLEU_EELE.jpg\" \/>\n\t<meta property=\"og:image:width\" content=\"1200\" \/>\n\t<meta property=\"og:image:height\" content=\"800\" \/>\n\t<meta property=\"og:image:type\" content=\"image\/jpeg\" \/>\n<meta name=\"author\" content=\"communications\" \/>\n<meta name=\"twitter:card\" content=\"summary_large_image\" \/>\n<meta name=\"twitter:creator\" content=\"@TeamstersCanada\" \/>\n<meta name=\"twitter:site\" content=\"@TeamstersCanada\" \/>\n<meta name=\"twitter:label1\" content=\"\u00c9crit par\" \/>\n\t<meta name=\"twitter:data1\" content=\"communications\" \/>\n\t<meta name=\"twitter:label2\" content=\"Estimation du temps de lecture\" \/>\n\t<meta name=\"twitter:data2\" content=\"7 minutes\" \/>\n<script type=\"application\/ld+json\" class=\"yoast-schema-graph\">{\"@context\":\"https:\/\/schema.org\",\"@graph\":[{\"@type\":\"Article\",\"@id\":\"https:\/\/teamsters.ca\/fr\/blog\/2024\/09\/12\/ouvrir-la-voie-rejoindre-les-nouveaux-canadiens-et-les-integrer-est-crucial-pour-lavenir-du-pays\/#article\",\"isPartOf\":{\"@id\":\"https:\/\/teamsters.ca\/fr\/blog\/2024\/09\/12\/ouvrir-la-voie-rejoindre-les-nouveaux-canadiens-et-les-integrer-est-crucial-pour-lavenir-du-pays\/\"},\"author\":{\"name\":\"communications\",\"@id\":\"https:\/\/teamsters.ca\/fr\/#\/schema\/person\/16abb510b61e30ac94505e325f34ff0c\"},\"headline\":\"Ouvrir la voie : rejoindre les nouveaux Canadiens et les int\u00e9grer est crucial pour l\u2019avenir du pays\",\"datePublished\":\"2024-09-12T14:25:10+00:00\",\"dateModified\":\"2025-11-29T17:44:36+00:00\",\"mainEntityOfPage\":{\"@id\":\"https:\/\/teamsters.ca\/fr\/blog\/2024\/09\/12\/ouvrir-la-voie-rejoindre-les-nouveaux-canadiens-et-les-integrer-est-crucial-pour-lavenir-du-pays\/\"},\"wordCount\":835,\"publisher\":{\"@id\":\"https:\/\/teamsters.ca\/fr\/#organization\"},\"image\":{\"@id\":\"https:\/\/teamsters.ca\/fr\/blog\/2024\/09\/12\/ouvrir-la-voie-rejoindre-les-nouveaux-canadiens-et-les-integrer-est-crucial-pour-lavenir-du-pays\/#primaryimage\"},\"thumbnailUrl\":\"https:\/\/teamsters.ca\/wp-content\/uploads\/2024\/09\/BLEU_EELE.jpg\",\"keywords\":[\"Chronique du pr\u00e9sident\",\"Ouvrir la voie\"],\"articleSection\":[\"Chronique\",\"Lettres du pr\u00e9sident\",\"Nouvelles\"],\"inLanguage\":\"fr-CA\"},{\"@type\":\"WebPage\",\"@id\":\"https:\/\/teamsters.ca\/fr\/blog\/2024\/09\/12\/ouvrir-la-voie-rejoindre-les-nouveaux-canadiens-et-les-integrer-est-crucial-pour-lavenir-du-pays\/\",\"url\":\"https:\/\/teamsters.ca\/fr\/blog\/2024\/09\/12\/ouvrir-la-voie-rejoindre-les-nouveaux-canadiens-et-les-integrer-est-crucial-pour-lavenir-du-pays\/\",\"name\":\"Ouvrir la voie : rejoindre les nouveaux Canadiens et les int\u00e9grer est crucial pour l\u2019avenir du pays | Teamsters Canada\",\"isPartOf\":{\"@id\":\"https:\/\/teamsters.ca\/fr\/#website\"},\"primaryImageOfPage\":{\"@id\":\"https:\/\/teamsters.ca\/fr\/blog\/2024\/09\/12\/ouvrir-la-voie-rejoindre-les-nouveaux-canadiens-et-les-integrer-est-crucial-pour-lavenir-du-pays\/#primaryimage\"},\"image\":{\"@id\":\"https:\/\/teamsters.ca\/fr\/blog\/2024\/09\/12\/ouvrir-la-voie-rejoindre-les-nouveaux-canadiens-et-les-integrer-est-crucial-pour-lavenir-du-pays\/#primaryimage\"},\"thumbnailUrl\":\"https:\/\/teamsters.ca\/wp-content\/uploads\/2024\/09\/BLEU_EELE.jpg\",\"datePublished\":\"2024-09-12T14:25:10+00:00\",\"dateModified\":\"2025-11-29T17:44:36+00:00\",\"breadcrumb\":{\"@id\":\"https:\/\/teamsters.ca\/fr\/blog\/2024\/09\/12\/ouvrir-la-voie-rejoindre-les-nouveaux-canadiens-et-les-integrer-est-crucial-pour-lavenir-du-pays\/#breadcrumb\"},\"inLanguage\":\"fr-CA\",\"potentialAction\":[{\"@type\":\"ReadAction\",\"target\":[\"https:\/\/teamsters.ca\/fr\/blog\/2024\/09\/12\/ouvrir-la-voie-rejoindre-les-nouveaux-canadiens-et-les-integrer-est-crucial-pour-lavenir-du-pays\/\"]}]},{\"@type\":\"ImageObject\",\"inLanguage\":\"fr-CA\",\"@id\":\"https:\/\/teamsters.ca\/fr\/blog\/2024\/09\/12\/ouvrir-la-voie-rejoindre-les-nouveaux-canadiens-et-les-integrer-est-crucial-pour-lavenir-du-pays\/#primaryimage\",\"url\":\"https:\/\/teamsters.ca\/wp-content\/uploads\/2024\/09\/BLEU_EELE.jpg\",\"contentUrl\":\"https:\/\/teamsters.ca\/wp-content\/uploads\/2024\/09\/BLEU_EELE.jpg\",\"width\":1200,\"height\":800},{\"@type\":\"BreadcrumbList\",\"@id\":\"https:\/\/teamsters.ca\/fr\/blog\/2024\/09\/12\/ouvrir-la-voie-rejoindre-les-nouveaux-canadiens-et-les-integrer-est-crucial-pour-lavenir-du-pays\/#breadcrumb\",\"itemListElement\":[{\"@type\":\"ListItem\",\"position\":1,\"name\":\"Home\",\"item\":\"https:\/\/teamsters.ca\/fr\/\"},{\"@type\":\"ListItem\",\"position\":2,\"name\":\"Ouvrir la voie : rejoindre les nouveaux Canadiens et les int\u00e9grer est crucial pour l\u2019avenir du pays\"}]},{\"@type\":\"WebSite\",\"@id\":\"https:\/\/teamsters.ca\/fr\/#website\",\"url\":\"https:\/\/teamsters.ca\/fr\/\",\"name\":\"Teamsters Canada\",\"description\":\"A Canadian union representing over 125 000 members\",\"publisher\":{\"@id\":\"https:\/\/teamsters.ca\/fr\/#organization\"},\"potentialAction\":[{\"@type\":\"SearchAction\",\"target\":{\"@type\":\"EntryPoint\",\"urlTemplate\":\"https:\/\/teamsters.ca\/fr\/?s={search_term_string}\"},\"query-input\":{\"@type\":\"PropertyValueSpecification\",\"valueRequired\":true,\"valueName\":\"search_term_string\"}}],\"inLanguage\":\"fr-CA\"},{\"@type\":\"Organization\",\"@id\":\"https:\/\/teamsters.ca\/fr\/#organization\",\"name\":\"Teamsters Canada\",\"url\":\"https:\/\/teamsters.ca\/fr\/\",\"logo\":{\"@type\":\"ImageObject\",\"inLanguage\":\"fr-CA\",\"@id\":\"https:\/\/teamsters.ca\/fr\/#\/schema\/logo\/image\/\",\"url\":\"https:\/\/teamsters.ca\/wp-content\/uploads\/2019\/08\/TeamstersCanada.png\",\"contentUrl\":\"https:\/\/teamsters.ca\/wp-content\/uploads\/2019\/08\/TeamstersCanada.png\",\"width\":545,\"height\":181,\"caption\":\"Teamsters Canada\"},\"image\":{\"@id\":\"https:\/\/teamsters.ca\/fr\/#\/schema\/logo\/image\/\"},\"sameAs\":[\"https:\/\/www.facebook.com\/Teamsterscanada\/\",\"https:\/\/x.com\/TeamstersCanada\"]},{\"@type\":\"Person\",\"@id\":\"https:\/\/teamsters.ca\/fr\/#\/schema\/person\/16abb510b61e30ac94505e325f34ff0c\",\"name\":\"communications\",\"image\":{\"@type\":\"ImageObject\",\"inLanguage\":\"fr-CA\",\"@id\":\"https:\/\/teamsters.ca\/fr\/#\/schema\/person\/image\/\",\"url\":\"https:\/\/secure.gravatar.com\/avatar\/707c37c6763af59d83f3b3dcebfff9d9d58ef9e062e2c9452a9dbb153c85d7ac?s=96&d=mm&r=g\",\"contentUrl\":\"https:\/\/secure.gravatar.com\/avatar\/707c37c6763af59d83f3b3dcebfff9d9d58ef9e062e2c9452a9dbb153c85d7ac?s=96&d=mm&r=g\",\"caption\":\"communications\"},\"url\":\"https:\/\/teamsters.ca\/fr\/blog\/author\/communications\/\"}]}<\/script>\n<!-- \/ Yoast SEO Premium plugin. -->","yoast_head_json":{"title":"Ouvrir la voie : rejoindre les nouveaux Canadiens et les int\u00e9grer est crucial pour l\u2019avenir du pays | Teamsters Canada","robots":{"index":"index","follow":"follow","max-snippet":"max-snippet:-1","max-image-preview":"max-image-preview:large","max-video-preview":"max-video-preview:-1"},"canonical":"https:\/\/teamsters.ca\/fr\/blog\/2024\/09\/12\/ouvrir-la-voie-rejoindre-les-nouveaux-canadiens-et-les-integrer-est-crucial-pour-lavenir-du-pays\/","og_locale":"fr_CA","og_type":"article","og_title":"Ouvrir la voie : rejoindre les nouveaux Canadiens et les int\u00e9grer est crucial pour l\u2019avenir du pays","og_description":"Le Canada a besoin d\u2019une meilleure structure d\u2019accueil. Ce n\u2019est pas de plus de programmes dont nous avons besoin, mais bien d\u2019une vision. Nous devons nous assurer que les nouveaux arrivants sont pleinement int\u00e9gr\u00e9s dans notre soci\u00e9t\u00e9, et la seule fa\u00e7on que nous pouvons le faire, c\u2019est en les int\u00e9grant \u00e0 notre \u00e9conomie.","og_url":"https:\/\/teamsters.ca\/fr\/blog\/2024\/09\/12\/ouvrir-la-voie-rejoindre-les-nouveaux-canadiens-et-les-integrer-est-crucial-pour-lavenir-du-pays\/","og_site_name":"Teamsters Canada","article_publisher":"https:\/\/www.facebook.com\/Teamsterscanada\/","article_published_time":"2024-09-12T14:25:10+00:00","article_modified_time":"2025-11-29T17:44:36+00:00","og_image":[{"width":1200,"height":800,"url":"https:\/\/teamsters.ca\/wp-content\/uploads\/2024\/09\/BLEU_EELE.jpg","type":"image\/jpeg"}],"author":"communications","twitter_card":"summary_large_image","twitter_creator":"@TeamstersCanada","twitter_site":"@TeamstersCanada","twitter_misc":{"\u00c9crit par":"communications","Estimation du temps de lecture":"7 minutes"},"schema":{"@context":"https:\/\/schema.org","@graph":[{"@type":"Article","@id":"https:\/\/teamsters.ca\/fr\/blog\/2024\/09\/12\/ouvrir-la-voie-rejoindre-les-nouveaux-canadiens-et-les-integrer-est-crucial-pour-lavenir-du-pays\/#article","isPartOf":{"@id":"https:\/\/teamsters.ca\/fr\/blog\/2024\/09\/12\/ouvrir-la-voie-rejoindre-les-nouveaux-canadiens-et-les-integrer-est-crucial-pour-lavenir-du-pays\/"},"author":{"name":"communications","@id":"https:\/\/teamsters.ca\/fr\/#\/schema\/person\/16abb510b61e30ac94505e325f34ff0c"},"headline":"Ouvrir la voie : rejoindre les nouveaux Canadiens et les int\u00e9grer est crucial pour l\u2019avenir du pays","datePublished":"2024-09-12T14:25:10+00:00","dateModified":"2025-11-29T17:44:36+00:00","mainEntityOfPage":{"@id":"https:\/\/teamsters.ca\/fr\/blog\/2024\/09\/12\/ouvrir-la-voie-rejoindre-les-nouveaux-canadiens-et-les-integrer-est-crucial-pour-lavenir-du-pays\/"},"wordCount":835,"publisher":{"@id":"https:\/\/teamsters.ca\/fr\/#organization"},"image":{"@id":"https:\/\/teamsters.ca\/fr\/blog\/2024\/09\/12\/ouvrir-la-voie-rejoindre-les-nouveaux-canadiens-et-les-integrer-est-crucial-pour-lavenir-du-pays\/#primaryimage"},"thumbnailUrl":"https:\/\/teamsters.ca\/wp-content\/uploads\/2024\/09\/BLEU_EELE.jpg","keywords":["Chronique du pr\u00e9sident","Ouvrir la voie"],"articleSection":["Chronique","Lettres du pr\u00e9sident","Nouvelles"],"inLanguage":"fr-CA"},{"@type":"WebPage","@id":"https:\/\/teamsters.ca\/fr\/blog\/2024\/09\/12\/ouvrir-la-voie-rejoindre-les-nouveaux-canadiens-et-les-integrer-est-crucial-pour-lavenir-du-pays\/","url":"https:\/\/teamsters.ca\/fr\/blog\/2024\/09\/12\/ouvrir-la-voie-rejoindre-les-nouveaux-canadiens-et-les-integrer-est-crucial-pour-lavenir-du-pays\/","name":"Ouvrir la voie : rejoindre les nouveaux Canadiens et les int\u00e9grer est crucial pour l\u2019avenir du pays | Teamsters Canada","isPartOf":{"@id":"https:\/\/teamsters.ca\/fr\/#website"},"primaryImageOfPage":{"@id":"https:\/\/teamsters.ca\/fr\/blog\/2024\/09\/12\/ouvrir-la-voie-rejoindre-les-nouveaux-canadiens-et-les-integrer-est-crucial-pour-lavenir-du-pays\/#primaryimage"},"image":{"@id":"https:\/\/teamsters.ca\/fr\/blog\/2024\/09\/12\/ouvrir-la-voie-rejoindre-les-nouveaux-canadiens-et-les-integrer-est-crucial-pour-lavenir-du-pays\/#primaryimage"},"thumbnailUrl":"https:\/\/teamsters.ca\/wp-content\/uploads\/2024\/09\/BLEU_EELE.jpg","datePublished":"2024-09-12T14:25:10+00:00","dateModified":"2025-11-29T17:44:36+00:00","breadcrumb":{"@id":"https:\/\/teamsters.ca\/fr\/blog\/2024\/09\/12\/ouvrir-la-voie-rejoindre-les-nouveaux-canadiens-et-les-integrer-est-crucial-pour-lavenir-du-pays\/#breadcrumb"},"inLanguage":"fr-CA","potentialAction":[{"@type":"ReadAction","target":["https:\/\/teamsters.ca\/fr\/blog\/2024\/09\/12\/ouvrir-la-voie-rejoindre-les-nouveaux-canadiens-et-les-integrer-est-crucial-pour-lavenir-du-pays\/"]}]},{"@type":"ImageObject","inLanguage":"fr-CA","@id":"https:\/\/teamsters.ca\/fr\/blog\/2024\/09\/12\/ouvrir-la-voie-rejoindre-les-nouveaux-canadiens-et-les-integrer-est-crucial-pour-lavenir-du-pays\/#primaryimage","url":"https:\/\/teamsters.ca\/wp-content\/uploads\/2024\/09\/BLEU_EELE.jpg","contentUrl":"https:\/\/teamsters.ca\/wp-content\/uploads\/2024\/09\/BLEU_EELE.jpg","width":1200,"height":800},{"@type":"BreadcrumbList","@id":"https:\/\/teamsters.ca\/fr\/blog\/2024\/09\/12\/ouvrir-la-voie-rejoindre-les-nouveaux-canadiens-et-les-integrer-est-crucial-pour-lavenir-du-pays\/#breadcrumb","itemListElement":[{"@type":"ListItem","position":1,"name":"Home","item":"https:\/\/teamsters.ca\/fr\/"},{"@type":"ListItem","position":2,"name":"Ouvrir la voie : rejoindre les nouveaux Canadiens et les int\u00e9grer est crucial pour l\u2019avenir du pays"}]},{"@type":"WebSite","@id":"https:\/\/teamsters.ca\/fr\/#website","url":"https:\/\/teamsters.ca\/fr\/","name":"Teamsters Canada","description":"A Canadian union representing over 125 000 members","publisher":{"@id":"https:\/\/teamsters.ca\/fr\/#organization"},"potentialAction":[{"@type":"SearchAction","target":{"@type":"EntryPoint","urlTemplate":"https:\/\/teamsters.ca\/fr\/?s={search_term_string}"},"query-input":{"@type":"PropertyValueSpecification","valueRequired":true,"valueName":"search_term_string"}}],"inLanguage":"fr-CA"},{"@type":"Organization","@id":"https:\/\/teamsters.ca\/fr\/#organization","name":"Teamsters Canada","url":"https:\/\/teamsters.ca\/fr\/","logo":{"@type":"ImageObject","inLanguage":"fr-CA","@id":"https:\/\/teamsters.ca\/fr\/#\/schema\/logo\/image\/","url":"https:\/\/teamsters.ca\/wp-content\/uploads\/2019\/08\/TeamstersCanada.png","contentUrl":"https:\/\/teamsters.ca\/wp-content\/uploads\/2019\/08\/TeamstersCanada.png","width":545,"height":181,"caption":"Teamsters Canada"},"image":{"@id":"https:\/\/teamsters.ca\/fr\/#\/schema\/logo\/image\/"},"sameAs":["https:\/\/www.facebook.com\/Teamsterscanada\/","https:\/\/x.com\/TeamstersCanada"]},{"@type":"Person","@id":"https:\/\/teamsters.ca\/fr\/#\/schema\/person\/16abb510b61e30ac94505e325f34ff0c","name":"communications","image":{"@type":"ImageObject","inLanguage":"fr-CA","@id":"https:\/\/teamsters.ca\/fr\/#\/schema\/person\/image\/","url":"https:\/\/secure.gravatar.com\/avatar\/707c37c6763af59d83f3b3dcebfff9d9d58ef9e062e2c9452a9dbb153c85d7ac?s=96&d=mm&r=g","contentUrl":"https:\/\/secure.gravatar.com\/avatar\/707c37c6763af59d83f3b3dcebfff9d9d58ef9e062e2c9452a9dbb153c85d7ac?s=96&d=mm&r=g","caption":"communications"},"url":"https:\/\/teamsters.ca\/fr\/blog\/author\/communications\/"}]}},"_links":{"self":[{"href":"https:\/\/teamsters.ca\/fr\/wp-json\/wp\/v2\/posts\/27790","targetHints":{"allow":["GET"]}}],"collection":[{"href":"https:\/\/teamsters.ca\/fr\/wp-json\/wp\/v2\/posts"}],"about":[{"href":"https:\/\/teamsters.ca\/fr\/wp-json\/wp\/v2\/types\/post"}],"author":[{"embeddable":true,"href":"https:\/\/teamsters.ca\/fr\/wp-json\/wp\/v2\/users\/9"}],"replies":[{"embeddable":true,"href":"https:\/\/teamsters.ca\/fr\/wp-json\/wp\/v2\/comments?post=27790"}],"version-history":[{"count":4,"href":"https:\/\/teamsters.ca\/fr\/wp-json\/wp\/v2\/posts\/27790\/revisions"}],"predecessor-version":[{"id":27797,"href":"https:\/\/teamsters.ca\/fr\/wp-json\/wp\/v2\/posts\/27790\/revisions\/27797"}],"wp:featuredmedia":[{"embeddable":true,"href":"https:\/\/teamsters.ca\/fr\/wp-json\/wp\/v2\/media\/29707"}],"wp:attachment":[{"href":"https:\/\/teamsters.ca\/fr\/wp-json\/wp\/v2\/media?parent=27790"}],"wp:term":[{"taxonomy":"category","embeddable":true,"href":"https:\/\/teamsters.ca\/fr\/wp-json\/wp\/v2\/categories?post=27790"},{"taxonomy":"post_tag","embeddable":true,"href":"https:\/\/teamsters.ca\/fr\/wp-json\/wp\/v2\/tags?post=27790"}],"curies":[{"name":"wp","href":"https:\/\/api.w.org\/{rel}","templated":true}]}}