{"id":27761,"date":"2024-09-04T17:01:24","date_gmt":"2024-09-04T21:01:24","guid":{"rendered":"https:\/\/teamsters.ca\/?p=27761"},"modified":"2024-09-04T17:03:10","modified_gmt":"2024-09-04T21:03:10","slug":"le-syndicat-des-teamsters-salue-la-decision-du-npd-de-mettre-fin-a-lentente-avec-les-liberaux","status":"publish","type":"post","link":"https:\/\/teamsters.ca\/fr\/blog\/2024\/09\/04\/le-syndicat-des-teamsters-salue-la-decision-du-npd-de-mettre-fin-a-lentente-avec-les-liberaux\/","title":{"rendered":"Le syndicat des Teamsters salue la d\u00e9cision du NPD de mettre fin \u00e0 l\u2019entente avec les lib\u00e9raux\u00a0"},"content":{"rendered":"\n<p>Laval, le 4 septembre 2024 \u2013 Teamsters Canada salue la d\u00e9cision du Nouveau Parti d\u00e9mocratique (NPD) de rompre son entente avec le Parti lib\u00e9ral du Canada.\u00a0<\/p>\n\n\n\n<p>\u00ab Au Canada, nous avons un droit fondamental de n\u00e9gocier collectivement et de participer aux activit\u00e9s syndicales. Malheureusement, les lib\u00e9raux ont choisi de bafouer ces droits, et ils devront maintenant faire face aux cons\u00e9quences politiques de leurs actions. Nos membres voulaient simplement des conditions de travail sures et dignes. Or, le gouvernement a plut\u00f4t favoris\u00e9 les int\u00e9r\u00eats des grandes entreprises, \u00bb a d\u00e9clar\u00e9 Fran\u00e7ois Laporte, pr\u00e9sident national de Teamsters Canada.&nbsp;<\/p>\n\n\n\n<p>La rupture de l\u2019entente entre les lib\u00e9raux et le NPD fait suite \u00e0 la d\u00e9cision du gouvernement d\u2019imposer un arbitrage ex\u00e9cutoire seulement 16 heures et 29 minutes apr\u00e8s que le CN et le CPKC ont mis en lock-out plus de 10 000 membres de la Conf\u00e9rence ferroviaire de Teamsters Canada, travailleuses et travailleurs qui n\u00e9gociaient de bonne foi pour renouveler leurs conventions collectives.&nbsp;<\/p>\n\n\n\n<p>Les deux entreprises cherchaient \u00e0 obtenir des concessions qui pourraient compromettre la s\u00e9curit\u00e9 ferroviaire. En imposant l\u2019arbitrage ex\u00e9cutoire, le gouvernement f\u00e9d\u00e9ral a permis au CN et au CPKC de contourner un syndicat qui d\u00e9fendait la s\u00e9curit\u00e9 de l\u2019ensemble des Canadiens. Maintenant, les deux compagnies ont l\u2019opportunit\u00e9 d\u2019atteindre leurs objectifs gr\u00e2ce \u00e0 l\u2019arbitrage.&nbsp;<\/p>\n\n\n\n<p>\u00ab C\u2019\u00e9tait le plan du CN et du CPKC depuis le d\u00e9but : refuser de n\u00e9gocier, mettre les travailleuses et travailleurs en lock-out, prendre le pays en otage et forcer le gouvernement \u00e0 imposer un arbitrage ex\u00e9cutoire pour \u00e9carter les Teamsters. Plut\u00f4t que de r\u00e9sister aux PDGs des entreprises ferroviaires, les lib\u00e9raux sont tomb\u00e9s directement dans leur pi\u00e8ge \u00bb, a ajout\u00e9 Fran\u00e7ois Laporte.&nbsp;<\/p>\n\n\n\n<p>La Conf\u00e9rence ferroviaire de Teamsters Canada conteste la constitutionnalit\u00e9 de l\u2019ordonnance d\u2019arbitrage ex\u00e9cutoire. <a href=\"https:\/\/teamsters.ca\/fr\/blog\/2024\/08\/30\/le-syndicat-des-teamsters-conteste-larbitrage-executoire-devant-les-tribunaux\/\">Pour consulter les documents d\u00e9pos\u00e9s \u00e0 la Cour d\u2019appel f\u00e9d\u00e9rale, cliquez ici<\/a>.\u00a0<\/p>\n\n\n\n<p><em>Avec plus de 130 000 membres, Teamsters Canada est le plus grand syndicat du pays dans le domaine du transport et de la cha<\/em><em>\u00ee<\/em><em>ne d<\/em><em>\u2019<\/em><em>approvisionnement. Il est affili<\/em><em>\u00e9 \u00e0 <\/em><em>la Fraternit<\/em><em>\u00e9 <\/em><em>internationale des Teamsters, qui repr<\/em><em>\u00e9<\/em><em>sente plus de 1,2 million de travailleurs en Am<\/em><em>\u00e9<\/em><em>rique du Nord.&nbsp;<\/em><\/p>\n\n\n\n<p class=\"has-text-align-center\">-30-\u00a0<\/p>\n\n\n\n<p><strong>Demandes des m\u00e9dias :<\/strong><\/p>\n\n\n\n<p>Christopher Monette<br \/>Directeur des affaires publiques<br \/>Teamsters Canada<br \/>Cell : 514-226-6002<br \/><a href=\"mailto:cmonette@teamsters.ca\" target=\"_blank\" rel=\"noreferrer noopener\">cmonette@teamsters.ca<\/a><\/p>\n","protected":false},"excerpt":{"rendered":"<p>Teamsters Canada salue la d\u00e9cision du Nouveau Parti d\u00e9mocratique (NPD) de rompre son entente avec le Parti lib\u00e9ral du Canada<\/p>\n","protected":false},"author":9,"featured_media":27758,"comment_status":"closed","ping_status":"closed","sticky":false,"template":"","format":"standard","meta":{"ngg_post_thumbnail":0,"mc4wp_mailchimp_campaign":[],"footnotes":""},"categories":[1140,1114,1132],"tags":[65,71,598,169],"class_list":{"0":"post-27761","1":"post","2":"type-post","3":"status-publish","4":"format-standard","5":"has-post-thumbnail","7":"category-canada-region-fr","8":"category-nouvelles","9":"category-transport-ferroviaire","10":"tag-cn-en","11":"tag-cp-en","12":"tag-tcrc","13":"tag-teamsters-canada-rail-conference"},"yoast_head":"<!-- This site is optimized with the Yoast SEO Premium plugin v25.5 (Yoast SEO v25.5) - https:\/\/yoast.com\/wordpress\/plugins\/seo\/ -->\n<title>Le syndicat des Teamsters salue la d\u00e9cision du NPD de mettre fin \u00e0 l\u2019entente avec les lib\u00e9raux\u00a0 | Teamsters Canada<\/title>\n<meta name=\"robots\" content=\"index, follow, max-snippet:-1, max-image-preview:large, max-video-preview:-1\" \/>\n<link rel=\"canonical\" href=\"https:\/\/teamsters.ca\/fr\/blog\/2024\/09\/04\/le-syndicat-des-teamsters-salue-la-decision-du-npd-de-mettre-fin-a-lentente-avec-les-liberaux\/\" \/>\n<meta property=\"og:locale\" content=\"fr_CA\" \/>\n<meta property=\"og:type\" content=\"article\" \/>\n<meta property=\"og:title\" content=\"Le syndicat des Teamsters salue la d\u00e9cision du NPD de mettre fin \u00e0 l\u2019entente avec les lib\u00e9raux\u00a0\" \/>\n<meta property=\"og:description\" content=\"Teamsters Canada salue la d\u00e9cision du Nouveau Parti d\u00e9mocratique (NPD) de rompre son entente avec le Parti lib\u00e9ral du Canada\" \/>\n<meta property=\"og:url\" content=\"https:\/\/teamsters.ca\/fr\/blog\/2024\/09\/04\/le-syndicat-des-teamsters-salue-la-decision-du-npd-de-mettre-fin-a-lentente-avec-les-liberaux\/\" \/>\n<meta property=\"og:site_name\" content=\"Teamsters Canada\" \/>\n<meta property=\"article:publisher\" content=\"https:\/\/www.facebook.com\/Teamsterscanada\/\" \/>\n<meta property=\"article:published_time\" content=\"2024-09-04T21:01:24+00:00\" \/>\n<meta property=\"article:modified_time\" content=\"2024-09-04T21:03:10+00:00\" \/>\n<meta property=\"og:image\" content=\"https:\/\/teamsters.ca\/wp-content\/uploads\/2024\/09\/NPD_picture.jpg\" \/>\n\t<meta property=\"og:image:width\" content=\"1200\" \/>\n\t<meta property=\"og:image:height\" content=\"904\" \/>\n\t<meta property=\"og:image:type\" content=\"image\/jpeg\" \/>\n<meta name=\"author\" content=\"communications\" \/>\n<meta name=\"twitter:card\" content=\"summary_large_image\" \/>\n<meta name=\"twitter:creator\" content=\"@TeamstersCanada\" \/>\n<meta name=\"twitter:site\" content=\"@TeamstersCanada\" \/>\n<meta name=\"twitter:label1\" content=\"\u00c9crit par\" \/>\n\t<meta name=\"twitter:data1\" content=\"communications\" \/>\n\t<meta name=\"twitter:label2\" content=\"Estimation du temps de lecture\" \/>\n\t<meta name=\"twitter:data2\" content=\"2 minutes\" \/>\n<script type=\"application\/ld+json\" class=\"yoast-schema-graph\">{\"@context\":\"https:\/\/schema.org\",\"@graph\":[{\"@type\":\"Article\",\"@id\":\"https:\/\/teamsters.ca\/fr\/blog\/2024\/09\/04\/le-syndicat-des-teamsters-salue-la-decision-du-npd-de-mettre-fin-a-lentente-avec-les-liberaux\/#article\",\"isPartOf\":{\"@id\":\"https:\/\/teamsters.ca\/fr\/blog\/2024\/09\/04\/le-syndicat-des-teamsters-salue-la-decision-du-npd-de-mettre-fin-a-lentente-avec-les-liberaux\/\"},\"author\":{\"name\":\"communications\",\"@id\":\"https:\/\/teamsters.ca\/fr\/#\/schema\/person\/16abb510b61e30ac94505e325f34ff0c\"},\"headline\":\"Le syndicat des Teamsters salue la d\u00e9cision du NPD de mettre fin \u00e0 l\u2019entente avec les lib\u00e9raux\u00a0\",\"datePublished\":\"2024-09-04T21:01:24+00:00\",\"dateModified\":\"2024-09-04T21:03:10+00:00\",\"mainEntityOfPage\":{\"@id\":\"https:\/\/teamsters.ca\/fr\/blog\/2024\/09\/04\/le-syndicat-des-teamsters-salue-la-decision-du-npd-de-mettre-fin-a-lentente-avec-les-liberaux\/\"},\"wordCount\":410,\"publisher\":{\"@id\":\"https:\/\/teamsters.ca\/fr\/#organization\"},\"image\":{\"@id\":\"https:\/\/teamsters.ca\/fr\/blog\/2024\/09\/04\/le-syndicat-des-teamsters-salue-la-decision-du-npd-de-mettre-fin-a-lentente-avec-les-liberaux\/#primaryimage\"},\"thumbnailUrl\":\"https:\/\/teamsters.ca\/wp-content\/uploads\/2024\/09\/NPD_picture.jpg\",\"keywords\":[\"CN\",\"CP\",\"TCRC\",\"Teamsters Canada Rail Conference\"],\"articleSection\":[\"Canada\",\"Nouvelles\",\"Transport ferroviaire\"],\"inLanguage\":\"fr-CA\"},{\"@type\":\"WebPage\",\"@id\":\"https:\/\/teamsters.ca\/fr\/blog\/2024\/09\/04\/le-syndicat-des-teamsters-salue-la-decision-du-npd-de-mettre-fin-a-lentente-avec-les-liberaux\/\",\"url\":\"https:\/\/teamsters.ca\/fr\/blog\/2024\/09\/04\/le-syndicat-des-teamsters-salue-la-decision-du-npd-de-mettre-fin-a-lentente-avec-les-liberaux\/\",\"name\":\"Le syndicat des Teamsters salue la d\u00e9cision du NPD de mettre fin \u00e0 l\u2019entente avec les lib\u00e9raux\u00a0 | Teamsters Canada\",\"isPartOf\":{\"@id\":\"https:\/\/teamsters.ca\/fr\/#website\"},\"primaryImageOfPage\":{\"@id\":\"https:\/\/teamsters.ca\/fr\/blog\/2024\/09\/04\/le-syndicat-des-teamsters-salue-la-decision-du-npd-de-mettre-fin-a-lentente-avec-les-liberaux\/#primaryimage\"},\"image\":{\"@id\":\"https:\/\/teamsters.ca\/fr\/blog\/2024\/09\/04\/le-syndicat-des-teamsters-salue-la-decision-du-npd-de-mettre-fin-a-lentente-avec-les-liberaux\/#primaryimage\"},\"thumbnailUrl\":\"https:\/\/teamsters.ca\/wp-content\/uploads\/2024\/09\/NPD_picture.jpg\",\"datePublished\":\"2024-09-04T21:01:24+00:00\",\"dateModified\":\"2024-09-04T21:03:10+00:00\",\"breadcrumb\":{\"@id\":\"https:\/\/teamsters.ca\/fr\/blog\/2024\/09\/04\/le-syndicat-des-teamsters-salue-la-decision-du-npd-de-mettre-fin-a-lentente-avec-les-liberaux\/#breadcrumb\"},\"inLanguage\":\"fr-CA\",\"potentialAction\":[{\"@type\":\"ReadAction\",\"target\":[\"https:\/\/teamsters.ca\/fr\/blog\/2024\/09\/04\/le-syndicat-des-teamsters-salue-la-decision-du-npd-de-mettre-fin-a-lentente-avec-les-liberaux\/\"]}]},{\"@type\":\"ImageObject\",\"inLanguage\":\"fr-CA\",\"@id\":\"https:\/\/teamsters.ca\/fr\/blog\/2024\/09\/04\/le-syndicat-des-teamsters-salue-la-decision-du-npd-de-mettre-fin-a-lentente-avec-les-liberaux\/#primaryimage\",\"url\":\"https:\/\/teamsters.ca\/wp-content\/uploads\/2024\/09\/NPD_picture.jpg\",\"contentUrl\":\"https:\/\/teamsters.ca\/wp-content\/uploads\/2024\/09\/NPD_picture.jpg\",\"width\":1200,\"height\":904},{\"@type\":\"BreadcrumbList\",\"@id\":\"https:\/\/teamsters.ca\/fr\/blog\/2024\/09\/04\/le-syndicat-des-teamsters-salue-la-decision-du-npd-de-mettre-fin-a-lentente-avec-les-liberaux\/#breadcrumb\",\"itemListElement\":[{\"@type\":\"ListItem\",\"position\":1,\"name\":\"Home\",\"item\":\"https:\/\/teamsters.ca\/fr\/\"},{\"@type\":\"ListItem\",\"position\":2,\"name\":\"Le syndicat des Teamsters salue la d\u00e9cision du NPD de mettre fin \u00e0 l\u2019entente avec les lib\u00e9raux\u00a0\"}]},{\"@type\":\"WebSite\",\"@id\":\"https:\/\/teamsters.ca\/fr\/#website\",\"url\":\"https:\/\/teamsters.ca\/fr\/\",\"name\":\"Teamsters Canada\",\"description\":\"A Canadian union representing over 125 000 members\",\"publisher\":{\"@id\":\"https:\/\/teamsters.ca\/fr\/#organization\"},\"potentialAction\":[{\"@type\":\"SearchAction\",\"target\":{\"@type\":\"EntryPoint\",\"urlTemplate\":\"https:\/\/teamsters.ca\/fr\/?s={search_term_string}\"},\"query-input\":{\"@type\":\"PropertyValueSpecification\",\"valueRequired\":true,\"valueName\":\"search_term_string\"}}],\"inLanguage\":\"fr-CA\"},{\"@type\":\"Organization\",\"@id\":\"https:\/\/teamsters.ca\/fr\/#organization\",\"name\":\"Teamsters Canada\",\"url\":\"https:\/\/teamsters.ca\/fr\/\",\"logo\":{\"@type\":\"ImageObject\",\"inLanguage\":\"fr-CA\",\"@id\":\"https:\/\/teamsters.ca\/fr\/#\/schema\/logo\/image\/\",\"url\":\"https:\/\/teamsters.ca\/wp-content\/uploads\/2019\/08\/TeamstersCanada.png\",\"contentUrl\":\"https:\/\/teamsters.ca\/wp-content\/uploads\/2019\/08\/TeamstersCanada.png\",\"width\":545,\"height\":181,\"caption\":\"Teamsters Canada\"},\"image\":{\"@id\":\"https:\/\/teamsters.ca\/fr\/#\/schema\/logo\/image\/\"},\"sameAs\":[\"https:\/\/www.facebook.com\/Teamsterscanada\/\",\"https:\/\/x.com\/TeamstersCanada\"]},{\"@type\":\"Person\",\"@id\":\"https:\/\/teamsters.ca\/fr\/#\/schema\/person\/16abb510b61e30ac94505e325f34ff0c\",\"name\":\"communications\",\"image\":{\"@type\":\"ImageObject\",\"inLanguage\":\"fr-CA\",\"@id\":\"https:\/\/teamsters.ca\/fr\/#\/schema\/person\/image\/\",\"url\":\"https:\/\/secure.gravatar.com\/avatar\/707c37c6763af59d83f3b3dcebfff9d9d58ef9e062e2c9452a9dbb153c85d7ac?s=96&d=mm&r=g\",\"contentUrl\":\"https:\/\/secure.gravatar.com\/avatar\/707c37c6763af59d83f3b3dcebfff9d9d58ef9e062e2c9452a9dbb153c85d7ac?s=96&d=mm&r=g\",\"caption\":\"communications\"},\"url\":\"https:\/\/teamsters.ca\/fr\/blog\/author\/communications\/\"}]}<\/script>\n<!-- \/ Yoast SEO Premium plugin. -->","yoast_head_json":{"title":"Le syndicat des Teamsters salue la d\u00e9cision du NPD de mettre fin \u00e0 l\u2019entente avec les lib\u00e9raux\u00a0 | Teamsters Canada","robots":{"index":"index","follow":"follow","max-snippet":"max-snippet:-1","max-image-preview":"max-image-preview:large","max-video-preview":"max-video-preview:-1"},"canonical":"https:\/\/teamsters.ca\/fr\/blog\/2024\/09\/04\/le-syndicat-des-teamsters-salue-la-decision-du-npd-de-mettre-fin-a-lentente-avec-les-liberaux\/","og_locale":"fr_CA","og_type":"article","og_title":"Le syndicat des Teamsters salue la d\u00e9cision du NPD de mettre fin \u00e0 l\u2019entente avec les lib\u00e9raux\u00a0","og_description":"Teamsters Canada salue la d\u00e9cision du Nouveau Parti d\u00e9mocratique (NPD) de rompre son entente avec le Parti lib\u00e9ral du Canada","og_url":"https:\/\/teamsters.ca\/fr\/blog\/2024\/09\/04\/le-syndicat-des-teamsters-salue-la-decision-du-npd-de-mettre-fin-a-lentente-avec-les-liberaux\/","og_site_name":"Teamsters Canada","article_publisher":"https:\/\/www.facebook.com\/Teamsterscanada\/","article_published_time":"2024-09-04T21:01:24+00:00","article_modified_time":"2024-09-04T21:03:10+00:00","og_image":[{"width":1200,"height":904,"url":"https:\/\/teamsters.ca\/wp-content\/uploads\/2024\/09\/NPD_picture.jpg","type":"image\/jpeg"}],"author":"communications","twitter_card":"summary_large_image","twitter_creator":"@TeamstersCanada","twitter_site":"@TeamstersCanada","twitter_misc":{"\u00c9crit par":"communications","Estimation du temps de lecture":"2 minutes"},"schema":{"@context":"https:\/\/schema.org","@graph":[{"@type":"Article","@id":"https:\/\/teamsters.ca\/fr\/blog\/2024\/09\/04\/le-syndicat-des-teamsters-salue-la-decision-du-npd-de-mettre-fin-a-lentente-avec-les-liberaux\/#article","isPartOf":{"@id":"https:\/\/teamsters.ca\/fr\/blog\/2024\/09\/04\/le-syndicat-des-teamsters-salue-la-decision-du-npd-de-mettre-fin-a-lentente-avec-les-liberaux\/"},"author":{"name":"communications","@id":"https:\/\/teamsters.ca\/fr\/#\/schema\/person\/16abb510b61e30ac94505e325f34ff0c"},"headline":"Le syndicat des Teamsters salue la d\u00e9cision du NPD de mettre fin \u00e0 l\u2019entente avec les lib\u00e9raux\u00a0","datePublished":"2024-09-04T21:01:24+00:00","dateModified":"2024-09-04T21:03:10+00:00","mainEntityOfPage":{"@id":"https:\/\/teamsters.ca\/fr\/blog\/2024\/09\/04\/le-syndicat-des-teamsters-salue-la-decision-du-npd-de-mettre-fin-a-lentente-avec-les-liberaux\/"},"wordCount":410,"publisher":{"@id":"https:\/\/teamsters.ca\/fr\/#organization"},"image":{"@id":"https:\/\/teamsters.ca\/fr\/blog\/2024\/09\/04\/le-syndicat-des-teamsters-salue-la-decision-du-npd-de-mettre-fin-a-lentente-avec-les-liberaux\/#primaryimage"},"thumbnailUrl":"https:\/\/teamsters.ca\/wp-content\/uploads\/2024\/09\/NPD_picture.jpg","keywords":["CN","CP","TCRC","Teamsters Canada Rail Conference"],"articleSection":["Canada","Nouvelles","Transport ferroviaire"],"inLanguage":"fr-CA"},{"@type":"WebPage","@id":"https:\/\/teamsters.ca\/fr\/blog\/2024\/09\/04\/le-syndicat-des-teamsters-salue-la-decision-du-npd-de-mettre-fin-a-lentente-avec-les-liberaux\/","url":"https:\/\/teamsters.ca\/fr\/blog\/2024\/09\/04\/le-syndicat-des-teamsters-salue-la-decision-du-npd-de-mettre-fin-a-lentente-avec-les-liberaux\/","name":"Le syndicat des Teamsters salue la d\u00e9cision du NPD de mettre fin \u00e0 l\u2019entente avec les lib\u00e9raux\u00a0 | Teamsters Canada","isPartOf":{"@id":"https:\/\/teamsters.ca\/fr\/#website"},"primaryImageOfPage":{"@id":"https:\/\/teamsters.ca\/fr\/blog\/2024\/09\/04\/le-syndicat-des-teamsters-salue-la-decision-du-npd-de-mettre-fin-a-lentente-avec-les-liberaux\/#primaryimage"},"image":{"@id":"https:\/\/teamsters.ca\/fr\/blog\/2024\/09\/04\/le-syndicat-des-teamsters-salue-la-decision-du-npd-de-mettre-fin-a-lentente-avec-les-liberaux\/#primaryimage"},"thumbnailUrl":"https:\/\/teamsters.ca\/wp-content\/uploads\/2024\/09\/NPD_picture.jpg","datePublished":"2024-09-04T21:01:24+00:00","dateModified":"2024-09-04T21:03:10+00:00","breadcrumb":{"@id":"https:\/\/teamsters.ca\/fr\/blog\/2024\/09\/04\/le-syndicat-des-teamsters-salue-la-decision-du-npd-de-mettre-fin-a-lentente-avec-les-liberaux\/#breadcrumb"},"inLanguage":"fr-CA","potentialAction":[{"@type":"ReadAction","target":["https:\/\/teamsters.ca\/fr\/blog\/2024\/09\/04\/le-syndicat-des-teamsters-salue-la-decision-du-npd-de-mettre-fin-a-lentente-avec-les-liberaux\/"]}]},{"@type":"ImageObject","inLanguage":"fr-CA","@id":"https:\/\/teamsters.ca\/fr\/blog\/2024\/09\/04\/le-syndicat-des-teamsters-salue-la-decision-du-npd-de-mettre-fin-a-lentente-avec-les-liberaux\/#primaryimage","url":"https:\/\/teamsters.ca\/wp-content\/uploads\/2024\/09\/NPD_picture.jpg","contentUrl":"https:\/\/teamsters.ca\/wp-content\/uploads\/2024\/09\/NPD_picture.jpg","width":1200,"height":904},{"@type":"BreadcrumbList","@id":"https:\/\/teamsters.ca\/fr\/blog\/2024\/09\/04\/le-syndicat-des-teamsters-salue-la-decision-du-npd-de-mettre-fin-a-lentente-avec-les-liberaux\/#breadcrumb","itemListElement":[{"@type":"ListItem","position":1,"name":"Home","item":"https:\/\/teamsters.ca\/fr\/"},{"@type":"ListItem","position":2,"name":"Le syndicat des Teamsters salue la d\u00e9cision du NPD de mettre fin \u00e0 l\u2019entente avec les lib\u00e9raux\u00a0"}]},{"@type":"WebSite","@id":"https:\/\/teamsters.ca\/fr\/#website","url":"https:\/\/teamsters.ca\/fr\/","name":"Teamsters Canada","description":"A Canadian union representing over 125 000 members","publisher":{"@id":"https:\/\/teamsters.ca\/fr\/#organization"},"potentialAction":[{"@type":"SearchAction","target":{"@type":"EntryPoint","urlTemplate":"https:\/\/teamsters.ca\/fr\/?s={search_term_string}"},"query-input":{"@type":"PropertyValueSpecification","valueRequired":true,"valueName":"search_term_string"}}],"inLanguage":"fr-CA"},{"@type":"Organization","@id":"https:\/\/teamsters.ca\/fr\/#organization","name":"Teamsters Canada","url":"https:\/\/teamsters.ca\/fr\/","logo":{"@type":"ImageObject","inLanguage":"fr-CA","@id":"https:\/\/teamsters.ca\/fr\/#\/schema\/logo\/image\/","url":"https:\/\/teamsters.ca\/wp-content\/uploads\/2019\/08\/TeamstersCanada.png","contentUrl":"https:\/\/teamsters.ca\/wp-content\/uploads\/2019\/08\/TeamstersCanada.png","width":545,"height":181,"caption":"Teamsters Canada"},"image":{"@id":"https:\/\/teamsters.ca\/fr\/#\/schema\/logo\/image\/"},"sameAs":["https:\/\/www.facebook.com\/Teamsterscanada\/","https:\/\/x.com\/TeamstersCanada"]},{"@type":"Person","@id":"https:\/\/teamsters.ca\/fr\/#\/schema\/person\/16abb510b61e30ac94505e325f34ff0c","name":"communications","image":{"@type":"ImageObject","inLanguage":"fr-CA","@id":"https:\/\/teamsters.ca\/fr\/#\/schema\/person\/image\/","url":"https:\/\/secure.gravatar.com\/avatar\/707c37c6763af59d83f3b3dcebfff9d9d58ef9e062e2c9452a9dbb153c85d7ac?s=96&d=mm&r=g","contentUrl":"https:\/\/secure.gravatar.com\/avatar\/707c37c6763af59d83f3b3dcebfff9d9d58ef9e062e2c9452a9dbb153c85d7ac?s=96&d=mm&r=g","caption":"communications"},"url":"https:\/\/teamsters.ca\/fr\/blog\/author\/communications\/"}]}},"_links":{"self":[{"href":"https:\/\/teamsters.ca\/fr\/wp-json\/wp\/v2\/posts\/27761","targetHints":{"allow":["GET"]}}],"collection":[{"href":"https:\/\/teamsters.ca\/fr\/wp-json\/wp\/v2\/posts"}],"about":[{"href":"https:\/\/teamsters.ca\/fr\/wp-json\/wp\/v2\/types\/post"}],"author":[{"embeddable":true,"href":"https:\/\/teamsters.ca\/fr\/wp-json\/wp\/v2\/users\/9"}],"replies":[{"embeddable":true,"href":"https:\/\/teamsters.ca\/fr\/wp-json\/wp\/v2\/comments?post=27761"}],"version-history":[{"count":4,"href":"https:\/\/teamsters.ca\/fr\/wp-json\/wp\/v2\/posts\/27761\/revisions"}],"predecessor-version":[{"id":27766,"href":"https:\/\/teamsters.ca\/fr\/wp-json\/wp\/v2\/posts\/27761\/revisions\/27766"}],"wp:featuredmedia":[{"embeddable":true,"href":"https:\/\/teamsters.ca\/fr\/wp-json\/wp\/v2\/media\/27758"}],"wp:attachment":[{"href":"https:\/\/teamsters.ca\/fr\/wp-json\/wp\/v2\/media?parent=27761"}],"wp:term":[{"taxonomy":"category","embeddable":true,"href":"https:\/\/teamsters.ca\/fr\/wp-json\/wp\/v2\/categories?post=27761"},{"taxonomy":"post_tag","embeddable":true,"href":"https:\/\/teamsters.ca\/fr\/wp-json\/wp\/v2\/tags?post=27761"}],"curies":[{"name":"wp","href":"https:\/\/api.w.org\/{rel}","templated":true}]}}