{"id":2769,"date":"2007-10-25T09:30:00","date_gmt":"2007-10-25T13:30:00","guid":{"rendered":"http:\/\/teamsters.ca\/2007\/10\/election-des-membres-du-comite-de-sante-et-de-securite\/"},"modified":"2019-06-27T20:39:54","modified_gmt":"2019-06-27T20:39:54","slug":"election-des-membres-du-comite-de-sante-et-de-securite","status":"publish","type":"post","link":"https:\/\/teamsters.ca\/fr\/blog\/2007\/10\/25\/election-des-membres-du-comite-de-sante-et-de-securite\/","title":{"rendered":"\u00c9lection des membres du Comit\u00e9 de Sant\u00e9 et de S\u00e9curit\u00e9"},"content":{"rendered":"<p>Destinataires : Tous les agents de bord d&rsquo;Air Canada Jazz<\/p>\n<p>Exp&eacute;diteur : Conseil des agents de bord<\/p>\n<p>Nous avons tenu des &eacute;lections pour &eacute;lire les membres du comit&eacute; de sant&eacute; et de s&eacute;curit&eacute; d&rsquo;un bout &agrave; l&rsquo;autre du pays. Voici les r&eacute;sultats. Ces membres ont &eacute;t&eacute; &eacute;lus pour un mandat de deux ans.<\/p>\n<p>YHZ &ndash; Kathy Reed<br \/>YUL &ndash; &Egrave;ve Lamarche<br \/>YYZ &ndash; Dana Schriver<br \/>YYC &ndash; Christine Irwin<br \/>YVR &ndash; Johanna Stewart<\/p>\n<p>Nous tenons &agrave; f&eacute;liciter les nouveaux membres du comit&eacute; de m&ecirc;me que Dana Schriver qui en sera le pr&eacute;sident.<\/p>\n<p>Nous vous invitons &agrave; communiquer avec la repr&eacute;sentante de sant&eacute; et s&eacute;curit&eacute; de votre base si vous avez des questions ou des pr&eacute;occupations relatives &agrave; la sant&eacute; et la s&eacute;curit&eacute;. Vous trouverez les coordonn&eacute;es des membres sur notre site Web :  www.teamsters.ca\/air.<\/p>\n","protected":false},"excerpt":{"rendered":"<p>Destinataires : Tous les agents de bord d&rsquo;Air Canada Jazz Exp&eacute;diteur : Conseil des agents de bord Nous avons tenu des &eacute;lections pour &eacute;lire les membres du comit&eacute; de sant&eacute; et de s&eacute;curit&eacute; d&rsquo;un bout &agrave; l&rsquo;autre du pays. Voici les r&eacute;sultats. Ces membres ont &eacute;t&eacute; &eacute;lus pour un mandat de deux ans. YHZ &ndash; [&hellip;]<\/p>\n","protected":false},"author":8,"featured_media":0,"comment_status":"closed","ping_status":"closed","sticky":false,"template":"","format":"standard","meta":{"ngg_post_thumbnail":0,"mc4wp_mailchimp_campaign":[],"footnotes":""},"categories":[1114],"tags":[],"class_list":{"0":"post-2769","1":"post","2":"type-post","3":"status-publish","4":"format-standard","6":"category-nouvelles"},"yoast_head":"<!-- This site is optimized with the Yoast SEO Premium plugin v25.5 (Yoast SEO v25.5) - https:\/\/yoast.com\/wordpress\/plugins\/seo\/ -->\n<title>\u00c9lection des membres du Comit\u00e9 de Sant\u00e9 et de S\u00e9curit\u00e9 | Teamsters Canada<\/title>\n<meta name=\"robots\" content=\"index, follow, max-snippet:-1, max-image-preview:large, max-video-preview:-1\" \/>\n<link rel=\"canonical\" href=\"https:\/\/teamsters.ca\/fr\/blog\/2007\/10\/25\/election-des-membres-du-comite-de-sante-et-de-securite\/\" \/>\n<meta property=\"og:locale\" content=\"fr_CA\" \/>\n<meta property=\"og:type\" content=\"article\" \/>\n<meta property=\"og:title\" content=\"\u00c9lection des membres du Comit\u00e9 de Sant\u00e9 et de S\u00e9curit\u00e9\" \/>\n<meta property=\"og:description\" content=\"Destinataires : Tous les agents de bord d&rsquo;Air Canada Jazz Exp&eacute;diteur : Conseil des agents de bord Nous avons tenu des &eacute;lections pour &eacute;lire les membres du comit&eacute; de sant&eacute; et de s&eacute;curit&eacute; d&rsquo;un bout &agrave; l&rsquo;autre du pays. Voici les r&eacute;sultats. Ces membres ont &eacute;t&eacute; &eacute;lus pour un mandat de deux ans. YHZ &ndash; [&hellip;]\" \/>\n<meta property=\"og:url\" content=\"https:\/\/teamsters.ca\/fr\/blog\/2007\/10\/25\/election-des-membres-du-comite-de-sante-et-de-securite\/\" \/>\n<meta property=\"og:site_name\" content=\"Teamsters Canada\" \/>\n<meta property=\"article:publisher\" content=\"https:\/\/www.facebook.com\/Teamsterscanada\/\" \/>\n<meta property=\"article:published_time\" content=\"2007-10-25T13:30:00+00:00\" \/>\n<meta property=\"article:modified_time\" content=\"2019-06-27T20:39:54+00:00\" \/>\n<meta name=\"author\" content=\"St\u00e9phanie Meunier\" \/>\n<meta name=\"twitter:card\" content=\"summary_large_image\" \/>\n<meta name=\"twitter:creator\" content=\"@TeamstersCanada\" \/>\n<meta name=\"twitter:site\" content=\"@TeamstersCanada\" \/>\n<meta name=\"twitter:label1\" content=\"\u00c9crit par\" \/>\n\t<meta name=\"twitter:data1\" content=\"St\u00e9phanie Meunier\" \/>\n\t<meta name=\"twitter:label2\" content=\"Estimation du temps de lecture\" \/>\n\t<meta name=\"twitter:data2\" content=\"1 minute\" \/>\n<script type=\"application\/ld+json\" class=\"yoast-schema-graph\">{\"@context\":\"https:\/\/schema.org\",\"@graph\":[{\"@type\":\"Article\",\"@id\":\"https:\/\/teamsters.ca\/fr\/blog\/2007\/10\/25\/election-des-membres-du-comite-de-sante-et-de-securite\/#article\",\"isPartOf\":{\"@id\":\"https:\/\/teamsters.ca\/fr\/blog\/2007\/10\/25\/election-des-membres-du-comite-de-sante-et-de-securite\/\"},\"author\":{\"name\":\"St\u00e9phanie Meunier\",\"@id\":\"https:\/\/teamsters.ca\/fr\/#\/schema\/person\/3e6ffefc39fe2f212400b7d8d0a4a0c1\"},\"headline\":\"\u00c9lection des membres du Comit\u00e9 de Sant\u00e9 et de S\u00e9curit\u00e9\",\"datePublished\":\"2007-10-25T13:30:00+00:00\",\"dateModified\":\"2019-06-27T20:39:54+00:00\",\"mainEntityOfPage\":{\"@id\":\"https:\/\/teamsters.ca\/fr\/blog\/2007\/10\/25\/election-des-membres-du-comite-de-sante-et-de-securite\/\"},\"wordCount\":183,\"publisher\":{\"@id\":\"https:\/\/teamsters.ca\/fr\/#organization\"},\"articleSection\":[\"Nouvelles\"],\"inLanguage\":\"fr-CA\"},{\"@type\":\"WebPage\",\"@id\":\"https:\/\/teamsters.ca\/fr\/blog\/2007\/10\/25\/election-des-membres-du-comite-de-sante-et-de-securite\/\",\"url\":\"https:\/\/teamsters.ca\/fr\/blog\/2007\/10\/25\/election-des-membres-du-comite-de-sante-et-de-securite\/\",\"name\":\"\u00c9lection des membres du Comit\u00e9 de Sant\u00e9 et de S\u00e9curit\u00e9 | Teamsters Canada\",\"isPartOf\":{\"@id\":\"https:\/\/teamsters.ca\/fr\/#website\"},\"datePublished\":\"2007-10-25T13:30:00+00:00\",\"dateModified\":\"2019-06-27T20:39:54+00:00\",\"breadcrumb\":{\"@id\":\"https:\/\/teamsters.ca\/fr\/blog\/2007\/10\/25\/election-des-membres-du-comite-de-sante-et-de-securite\/#breadcrumb\"},\"inLanguage\":\"fr-CA\",\"potentialAction\":[{\"@type\":\"ReadAction\",\"target\":[\"https:\/\/teamsters.ca\/fr\/blog\/2007\/10\/25\/election-des-membres-du-comite-de-sante-et-de-securite\/\"]}]},{\"@type\":\"BreadcrumbList\",\"@id\":\"https:\/\/teamsters.ca\/fr\/blog\/2007\/10\/25\/election-des-membres-du-comite-de-sante-et-de-securite\/#breadcrumb\",\"itemListElement\":[{\"@type\":\"ListItem\",\"position\":1,\"name\":\"Home\",\"item\":\"https:\/\/teamsters.ca\/fr\/\"},{\"@type\":\"ListItem\",\"position\":2,\"name\":\"\u00c9lection des membres du Comit\u00e9 de Sant\u00e9 et de S\u00e9curit\u00e9\"}]},{\"@type\":\"WebSite\",\"@id\":\"https:\/\/teamsters.ca\/fr\/#website\",\"url\":\"https:\/\/teamsters.ca\/fr\/\",\"name\":\"Teamsters Canada\",\"description\":\"A Canadian union representing over 125 000 members\",\"publisher\":{\"@id\":\"https:\/\/teamsters.ca\/fr\/#organization\"},\"potentialAction\":[{\"@type\":\"SearchAction\",\"target\":{\"@type\":\"EntryPoint\",\"urlTemplate\":\"https:\/\/teamsters.ca\/fr\/?s={search_term_string}\"},\"query-input\":{\"@type\":\"PropertyValueSpecification\",\"valueRequired\":true,\"valueName\":\"search_term_string\"}}],\"inLanguage\":\"fr-CA\"},{\"@type\":\"Organization\",\"@id\":\"https:\/\/teamsters.ca\/fr\/#organization\",\"name\":\"Teamsters Canada\",\"url\":\"https:\/\/teamsters.ca\/fr\/\",\"logo\":{\"@type\":\"ImageObject\",\"inLanguage\":\"fr-CA\",\"@id\":\"https:\/\/teamsters.ca\/fr\/#\/schema\/logo\/image\/\",\"url\":\"https:\/\/teamsters.ca\/wp-content\/uploads\/2019\/08\/TeamstersCanada.png\",\"contentUrl\":\"https:\/\/teamsters.ca\/wp-content\/uploads\/2019\/08\/TeamstersCanada.png\",\"width\":545,\"height\":181,\"caption\":\"Teamsters Canada\"},\"image\":{\"@id\":\"https:\/\/teamsters.ca\/fr\/#\/schema\/logo\/image\/\"},\"sameAs\":[\"https:\/\/www.facebook.com\/Teamsterscanada\/\",\"https:\/\/x.com\/TeamstersCanada\"]},{\"@type\":\"Person\",\"@id\":\"https:\/\/teamsters.ca\/fr\/#\/schema\/person\/3e6ffefc39fe2f212400b7d8d0a4a0c1\",\"name\":\"St\u00e9phanie Meunier\",\"image\":{\"@type\":\"ImageObject\",\"inLanguage\":\"fr-CA\",\"@id\":\"https:\/\/teamsters.ca\/fr\/#\/schema\/person\/image\/\",\"url\":\"https:\/\/secure.gravatar.com\/avatar\/e4e8404e91ed71cb473fa2708849669810cf083c89825a3d2dd0d47dd6b2be77?s=96&d=mm&r=g\",\"contentUrl\":\"https:\/\/secure.gravatar.com\/avatar\/e4e8404e91ed71cb473fa2708849669810cf083c89825a3d2dd0d47dd6b2be77?s=96&d=mm&r=g\",\"caption\":\"St\u00e9phanie Meunier\"},\"url\":\"https:\/\/teamsters.ca\/fr\/blog\/author\/smeunier\/\"}]}<\/script>\n<!-- \/ Yoast SEO Premium plugin. -->","yoast_head_json":{"title":"\u00c9lection des membres du Comit\u00e9 de Sant\u00e9 et de S\u00e9curit\u00e9 | Teamsters Canada","robots":{"index":"index","follow":"follow","max-snippet":"max-snippet:-1","max-image-preview":"max-image-preview:large","max-video-preview":"max-video-preview:-1"},"canonical":"https:\/\/teamsters.ca\/fr\/blog\/2007\/10\/25\/election-des-membres-du-comite-de-sante-et-de-securite\/","og_locale":"fr_CA","og_type":"article","og_title":"\u00c9lection des membres du Comit\u00e9 de Sant\u00e9 et de S\u00e9curit\u00e9","og_description":"Destinataires : Tous les agents de bord d&rsquo;Air Canada Jazz Exp&eacute;diteur : Conseil des agents de bord Nous avons tenu des &eacute;lections pour &eacute;lire les membres du comit&eacute; de sant&eacute; et de s&eacute;curit&eacute; d&rsquo;un bout &agrave; l&rsquo;autre du pays. Voici les r&eacute;sultats. Ces membres ont &eacute;t&eacute; &eacute;lus pour un mandat de deux ans. YHZ &ndash; [&hellip;]","og_url":"https:\/\/teamsters.ca\/fr\/blog\/2007\/10\/25\/election-des-membres-du-comite-de-sante-et-de-securite\/","og_site_name":"Teamsters Canada","article_publisher":"https:\/\/www.facebook.com\/Teamsterscanada\/","article_published_time":"2007-10-25T13:30:00+00:00","article_modified_time":"2019-06-27T20:39:54+00:00","author":"St\u00e9phanie Meunier","twitter_card":"summary_large_image","twitter_creator":"@TeamstersCanada","twitter_site":"@TeamstersCanada","twitter_misc":{"\u00c9crit par":"St\u00e9phanie Meunier","Estimation du temps de lecture":"1 minute"},"schema":{"@context":"https:\/\/schema.org","@graph":[{"@type":"Article","@id":"https:\/\/teamsters.ca\/fr\/blog\/2007\/10\/25\/election-des-membres-du-comite-de-sante-et-de-securite\/#article","isPartOf":{"@id":"https:\/\/teamsters.ca\/fr\/blog\/2007\/10\/25\/election-des-membres-du-comite-de-sante-et-de-securite\/"},"author":{"name":"St\u00e9phanie Meunier","@id":"https:\/\/teamsters.ca\/fr\/#\/schema\/person\/3e6ffefc39fe2f212400b7d8d0a4a0c1"},"headline":"\u00c9lection des membres du Comit\u00e9 de Sant\u00e9 et de S\u00e9curit\u00e9","datePublished":"2007-10-25T13:30:00+00:00","dateModified":"2019-06-27T20:39:54+00:00","mainEntityOfPage":{"@id":"https:\/\/teamsters.ca\/fr\/blog\/2007\/10\/25\/election-des-membres-du-comite-de-sante-et-de-securite\/"},"wordCount":183,"publisher":{"@id":"https:\/\/teamsters.ca\/fr\/#organization"},"articleSection":["Nouvelles"],"inLanguage":"fr-CA"},{"@type":"WebPage","@id":"https:\/\/teamsters.ca\/fr\/blog\/2007\/10\/25\/election-des-membres-du-comite-de-sante-et-de-securite\/","url":"https:\/\/teamsters.ca\/fr\/blog\/2007\/10\/25\/election-des-membres-du-comite-de-sante-et-de-securite\/","name":"\u00c9lection des membres du Comit\u00e9 de Sant\u00e9 et de S\u00e9curit\u00e9 | Teamsters Canada","isPartOf":{"@id":"https:\/\/teamsters.ca\/fr\/#website"},"datePublished":"2007-10-25T13:30:00+00:00","dateModified":"2019-06-27T20:39:54+00:00","breadcrumb":{"@id":"https:\/\/teamsters.ca\/fr\/blog\/2007\/10\/25\/election-des-membres-du-comite-de-sante-et-de-securite\/#breadcrumb"},"inLanguage":"fr-CA","potentialAction":[{"@type":"ReadAction","target":["https:\/\/teamsters.ca\/fr\/blog\/2007\/10\/25\/election-des-membres-du-comite-de-sante-et-de-securite\/"]}]},{"@type":"BreadcrumbList","@id":"https:\/\/teamsters.ca\/fr\/blog\/2007\/10\/25\/election-des-membres-du-comite-de-sante-et-de-securite\/#breadcrumb","itemListElement":[{"@type":"ListItem","position":1,"name":"Home","item":"https:\/\/teamsters.ca\/fr\/"},{"@type":"ListItem","position":2,"name":"\u00c9lection des membres du Comit\u00e9 de Sant\u00e9 et de S\u00e9curit\u00e9"}]},{"@type":"WebSite","@id":"https:\/\/teamsters.ca\/fr\/#website","url":"https:\/\/teamsters.ca\/fr\/","name":"Teamsters Canada","description":"A Canadian union representing over 125 000 members","publisher":{"@id":"https:\/\/teamsters.ca\/fr\/#organization"},"potentialAction":[{"@type":"SearchAction","target":{"@type":"EntryPoint","urlTemplate":"https:\/\/teamsters.ca\/fr\/?s={search_term_string}"},"query-input":{"@type":"PropertyValueSpecification","valueRequired":true,"valueName":"search_term_string"}}],"inLanguage":"fr-CA"},{"@type":"Organization","@id":"https:\/\/teamsters.ca\/fr\/#organization","name":"Teamsters Canada","url":"https:\/\/teamsters.ca\/fr\/","logo":{"@type":"ImageObject","inLanguage":"fr-CA","@id":"https:\/\/teamsters.ca\/fr\/#\/schema\/logo\/image\/","url":"https:\/\/teamsters.ca\/wp-content\/uploads\/2019\/08\/TeamstersCanada.png","contentUrl":"https:\/\/teamsters.ca\/wp-content\/uploads\/2019\/08\/TeamstersCanada.png","width":545,"height":181,"caption":"Teamsters Canada"},"image":{"@id":"https:\/\/teamsters.ca\/fr\/#\/schema\/logo\/image\/"},"sameAs":["https:\/\/www.facebook.com\/Teamsterscanada\/","https:\/\/x.com\/TeamstersCanada"]},{"@type":"Person","@id":"https:\/\/teamsters.ca\/fr\/#\/schema\/person\/3e6ffefc39fe2f212400b7d8d0a4a0c1","name":"St\u00e9phanie Meunier","image":{"@type":"ImageObject","inLanguage":"fr-CA","@id":"https:\/\/teamsters.ca\/fr\/#\/schema\/person\/image\/","url":"https:\/\/secure.gravatar.com\/avatar\/e4e8404e91ed71cb473fa2708849669810cf083c89825a3d2dd0d47dd6b2be77?s=96&d=mm&r=g","contentUrl":"https:\/\/secure.gravatar.com\/avatar\/e4e8404e91ed71cb473fa2708849669810cf083c89825a3d2dd0d47dd6b2be77?s=96&d=mm&r=g","caption":"St\u00e9phanie Meunier"},"url":"https:\/\/teamsters.ca\/fr\/blog\/author\/smeunier\/"}]}},"_links":{"self":[{"href":"https:\/\/teamsters.ca\/fr\/wp-json\/wp\/v2\/posts\/2769","targetHints":{"allow":["GET"]}}],"collection":[{"href":"https:\/\/teamsters.ca\/fr\/wp-json\/wp\/v2\/posts"}],"about":[{"href":"https:\/\/teamsters.ca\/fr\/wp-json\/wp\/v2\/types\/post"}],"author":[{"embeddable":true,"href":"https:\/\/teamsters.ca\/fr\/wp-json\/wp\/v2\/users\/8"}],"replies":[{"embeddable":true,"href":"https:\/\/teamsters.ca\/fr\/wp-json\/wp\/v2\/comments?post=2769"}],"version-history":[{"count":1,"href":"https:\/\/teamsters.ca\/fr\/wp-json\/wp\/v2\/posts\/2769\/revisions"}],"predecessor-version":[{"id":10772,"href":"https:\/\/teamsters.ca\/fr\/wp-json\/wp\/v2\/posts\/2769\/revisions\/10772"}],"wp:attachment":[{"href":"https:\/\/teamsters.ca\/fr\/wp-json\/wp\/v2\/media?parent=2769"}],"wp:term":[{"taxonomy":"category","embeddable":true,"href":"https:\/\/teamsters.ca\/fr\/wp-json\/wp\/v2\/categories?post=2769"},{"taxonomy":"post_tag","embeddable":true,"href":"https:\/\/teamsters.ca\/fr\/wp-json\/wp\/v2\/tags?post=2769"}],"curies":[{"name":"wp","href":"https:\/\/api.w.org\/{rel}","templated":true}]}}