{"id":2765,"date":"2007-12-03T10:11:00","date_gmt":"2007-12-03T15:11:00","guid":{"rendered":"http:\/\/teamsters.ca\/2007\/12\/congres-de-la-ftq-le-syndicat-des-teamsters-remet-20-000-aux-lockoutes-du-journal-de-quebec\/"},"modified":"2019-06-27T20:39:54","modified_gmt":"2019-06-27T20:39:54","slug":"congres-de-la-ftq-le-syndicat-des-teamsters-remet-20-000-aux-lockoutes-du-journal-de-quebec","status":"publish","type":"post","link":"https:\/\/teamsters.ca\/fr\/blog\/2007\/12\/03\/congres-de-la-ftq-le-syndicat-des-teamsters-remet-20-000-aux-lockoutes-du-journal-de-quebec\/","title":{"rendered":"Congr\u00e8s de la FTQ : Le syndicat des Teamsters remet 20 000 $ aux lockout\u00e9s du Journal de Qu\u00e9bec"},"content":{"rendered":"<p>Les 250 employ&eacute;s du Journal de Qu&eacute;bec en lockout depuis les 22 avril dernier sont venus exprimer leur d&eacute;termination lors du 28&egrave;me Congr&egrave;s de la FTQ qui a eu lieu du 26 au 30 novembre dernier. Ils ont demand&eacute; l&rsquo;aide des affili&eacute;s de la centrale syndicale pour mieux supporter la pression financi&egrave;re de Quebecor et &eacute;viter de devoir n&eacute;gocier &agrave; genoux.<\/p>\n<p>Le syndicat des Teamsters a r&eacute;pondu &agrave; ce cri du c&oelig;ur et &agrave; fait preuve de g&eacute;n&eacute;rosit&eacute; en remettant 20 000 $ aux lockout&eacute;s du Journal de Qu&eacute;bec.<\/p>\n<p>&laquo; Nous comprenons que la situation des employ&eacute;s du Journal de Qu&eacute;bec est difficile, surtout &agrave; la veille de No&euml;l. C&rsquo;est pour &ccedil;a que nous leur venons en aide &raquo;, rappelle Alain De Grandpr&eacute;, pr&eacute;sident du Conseil conjoint 91 des Teamsters (Teamsters Qu&eacute;bec).<\/p>\n<p>Les pressiers du Journal de Montr&eacute;al, affili&eacute;s au syndicat des Teamsters, ont v&eacute;cu une <a href=\"http:\/\/www.teamsters.ca\/fr\/nouvelles\/444\/\" target=\"_blank\" title=\"situation similaire\" rel=\"noopener noreferrer\">situation similaire<\/a>  en octobre 2006 et m&ecirc;me si le lockout d&eacute;cr&eacute;t&eacute; par l&rsquo;employeur s&rsquo;est av&eacute;r&eacute; ill&eacute;gal, <a href=\"http:\/\/www.teamsters.ca\/fr\/nouvelles\/469\/\" target=\"_blank\" title=\"convention collective\" rel=\"noopener noreferrer\">aucune convention collective<\/a>  n&rsquo;a encore &eacute;t&eacute; n&eacute;goci&eacute;e entre les parties.<\/p>\n<p>Mentionnons que les lockout&eacute;s publient et distribuent un journal gratuit, le <a href=\"http:\/\/scfp.qc.ca\/modules\/nouvelles\/nouvelle.php?id=1042&amp;langue=fr\" target=\"_blank\" title=\"M&eacute;diaMatin\" rel=\"noopener noreferrer\">M&eacute;diaMatin<\/a>  Qu&eacute;bec.<\/p>\n<p>Renseignements : St&eacute;phane Lacroix &#8211; 450-682-5521<\/p>\n","protected":false},"excerpt":{"rendered":"<p>Les 250 employ&eacute;s du Journal de Qu&eacute;bec en lockout depuis les 22 avril dernier sont venus exprimer leur d&eacute;termination lors du 28&egrave;me Congr&egrave;s de la FTQ qui a eu lieu du 26 au 30 novembre dernier. Ils ont demand&eacute; l&rsquo;aide des affili&eacute;s de la centrale syndicale pour mieux supporter la pression financi&egrave;re de Quebecor et [&hellip;]<\/p>\n","protected":false},"author":8,"featured_media":0,"comment_status":"closed","ping_status":"closed","sticky":false,"template":"","format":"standard","meta":{"ngg_post_thumbnail":0,"mc4wp_mailchimp_campaign":[],"footnotes":""},"categories":[1114],"tags":[],"class_list":{"0":"post-2765","1":"post","2":"type-post","3":"status-publish","4":"format-standard","6":"category-nouvelles"},"yoast_head":"<!-- This site is optimized with the Yoast SEO Premium plugin v25.5 (Yoast SEO v25.5) - https:\/\/yoast.com\/wordpress\/plugins\/seo\/ -->\n<title>Congr\u00e8s de la FTQ : Le syndicat des Teamsters remet 20 000 $ aux lockout\u00e9s du Journal de Qu\u00e9bec | Teamsters Canada<\/title>\n<meta name=\"robots\" content=\"index, follow, max-snippet:-1, max-image-preview:large, max-video-preview:-1\" \/>\n<link rel=\"canonical\" href=\"https:\/\/teamsters.ca\/fr\/blog\/2007\/12\/03\/congres-de-la-ftq-le-syndicat-des-teamsters-remet-20-000-aux-lockoutes-du-journal-de-quebec\/\" \/>\n<meta property=\"og:locale\" content=\"fr_CA\" \/>\n<meta property=\"og:type\" content=\"article\" \/>\n<meta property=\"og:title\" content=\"Congr\u00e8s de la FTQ : Le syndicat des Teamsters remet 20 000 $ aux lockout\u00e9s du Journal de Qu\u00e9bec\" \/>\n<meta property=\"og:description\" content=\"Les 250 employ&eacute;s du Journal de Qu&eacute;bec en lockout depuis les 22 avril dernier sont venus exprimer leur d&eacute;termination lors du 28&egrave;me Congr&egrave;s de la FTQ qui a eu lieu du 26 au 30 novembre dernier. Ils ont demand&eacute; l&rsquo;aide des affili&eacute;s de la centrale syndicale pour mieux supporter la pression financi&egrave;re de Quebecor et [&hellip;]\" \/>\n<meta property=\"og:url\" content=\"https:\/\/teamsters.ca\/fr\/blog\/2007\/12\/03\/congres-de-la-ftq-le-syndicat-des-teamsters-remet-20-000-aux-lockoutes-du-journal-de-quebec\/\" \/>\n<meta property=\"og:site_name\" content=\"Teamsters Canada\" \/>\n<meta property=\"article:publisher\" content=\"https:\/\/www.facebook.com\/Teamsterscanada\/\" \/>\n<meta property=\"article:published_time\" content=\"2007-12-03T15:11:00+00:00\" \/>\n<meta property=\"article:modified_time\" content=\"2019-06-27T20:39:54+00:00\" \/>\n<meta name=\"author\" content=\"St\u00e9phanie Meunier\" \/>\n<meta name=\"twitter:card\" content=\"summary_large_image\" \/>\n<meta name=\"twitter:creator\" content=\"@TeamstersCanada\" \/>\n<meta name=\"twitter:site\" content=\"@TeamstersCanada\" \/>\n<meta name=\"twitter:label1\" content=\"\u00c9crit par\" \/>\n\t<meta name=\"twitter:data1\" content=\"St\u00e9phanie Meunier\" \/>\n\t<meta name=\"twitter:label2\" content=\"Estimation du temps de lecture\" \/>\n\t<meta name=\"twitter:data2\" content=\"1 minute\" \/>\n<script type=\"application\/ld+json\" class=\"yoast-schema-graph\">{\"@context\":\"https:\/\/schema.org\",\"@graph\":[{\"@type\":\"Article\",\"@id\":\"https:\/\/teamsters.ca\/fr\/blog\/2007\/12\/03\/congres-de-la-ftq-le-syndicat-des-teamsters-remet-20-000-aux-lockoutes-du-journal-de-quebec\/#article\",\"isPartOf\":{\"@id\":\"https:\/\/teamsters.ca\/fr\/blog\/2007\/12\/03\/congres-de-la-ftq-le-syndicat-des-teamsters-remet-20-000-aux-lockoutes-du-journal-de-quebec\/\"},\"author\":{\"name\":\"St\u00e9phanie Meunier\",\"@id\":\"https:\/\/teamsters.ca\/fr\/#\/schema\/person\/3e6ffefc39fe2f212400b7d8d0a4a0c1\"},\"headline\":\"Congr\u00e8s de la FTQ : Le syndicat des Teamsters remet 20 000 $ aux lockout\u00e9s du Journal de Qu\u00e9bec\",\"datePublished\":\"2007-12-03T15:11:00+00:00\",\"dateModified\":\"2019-06-27T20:39:54+00:00\",\"mainEntityOfPage\":{\"@id\":\"https:\/\/teamsters.ca\/fr\/blog\/2007\/12\/03\/congres-de-la-ftq-le-syndicat-des-teamsters-remet-20-000-aux-lockoutes-du-journal-de-quebec\/\"},\"wordCount\":284,\"publisher\":{\"@id\":\"https:\/\/teamsters.ca\/fr\/#organization\"},\"articleSection\":[\"Nouvelles\"],\"inLanguage\":\"fr-CA\"},{\"@type\":\"WebPage\",\"@id\":\"https:\/\/teamsters.ca\/fr\/blog\/2007\/12\/03\/congres-de-la-ftq-le-syndicat-des-teamsters-remet-20-000-aux-lockoutes-du-journal-de-quebec\/\",\"url\":\"https:\/\/teamsters.ca\/fr\/blog\/2007\/12\/03\/congres-de-la-ftq-le-syndicat-des-teamsters-remet-20-000-aux-lockoutes-du-journal-de-quebec\/\",\"name\":\"Congr\u00e8s de la FTQ : Le syndicat des Teamsters remet 20 000 $ aux lockout\u00e9s du Journal de Qu\u00e9bec | Teamsters Canada\",\"isPartOf\":{\"@id\":\"https:\/\/teamsters.ca\/fr\/#website\"},\"datePublished\":\"2007-12-03T15:11:00+00:00\",\"dateModified\":\"2019-06-27T20:39:54+00:00\",\"breadcrumb\":{\"@id\":\"https:\/\/teamsters.ca\/fr\/blog\/2007\/12\/03\/congres-de-la-ftq-le-syndicat-des-teamsters-remet-20-000-aux-lockoutes-du-journal-de-quebec\/#breadcrumb\"},\"inLanguage\":\"fr-CA\",\"potentialAction\":[{\"@type\":\"ReadAction\",\"target\":[\"https:\/\/teamsters.ca\/fr\/blog\/2007\/12\/03\/congres-de-la-ftq-le-syndicat-des-teamsters-remet-20-000-aux-lockoutes-du-journal-de-quebec\/\"]}]},{\"@type\":\"BreadcrumbList\",\"@id\":\"https:\/\/teamsters.ca\/fr\/blog\/2007\/12\/03\/congres-de-la-ftq-le-syndicat-des-teamsters-remet-20-000-aux-lockoutes-du-journal-de-quebec\/#breadcrumb\",\"itemListElement\":[{\"@type\":\"ListItem\",\"position\":1,\"name\":\"Home\",\"item\":\"https:\/\/teamsters.ca\/fr\/\"},{\"@type\":\"ListItem\",\"position\":2,\"name\":\"Congr\u00e8s de la FTQ : Le syndicat des Teamsters remet 20 000 $ aux lockout\u00e9s du Journal de Qu\u00e9bec\"}]},{\"@type\":\"WebSite\",\"@id\":\"https:\/\/teamsters.ca\/fr\/#website\",\"url\":\"https:\/\/teamsters.ca\/fr\/\",\"name\":\"Teamsters Canada\",\"description\":\"A Canadian union representing over 125 000 members\",\"publisher\":{\"@id\":\"https:\/\/teamsters.ca\/fr\/#organization\"},\"potentialAction\":[{\"@type\":\"SearchAction\",\"target\":{\"@type\":\"EntryPoint\",\"urlTemplate\":\"https:\/\/teamsters.ca\/fr\/?s={search_term_string}\"},\"query-input\":{\"@type\":\"PropertyValueSpecification\",\"valueRequired\":true,\"valueName\":\"search_term_string\"}}],\"inLanguage\":\"fr-CA\"},{\"@type\":\"Organization\",\"@id\":\"https:\/\/teamsters.ca\/fr\/#organization\",\"name\":\"Teamsters Canada\",\"url\":\"https:\/\/teamsters.ca\/fr\/\",\"logo\":{\"@type\":\"ImageObject\",\"inLanguage\":\"fr-CA\",\"@id\":\"https:\/\/teamsters.ca\/fr\/#\/schema\/logo\/image\/\",\"url\":\"https:\/\/teamsters.ca\/wp-content\/uploads\/2019\/08\/TeamstersCanada.png\",\"contentUrl\":\"https:\/\/teamsters.ca\/wp-content\/uploads\/2019\/08\/TeamstersCanada.png\",\"width\":545,\"height\":181,\"caption\":\"Teamsters Canada\"},\"image\":{\"@id\":\"https:\/\/teamsters.ca\/fr\/#\/schema\/logo\/image\/\"},\"sameAs\":[\"https:\/\/www.facebook.com\/Teamsterscanada\/\",\"https:\/\/x.com\/TeamstersCanada\"]},{\"@type\":\"Person\",\"@id\":\"https:\/\/teamsters.ca\/fr\/#\/schema\/person\/3e6ffefc39fe2f212400b7d8d0a4a0c1\",\"name\":\"St\u00e9phanie Meunier\",\"image\":{\"@type\":\"ImageObject\",\"inLanguage\":\"fr-CA\",\"@id\":\"https:\/\/teamsters.ca\/fr\/#\/schema\/person\/image\/\",\"url\":\"https:\/\/secure.gravatar.com\/avatar\/e4e8404e91ed71cb473fa2708849669810cf083c89825a3d2dd0d47dd6b2be77?s=96&d=mm&r=g\",\"contentUrl\":\"https:\/\/secure.gravatar.com\/avatar\/e4e8404e91ed71cb473fa2708849669810cf083c89825a3d2dd0d47dd6b2be77?s=96&d=mm&r=g\",\"caption\":\"St\u00e9phanie Meunier\"},\"url\":\"https:\/\/teamsters.ca\/fr\/blog\/author\/smeunier\/\"}]}<\/script>\n<!-- \/ Yoast SEO Premium plugin. -->","yoast_head_json":{"title":"Congr\u00e8s de la FTQ : Le syndicat des Teamsters remet 20 000 $ aux lockout\u00e9s du Journal de Qu\u00e9bec | Teamsters Canada","robots":{"index":"index","follow":"follow","max-snippet":"max-snippet:-1","max-image-preview":"max-image-preview:large","max-video-preview":"max-video-preview:-1"},"canonical":"https:\/\/teamsters.ca\/fr\/blog\/2007\/12\/03\/congres-de-la-ftq-le-syndicat-des-teamsters-remet-20-000-aux-lockoutes-du-journal-de-quebec\/","og_locale":"fr_CA","og_type":"article","og_title":"Congr\u00e8s de la FTQ : Le syndicat des Teamsters remet 20 000 $ aux lockout\u00e9s du Journal de Qu\u00e9bec","og_description":"Les 250 employ&eacute;s du Journal de Qu&eacute;bec en lockout depuis les 22 avril dernier sont venus exprimer leur d&eacute;termination lors du 28&egrave;me Congr&egrave;s de la FTQ qui a eu lieu du 26 au 30 novembre dernier. Ils ont demand&eacute; l&rsquo;aide des affili&eacute;s de la centrale syndicale pour mieux supporter la pression financi&egrave;re de Quebecor et [&hellip;]","og_url":"https:\/\/teamsters.ca\/fr\/blog\/2007\/12\/03\/congres-de-la-ftq-le-syndicat-des-teamsters-remet-20-000-aux-lockoutes-du-journal-de-quebec\/","og_site_name":"Teamsters Canada","article_publisher":"https:\/\/www.facebook.com\/Teamsterscanada\/","article_published_time":"2007-12-03T15:11:00+00:00","article_modified_time":"2019-06-27T20:39:54+00:00","author":"St\u00e9phanie Meunier","twitter_card":"summary_large_image","twitter_creator":"@TeamstersCanada","twitter_site":"@TeamstersCanada","twitter_misc":{"\u00c9crit par":"St\u00e9phanie Meunier","Estimation du temps de lecture":"1 minute"},"schema":{"@context":"https:\/\/schema.org","@graph":[{"@type":"Article","@id":"https:\/\/teamsters.ca\/fr\/blog\/2007\/12\/03\/congres-de-la-ftq-le-syndicat-des-teamsters-remet-20-000-aux-lockoutes-du-journal-de-quebec\/#article","isPartOf":{"@id":"https:\/\/teamsters.ca\/fr\/blog\/2007\/12\/03\/congres-de-la-ftq-le-syndicat-des-teamsters-remet-20-000-aux-lockoutes-du-journal-de-quebec\/"},"author":{"name":"St\u00e9phanie Meunier","@id":"https:\/\/teamsters.ca\/fr\/#\/schema\/person\/3e6ffefc39fe2f212400b7d8d0a4a0c1"},"headline":"Congr\u00e8s de la FTQ : Le syndicat des Teamsters remet 20 000 $ aux lockout\u00e9s du Journal de Qu\u00e9bec","datePublished":"2007-12-03T15:11:00+00:00","dateModified":"2019-06-27T20:39:54+00:00","mainEntityOfPage":{"@id":"https:\/\/teamsters.ca\/fr\/blog\/2007\/12\/03\/congres-de-la-ftq-le-syndicat-des-teamsters-remet-20-000-aux-lockoutes-du-journal-de-quebec\/"},"wordCount":284,"publisher":{"@id":"https:\/\/teamsters.ca\/fr\/#organization"},"articleSection":["Nouvelles"],"inLanguage":"fr-CA"},{"@type":"WebPage","@id":"https:\/\/teamsters.ca\/fr\/blog\/2007\/12\/03\/congres-de-la-ftq-le-syndicat-des-teamsters-remet-20-000-aux-lockoutes-du-journal-de-quebec\/","url":"https:\/\/teamsters.ca\/fr\/blog\/2007\/12\/03\/congres-de-la-ftq-le-syndicat-des-teamsters-remet-20-000-aux-lockoutes-du-journal-de-quebec\/","name":"Congr\u00e8s de la FTQ : Le syndicat des Teamsters remet 20 000 $ aux lockout\u00e9s du Journal de Qu\u00e9bec | Teamsters Canada","isPartOf":{"@id":"https:\/\/teamsters.ca\/fr\/#website"},"datePublished":"2007-12-03T15:11:00+00:00","dateModified":"2019-06-27T20:39:54+00:00","breadcrumb":{"@id":"https:\/\/teamsters.ca\/fr\/blog\/2007\/12\/03\/congres-de-la-ftq-le-syndicat-des-teamsters-remet-20-000-aux-lockoutes-du-journal-de-quebec\/#breadcrumb"},"inLanguage":"fr-CA","potentialAction":[{"@type":"ReadAction","target":["https:\/\/teamsters.ca\/fr\/blog\/2007\/12\/03\/congres-de-la-ftq-le-syndicat-des-teamsters-remet-20-000-aux-lockoutes-du-journal-de-quebec\/"]}]},{"@type":"BreadcrumbList","@id":"https:\/\/teamsters.ca\/fr\/blog\/2007\/12\/03\/congres-de-la-ftq-le-syndicat-des-teamsters-remet-20-000-aux-lockoutes-du-journal-de-quebec\/#breadcrumb","itemListElement":[{"@type":"ListItem","position":1,"name":"Home","item":"https:\/\/teamsters.ca\/fr\/"},{"@type":"ListItem","position":2,"name":"Congr\u00e8s de la FTQ : Le syndicat des Teamsters remet 20 000 $ aux lockout\u00e9s du Journal de Qu\u00e9bec"}]},{"@type":"WebSite","@id":"https:\/\/teamsters.ca\/fr\/#website","url":"https:\/\/teamsters.ca\/fr\/","name":"Teamsters Canada","description":"A Canadian union representing over 125 000 members","publisher":{"@id":"https:\/\/teamsters.ca\/fr\/#organization"},"potentialAction":[{"@type":"SearchAction","target":{"@type":"EntryPoint","urlTemplate":"https:\/\/teamsters.ca\/fr\/?s={search_term_string}"},"query-input":{"@type":"PropertyValueSpecification","valueRequired":true,"valueName":"search_term_string"}}],"inLanguage":"fr-CA"},{"@type":"Organization","@id":"https:\/\/teamsters.ca\/fr\/#organization","name":"Teamsters Canada","url":"https:\/\/teamsters.ca\/fr\/","logo":{"@type":"ImageObject","inLanguage":"fr-CA","@id":"https:\/\/teamsters.ca\/fr\/#\/schema\/logo\/image\/","url":"https:\/\/teamsters.ca\/wp-content\/uploads\/2019\/08\/TeamstersCanada.png","contentUrl":"https:\/\/teamsters.ca\/wp-content\/uploads\/2019\/08\/TeamstersCanada.png","width":545,"height":181,"caption":"Teamsters Canada"},"image":{"@id":"https:\/\/teamsters.ca\/fr\/#\/schema\/logo\/image\/"},"sameAs":["https:\/\/www.facebook.com\/Teamsterscanada\/","https:\/\/x.com\/TeamstersCanada"]},{"@type":"Person","@id":"https:\/\/teamsters.ca\/fr\/#\/schema\/person\/3e6ffefc39fe2f212400b7d8d0a4a0c1","name":"St\u00e9phanie Meunier","image":{"@type":"ImageObject","inLanguage":"fr-CA","@id":"https:\/\/teamsters.ca\/fr\/#\/schema\/person\/image\/","url":"https:\/\/secure.gravatar.com\/avatar\/e4e8404e91ed71cb473fa2708849669810cf083c89825a3d2dd0d47dd6b2be77?s=96&d=mm&r=g","contentUrl":"https:\/\/secure.gravatar.com\/avatar\/e4e8404e91ed71cb473fa2708849669810cf083c89825a3d2dd0d47dd6b2be77?s=96&d=mm&r=g","caption":"St\u00e9phanie Meunier"},"url":"https:\/\/teamsters.ca\/fr\/blog\/author\/smeunier\/"}]}},"_links":{"self":[{"href":"https:\/\/teamsters.ca\/fr\/wp-json\/wp\/v2\/posts\/2765","targetHints":{"allow":["GET"]}}],"collection":[{"href":"https:\/\/teamsters.ca\/fr\/wp-json\/wp\/v2\/posts"}],"about":[{"href":"https:\/\/teamsters.ca\/fr\/wp-json\/wp\/v2\/types\/post"}],"author":[{"embeddable":true,"href":"https:\/\/teamsters.ca\/fr\/wp-json\/wp\/v2\/users\/8"}],"replies":[{"embeddable":true,"href":"https:\/\/teamsters.ca\/fr\/wp-json\/wp\/v2\/comments?post=2765"}],"version-history":[{"count":1,"href":"https:\/\/teamsters.ca\/fr\/wp-json\/wp\/v2\/posts\/2765\/revisions"}],"predecessor-version":[{"id":10762,"href":"https:\/\/teamsters.ca\/fr\/wp-json\/wp\/v2\/posts\/2765\/revisions\/10762"}],"wp:attachment":[{"href":"https:\/\/teamsters.ca\/fr\/wp-json\/wp\/v2\/media?parent=2765"}],"wp:term":[{"taxonomy":"category","embeddable":true,"href":"https:\/\/teamsters.ca\/fr\/wp-json\/wp\/v2\/categories?post=2765"},{"taxonomy":"post_tag","embeddable":true,"href":"https:\/\/teamsters.ca\/fr\/wp-json\/wp\/v2\/tags?post=2765"}],"curies":[{"name":"wp","href":"https:\/\/api.w.org\/{rel}","templated":true}]}}