{"id":27622,"date":"2024-08-23T16:48:20","date_gmt":"2024-08-23T20:48:20","guid":{"rendered":"https:\/\/teamsters.ca\/?p=27622"},"modified":"2024-08-23T16:48:24","modified_gmt":"2024-08-23T20:48:24","slug":"declaration-des-teamsters-sur-le-preavis-de-greve-au-cn","status":"publish","type":"post","link":"https:\/\/teamsters.ca\/fr\/blog\/2024\/08\/23\/declaration-des-teamsters-sur-le-preavis-de-greve-au-cn\/","title":{"rendered":"D\u00e9claration des Teamsters sur le pr\u00e9avis de gr\u00e8ve au CN"},"content":{"rendered":"\n<p>\u00c0 10 h (heure de l&rsquo;Est) aujourd&rsquo;hui, la Conf\u00e9rence ferroviaire de Teamsters Canada a remis un pr\u00e9avis de gr\u00e8ve au CN qui prendra effet le lundi 26 ao\u00fbt \u00e0 10 h.<\/p>\n\n\n\n<p>Bien que les r\u00e9unions avec le CCRI se poursuivent, le Conseil n&rsquo;a pas encore rendu de d\u00e9cision qui imposerait un arbitrage ex\u00e9cutoire ou qui mettrait fin \u00e0 un arr\u00eat de travail.<\/p>\n\n\n\n<p>Afin de prot\u00e9ger le droit des travailleurs \u00e0 la libre n\u00e9gociation et de contrecarrer la tentative du CN de forcer un arbitrage, le syndicat d\u00e9clenchera une gr\u00e8ve pour forcer le CN \u00e0 n\u00e9gocier une entente.<\/p>\n\n\n\n<p>\u00ab En contournant le processus de n\u00e9gociation collective et en imposant l&rsquo;arbitrage obligatoire, le gouvernement f\u00e9d\u00e9ral s&rsquo;est attaqu\u00e9 aux fondements sur lesquels les syndicats se basent pour am\u00e9liorer les salaires et les conditions de travail de tous. La n\u00e9gociation est \u00e9galement le principal moyen pour notre syndicat de d\u00e9fendre la s\u00e9curit\u00e9 ferroviaire\u2014des consid\u00e9rations qui emportent sur les pr\u00e9occupations \u00e9conomiques \u00e0 court terme \u00bb, a d\u00e9clar\u00e9 Paul Boucher, pr\u00e9sident de la Conf\u00e9rence ferroviaire de Teamsters Canada.<\/p>\n\n\n\n<p>Les parties ont tenu une conf\u00e9rence de gestion de l&rsquo;instance avec le CCRI hier soir, et les audiences se poursuivent aujourd&rsquo;hui pour traiter des questions pr\u00e9liminaires. L&rsquo;\u00e9ch\u00e9ancier pour une d\u00e9cision du CCRI concernant les renvois du ministre reste incertain pour le moment. Le syndicat est pr\u00eat \u00e0 faire appel devant la cour f\u00e9d\u00e9rale si n\u00e9cessaire.<\/p>\n\n\n\n<p class=\"has-text-align-center\">-30-<\/p>\n\n\n\n<p>Christopher Monette<br \/>Directeur des affaires publiques<br \/>Teamsters Canada<br \/>Cell : 514-226-6002<br \/><a href=\"mailto:cmonette@teamsters.ca\" target=\"_blank\" rel=\"noreferrer noopener\">cmonette@teamsters.ca<\/a><\/p>\n","protected":false},"excerpt":{"rendered":"<p>\u00c0 10 h (heure de l&rsquo;Est) aujourd&rsquo;hui, la Conf\u00e9rence ferroviaire de Teamsters Canada a remis un pr\u00e9avis de gr\u00e8ve au CN qui prendra effet le lundi 26 ao\u00fbt \u00e0 10 h.<\/p>\n","protected":false},"author":9,"featured_media":27624,"comment_status":"closed","ping_status":"closed","sticky":false,"template":"","format":"standard","meta":{"ngg_post_thumbnail":0,"mc4wp_mailchimp_campaign":[],"footnotes":""},"categories":[1140,1114,1132],"tags":[],"class_list":{"0":"post-27622","1":"post","2":"type-post","3":"status-publish","4":"format-standard","5":"has-post-thumbnail","7":"category-canada-region-fr","8":"category-nouvelles","9":"category-transport-ferroviaire"},"yoast_head":"<!-- This site is optimized with the Yoast SEO Premium plugin v25.5 (Yoast SEO v25.5) - https:\/\/yoast.com\/wordpress\/plugins\/seo\/ -->\n<title>D\u00e9claration des Teamsters sur le pr\u00e9avis de gr\u00e8ve au CN | Teamsters Canada<\/title>\n<meta name=\"robots\" content=\"index, follow, max-snippet:-1, max-image-preview:large, max-video-preview:-1\" \/>\n<link rel=\"canonical\" href=\"https:\/\/teamsters.ca\/fr\/blog\/2024\/08\/23\/declaration-des-teamsters-sur-le-preavis-de-greve-au-cn\/\" \/>\n<meta property=\"og:locale\" content=\"fr_CA\" \/>\n<meta property=\"og:type\" content=\"article\" \/>\n<meta property=\"og:title\" content=\"D\u00e9claration des Teamsters sur le pr\u00e9avis de gr\u00e8ve au CN\" \/>\n<meta property=\"og:description\" content=\"\u00c0 10 h (heure de l&#039;Est) aujourd&#039;hui, la Conf\u00e9rence ferroviaire de Teamsters Canada a remis un pr\u00e9avis de gr\u00e8ve au CN qui prendra effet le lundi 26 ao\u00fbt \u00e0 10 h.\" \/>\n<meta property=\"og:url\" content=\"https:\/\/teamsters.ca\/fr\/blog\/2024\/08\/23\/declaration-des-teamsters-sur-le-preavis-de-greve-au-cn\/\" \/>\n<meta property=\"og:site_name\" content=\"Teamsters Canada\" \/>\n<meta property=\"article:publisher\" content=\"https:\/\/www.facebook.com\/Teamsterscanada\/\" \/>\n<meta property=\"article:published_time\" content=\"2024-08-23T20:48:20+00:00\" \/>\n<meta property=\"article:modified_time\" content=\"2024-08-23T20:48:24+00:00\" \/>\n<meta property=\"og:image\" content=\"https:\/\/teamsters.ca\/wp-content\/uploads\/2024\/08\/anglais.png\" \/>\n\t<meta property=\"og:image:width\" content=\"1166\" \/>\n\t<meta property=\"og:image:height\" content=\"768\" \/>\n\t<meta property=\"og:image:type\" content=\"image\/png\" \/>\n<meta name=\"author\" content=\"communications\" \/>\n<meta name=\"twitter:card\" content=\"summary_large_image\" \/>\n<meta name=\"twitter:creator\" content=\"@TeamstersCanada\" \/>\n<meta name=\"twitter:site\" content=\"@TeamstersCanada\" \/>\n<meta name=\"twitter:label1\" content=\"\u00c9crit par\" \/>\n\t<meta name=\"twitter:data1\" content=\"communications\" \/>\n\t<meta name=\"twitter:label2\" content=\"Estimation du temps de lecture\" \/>\n\t<meta name=\"twitter:data2\" content=\"1 minute\" \/>\n<script type=\"application\/ld+json\" class=\"yoast-schema-graph\">{\"@context\":\"https:\/\/schema.org\",\"@graph\":[{\"@type\":\"Article\",\"@id\":\"https:\/\/teamsters.ca\/fr\/blog\/2024\/08\/23\/declaration-des-teamsters-sur-le-preavis-de-greve-au-cn\/#article\",\"isPartOf\":{\"@id\":\"https:\/\/teamsters.ca\/fr\/blog\/2024\/08\/23\/declaration-des-teamsters-sur-le-preavis-de-greve-au-cn\/\"},\"author\":{\"name\":\"communications\",\"@id\":\"https:\/\/teamsters.ca\/fr\/#\/schema\/person\/16abb510b61e30ac94505e325f34ff0c\"},\"headline\":\"D\u00e9claration des Teamsters sur le pr\u00e9avis de gr\u00e8ve au CN\",\"datePublished\":\"2024-08-23T20:48:20+00:00\",\"dateModified\":\"2024-08-23T20:48:24+00:00\",\"mainEntityOfPage\":{\"@id\":\"https:\/\/teamsters.ca\/fr\/blog\/2024\/08\/23\/declaration-des-teamsters-sur-le-preavis-de-greve-au-cn\/\"},\"wordCount\":264,\"publisher\":{\"@id\":\"https:\/\/teamsters.ca\/fr\/#organization\"},\"image\":{\"@id\":\"https:\/\/teamsters.ca\/fr\/blog\/2024\/08\/23\/declaration-des-teamsters-sur-le-preavis-de-greve-au-cn\/#primaryimage\"},\"thumbnailUrl\":\"https:\/\/teamsters.ca\/wp-content\/uploads\/2024\/08\/francais.png\",\"articleSection\":[\"Canada\",\"Nouvelles\",\"Transport ferroviaire\"],\"inLanguage\":\"fr-CA\"},{\"@type\":\"WebPage\",\"@id\":\"https:\/\/teamsters.ca\/fr\/blog\/2024\/08\/23\/declaration-des-teamsters-sur-le-preavis-de-greve-au-cn\/\",\"url\":\"https:\/\/teamsters.ca\/fr\/blog\/2024\/08\/23\/declaration-des-teamsters-sur-le-preavis-de-greve-au-cn\/\",\"name\":\"D\u00e9claration des Teamsters sur le pr\u00e9avis de gr\u00e8ve au CN | Teamsters Canada\",\"isPartOf\":{\"@id\":\"https:\/\/teamsters.ca\/fr\/#website\"},\"primaryImageOfPage\":{\"@id\":\"https:\/\/teamsters.ca\/fr\/blog\/2024\/08\/23\/declaration-des-teamsters-sur-le-preavis-de-greve-au-cn\/#primaryimage\"},\"image\":{\"@id\":\"https:\/\/teamsters.ca\/fr\/blog\/2024\/08\/23\/declaration-des-teamsters-sur-le-preavis-de-greve-au-cn\/#primaryimage\"},\"thumbnailUrl\":\"https:\/\/teamsters.ca\/wp-content\/uploads\/2024\/08\/francais.png\",\"datePublished\":\"2024-08-23T20:48:20+00:00\",\"dateModified\":\"2024-08-23T20:48:24+00:00\",\"breadcrumb\":{\"@id\":\"https:\/\/teamsters.ca\/fr\/blog\/2024\/08\/23\/declaration-des-teamsters-sur-le-preavis-de-greve-au-cn\/#breadcrumb\"},\"inLanguage\":\"fr-CA\",\"potentialAction\":[{\"@type\":\"ReadAction\",\"target\":[\"https:\/\/teamsters.ca\/fr\/blog\/2024\/08\/23\/declaration-des-teamsters-sur-le-preavis-de-greve-au-cn\/\"]}]},{\"@type\":\"ImageObject\",\"inLanguage\":\"fr-CA\",\"@id\":\"https:\/\/teamsters.ca\/fr\/blog\/2024\/08\/23\/declaration-des-teamsters-sur-le-preavis-de-greve-au-cn\/#primaryimage\",\"url\":\"https:\/\/teamsters.ca\/wp-content\/uploads\/2024\/08\/francais.png\",\"contentUrl\":\"https:\/\/teamsters.ca\/wp-content\/uploads\/2024\/08\/francais.png\",\"width\":1166,\"height\":768},{\"@type\":\"BreadcrumbList\",\"@id\":\"https:\/\/teamsters.ca\/fr\/blog\/2024\/08\/23\/declaration-des-teamsters-sur-le-preavis-de-greve-au-cn\/#breadcrumb\",\"itemListElement\":[{\"@type\":\"ListItem\",\"position\":1,\"name\":\"Home\",\"item\":\"https:\/\/teamsters.ca\/fr\/\"},{\"@type\":\"ListItem\",\"position\":2,\"name\":\"D\u00e9claration des Teamsters sur le pr\u00e9avis de gr\u00e8ve au CN\"}]},{\"@type\":\"WebSite\",\"@id\":\"https:\/\/teamsters.ca\/fr\/#website\",\"url\":\"https:\/\/teamsters.ca\/fr\/\",\"name\":\"Teamsters Canada\",\"description\":\"A Canadian union representing over 125 000 members\",\"publisher\":{\"@id\":\"https:\/\/teamsters.ca\/fr\/#organization\"},\"potentialAction\":[{\"@type\":\"SearchAction\",\"target\":{\"@type\":\"EntryPoint\",\"urlTemplate\":\"https:\/\/teamsters.ca\/fr\/?s={search_term_string}\"},\"query-input\":{\"@type\":\"PropertyValueSpecification\",\"valueRequired\":true,\"valueName\":\"search_term_string\"}}],\"inLanguage\":\"fr-CA\"},{\"@type\":\"Organization\",\"@id\":\"https:\/\/teamsters.ca\/fr\/#organization\",\"name\":\"Teamsters Canada\",\"url\":\"https:\/\/teamsters.ca\/fr\/\",\"logo\":{\"@type\":\"ImageObject\",\"inLanguage\":\"fr-CA\",\"@id\":\"https:\/\/teamsters.ca\/fr\/#\/schema\/logo\/image\/\",\"url\":\"https:\/\/teamsters.ca\/wp-content\/uploads\/2019\/08\/TeamstersCanada.png\",\"contentUrl\":\"https:\/\/teamsters.ca\/wp-content\/uploads\/2019\/08\/TeamstersCanada.png\",\"width\":545,\"height\":181,\"caption\":\"Teamsters Canada\"},\"image\":{\"@id\":\"https:\/\/teamsters.ca\/fr\/#\/schema\/logo\/image\/\"},\"sameAs\":[\"https:\/\/www.facebook.com\/Teamsterscanada\/\",\"https:\/\/x.com\/TeamstersCanada\"]},{\"@type\":\"Person\",\"@id\":\"https:\/\/teamsters.ca\/fr\/#\/schema\/person\/16abb510b61e30ac94505e325f34ff0c\",\"name\":\"communications\",\"image\":{\"@type\":\"ImageObject\",\"inLanguage\":\"fr-CA\",\"@id\":\"https:\/\/teamsters.ca\/fr\/#\/schema\/person\/image\/\",\"url\":\"https:\/\/secure.gravatar.com\/avatar\/707c37c6763af59d83f3b3dcebfff9d9d58ef9e062e2c9452a9dbb153c85d7ac?s=96&d=mm&r=g\",\"contentUrl\":\"https:\/\/secure.gravatar.com\/avatar\/707c37c6763af59d83f3b3dcebfff9d9d58ef9e062e2c9452a9dbb153c85d7ac?s=96&d=mm&r=g\",\"caption\":\"communications\"},\"url\":\"https:\/\/teamsters.ca\/fr\/blog\/author\/communications\/\"}]}<\/script>\n<!-- \/ Yoast SEO Premium plugin. -->","yoast_head_json":{"title":"D\u00e9claration des Teamsters sur le pr\u00e9avis de gr\u00e8ve au CN | Teamsters Canada","robots":{"index":"index","follow":"follow","max-snippet":"max-snippet:-1","max-image-preview":"max-image-preview:large","max-video-preview":"max-video-preview:-1"},"canonical":"https:\/\/teamsters.ca\/fr\/blog\/2024\/08\/23\/declaration-des-teamsters-sur-le-preavis-de-greve-au-cn\/","og_locale":"fr_CA","og_type":"article","og_title":"D\u00e9claration des Teamsters sur le pr\u00e9avis de gr\u00e8ve au CN","og_description":"\u00c0 10 h (heure de l'Est) aujourd'hui, la Conf\u00e9rence ferroviaire de Teamsters Canada a remis un pr\u00e9avis de gr\u00e8ve au CN qui prendra effet le lundi 26 ao\u00fbt \u00e0 10 h.","og_url":"https:\/\/teamsters.ca\/fr\/blog\/2024\/08\/23\/declaration-des-teamsters-sur-le-preavis-de-greve-au-cn\/","og_site_name":"Teamsters Canada","article_publisher":"https:\/\/www.facebook.com\/Teamsterscanada\/","article_published_time":"2024-08-23T20:48:20+00:00","article_modified_time":"2024-08-23T20:48:24+00:00","og_image":[{"width":1166,"height":768,"url":"https:\/\/teamsters.ca\/wp-content\/uploads\/2024\/08\/anglais.png","type":"image\/png"}],"author":"communications","twitter_card":"summary_large_image","twitter_creator":"@TeamstersCanada","twitter_site":"@TeamstersCanada","twitter_misc":{"\u00c9crit par":"communications","Estimation du temps de lecture":"1 minute"},"schema":{"@context":"https:\/\/schema.org","@graph":[{"@type":"Article","@id":"https:\/\/teamsters.ca\/fr\/blog\/2024\/08\/23\/declaration-des-teamsters-sur-le-preavis-de-greve-au-cn\/#article","isPartOf":{"@id":"https:\/\/teamsters.ca\/fr\/blog\/2024\/08\/23\/declaration-des-teamsters-sur-le-preavis-de-greve-au-cn\/"},"author":{"name":"communications","@id":"https:\/\/teamsters.ca\/fr\/#\/schema\/person\/16abb510b61e30ac94505e325f34ff0c"},"headline":"D\u00e9claration des Teamsters sur le pr\u00e9avis de gr\u00e8ve au CN","datePublished":"2024-08-23T20:48:20+00:00","dateModified":"2024-08-23T20:48:24+00:00","mainEntityOfPage":{"@id":"https:\/\/teamsters.ca\/fr\/blog\/2024\/08\/23\/declaration-des-teamsters-sur-le-preavis-de-greve-au-cn\/"},"wordCount":264,"publisher":{"@id":"https:\/\/teamsters.ca\/fr\/#organization"},"image":{"@id":"https:\/\/teamsters.ca\/fr\/blog\/2024\/08\/23\/declaration-des-teamsters-sur-le-preavis-de-greve-au-cn\/#primaryimage"},"thumbnailUrl":"https:\/\/teamsters.ca\/wp-content\/uploads\/2024\/08\/francais.png","articleSection":["Canada","Nouvelles","Transport ferroviaire"],"inLanguage":"fr-CA"},{"@type":"WebPage","@id":"https:\/\/teamsters.ca\/fr\/blog\/2024\/08\/23\/declaration-des-teamsters-sur-le-preavis-de-greve-au-cn\/","url":"https:\/\/teamsters.ca\/fr\/blog\/2024\/08\/23\/declaration-des-teamsters-sur-le-preavis-de-greve-au-cn\/","name":"D\u00e9claration des Teamsters sur le pr\u00e9avis de gr\u00e8ve au CN | Teamsters Canada","isPartOf":{"@id":"https:\/\/teamsters.ca\/fr\/#website"},"primaryImageOfPage":{"@id":"https:\/\/teamsters.ca\/fr\/blog\/2024\/08\/23\/declaration-des-teamsters-sur-le-preavis-de-greve-au-cn\/#primaryimage"},"image":{"@id":"https:\/\/teamsters.ca\/fr\/blog\/2024\/08\/23\/declaration-des-teamsters-sur-le-preavis-de-greve-au-cn\/#primaryimage"},"thumbnailUrl":"https:\/\/teamsters.ca\/wp-content\/uploads\/2024\/08\/francais.png","datePublished":"2024-08-23T20:48:20+00:00","dateModified":"2024-08-23T20:48:24+00:00","breadcrumb":{"@id":"https:\/\/teamsters.ca\/fr\/blog\/2024\/08\/23\/declaration-des-teamsters-sur-le-preavis-de-greve-au-cn\/#breadcrumb"},"inLanguage":"fr-CA","potentialAction":[{"@type":"ReadAction","target":["https:\/\/teamsters.ca\/fr\/blog\/2024\/08\/23\/declaration-des-teamsters-sur-le-preavis-de-greve-au-cn\/"]}]},{"@type":"ImageObject","inLanguage":"fr-CA","@id":"https:\/\/teamsters.ca\/fr\/blog\/2024\/08\/23\/declaration-des-teamsters-sur-le-preavis-de-greve-au-cn\/#primaryimage","url":"https:\/\/teamsters.ca\/wp-content\/uploads\/2024\/08\/francais.png","contentUrl":"https:\/\/teamsters.ca\/wp-content\/uploads\/2024\/08\/francais.png","width":1166,"height":768},{"@type":"BreadcrumbList","@id":"https:\/\/teamsters.ca\/fr\/blog\/2024\/08\/23\/declaration-des-teamsters-sur-le-preavis-de-greve-au-cn\/#breadcrumb","itemListElement":[{"@type":"ListItem","position":1,"name":"Home","item":"https:\/\/teamsters.ca\/fr\/"},{"@type":"ListItem","position":2,"name":"D\u00e9claration des Teamsters sur le pr\u00e9avis de gr\u00e8ve au CN"}]},{"@type":"WebSite","@id":"https:\/\/teamsters.ca\/fr\/#website","url":"https:\/\/teamsters.ca\/fr\/","name":"Teamsters Canada","description":"A Canadian union representing over 125 000 members","publisher":{"@id":"https:\/\/teamsters.ca\/fr\/#organization"},"potentialAction":[{"@type":"SearchAction","target":{"@type":"EntryPoint","urlTemplate":"https:\/\/teamsters.ca\/fr\/?s={search_term_string}"},"query-input":{"@type":"PropertyValueSpecification","valueRequired":true,"valueName":"search_term_string"}}],"inLanguage":"fr-CA"},{"@type":"Organization","@id":"https:\/\/teamsters.ca\/fr\/#organization","name":"Teamsters Canada","url":"https:\/\/teamsters.ca\/fr\/","logo":{"@type":"ImageObject","inLanguage":"fr-CA","@id":"https:\/\/teamsters.ca\/fr\/#\/schema\/logo\/image\/","url":"https:\/\/teamsters.ca\/wp-content\/uploads\/2019\/08\/TeamstersCanada.png","contentUrl":"https:\/\/teamsters.ca\/wp-content\/uploads\/2019\/08\/TeamstersCanada.png","width":545,"height":181,"caption":"Teamsters Canada"},"image":{"@id":"https:\/\/teamsters.ca\/fr\/#\/schema\/logo\/image\/"},"sameAs":["https:\/\/www.facebook.com\/Teamsterscanada\/","https:\/\/x.com\/TeamstersCanada"]},{"@type":"Person","@id":"https:\/\/teamsters.ca\/fr\/#\/schema\/person\/16abb510b61e30ac94505e325f34ff0c","name":"communications","image":{"@type":"ImageObject","inLanguage":"fr-CA","@id":"https:\/\/teamsters.ca\/fr\/#\/schema\/person\/image\/","url":"https:\/\/secure.gravatar.com\/avatar\/707c37c6763af59d83f3b3dcebfff9d9d58ef9e062e2c9452a9dbb153c85d7ac?s=96&d=mm&r=g","contentUrl":"https:\/\/secure.gravatar.com\/avatar\/707c37c6763af59d83f3b3dcebfff9d9d58ef9e062e2c9452a9dbb153c85d7ac?s=96&d=mm&r=g","caption":"communications"},"url":"https:\/\/teamsters.ca\/fr\/blog\/author\/communications\/"}]}},"_links":{"self":[{"href":"https:\/\/teamsters.ca\/fr\/wp-json\/wp\/v2\/posts\/27622","targetHints":{"allow":["GET"]}}],"collection":[{"href":"https:\/\/teamsters.ca\/fr\/wp-json\/wp\/v2\/posts"}],"about":[{"href":"https:\/\/teamsters.ca\/fr\/wp-json\/wp\/v2\/types\/post"}],"author":[{"embeddable":true,"href":"https:\/\/teamsters.ca\/fr\/wp-json\/wp\/v2\/users\/9"}],"replies":[{"embeddable":true,"href":"https:\/\/teamsters.ca\/fr\/wp-json\/wp\/v2\/comments?post=27622"}],"version-history":[{"count":2,"href":"https:\/\/teamsters.ca\/fr\/wp-json\/wp\/v2\/posts\/27622\/revisions"}],"predecessor-version":[{"id":27626,"href":"https:\/\/teamsters.ca\/fr\/wp-json\/wp\/v2\/posts\/27622\/revisions\/27626"}],"wp:featuredmedia":[{"embeddable":true,"href":"https:\/\/teamsters.ca\/fr\/wp-json\/wp\/v2\/media\/27624"}],"wp:attachment":[{"href":"https:\/\/teamsters.ca\/fr\/wp-json\/wp\/v2\/media?parent=27622"}],"wp:term":[{"taxonomy":"category","embeddable":true,"href":"https:\/\/teamsters.ca\/fr\/wp-json\/wp\/v2\/categories?post=27622"},{"taxonomy":"post_tag","embeddable":true,"href":"https:\/\/teamsters.ca\/fr\/wp-json\/wp\/v2\/tags?post=27622"}],"curies":[{"name":"wp","href":"https:\/\/api.w.org\/{rel}","templated":true}]}}