{"id":2755,"date":"2008-02-14T14:18:00","date_gmt":"2008-02-14T19:18:00","guid":{"rendered":"http:\/\/teamsters.ca\/2008\/02\/les-agents-correctionnels-federaux-lorgnent-du-cote-du-syndicat-des-teamsters\/"},"modified":"2019-06-27T20:39:53","modified_gmt":"2019-06-27T20:39:53","slug":"les-agents-correctionnels-federaux-lorgnent-du-cote-du-syndicat-des-teamsters","status":"publish","type":"post","link":"https:\/\/teamsters.ca\/fr\/blog\/2008\/02\/14\/les-agents-correctionnels-federaux-lorgnent-du-cote-du-syndicat-des-teamsters\/","title":{"rendered":"Les agents correctionnels f\u00e9d\u00e9raux lorgnent du c\u00f4t\u00e9 du syndicat des Teamsters"},"content":{"rendered":"<div align=\"justify\">Toronto &#8212; D&eacute;gout&eacute;s de la pi&egrave;tre qualit&eacute; des services offerts par leur syndicat actuel, la CSN, les agents correctionnels des institutions f&eacute;d&eacute;rales &agrave; travers le pays sont en train de changer d&rsquo;all&eacute;geance syndicale.<\/p>\n<p>En effet, un groupe compos&eacute; d&rsquo;agents correctionnels provenant de plusieurs &eacute;tablissements a d&eacute;cid&eacute; de prendre les choses en main et de faire la promotion du syndicat des Teamsters aupr&egrave;s de leurs coll&egrave;gues.<\/p>\n<p>&laquo; Le syndicat des Teamsters est vraiment pancanadien puisqu&rsquo;il est pr&eacute;sent dans toutes les grandes villes du pays &raquo;, rappelle Ken Dean, responsable de la campagne au bureau torontois de Teamsters Canada. &laquo; Les agents correctionnels paient, &agrave; l&rsquo;heure actuelle, un montant &eacute;lev&eacute; de cotisations syndicales, mais ne savent pas o&ugrave; va l&rsquo;argent exactement puisqu&rsquo;ils ne re&ccedil;oivent aucun service en retour. Un syndicat n&rsquo;est pas une organisation &agrave; but lucratif ! &raquo;<\/p>\n<p>Les membres de l&rsquo;Union des agents correctionnels de Teamsters Canada (UACTC) pourront enfin &eacute;lire d&eacute;mocratiquement les membres de leur comit&eacute; ex&eacute;cutif. De plus, des services au niveau de la formation, du lobbying &agrave; Ottawa, des communications et du contentieux seront offerts en tout temps. <\/p>\n<p>&laquo; Les personnes les plus habilit&eacute;es pour r&eacute;pondre aux besoins des agents correctionnels sont les agents correctionnels eux-m&ecirc;mes &raquo;, ajoute Ken Dean. &laquo; Cependant, nous serons l&agrave; pour les aider &agrave; mettre sur pied leur syndicat et &agrave; r&eacute;pondre aux besoins l&eacute;gitimes de leurs membres &agrave; travers le pays. &raquo;<\/p>\n<p>Le syndicat des Teamsters compte 125 000 membres au Canada, 1,4 million en Am&eacute;rique du Nord, dont 20 000 &oelig;uvrent dans les services publics.<\/p>\n<p>Un site Internet a &eacute;t&eacute; lanc&eacute; informer les agents correctionnels des avantages de joindre le syndicat des Teamsters : www.cxteamsters.ca.<\/p>\n<p>Renseignements : <br \/>St&eacute;phane Lacroix &ndash; 514-609-5101<br \/>Ken Dean &ndash; 905-678-6652<\/p>\n<\/div>\n","protected":false},"excerpt":{"rendered":"<p>Toronto &#8212; D&eacute;gout&eacute;s de la pi&egrave;tre qualit&eacute; des services offerts par leur syndicat actuel, la CSN, les agents correctionnels des institutions f&eacute;d&eacute;rales &agrave; travers le pays sont en train de changer d&rsquo;all&eacute;geance syndicale. En effet, un groupe compos&eacute; d&rsquo;agents correctionnels provenant de plusieurs &eacute;tablissements a d&eacute;cid&eacute; de prendre les choses en main et de faire [&hellip;]<\/p>\n","protected":false},"author":8,"featured_media":0,"comment_status":"closed","ping_status":"closed","sticky":false,"template":"","format":"standard","meta":{"ngg_post_thumbnail":0,"mc4wp_mailchimp_campaign":[],"footnotes":""},"categories":[1114],"tags":[],"class_list":{"0":"post-2755","1":"post","2":"type-post","3":"status-publish","4":"format-standard","6":"category-nouvelles"},"yoast_head":"<!-- This site is optimized with the Yoast SEO Premium plugin v25.5 (Yoast SEO v25.5) - https:\/\/yoast.com\/wordpress\/plugins\/seo\/ -->\n<title>Les agents correctionnels f\u00e9d\u00e9raux lorgnent du c\u00f4t\u00e9 du syndicat des Teamsters | Teamsters Canada<\/title>\n<meta name=\"robots\" content=\"index, follow, max-snippet:-1, max-image-preview:large, max-video-preview:-1\" \/>\n<link rel=\"canonical\" href=\"https:\/\/teamsters.ca\/fr\/blog\/2008\/02\/14\/les-agents-correctionnels-federaux-lorgnent-du-cote-du-syndicat-des-teamsters\/\" \/>\n<meta property=\"og:locale\" content=\"fr_CA\" \/>\n<meta property=\"og:type\" content=\"article\" \/>\n<meta property=\"og:title\" content=\"Les agents correctionnels f\u00e9d\u00e9raux lorgnent du c\u00f4t\u00e9 du syndicat des Teamsters\" \/>\n<meta property=\"og:description\" content=\"Toronto &#8212; D&eacute;gout&eacute;s de la pi&egrave;tre qualit&eacute; des services offerts par leur syndicat actuel, la CSN, les agents correctionnels des institutions f&eacute;d&eacute;rales &agrave; travers le pays sont en train de changer d&rsquo;all&eacute;geance syndicale. En effet, un groupe compos&eacute; d&rsquo;agents correctionnels provenant de plusieurs &eacute;tablissements a d&eacute;cid&eacute; de prendre les choses en main et de faire [&hellip;]\" \/>\n<meta property=\"og:url\" content=\"https:\/\/teamsters.ca\/fr\/blog\/2008\/02\/14\/les-agents-correctionnels-federaux-lorgnent-du-cote-du-syndicat-des-teamsters\/\" \/>\n<meta property=\"og:site_name\" content=\"Teamsters Canada\" \/>\n<meta property=\"article:publisher\" content=\"https:\/\/www.facebook.com\/Teamsterscanada\/\" \/>\n<meta property=\"article:published_time\" content=\"2008-02-14T19:18:00+00:00\" \/>\n<meta property=\"article:modified_time\" content=\"2019-06-27T20:39:53+00:00\" \/>\n<meta name=\"author\" content=\"St\u00e9phanie Meunier\" \/>\n<meta name=\"twitter:card\" content=\"summary_large_image\" \/>\n<meta name=\"twitter:creator\" content=\"@TeamstersCanada\" \/>\n<meta name=\"twitter:site\" content=\"@TeamstersCanada\" \/>\n<meta name=\"twitter:label1\" content=\"\u00c9crit par\" \/>\n\t<meta name=\"twitter:data1\" content=\"St\u00e9phanie Meunier\" \/>\n\t<meta name=\"twitter:label2\" content=\"Estimation du temps de lecture\" \/>\n\t<meta name=\"twitter:data2\" content=\"2 minutes\" \/>\n<script type=\"application\/ld+json\" class=\"yoast-schema-graph\">{\"@context\":\"https:\/\/schema.org\",\"@graph\":[{\"@type\":\"Article\",\"@id\":\"https:\/\/teamsters.ca\/fr\/blog\/2008\/02\/14\/les-agents-correctionnels-federaux-lorgnent-du-cote-du-syndicat-des-teamsters\/#article\",\"isPartOf\":{\"@id\":\"https:\/\/teamsters.ca\/fr\/blog\/2008\/02\/14\/les-agents-correctionnels-federaux-lorgnent-du-cote-du-syndicat-des-teamsters\/\"},\"author\":{\"name\":\"St\u00e9phanie Meunier\",\"@id\":\"https:\/\/teamsters.ca\/fr\/#\/schema\/person\/3e6ffefc39fe2f212400b7d8d0a4a0c1\"},\"headline\":\"Les agents correctionnels f\u00e9d\u00e9raux lorgnent du c\u00f4t\u00e9 du syndicat des Teamsters\",\"datePublished\":\"2008-02-14T19:18:00+00:00\",\"dateModified\":\"2019-06-27T20:39:53+00:00\",\"mainEntityOfPage\":{\"@id\":\"https:\/\/teamsters.ca\/fr\/blog\/2008\/02\/14\/les-agents-correctionnels-federaux-lorgnent-du-cote-du-syndicat-des-teamsters\/\"},\"wordCount\":365,\"publisher\":{\"@id\":\"https:\/\/teamsters.ca\/fr\/#organization\"},\"articleSection\":[\"Nouvelles\"],\"inLanguage\":\"fr-CA\"},{\"@type\":\"WebPage\",\"@id\":\"https:\/\/teamsters.ca\/fr\/blog\/2008\/02\/14\/les-agents-correctionnels-federaux-lorgnent-du-cote-du-syndicat-des-teamsters\/\",\"url\":\"https:\/\/teamsters.ca\/fr\/blog\/2008\/02\/14\/les-agents-correctionnels-federaux-lorgnent-du-cote-du-syndicat-des-teamsters\/\",\"name\":\"Les agents correctionnels f\u00e9d\u00e9raux lorgnent du c\u00f4t\u00e9 du syndicat des Teamsters | Teamsters Canada\",\"isPartOf\":{\"@id\":\"https:\/\/teamsters.ca\/fr\/#website\"},\"datePublished\":\"2008-02-14T19:18:00+00:00\",\"dateModified\":\"2019-06-27T20:39:53+00:00\",\"breadcrumb\":{\"@id\":\"https:\/\/teamsters.ca\/fr\/blog\/2008\/02\/14\/les-agents-correctionnels-federaux-lorgnent-du-cote-du-syndicat-des-teamsters\/#breadcrumb\"},\"inLanguage\":\"fr-CA\",\"potentialAction\":[{\"@type\":\"ReadAction\",\"target\":[\"https:\/\/teamsters.ca\/fr\/blog\/2008\/02\/14\/les-agents-correctionnels-federaux-lorgnent-du-cote-du-syndicat-des-teamsters\/\"]}]},{\"@type\":\"BreadcrumbList\",\"@id\":\"https:\/\/teamsters.ca\/fr\/blog\/2008\/02\/14\/les-agents-correctionnels-federaux-lorgnent-du-cote-du-syndicat-des-teamsters\/#breadcrumb\",\"itemListElement\":[{\"@type\":\"ListItem\",\"position\":1,\"name\":\"Home\",\"item\":\"https:\/\/teamsters.ca\/fr\/\"},{\"@type\":\"ListItem\",\"position\":2,\"name\":\"Les agents correctionnels f\u00e9d\u00e9raux lorgnent du c\u00f4t\u00e9 du syndicat des Teamsters\"}]},{\"@type\":\"WebSite\",\"@id\":\"https:\/\/teamsters.ca\/fr\/#website\",\"url\":\"https:\/\/teamsters.ca\/fr\/\",\"name\":\"Teamsters Canada\",\"description\":\"A Canadian union representing over 125 000 members\",\"publisher\":{\"@id\":\"https:\/\/teamsters.ca\/fr\/#organization\"},\"potentialAction\":[{\"@type\":\"SearchAction\",\"target\":{\"@type\":\"EntryPoint\",\"urlTemplate\":\"https:\/\/teamsters.ca\/fr\/?s={search_term_string}\"},\"query-input\":{\"@type\":\"PropertyValueSpecification\",\"valueRequired\":true,\"valueName\":\"search_term_string\"}}],\"inLanguage\":\"fr-CA\"},{\"@type\":\"Organization\",\"@id\":\"https:\/\/teamsters.ca\/fr\/#organization\",\"name\":\"Teamsters Canada\",\"url\":\"https:\/\/teamsters.ca\/fr\/\",\"logo\":{\"@type\":\"ImageObject\",\"inLanguage\":\"fr-CA\",\"@id\":\"https:\/\/teamsters.ca\/fr\/#\/schema\/logo\/image\/\",\"url\":\"https:\/\/teamsters.ca\/wp-content\/uploads\/2019\/08\/TeamstersCanada.png\",\"contentUrl\":\"https:\/\/teamsters.ca\/wp-content\/uploads\/2019\/08\/TeamstersCanada.png\",\"width\":545,\"height\":181,\"caption\":\"Teamsters Canada\"},\"image\":{\"@id\":\"https:\/\/teamsters.ca\/fr\/#\/schema\/logo\/image\/\"},\"sameAs\":[\"https:\/\/www.facebook.com\/Teamsterscanada\/\",\"https:\/\/x.com\/TeamstersCanada\"]},{\"@type\":\"Person\",\"@id\":\"https:\/\/teamsters.ca\/fr\/#\/schema\/person\/3e6ffefc39fe2f212400b7d8d0a4a0c1\",\"name\":\"St\u00e9phanie Meunier\",\"image\":{\"@type\":\"ImageObject\",\"inLanguage\":\"fr-CA\",\"@id\":\"https:\/\/teamsters.ca\/fr\/#\/schema\/person\/image\/\",\"url\":\"https:\/\/secure.gravatar.com\/avatar\/e4e8404e91ed71cb473fa2708849669810cf083c89825a3d2dd0d47dd6b2be77?s=96&d=mm&r=g\",\"contentUrl\":\"https:\/\/secure.gravatar.com\/avatar\/e4e8404e91ed71cb473fa2708849669810cf083c89825a3d2dd0d47dd6b2be77?s=96&d=mm&r=g\",\"caption\":\"St\u00e9phanie Meunier\"},\"url\":\"https:\/\/teamsters.ca\/fr\/blog\/author\/smeunier\/\"}]}<\/script>\n<!-- \/ Yoast SEO Premium plugin. -->","yoast_head_json":{"title":"Les agents correctionnels f\u00e9d\u00e9raux lorgnent du c\u00f4t\u00e9 du syndicat des Teamsters | Teamsters Canada","robots":{"index":"index","follow":"follow","max-snippet":"max-snippet:-1","max-image-preview":"max-image-preview:large","max-video-preview":"max-video-preview:-1"},"canonical":"https:\/\/teamsters.ca\/fr\/blog\/2008\/02\/14\/les-agents-correctionnels-federaux-lorgnent-du-cote-du-syndicat-des-teamsters\/","og_locale":"fr_CA","og_type":"article","og_title":"Les agents correctionnels f\u00e9d\u00e9raux lorgnent du c\u00f4t\u00e9 du syndicat des Teamsters","og_description":"Toronto &#8212; D&eacute;gout&eacute;s de la pi&egrave;tre qualit&eacute; des services offerts par leur syndicat actuel, la CSN, les agents correctionnels des institutions f&eacute;d&eacute;rales &agrave; travers le pays sont en train de changer d&rsquo;all&eacute;geance syndicale. En effet, un groupe compos&eacute; d&rsquo;agents correctionnels provenant de plusieurs &eacute;tablissements a d&eacute;cid&eacute; de prendre les choses en main et de faire [&hellip;]","og_url":"https:\/\/teamsters.ca\/fr\/blog\/2008\/02\/14\/les-agents-correctionnels-federaux-lorgnent-du-cote-du-syndicat-des-teamsters\/","og_site_name":"Teamsters Canada","article_publisher":"https:\/\/www.facebook.com\/Teamsterscanada\/","article_published_time":"2008-02-14T19:18:00+00:00","article_modified_time":"2019-06-27T20:39:53+00:00","author":"St\u00e9phanie Meunier","twitter_card":"summary_large_image","twitter_creator":"@TeamstersCanada","twitter_site":"@TeamstersCanada","twitter_misc":{"\u00c9crit par":"St\u00e9phanie Meunier","Estimation du temps de lecture":"2 minutes"},"schema":{"@context":"https:\/\/schema.org","@graph":[{"@type":"Article","@id":"https:\/\/teamsters.ca\/fr\/blog\/2008\/02\/14\/les-agents-correctionnels-federaux-lorgnent-du-cote-du-syndicat-des-teamsters\/#article","isPartOf":{"@id":"https:\/\/teamsters.ca\/fr\/blog\/2008\/02\/14\/les-agents-correctionnels-federaux-lorgnent-du-cote-du-syndicat-des-teamsters\/"},"author":{"name":"St\u00e9phanie Meunier","@id":"https:\/\/teamsters.ca\/fr\/#\/schema\/person\/3e6ffefc39fe2f212400b7d8d0a4a0c1"},"headline":"Les agents correctionnels f\u00e9d\u00e9raux lorgnent du c\u00f4t\u00e9 du syndicat des Teamsters","datePublished":"2008-02-14T19:18:00+00:00","dateModified":"2019-06-27T20:39:53+00:00","mainEntityOfPage":{"@id":"https:\/\/teamsters.ca\/fr\/blog\/2008\/02\/14\/les-agents-correctionnels-federaux-lorgnent-du-cote-du-syndicat-des-teamsters\/"},"wordCount":365,"publisher":{"@id":"https:\/\/teamsters.ca\/fr\/#organization"},"articleSection":["Nouvelles"],"inLanguage":"fr-CA"},{"@type":"WebPage","@id":"https:\/\/teamsters.ca\/fr\/blog\/2008\/02\/14\/les-agents-correctionnels-federaux-lorgnent-du-cote-du-syndicat-des-teamsters\/","url":"https:\/\/teamsters.ca\/fr\/blog\/2008\/02\/14\/les-agents-correctionnels-federaux-lorgnent-du-cote-du-syndicat-des-teamsters\/","name":"Les agents correctionnels f\u00e9d\u00e9raux lorgnent du c\u00f4t\u00e9 du syndicat des Teamsters | Teamsters Canada","isPartOf":{"@id":"https:\/\/teamsters.ca\/fr\/#website"},"datePublished":"2008-02-14T19:18:00+00:00","dateModified":"2019-06-27T20:39:53+00:00","breadcrumb":{"@id":"https:\/\/teamsters.ca\/fr\/blog\/2008\/02\/14\/les-agents-correctionnels-federaux-lorgnent-du-cote-du-syndicat-des-teamsters\/#breadcrumb"},"inLanguage":"fr-CA","potentialAction":[{"@type":"ReadAction","target":["https:\/\/teamsters.ca\/fr\/blog\/2008\/02\/14\/les-agents-correctionnels-federaux-lorgnent-du-cote-du-syndicat-des-teamsters\/"]}]},{"@type":"BreadcrumbList","@id":"https:\/\/teamsters.ca\/fr\/blog\/2008\/02\/14\/les-agents-correctionnels-federaux-lorgnent-du-cote-du-syndicat-des-teamsters\/#breadcrumb","itemListElement":[{"@type":"ListItem","position":1,"name":"Home","item":"https:\/\/teamsters.ca\/fr\/"},{"@type":"ListItem","position":2,"name":"Les agents correctionnels f\u00e9d\u00e9raux lorgnent du c\u00f4t\u00e9 du syndicat des Teamsters"}]},{"@type":"WebSite","@id":"https:\/\/teamsters.ca\/fr\/#website","url":"https:\/\/teamsters.ca\/fr\/","name":"Teamsters Canada","description":"A Canadian union representing over 125 000 members","publisher":{"@id":"https:\/\/teamsters.ca\/fr\/#organization"},"potentialAction":[{"@type":"SearchAction","target":{"@type":"EntryPoint","urlTemplate":"https:\/\/teamsters.ca\/fr\/?s={search_term_string}"},"query-input":{"@type":"PropertyValueSpecification","valueRequired":true,"valueName":"search_term_string"}}],"inLanguage":"fr-CA"},{"@type":"Organization","@id":"https:\/\/teamsters.ca\/fr\/#organization","name":"Teamsters Canada","url":"https:\/\/teamsters.ca\/fr\/","logo":{"@type":"ImageObject","inLanguage":"fr-CA","@id":"https:\/\/teamsters.ca\/fr\/#\/schema\/logo\/image\/","url":"https:\/\/teamsters.ca\/wp-content\/uploads\/2019\/08\/TeamstersCanada.png","contentUrl":"https:\/\/teamsters.ca\/wp-content\/uploads\/2019\/08\/TeamstersCanada.png","width":545,"height":181,"caption":"Teamsters Canada"},"image":{"@id":"https:\/\/teamsters.ca\/fr\/#\/schema\/logo\/image\/"},"sameAs":["https:\/\/www.facebook.com\/Teamsterscanada\/","https:\/\/x.com\/TeamstersCanada"]},{"@type":"Person","@id":"https:\/\/teamsters.ca\/fr\/#\/schema\/person\/3e6ffefc39fe2f212400b7d8d0a4a0c1","name":"St\u00e9phanie Meunier","image":{"@type":"ImageObject","inLanguage":"fr-CA","@id":"https:\/\/teamsters.ca\/fr\/#\/schema\/person\/image\/","url":"https:\/\/secure.gravatar.com\/avatar\/e4e8404e91ed71cb473fa2708849669810cf083c89825a3d2dd0d47dd6b2be77?s=96&d=mm&r=g","contentUrl":"https:\/\/secure.gravatar.com\/avatar\/e4e8404e91ed71cb473fa2708849669810cf083c89825a3d2dd0d47dd6b2be77?s=96&d=mm&r=g","caption":"St\u00e9phanie Meunier"},"url":"https:\/\/teamsters.ca\/fr\/blog\/author\/smeunier\/"}]}},"_links":{"self":[{"href":"https:\/\/teamsters.ca\/fr\/wp-json\/wp\/v2\/posts\/2755","targetHints":{"allow":["GET"]}}],"collection":[{"href":"https:\/\/teamsters.ca\/fr\/wp-json\/wp\/v2\/posts"}],"about":[{"href":"https:\/\/teamsters.ca\/fr\/wp-json\/wp\/v2\/types\/post"}],"author":[{"embeddable":true,"href":"https:\/\/teamsters.ca\/fr\/wp-json\/wp\/v2\/users\/8"}],"replies":[{"embeddable":true,"href":"https:\/\/teamsters.ca\/fr\/wp-json\/wp\/v2\/comments?post=2755"}],"version-history":[{"count":1,"href":"https:\/\/teamsters.ca\/fr\/wp-json\/wp\/v2\/posts\/2755\/revisions"}],"predecessor-version":[{"id":10743,"href":"https:\/\/teamsters.ca\/fr\/wp-json\/wp\/v2\/posts\/2755\/revisions\/10743"}],"wp:attachment":[{"href":"https:\/\/teamsters.ca\/fr\/wp-json\/wp\/v2\/media?parent=2755"}],"wp:term":[{"taxonomy":"category","embeddable":true,"href":"https:\/\/teamsters.ca\/fr\/wp-json\/wp\/v2\/categories?post=2755"},{"taxonomy":"post_tag","embeddable":true,"href":"https:\/\/teamsters.ca\/fr\/wp-json\/wp\/v2\/tags?post=2755"}],"curies":[{"name":"wp","href":"https:\/\/api.w.org\/{rel}","templated":true}]}}