{"id":2750,"date":"2008-02-26T18:02:00","date_gmt":"2008-02-26T23:02:00","guid":{"rendered":"http:\/\/teamsters.ca\/2008\/02\/reaction-du-syndicat-des-teamsters-a-la-fermeture-de-lusine-flextronics\/"},"modified":"2019-06-27T20:39:53","modified_gmt":"2019-06-27T20:39:53","slug":"reaction-du-syndicat-des-teamsters-a-la-fermeture-de-lusine-flextronics","status":"publish","type":"post","link":"https:\/\/teamsters.ca\/fr\/blog\/2008\/02\/26\/reaction-du-syndicat-des-teamsters-a-la-fermeture-de-lusine-flextronics\/","title":{"rendered":"R\u00e9action du syndicat des Teamsters \u00e0 la fermeture de l\u2019usine Flextronics"},"content":{"rendered":"<p>Malgr\u00e9 l\u2019embauche de 65 nouveaux salari\u00e9s, cette semaine, la compagnie Flextronics sp\u00e9cialis\u00e9e dans le d\u00e9veloppement et la fabrication de r\u00e9seaux informatiques \u00e0 la fine pointe de la technologie a annonc\u00e9 la fermeture prochaine de l\u2019usine de St-Laurent qui emploie 700 employ\u00e9s.<\/p>\n<p>Les travailleurs et travailleuses de cette usine ont d\u00e9velopp\u00e9 une expertise in\u00e9gal\u00e9e \u00e0 travers le Monde dans le design et la personnalisation de prototypes. La compagnie pr\u00e9voit transf\u00e9rer ces activit\u00e9s au Mexique ou en Pologne.<\/p>\n<p>\u00ab Contrairement \u00e0 ce qu\u2019on affirme dans les m\u00e9dias, les travailleurs mexicains, polonais ou autres n\u2019ont tout simplement pas les comp\u00e9tences pour reprendre le travail qui se faisait \u00e0 Montr\u00e9al \u00bb, estime Serge B\u00e9rub\u00e9, pr\u00e9sident de la Section locale 1999 des Teamsters qui repr\u00e9sente les 700 employ\u00e9s de Flextronics. \u00ab Nortel veut mettre plusieurs entreprises en concurrences les unes avec les autres pour faire baisser les prix du d\u00e9veloppement des nouveaux prototypes. \u00c0 terme, cette d\u00e9cision a un impact non seulement sur la qualit\u00e9 des produits, mais \u00e9galement sur les travailleurs montr\u00e9alais qui, eux, ont les comp\u00e9tences pour faire le travail.\u00bb<\/p>\n<p>Un communiqu\u00e9 publi\u00e9 par Flextronics en fin de journ\u00e9e, mardi, laisse entendre que certaines activit\u00e9s transf\u00e9r\u00e9es dans des usines \u00e9trang\u00e8res pourraient \u00eatre \u00e9ventuellement rapatri\u00e9es \u00e0 Montr\u00e9al, mais \u00e0 l\u2019int\u00e9rieur du giron de Nortel. Entretemps, on aura inutilement mis 700 employ\u00e9s comp\u00e9tents au ch\u00f4mage. De plus, l\u2019\u00e9quipementier voudrait r\u00e9duire de 85 \u00e0 55 % le pourcentage des contrats qu\u2019elle passe \u00e0 Flextronics.<\/p>\n<p>Rappelons que celle-ci a investi 500 000 $ r\u00e9cemment dans une unit\u00e9 de soudure \u00e0 la vague. Cette unit\u00e9 fabrique des circuits imprim\u00e9s \u00ab custom made \u00bb pour ses clients. Deux lignes robotis\u00e9es ont \u00e9galement \u00e9t\u00e9 implant\u00e9es dans l\u2019usine au cours des deux derni\u00e8res ann\u00e9es. Il s\u2019agissait alors d\u2019investissements de 4 M$ pour chacune des deux lignes robotis\u00e9es.<\/p>\n<p>Le comportement de Nortel s\u2019inscrit dans une tendance lourde observ\u00e9e depuis plusieurs ann\u00e9es d\u00e9j\u00e0. En effet, les entreprises exigent plus de comp\u00e9tences, plus de disponibilit\u00e9s et plus d\u2019imagination de la part de leurs employ\u00e9s, mais ne donnent rien en retour ou finissent par fermer leurs portes.<\/p>\n<p>Les travailleurs et travailleuses \u00e9taient auparavant employ\u00e9s par Nortel avant que cette division ne soit vendue \u00e0 Flextronics, une compagnie dont le si\u00e8ge social est \u00e0 Singapour.<\/p>\n<p>Les corps de m\u00e9tiers repr\u00e9sent\u00e9s par la Section locale 1999 des Teamsters comprennent divers types de techniciens tr\u00e8s sp\u00e9cialis\u00e9s, des employ\u00e9s de bureau, des \u00e9lectrom\u00e9caniciens, des d\u00e9veloppeurs et des m\u00e9caniciens sp\u00e9cialis\u00e9s en automate. La moyenne d\u2019anciennet\u00e9 des employ\u00e9s est de 20 ans.<\/p>\n<p>\u00ab Nous allons nous battre avec toutes les ressources \u00e0 notre disposition pour garder ces emplois \u00e0 Montr\u00e9al. Nous sommes persuad\u00e9s que l\u2019objectif de Nortel est purement et simplement d\u2019\u00e9conomiser quelques dollars \u00e0 gauche et \u00e0 droite et d\u00e9montre un grand m\u00e9pris des gens qui ont b\u00e2ti cette entreprise dans ce cr\u00e9neau si sp\u00e9cialis\u00e9 \u00bb, termine B\u00e9rub\u00e9. \u00ab Nous allons frapper \u00e0 toutes les portes et exercer toutes les pressions pour sauvegarder les emplois de nos membres. \u00bb<\/p>\n<p>La sant\u00e9 financi\u00e8re de la compagnie Flextronics est bonne. La compagnie terminait un bail dans l\u2019usine o\u00f9 elle est situ\u00e9e \u00e0 l\u2019heure actuelle et cherchait un nouvel immeuble pour d\u00e9m\u00e9nager ses activit\u00e9s.<\/p>\n<p>Renseignements : St\u00e9phane Lacroix &#8211; 514-609-5101&nbsp;<\/p>\n","protected":false},"excerpt":{"rendered":"<p>Malgr\u00e9 l\u2019embauche de 65 nouveaux salari\u00e9s, cette semaine, la compagnie Flextronics sp\u00e9cialis\u00e9e dans le d\u00e9veloppement et la fabrication de r\u00e9seaux informatiques \u00e0 la fine pointe de la technologie a annonc\u00e9 la fermeture prochaine de l\u2019usine de St-Laurent qui emploie 700 employ\u00e9s. Les travailleurs et travailleuses de cette usine ont d\u00e9velopp\u00e9 une expertise in\u00e9gal\u00e9e \u00e0 travers [&hellip;]<\/p>\n","protected":false},"author":8,"featured_media":0,"comment_status":"closed","ping_status":"closed","sticky":false,"template":"","format":"standard","meta":{"ngg_post_thumbnail":0,"mc4wp_mailchimp_campaign":[],"footnotes":""},"categories":[1114],"tags":[],"class_list":{"0":"post-2750","1":"post","2":"type-post","3":"status-publish","4":"format-standard","6":"category-nouvelles"},"yoast_head":"<!-- This site is optimized with the Yoast SEO Premium plugin v25.5 (Yoast SEO v25.5) - https:\/\/yoast.com\/wordpress\/plugins\/seo\/ -->\n<title>R\u00e9action du syndicat des Teamsters \u00e0 la fermeture de l\u2019usine Flextronics | Teamsters Canada<\/title>\n<meta name=\"robots\" content=\"index, follow, max-snippet:-1, max-image-preview:large, max-video-preview:-1\" \/>\n<link rel=\"canonical\" href=\"https:\/\/teamsters.ca\/fr\/blog\/2008\/02\/26\/reaction-du-syndicat-des-teamsters-a-la-fermeture-de-lusine-flextronics\/\" \/>\n<meta property=\"og:locale\" content=\"fr_CA\" \/>\n<meta property=\"og:type\" content=\"article\" \/>\n<meta property=\"og:title\" content=\"R\u00e9action du syndicat des Teamsters \u00e0 la fermeture de l\u2019usine Flextronics\" \/>\n<meta property=\"og:description\" content=\"Malgr\u00e9 l\u2019embauche de 65 nouveaux salari\u00e9s, cette semaine, la compagnie Flextronics sp\u00e9cialis\u00e9e dans le d\u00e9veloppement et la fabrication de r\u00e9seaux informatiques \u00e0 la fine pointe de la technologie a annonc\u00e9 la fermeture prochaine de l\u2019usine de St-Laurent qui emploie 700 employ\u00e9s. Les travailleurs et travailleuses de cette usine ont d\u00e9velopp\u00e9 une expertise in\u00e9gal\u00e9e \u00e0 travers [&hellip;]\" \/>\n<meta property=\"og:url\" content=\"https:\/\/teamsters.ca\/fr\/blog\/2008\/02\/26\/reaction-du-syndicat-des-teamsters-a-la-fermeture-de-lusine-flextronics\/\" \/>\n<meta property=\"og:site_name\" content=\"Teamsters Canada\" \/>\n<meta property=\"article:publisher\" content=\"https:\/\/www.facebook.com\/Teamsterscanada\/\" \/>\n<meta property=\"article:published_time\" content=\"2008-02-26T23:02:00+00:00\" \/>\n<meta property=\"article:modified_time\" content=\"2019-06-27T20:39:53+00:00\" \/>\n<meta name=\"author\" content=\"St\u00e9phanie Meunier\" \/>\n<meta name=\"twitter:card\" content=\"summary_large_image\" \/>\n<meta name=\"twitter:creator\" content=\"@TeamstersCanada\" \/>\n<meta name=\"twitter:site\" content=\"@TeamstersCanada\" \/>\n<meta name=\"twitter:label1\" content=\"\u00c9crit par\" \/>\n\t<meta name=\"twitter:data1\" content=\"St\u00e9phanie Meunier\" \/>\n\t<meta name=\"twitter:label2\" content=\"Estimation du temps de lecture\" \/>\n\t<meta name=\"twitter:data2\" content=\"3 minutes\" \/>\n<script type=\"application\/ld+json\" class=\"yoast-schema-graph\">{\"@context\":\"https:\/\/schema.org\",\"@graph\":[{\"@type\":\"Article\",\"@id\":\"https:\/\/teamsters.ca\/fr\/blog\/2008\/02\/26\/reaction-du-syndicat-des-teamsters-a-la-fermeture-de-lusine-flextronics\/#article\",\"isPartOf\":{\"@id\":\"https:\/\/teamsters.ca\/fr\/blog\/2008\/02\/26\/reaction-du-syndicat-des-teamsters-a-la-fermeture-de-lusine-flextronics\/\"},\"author\":{\"name\":\"St\u00e9phanie Meunier\",\"@id\":\"https:\/\/teamsters.ca\/fr\/#\/schema\/person\/3e6ffefc39fe2f212400b7d8d0a4a0c1\"},\"headline\":\"R\u00e9action du syndicat des Teamsters \u00e0 la fermeture de l\u2019usine Flextronics\",\"datePublished\":\"2008-02-26T23:02:00+00:00\",\"dateModified\":\"2019-06-27T20:39:53+00:00\",\"mainEntityOfPage\":{\"@id\":\"https:\/\/teamsters.ca\/fr\/blog\/2008\/02\/26\/reaction-du-syndicat-des-teamsters-a-la-fermeture-de-lusine-flextronics\/\"},\"wordCount\":593,\"publisher\":{\"@id\":\"https:\/\/teamsters.ca\/fr\/#organization\"},\"articleSection\":[\"Nouvelles\"],\"inLanguage\":\"fr-CA\"},{\"@type\":\"WebPage\",\"@id\":\"https:\/\/teamsters.ca\/fr\/blog\/2008\/02\/26\/reaction-du-syndicat-des-teamsters-a-la-fermeture-de-lusine-flextronics\/\",\"url\":\"https:\/\/teamsters.ca\/fr\/blog\/2008\/02\/26\/reaction-du-syndicat-des-teamsters-a-la-fermeture-de-lusine-flextronics\/\",\"name\":\"R\u00e9action du syndicat des Teamsters \u00e0 la fermeture de l\u2019usine Flextronics | Teamsters Canada\",\"isPartOf\":{\"@id\":\"https:\/\/teamsters.ca\/fr\/#website\"},\"datePublished\":\"2008-02-26T23:02:00+00:00\",\"dateModified\":\"2019-06-27T20:39:53+00:00\",\"breadcrumb\":{\"@id\":\"https:\/\/teamsters.ca\/fr\/blog\/2008\/02\/26\/reaction-du-syndicat-des-teamsters-a-la-fermeture-de-lusine-flextronics\/#breadcrumb\"},\"inLanguage\":\"fr-CA\",\"potentialAction\":[{\"@type\":\"ReadAction\",\"target\":[\"https:\/\/teamsters.ca\/fr\/blog\/2008\/02\/26\/reaction-du-syndicat-des-teamsters-a-la-fermeture-de-lusine-flextronics\/\"]}]},{\"@type\":\"BreadcrumbList\",\"@id\":\"https:\/\/teamsters.ca\/fr\/blog\/2008\/02\/26\/reaction-du-syndicat-des-teamsters-a-la-fermeture-de-lusine-flextronics\/#breadcrumb\",\"itemListElement\":[{\"@type\":\"ListItem\",\"position\":1,\"name\":\"Home\",\"item\":\"https:\/\/teamsters.ca\/fr\/\"},{\"@type\":\"ListItem\",\"position\":2,\"name\":\"R\u00e9action du syndicat des Teamsters \u00e0 la fermeture de l\u2019usine Flextronics\"}]},{\"@type\":\"WebSite\",\"@id\":\"https:\/\/teamsters.ca\/fr\/#website\",\"url\":\"https:\/\/teamsters.ca\/fr\/\",\"name\":\"Teamsters Canada\",\"description\":\"A Canadian union representing over 125 000 members\",\"publisher\":{\"@id\":\"https:\/\/teamsters.ca\/fr\/#organization\"},\"potentialAction\":[{\"@type\":\"SearchAction\",\"target\":{\"@type\":\"EntryPoint\",\"urlTemplate\":\"https:\/\/teamsters.ca\/fr\/?s={search_term_string}\"},\"query-input\":{\"@type\":\"PropertyValueSpecification\",\"valueRequired\":true,\"valueName\":\"search_term_string\"}}],\"inLanguage\":\"fr-CA\"},{\"@type\":\"Organization\",\"@id\":\"https:\/\/teamsters.ca\/fr\/#organization\",\"name\":\"Teamsters Canada\",\"url\":\"https:\/\/teamsters.ca\/fr\/\",\"logo\":{\"@type\":\"ImageObject\",\"inLanguage\":\"fr-CA\",\"@id\":\"https:\/\/teamsters.ca\/fr\/#\/schema\/logo\/image\/\",\"url\":\"https:\/\/teamsters.ca\/wp-content\/uploads\/2019\/08\/TeamstersCanada.png\",\"contentUrl\":\"https:\/\/teamsters.ca\/wp-content\/uploads\/2019\/08\/TeamstersCanada.png\",\"width\":545,\"height\":181,\"caption\":\"Teamsters Canada\"},\"image\":{\"@id\":\"https:\/\/teamsters.ca\/fr\/#\/schema\/logo\/image\/\"},\"sameAs\":[\"https:\/\/www.facebook.com\/Teamsterscanada\/\",\"https:\/\/x.com\/TeamstersCanada\"]},{\"@type\":\"Person\",\"@id\":\"https:\/\/teamsters.ca\/fr\/#\/schema\/person\/3e6ffefc39fe2f212400b7d8d0a4a0c1\",\"name\":\"St\u00e9phanie Meunier\",\"image\":{\"@type\":\"ImageObject\",\"inLanguage\":\"fr-CA\",\"@id\":\"https:\/\/teamsters.ca\/fr\/#\/schema\/person\/image\/\",\"url\":\"https:\/\/secure.gravatar.com\/avatar\/e4e8404e91ed71cb473fa2708849669810cf083c89825a3d2dd0d47dd6b2be77?s=96&d=mm&r=g\",\"contentUrl\":\"https:\/\/secure.gravatar.com\/avatar\/e4e8404e91ed71cb473fa2708849669810cf083c89825a3d2dd0d47dd6b2be77?s=96&d=mm&r=g\",\"caption\":\"St\u00e9phanie Meunier\"},\"url\":\"https:\/\/teamsters.ca\/fr\/blog\/author\/smeunier\/\"}]}<\/script>\n<!-- \/ Yoast SEO Premium plugin. -->","yoast_head_json":{"title":"R\u00e9action du syndicat des Teamsters \u00e0 la fermeture de l\u2019usine Flextronics | Teamsters Canada","robots":{"index":"index","follow":"follow","max-snippet":"max-snippet:-1","max-image-preview":"max-image-preview:large","max-video-preview":"max-video-preview:-1"},"canonical":"https:\/\/teamsters.ca\/fr\/blog\/2008\/02\/26\/reaction-du-syndicat-des-teamsters-a-la-fermeture-de-lusine-flextronics\/","og_locale":"fr_CA","og_type":"article","og_title":"R\u00e9action du syndicat des Teamsters \u00e0 la fermeture de l\u2019usine Flextronics","og_description":"Malgr\u00e9 l\u2019embauche de 65 nouveaux salari\u00e9s, cette semaine, la compagnie Flextronics sp\u00e9cialis\u00e9e dans le d\u00e9veloppement et la fabrication de r\u00e9seaux informatiques \u00e0 la fine pointe de la technologie a annonc\u00e9 la fermeture prochaine de l\u2019usine de St-Laurent qui emploie 700 employ\u00e9s. Les travailleurs et travailleuses de cette usine ont d\u00e9velopp\u00e9 une expertise in\u00e9gal\u00e9e \u00e0 travers [&hellip;]","og_url":"https:\/\/teamsters.ca\/fr\/blog\/2008\/02\/26\/reaction-du-syndicat-des-teamsters-a-la-fermeture-de-lusine-flextronics\/","og_site_name":"Teamsters Canada","article_publisher":"https:\/\/www.facebook.com\/Teamsterscanada\/","article_published_time":"2008-02-26T23:02:00+00:00","article_modified_time":"2019-06-27T20:39:53+00:00","author":"St\u00e9phanie Meunier","twitter_card":"summary_large_image","twitter_creator":"@TeamstersCanada","twitter_site":"@TeamstersCanada","twitter_misc":{"\u00c9crit par":"St\u00e9phanie Meunier","Estimation du temps de lecture":"3 minutes"},"schema":{"@context":"https:\/\/schema.org","@graph":[{"@type":"Article","@id":"https:\/\/teamsters.ca\/fr\/blog\/2008\/02\/26\/reaction-du-syndicat-des-teamsters-a-la-fermeture-de-lusine-flextronics\/#article","isPartOf":{"@id":"https:\/\/teamsters.ca\/fr\/blog\/2008\/02\/26\/reaction-du-syndicat-des-teamsters-a-la-fermeture-de-lusine-flextronics\/"},"author":{"name":"St\u00e9phanie Meunier","@id":"https:\/\/teamsters.ca\/fr\/#\/schema\/person\/3e6ffefc39fe2f212400b7d8d0a4a0c1"},"headline":"R\u00e9action du syndicat des Teamsters \u00e0 la fermeture de l\u2019usine Flextronics","datePublished":"2008-02-26T23:02:00+00:00","dateModified":"2019-06-27T20:39:53+00:00","mainEntityOfPage":{"@id":"https:\/\/teamsters.ca\/fr\/blog\/2008\/02\/26\/reaction-du-syndicat-des-teamsters-a-la-fermeture-de-lusine-flextronics\/"},"wordCount":593,"publisher":{"@id":"https:\/\/teamsters.ca\/fr\/#organization"},"articleSection":["Nouvelles"],"inLanguage":"fr-CA"},{"@type":"WebPage","@id":"https:\/\/teamsters.ca\/fr\/blog\/2008\/02\/26\/reaction-du-syndicat-des-teamsters-a-la-fermeture-de-lusine-flextronics\/","url":"https:\/\/teamsters.ca\/fr\/blog\/2008\/02\/26\/reaction-du-syndicat-des-teamsters-a-la-fermeture-de-lusine-flextronics\/","name":"R\u00e9action du syndicat des Teamsters \u00e0 la fermeture de l\u2019usine Flextronics | Teamsters Canada","isPartOf":{"@id":"https:\/\/teamsters.ca\/fr\/#website"},"datePublished":"2008-02-26T23:02:00+00:00","dateModified":"2019-06-27T20:39:53+00:00","breadcrumb":{"@id":"https:\/\/teamsters.ca\/fr\/blog\/2008\/02\/26\/reaction-du-syndicat-des-teamsters-a-la-fermeture-de-lusine-flextronics\/#breadcrumb"},"inLanguage":"fr-CA","potentialAction":[{"@type":"ReadAction","target":["https:\/\/teamsters.ca\/fr\/blog\/2008\/02\/26\/reaction-du-syndicat-des-teamsters-a-la-fermeture-de-lusine-flextronics\/"]}]},{"@type":"BreadcrumbList","@id":"https:\/\/teamsters.ca\/fr\/blog\/2008\/02\/26\/reaction-du-syndicat-des-teamsters-a-la-fermeture-de-lusine-flextronics\/#breadcrumb","itemListElement":[{"@type":"ListItem","position":1,"name":"Home","item":"https:\/\/teamsters.ca\/fr\/"},{"@type":"ListItem","position":2,"name":"R\u00e9action du syndicat des Teamsters \u00e0 la fermeture de l\u2019usine Flextronics"}]},{"@type":"WebSite","@id":"https:\/\/teamsters.ca\/fr\/#website","url":"https:\/\/teamsters.ca\/fr\/","name":"Teamsters Canada","description":"A Canadian union representing over 125 000 members","publisher":{"@id":"https:\/\/teamsters.ca\/fr\/#organization"},"potentialAction":[{"@type":"SearchAction","target":{"@type":"EntryPoint","urlTemplate":"https:\/\/teamsters.ca\/fr\/?s={search_term_string}"},"query-input":{"@type":"PropertyValueSpecification","valueRequired":true,"valueName":"search_term_string"}}],"inLanguage":"fr-CA"},{"@type":"Organization","@id":"https:\/\/teamsters.ca\/fr\/#organization","name":"Teamsters Canada","url":"https:\/\/teamsters.ca\/fr\/","logo":{"@type":"ImageObject","inLanguage":"fr-CA","@id":"https:\/\/teamsters.ca\/fr\/#\/schema\/logo\/image\/","url":"https:\/\/teamsters.ca\/wp-content\/uploads\/2019\/08\/TeamstersCanada.png","contentUrl":"https:\/\/teamsters.ca\/wp-content\/uploads\/2019\/08\/TeamstersCanada.png","width":545,"height":181,"caption":"Teamsters Canada"},"image":{"@id":"https:\/\/teamsters.ca\/fr\/#\/schema\/logo\/image\/"},"sameAs":["https:\/\/www.facebook.com\/Teamsterscanada\/","https:\/\/x.com\/TeamstersCanada"]},{"@type":"Person","@id":"https:\/\/teamsters.ca\/fr\/#\/schema\/person\/3e6ffefc39fe2f212400b7d8d0a4a0c1","name":"St\u00e9phanie Meunier","image":{"@type":"ImageObject","inLanguage":"fr-CA","@id":"https:\/\/teamsters.ca\/fr\/#\/schema\/person\/image\/","url":"https:\/\/secure.gravatar.com\/avatar\/e4e8404e91ed71cb473fa2708849669810cf083c89825a3d2dd0d47dd6b2be77?s=96&d=mm&r=g","contentUrl":"https:\/\/secure.gravatar.com\/avatar\/e4e8404e91ed71cb473fa2708849669810cf083c89825a3d2dd0d47dd6b2be77?s=96&d=mm&r=g","caption":"St\u00e9phanie Meunier"},"url":"https:\/\/teamsters.ca\/fr\/blog\/author\/smeunier\/"}]}},"_links":{"self":[{"href":"https:\/\/teamsters.ca\/fr\/wp-json\/wp\/v2\/posts\/2750","targetHints":{"allow":["GET"]}}],"collection":[{"href":"https:\/\/teamsters.ca\/fr\/wp-json\/wp\/v2\/posts"}],"about":[{"href":"https:\/\/teamsters.ca\/fr\/wp-json\/wp\/v2\/types\/post"}],"author":[{"embeddable":true,"href":"https:\/\/teamsters.ca\/fr\/wp-json\/wp\/v2\/users\/8"}],"replies":[{"embeddable":true,"href":"https:\/\/teamsters.ca\/fr\/wp-json\/wp\/v2\/comments?post=2750"}],"version-history":[{"count":2,"href":"https:\/\/teamsters.ca\/fr\/wp-json\/wp\/v2\/posts\/2750\/revisions"}],"predecessor-version":[{"id":11186,"href":"https:\/\/teamsters.ca\/fr\/wp-json\/wp\/v2\/posts\/2750\/revisions\/11186"}],"wp:attachment":[{"href":"https:\/\/teamsters.ca\/fr\/wp-json\/wp\/v2\/media?parent=2750"}],"wp:term":[{"taxonomy":"category","embeddable":true,"href":"https:\/\/teamsters.ca\/fr\/wp-json\/wp\/v2\/categories?post=2750"},{"taxonomy":"post_tag","embeddable":true,"href":"https:\/\/teamsters.ca\/fr\/wp-json\/wp\/v2\/tags?post=2750"}],"curies":[{"name":"wp","href":"https:\/\/api.w.org\/{rel}","templated":true}]}}