{"id":2749,"date":"2008-02-28T11:40:00","date_gmt":"2008-02-28T16:40:00","guid":{"rendered":"http:\/\/teamsters.ca\/2008\/02\/teamsters-canada-aux-premieres-loges-lors-du-depot-du-budget-federal\/"},"modified":"2019-06-27T20:39:53","modified_gmt":"2019-06-27T20:39:53","slug":"teamsters-canada-aux-premieres-loges-lors-du-depot-du-budget-federal","status":"publish","type":"post","link":"https:\/\/teamsters.ca\/fr\/blog\/2008\/02\/28\/teamsters-canada-aux-premieres-loges-lors-du-depot-du-budget-federal\/","title":{"rendered":"Teamsters Canada aux premi\u00e8res loges lors du d\u00e9p\u00f4t du budget f\u00e9d\u00e9ral"},"content":{"rendered":"<div align=\"justify\">Le d&eacute;p&ocirc;t du budget f&eacute;d&eacute;ral &agrave; Ottawa s&rsquo;inscrit dans une s&eacute;rie de traditions de longue date et on y d&eacute;voile des nouvelles &eacute;conomiques s&eacute;rieuses. Habituellement, le ministre des Finances souligne l&rsquo;importance de l&rsquo;&eacute;v&eacute;nement en enfilant une paire de chaussures neuves; cette ann&eacute;e, le ministre Flaherty a plut&ocirc;t choisi de faire ressemeler une vieille paire. Des repr&eacute;sentants d&rsquo;associations de presque tous les groupes de pression canadiens acceptent l&rsquo;interdiction de sortie du budget de la salle de presse afin de pouvoir prendre connaissance du budget &agrave; l&rsquo;avance.<\/p>\n<p>Avec des repr&eacute;sentants de groupes nationaux d&rsquo;entreprises et de travailleurs, Teamsters Canada a &eacute;t&eacute; accueilli par le sous-ministre des Finances, dans le cadre d&rsquo;une activit&eacute; qui r&eacute;unit les grands strat&egrave;ges du milieu financier. C&rsquo;est l&rsquo;endroit o&ugrave; aller pour obtenir l&rsquo;information pertinente directement des gens qui la contr&ocirc;lent.<\/p>\n<p>Le gouvernement a diminu&eacute; les attentes et choisi de minimiser le budget. Voici n&eacute;anmoins quelques faits saillants dignes de mention dans ce budget :<\/p>\n<p>&#8211; Le Compte d&rsquo;&eacute;pargne libre d&rsquo;imp&ocirc;t (CELI) est un m&eacute;canisme d&rsquo;&eacute;pargne qui permettra aux contribuables d&rsquo;y verser jusqu&rsquo;&agrave; 5000 $ de cotisations par ann&eacute;e. Ces cotisations ne seront pas d&eacute;ductibles contrairement &agrave; celles faites dans un R&eacute;gime enregistr&eacute; d&rsquo;&eacute;pargne-retraite, mais les revenus de placement, y compris les gains en capital, seront libres d&rsquo;imp&ocirc;t, et les retraits ne seront pas imposables. Le CELI pourrait s&rsquo;av&eacute;rer utile pour les salari&eacute;s &agrave; revenu moyen qui disposent d&rsquo;un r&eacute;gime de retraite en leur permettant de mettre plus de leurs &eacute;conomies &agrave; l&rsquo;abri de l&rsquo;imp&ocirc;t que ne leur permet le r&eacute;gime actuel des REER.<\/p>\n<p>&#8211; Les passeports seront dor&eacute;navant valides pour une p&eacute;riode de dix ans et int&eacute;greront des caract&eacute;ristiques de s&eacute;curit&eacute; &eacute;lectroniques.<\/p>\n<p>&#8211; Les chemins de fer pourront profiter d&rsquo;une hausse du taux de la DPA applicable aux locomotives. Cette mesure favorisera le renouvellement des parcs.<\/p>\n<p>&#8211; Le gouvernement propose de cr&eacute;er une nouvelle soci&eacute;t&eacute; d&rsquo;&Eacute;tat, l&rsquo;Office de financement de l&rsquo;assurance-emploi, qui sera responsable de g&eacute;rer le fonds et fixer le montant des primes. Le gouvernement continuerait d&rsquo;&eacute;tablir les politiques. Il s&rsquo;agit peut-&ecirc;tre de la proposition la plus controvers&eacute;e contenue dans le budget et une proposition qui soul&egrave;ve de grandes inqui&eacute;tudes pour Teamsters Canada. <\/p>\n<p>Nous exigerons de conna&icirc;tre les d&eacute;tails et de participer &agrave; toutes les consultations menant &agrave; la mise en &oelig;uvre du budget en ce qui a trait aux enjeux qui touchent les membres de notre syndicat.<\/p>\n<\/div>\n","protected":false},"excerpt":{"rendered":"<p>Le d&eacute;p&ocirc;t du budget f&eacute;d&eacute;ral &agrave; Ottawa s&rsquo;inscrit dans une s&eacute;rie de traditions de longue date et on y d&eacute;voile des nouvelles &eacute;conomiques s&eacute;rieuses. Habituellement, le ministre des Finances souligne l&rsquo;importance de l&rsquo;&eacute;v&eacute;nement en enfilant une paire de chaussures neuves; cette ann&eacute;e, le ministre Flaherty a plut&ocirc;t choisi de faire ressemeler une vieille paire. Des [&hellip;]<\/p>\n","protected":false},"author":8,"featured_media":0,"comment_status":"closed","ping_status":"closed","sticky":false,"template":"","format":"standard","meta":{"ngg_post_thumbnail":0,"mc4wp_mailchimp_campaign":[],"footnotes":""},"categories":[1114],"tags":[],"class_list":{"0":"post-2749","1":"post","2":"type-post","3":"status-publish","4":"format-standard","6":"category-nouvelles"},"yoast_head":"<!-- This site is optimized with the Yoast SEO Premium plugin v25.5 (Yoast SEO v25.5) - https:\/\/yoast.com\/wordpress\/plugins\/seo\/ -->\n<title>Teamsters Canada aux premi\u00e8res loges lors du d\u00e9p\u00f4t du budget f\u00e9d\u00e9ral | Teamsters Canada<\/title>\n<meta name=\"robots\" content=\"index, follow, max-snippet:-1, max-image-preview:large, max-video-preview:-1\" \/>\n<link rel=\"canonical\" href=\"https:\/\/teamsters.ca\/fr\/blog\/2008\/02\/28\/teamsters-canada-aux-premieres-loges-lors-du-depot-du-budget-federal\/\" \/>\n<meta property=\"og:locale\" content=\"fr_CA\" \/>\n<meta property=\"og:type\" content=\"article\" \/>\n<meta property=\"og:title\" content=\"Teamsters Canada aux premi\u00e8res loges lors du d\u00e9p\u00f4t du budget f\u00e9d\u00e9ral\" \/>\n<meta property=\"og:description\" content=\"Le d&eacute;p&ocirc;t du budget f&eacute;d&eacute;ral &agrave; Ottawa s&rsquo;inscrit dans une s&eacute;rie de traditions de longue date et on y d&eacute;voile des nouvelles &eacute;conomiques s&eacute;rieuses. Habituellement, le ministre des Finances souligne l&rsquo;importance de l&rsquo;&eacute;v&eacute;nement en enfilant une paire de chaussures neuves; cette ann&eacute;e, le ministre Flaherty a plut&ocirc;t choisi de faire ressemeler une vieille paire. Des [&hellip;]\" \/>\n<meta property=\"og:url\" content=\"https:\/\/teamsters.ca\/fr\/blog\/2008\/02\/28\/teamsters-canada-aux-premieres-loges-lors-du-depot-du-budget-federal\/\" \/>\n<meta property=\"og:site_name\" content=\"Teamsters Canada\" \/>\n<meta property=\"article:publisher\" content=\"https:\/\/www.facebook.com\/Teamsterscanada\/\" \/>\n<meta property=\"article:published_time\" content=\"2008-02-28T16:40:00+00:00\" \/>\n<meta property=\"article:modified_time\" content=\"2019-06-27T20:39:53+00:00\" \/>\n<meta name=\"author\" content=\"St\u00e9phanie Meunier\" \/>\n<meta name=\"twitter:card\" content=\"summary_large_image\" \/>\n<meta name=\"twitter:creator\" content=\"@TeamstersCanada\" \/>\n<meta name=\"twitter:site\" content=\"@TeamstersCanada\" \/>\n<meta name=\"twitter:label1\" content=\"\u00c9crit par\" \/>\n\t<meta name=\"twitter:data1\" content=\"St\u00e9phanie Meunier\" \/>\n\t<meta name=\"twitter:label2\" content=\"Estimation du temps de lecture\" \/>\n\t<meta name=\"twitter:data2\" content=\"3 minutes\" \/>\n<script type=\"application\/ld+json\" class=\"yoast-schema-graph\">{\"@context\":\"https:\/\/schema.org\",\"@graph\":[{\"@type\":\"Article\",\"@id\":\"https:\/\/teamsters.ca\/fr\/blog\/2008\/02\/28\/teamsters-canada-aux-premieres-loges-lors-du-depot-du-budget-federal\/#article\",\"isPartOf\":{\"@id\":\"https:\/\/teamsters.ca\/fr\/blog\/2008\/02\/28\/teamsters-canada-aux-premieres-loges-lors-du-depot-du-budget-federal\/\"},\"author\":{\"name\":\"St\u00e9phanie Meunier\",\"@id\":\"https:\/\/teamsters.ca\/fr\/#\/schema\/person\/3e6ffefc39fe2f212400b7d8d0a4a0c1\"},\"headline\":\"Teamsters Canada aux premi\u00e8res loges lors du d\u00e9p\u00f4t du budget f\u00e9d\u00e9ral\",\"datePublished\":\"2008-02-28T16:40:00+00:00\",\"dateModified\":\"2019-06-27T20:39:53+00:00\",\"mainEntityOfPage\":{\"@id\":\"https:\/\/teamsters.ca\/fr\/blog\/2008\/02\/28\/teamsters-canada-aux-premieres-loges-lors-du-depot-du-budget-federal\/\"},\"wordCount\":560,\"publisher\":{\"@id\":\"https:\/\/teamsters.ca\/fr\/#organization\"},\"articleSection\":[\"Nouvelles\"],\"inLanguage\":\"fr-CA\"},{\"@type\":\"WebPage\",\"@id\":\"https:\/\/teamsters.ca\/fr\/blog\/2008\/02\/28\/teamsters-canada-aux-premieres-loges-lors-du-depot-du-budget-federal\/\",\"url\":\"https:\/\/teamsters.ca\/fr\/blog\/2008\/02\/28\/teamsters-canada-aux-premieres-loges-lors-du-depot-du-budget-federal\/\",\"name\":\"Teamsters Canada aux premi\u00e8res loges lors du d\u00e9p\u00f4t du budget f\u00e9d\u00e9ral | Teamsters Canada\",\"isPartOf\":{\"@id\":\"https:\/\/teamsters.ca\/fr\/#website\"},\"datePublished\":\"2008-02-28T16:40:00+00:00\",\"dateModified\":\"2019-06-27T20:39:53+00:00\",\"breadcrumb\":{\"@id\":\"https:\/\/teamsters.ca\/fr\/blog\/2008\/02\/28\/teamsters-canada-aux-premieres-loges-lors-du-depot-du-budget-federal\/#breadcrumb\"},\"inLanguage\":\"fr-CA\",\"potentialAction\":[{\"@type\":\"ReadAction\",\"target\":[\"https:\/\/teamsters.ca\/fr\/blog\/2008\/02\/28\/teamsters-canada-aux-premieres-loges-lors-du-depot-du-budget-federal\/\"]}]},{\"@type\":\"BreadcrumbList\",\"@id\":\"https:\/\/teamsters.ca\/fr\/blog\/2008\/02\/28\/teamsters-canada-aux-premieres-loges-lors-du-depot-du-budget-federal\/#breadcrumb\",\"itemListElement\":[{\"@type\":\"ListItem\",\"position\":1,\"name\":\"Home\",\"item\":\"https:\/\/teamsters.ca\/fr\/\"},{\"@type\":\"ListItem\",\"position\":2,\"name\":\"Teamsters Canada aux premi\u00e8res loges lors du d\u00e9p\u00f4t du budget f\u00e9d\u00e9ral\"}]},{\"@type\":\"WebSite\",\"@id\":\"https:\/\/teamsters.ca\/fr\/#website\",\"url\":\"https:\/\/teamsters.ca\/fr\/\",\"name\":\"Teamsters Canada\",\"description\":\"A Canadian union representing over 125 000 members\",\"publisher\":{\"@id\":\"https:\/\/teamsters.ca\/fr\/#organization\"},\"potentialAction\":[{\"@type\":\"SearchAction\",\"target\":{\"@type\":\"EntryPoint\",\"urlTemplate\":\"https:\/\/teamsters.ca\/fr\/?s={search_term_string}\"},\"query-input\":{\"@type\":\"PropertyValueSpecification\",\"valueRequired\":true,\"valueName\":\"search_term_string\"}}],\"inLanguage\":\"fr-CA\"},{\"@type\":\"Organization\",\"@id\":\"https:\/\/teamsters.ca\/fr\/#organization\",\"name\":\"Teamsters Canada\",\"url\":\"https:\/\/teamsters.ca\/fr\/\",\"logo\":{\"@type\":\"ImageObject\",\"inLanguage\":\"fr-CA\",\"@id\":\"https:\/\/teamsters.ca\/fr\/#\/schema\/logo\/image\/\",\"url\":\"https:\/\/teamsters.ca\/wp-content\/uploads\/2019\/08\/TeamstersCanada.png\",\"contentUrl\":\"https:\/\/teamsters.ca\/wp-content\/uploads\/2019\/08\/TeamstersCanada.png\",\"width\":545,\"height\":181,\"caption\":\"Teamsters Canada\"},\"image\":{\"@id\":\"https:\/\/teamsters.ca\/fr\/#\/schema\/logo\/image\/\"},\"sameAs\":[\"https:\/\/www.facebook.com\/Teamsterscanada\/\",\"https:\/\/x.com\/TeamstersCanada\"]},{\"@type\":\"Person\",\"@id\":\"https:\/\/teamsters.ca\/fr\/#\/schema\/person\/3e6ffefc39fe2f212400b7d8d0a4a0c1\",\"name\":\"St\u00e9phanie Meunier\",\"image\":{\"@type\":\"ImageObject\",\"inLanguage\":\"fr-CA\",\"@id\":\"https:\/\/teamsters.ca\/fr\/#\/schema\/person\/image\/\",\"url\":\"https:\/\/secure.gravatar.com\/avatar\/e4e8404e91ed71cb473fa2708849669810cf083c89825a3d2dd0d47dd6b2be77?s=96&d=mm&r=g\",\"contentUrl\":\"https:\/\/secure.gravatar.com\/avatar\/e4e8404e91ed71cb473fa2708849669810cf083c89825a3d2dd0d47dd6b2be77?s=96&d=mm&r=g\",\"caption\":\"St\u00e9phanie Meunier\"},\"url\":\"https:\/\/teamsters.ca\/fr\/blog\/author\/smeunier\/\"}]}<\/script>\n<!-- \/ Yoast SEO Premium plugin. -->","yoast_head_json":{"title":"Teamsters Canada aux premi\u00e8res loges lors du d\u00e9p\u00f4t du budget f\u00e9d\u00e9ral | Teamsters Canada","robots":{"index":"index","follow":"follow","max-snippet":"max-snippet:-1","max-image-preview":"max-image-preview:large","max-video-preview":"max-video-preview:-1"},"canonical":"https:\/\/teamsters.ca\/fr\/blog\/2008\/02\/28\/teamsters-canada-aux-premieres-loges-lors-du-depot-du-budget-federal\/","og_locale":"fr_CA","og_type":"article","og_title":"Teamsters Canada aux premi\u00e8res loges lors du d\u00e9p\u00f4t du budget f\u00e9d\u00e9ral","og_description":"Le d&eacute;p&ocirc;t du budget f&eacute;d&eacute;ral &agrave; Ottawa s&rsquo;inscrit dans une s&eacute;rie de traditions de longue date et on y d&eacute;voile des nouvelles &eacute;conomiques s&eacute;rieuses. Habituellement, le ministre des Finances souligne l&rsquo;importance de l&rsquo;&eacute;v&eacute;nement en enfilant une paire de chaussures neuves; cette ann&eacute;e, le ministre Flaherty a plut&ocirc;t choisi de faire ressemeler une vieille paire. Des [&hellip;]","og_url":"https:\/\/teamsters.ca\/fr\/blog\/2008\/02\/28\/teamsters-canada-aux-premieres-loges-lors-du-depot-du-budget-federal\/","og_site_name":"Teamsters Canada","article_publisher":"https:\/\/www.facebook.com\/Teamsterscanada\/","article_published_time":"2008-02-28T16:40:00+00:00","article_modified_time":"2019-06-27T20:39:53+00:00","author":"St\u00e9phanie Meunier","twitter_card":"summary_large_image","twitter_creator":"@TeamstersCanada","twitter_site":"@TeamstersCanada","twitter_misc":{"\u00c9crit par":"St\u00e9phanie Meunier","Estimation du temps de lecture":"3 minutes"},"schema":{"@context":"https:\/\/schema.org","@graph":[{"@type":"Article","@id":"https:\/\/teamsters.ca\/fr\/blog\/2008\/02\/28\/teamsters-canada-aux-premieres-loges-lors-du-depot-du-budget-federal\/#article","isPartOf":{"@id":"https:\/\/teamsters.ca\/fr\/blog\/2008\/02\/28\/teamsters-canada-aux-premieres-loges-lors-du-depot-du-budget-federal\/"},"author":{"name":"St\u00e9phanie Meunier","@id":"https:\/\/teamsters.ca\/fr\/#\/schema\/person\/3e6ffefc39fe2f212400b7d8d0a4a0c1"},"headline":"Teamsters Canada aux premi\u00e8res loges lors du d\u00e9p\u00f4t du budget f\u00e9d\u00e9ral","datePublished":"2008-02-28T16:40:00+00:00","dateModified":"2019-06-27T20:39:53+00:00","mainEntityOfPage":{"@id":"https:\/\/teamsters.ca\/fr\/blog\/2008\/02\/28\/teamsters-canada-aux-premieres-loges-lors-du-depot-du-budget-federal\/"},"wordCount":560,"publisher":{"@id":"https:\/\/teamsters.ca\/fr\/#organization"},"articleSection":["Nouvelles"],"inLanguage":"fr-CA"},{"@type":"WebPage","@id":"https:\/\/teamsters.ca\/fr\/blog\/2008\/02\/28\/teamsters-canada-aux-premieres-loges-lors-du-depot-du-budget-federal\/","url":"https:\/\/teamsters.ca\/fr\/blog\/2008\/02\/28\/teamsters-canada-aux-premieres-loges-lors-du-depot-du-budget-federal\/","name":"Teamsters Canada aux premi\u00e8res loges lors du d\u00e9p\u00f4t du budget f\u00e9d\u00e9ral | Teamsters Canada","isPartOf":{"@id":"https:\/\/teamsters.ca\/fr\/#website"},"datePublished":"2008-02-28T16:40:00+00:00","dateModified":"2019-06-27T20:39:53+00:00","breadcrumb":{"@id":"https:\/\/teamsters.ca\/fr\/blog\/2008\/02\/28\/teamsters-canada-aux-premieres-loges-lors-du-depot-du-budget-federal\/#breadcrumb"},"inLanguage":"fr-CA","potentialAction":[{"@type":"ReadAction","target":["https:\/\/teamsters.ca\/fr\/blog\/2008\/02\/28\/teamsters-canada-aux-premieres-loges-lors-du-depot-du-budget-federal\/"]}]},{"@type":"BreadcrumbList","@id":"https:\/\/teamsters.ca\/fr\/blog\/2008\/02\/28\/teamsters-canada-aux-premieres-loges-lors-du-depot-du-budget-federal\/#breadcrumb","itemListElement":[{"@type":"ListItem","position":1,"name":"Home","item":"https:\/\/teamsters.ca\/fr\/"},{"@type":"ListItem","position":2,"name":"Teamsters Canada aux premi\u00e8res loges lors du d\u00e9p\u00f4t du budget f\u00e9d\u00e9ral"}]},{"@type":"WebSite","@id":"https:\/\/teamsters.ca\/fr\/#website","url":"https:\/\/teamsters.ca\/fr\/","name":"Teamsters Canada","description":"A Canadian union representing over 125 000 members","publisher":{"@id":"https:\/\/teamsters.ca\/fr\/#organization"},"potentialAction":[{"@type":"SearchAction","target":{"@type":"EntryPoint","urlTemplate":"https:\/\/teamsters.ca\/fr\/?s={search_term_string}"},"query-input":{"@type":"PropertyValueSpecification","valueRequired":true,"valueName":"search_term_string"}}],"inLanguage":"fr-CA"},{"@type":"Organization","@id":"https:\/\/teamsters.ca\/fr\/#organization","name":"Teamsters Canada","url":"https:\/\/teamsters.ca\/fr\/","logo":{"@type":"ImageObject","inLanguage":"fr-CA","@id":"https:\/\/teamsters.ca\/fr\/#\/schema\/logo\/image\/","url":"https:\/\/teamsters.ca\/wp-content\/uploads\/2019\/08\/TeamstersCanada.png","contentUrl":"https:\/\/teamsters.ca\/wp-content\/uploads\/2019\/08\/TeamstersCanada.png","width":545,"height":181,"caption":"Teamsters Canada"},"image":{"@id":"https:\/\/teamsters.ca\/fr\/#\/schema\/logo\/image\/"},"sameAs":["https:\/\/www.facebook.com\/Teamsterscanada\/","https:\/\/x.com\/TeamstersCanada"]},{"@type":"Person","@id":"https:\/\/teamsters.ca\/fr\/#\/schema\/person\/3e6ffefc39fe2f212400b7d8d0a4a0c1","name":"St\u00e9phanie Meunier","image":{"@type":"ImageObject","inLanguage":"fr-CA","@id":"https:\/\/teamsters.ca\/fr\/#\/schema\/person\/image\/","url":"https:\/\/secure.gravatar.com\/avatar\/e4e8404e91ed71cb473fa2708849669810cf083c89825a3d2dd0d47dd6b2be77?s=96&d=mm&r=g","contentUrl":"https:\/\/secure.gravatar.com\/avatar\/e4e8404e91ed71cb473fa2708849669810cf083c89825a3d2dd0d47dd6b2be77?s=96&d=mm&r=g","caption":"St\u00e9phanie Meunier"},"url":"https:\/\/teamsters.ca\/fr\/blog\/author\/smeunier\/"}]}},"_links":{"self":[{"href":"https:\/\/teamsters.ca\/fr\/wp-json\/wp\/v2\/posts\/2749","targetHints":{"allow":["GET"]}}],"collection":[{"href":"https:\/\/teamsters.ca\/fr\/wp-json\/wp\/v2\/posts"}],"about":[{"href":"https:\/\/teamsters.ca\/fr\/wp-json\/wp\/v2\/types\/post"}],"author":[{"embeddable":true,"href":"https:\/\/teamsters.ca\/fr\/wp-json\/wp\/v2\/users\/8"}],"replies":[{"embeddable":true,"href":"https:\/\/teamsters.ca\/fr\/wp-json\/wp\/v2\/comments?post=2749"}],"version-history":[{"count":1,"href":"https:\/\/teamsters.ca\/fr\/wp-json\/wp\/v2\/posts\/2749\/revisions"}],"predecessor-version":[{"id":10730,"href":"https:\/\/teamsters.ca\/fr\/wp-json\/wp\/v2\/posts\/2749\/revisions\/10730"}],"wp:attachment":[{"href":"https:\/\/teamsters.ca\/fr\/wp-json\/wp\/v2\/media?parent=2749"}],"wp:term":[{"taxonomy":"category","embeddable":true,"href":"https:\/\/teamsters.ca\/fr\/wp-json\/wp\/v2\/categories?post=2749"},{"taxonomy":"post_tag","embeddable":true,"href":"https:\/\/teamsters.ca\/fr\/wp-json\/wp\/v2\/tags?post=2749"}],"curies":[{"name":"wp","href":"https:\/\/api.w.org\/{rel}","templated":true}]}}