{"id":27479,"date":"2024-08-18T19:56:23","date_gmt":"2024-08-18T23:56:23","guid":{"rendered":"https:\/\/teamsters.ca\/?p=27479"},"modified":"2024-08-18T19:59:53","modified_gmt":"2024-08-18T23:59:53","slug":"le-syndicat-des-teamsters-depose-un-preavis-de-greve-au-cpkc","status":"publish","type":"post","link":"https:\/\/teamsters.ca\/fr\/blog\/2024\/08\/18\/le-syndicat-des-teamsters-depose-un-preavis-de-greve-au-cpkc\/","title":{"rendered":"Le syndicat des Teamsters d\u00e9pose un pr\u00e9avis de gr\u00e8ve au CPKC\u00a0"},"content":{"rendered":"\n<p><em>Un arr\u00eat de travail est toujours pr\u00e9vu pour 00 h 01 le jeudi 22 ao\u00fbt, \u00e0 moins qu\u2019une entente de derni\u00e8re minute ne soit conclue&nbsp;<\/em><\/p>\n\n\n\n<p>Montr\u00e9al, le 18 ao\u00fbt 2024 \u2013 La Conf\u00e9rence ferroviaire de Teamsters Canada (les Teamsters) a aujourd&rsquo;hui d\u00e9pos\u00e9 un pr\u00e9avis de gr\u00e8ve de 72 heures \u00e0 CPKC. \u00c0 moins qu&rsquo;un accord de derni\u00e8re minute ne soit conclu, un arr\u00eat de travail est toujours pr\u00e9vu \u00e0 00 h 01 le jeudi 22 ao\u00fbt.&nbsp;<\/p>\n\n\n\n<p>CPKC a annonc\u00e9 son intention de d\u00e9cr\u00e9ter un lock-out, en plus d&rsquo;annuler unilat\u00e9ralement les conventions collectives expir\u00e9es, <strong>privant ainsi les travailleurs et travailleuses de toutes les protections pr\u00e9vues par ces accords<\/strong>. Cela oblige le syndicat \u00e0 d\u00e9poser un avis de gr\u00e8ve afin de prot\u00e9ger ses membres.&nbsp;<\/p>\n\n\n\n<p>\u00ab Nous ne prenons pas cette d\u00e9cision \u00e0 la l\u00e9g\u00e8re, mais les actions irresponsables du CPKC nous laissent sans autre choix. En annulant unilat\u00e9ralement les conventions collectives expir\u00e9es, ils privent nos membres de protections essentielles. Nous d\u00e9posons donc ce pr\u00e9avis de gr\u00e8ve pour d\u00e9fendre les droits et la s\u00e9curit\u00e9 de nos membres, \u00bb a d\u00e9clar\u00e9 Paul Boucher, pr\u00e9sident de la Conf\u00e9rence ferroviaire de Teamsters Canada.&nbsp;<\/p>\n\n\n\n<p>Le CPKC avait pr\u00e9c\u00e9demment indiqu\u00e9 son intention de d\u00e9cr\u00e9ter un lock-out. L&rsquo;entreprise fait pression sur le syndicat pour obtenir des concessions afin de rendre les horaires encore plus impr\u00e9visibles, cr\u00e9ant ainsi un risque de s\u00e9curit\u00e9 li\u00e9 \u00e0 la fatigue. L&rsquo;entreprise tente de contourner les dispositions du Code canadien du travail, et de modifier les r\u00e8gles li\u00e9es au maintien des travailleurs loin de leur domicile.&nbsp;<\/p>\n\n\n\n<p>De plus, le comit\u00e9 de n\u00e9gociation repr\u00e9sentant les contr\u00f4leurs de la circulation ferroviaire du CPKC a pr\u00e9sent\u00e9 de nombreuses propositions pour r\u00e9soudre les probl\u00e8mes identifi\u00e9s par l&rsquo;entreprise. Malgr\u00e9 cela, le CPKC n&rsquo;a pas r\u00e9pondu par une seule contre-offre pendant tout le processus, et n&rsquo;a pas non plus r\u00e9vis\u00e9 ses demandes globales d\u00e9pos\u00e9es il y a plusieurs mois.&nbsp;<\/p>\n\n\n\n<p>Modifier ou annuler unilat\u00e9ralement une convention collective expir\u00e9e est une tactique peu connue qui peut forcer les travailleurs \u00e0 d\u00e9brayer, tout en permettant \u00e0 une entreprise de nier la responsabilit\u00e9 des perturbations qui en r\u00e9sultent.&nbsp;<\/p>\n\n\n\n<p>Les Teamsters restent engag\u00e9s \u00e0 n\u00e9gocier de bonne foi et \u00e0 faire tout ce qui est possible pour parvenir \u00e0 des accords justes et \u00e9quitables avec CPKC.&nbsp;<\/p>\n\n\n\n<p>\u00ab Le CPKC se soucie peu des agriculteurs, des cha\u00eenes d&rsquo;approvisionnement ou des petites entreprises. Cette entreprise tr\u00e8s rentable joue dur avec l&rsquo;\u00e9conomie canadienne, en faisant tout ce qu&rsquo;elle peut pour remplir les poches de ses dirigeants et actionnaires, peu importe les cons\u00e9quences. Nous sommes pr\u00eats \u00e0 n\u00e9gocier, mais CPKC doit cesser de jouer et se mettre au s\u00e9rieux \u00bb, a ajout\u00e9 Boucher.&nbsp;<\/p>\n\n\n\n<p><em>Avec plus de 130 000 membres, Teamsters Canada est le plus grand syndicat du pays dans le domaine du transport et de la cha\u00eene d\u2019approvisionnement. Il est affili\u00e9 \u00e0 la Fraternit\u00e9 internationale des Teamsters, qui repr\u00e9sente plus de 1,3million de travailleurs en Am\u00e9rique du Nord.&nbsp;<\/em><\/p>\n\n\n\n<p class=\"has-text-align-center\">-30-&nbsp;<\/p>\n\n\n\n<p>Christopher Monette<br \/>Directeur des affaires publiques<br \/>Teamsters Canada<br \/>Cell : 514-226-6002<br \/><a href=\"mailto:cmonette@teamsters.ca\" target=\"_blank\" rel=\"noreferrer noopener\">cmonette@teamsters.ca<\/a><\/p>\n","protected":false},"excerpt":{"rendered":"<p>Un arr\u00eat de travail est toujours pr\u00e9vu pour 00 h 01 le jeudi 22 ao\u00fbt, \u00e0 moins qu\u2019une entente de derni\u00e8re minute ne soit conclue\u00a0<\/p>\n","protected":false},"author":9,"featured_media":27487,"comment_status":"closed","ping_status":"closed","sticky":false,"template":"","format":"standard","meta":{"ngg_post_thumbnail":0,"mc4wp_mailchimp_campaign":[],"footnotes":""},"categories":[1140,4995,1114,1132],"tags":[654,65,360,71,169],"class_list":{"0":"post-27479","1":"post","2":"type-post","3":"status-publish","4":"format-standard","5":"has-post-thumbnail","7":"category-canada-region-fr","8":"category-convention-collective","9":"category-nouvelles","10":"category-transport-ferroviaire","11":"tag-cftc","12":"tag-cn-en","13":"tag-conference-ferroviaire-de-teamsters-canada","14":"tag-cp-en","15":"tag-teamsters-canada-rail-conference"},"yoast_head":"<!-- This site is optimized with the Yoast SEO Premium plugin v25.5 (Yoast SEO v25.5) - https:\/\/yoast.com\/wordpress\/plugins\/seo\/ -->\n<title>Le syndicat des Teamsters d\u00e9pose un pr\u00e9avis de gr\u00e8ve au CPKC\u00a0 | Teamsters Canada<\/title>\n<meta name=\"robots\" content=\"index, follow, max-snippet:-1, max-image-preview:large, max-video-preview:-1\" \/>\n<link rel=\"canonical\" href=\"https:\/\/teamsters.ca\/fr\/blog\/2024\/08\/18\/le-syndicat-des-teamsters-depose-un-preavis-de-greve-au-cpkc\/\" \/>\n<meta property=\"og:locale\" content=\"fr_CA\" \/>\n<meta property=\"og:type\" content=\"article\" \/>\n<meta property=\"og:title\" content=\"Le syndicat des Teamsters d\u00e9pose un pr\u00e9avis de gr\u00e8ve au CPKC\u00a0\" \/>\n<meta property=\"og:description\" content=\"Un arr\u00eat de travail est toujours pr\u00e9vu pour 00 h 01 le jeudi 22 ao\u00fbt, \u00e0 moins qu\u2019une entente de derni\u00e8re minute ne soit conclue\u00a0\" \/>\n<meta property=\"og:url\" content=\"https:\/\/teamsters.ca\/fr\/blog\/2024\/08\/18\/le-syndicat-des-teamsters-depose-un-preavis-de-greve-au-cpkc\/\" \/>\n<meta property=\"og:site_name\" content=\"Teamsters Canada\" \/>\n<meta property=\"article:publisher\" content=\"https:\/\/www.facebook.com\/Teamsterscanada\/\" \/>\n<meta property=\"article:published_time\" content=\"2024-08-18T23:56:23+00:00\" \/>\n<meta property=\"article:modified_time\" content=\"2024-08-18T23:59:53+00:00\" \/>\n<meta property=\"og:image\" content=\"https:\/\/teamsters.ca\/wp-content\/uploads\/2024\/08\/GreveFR.jpg\" \/>\n\t<meta property=\"og:image:width\" content=\"1166\" \/>\n\t<meta property=\"og:image:height\" content=\"768\" \/>\n\t<meta property=\"og:image:type\" content=\"image\/jpeg\" \/>\n<meta name=\"author\" content=\"communications\" \/>\n<meta name=\"twitter:card\" content=\"summary_large_image\" \/>\n<meta name=\"twitter:creator\" content=\"@TeamstersCanada\" \/>\n<meta name=\"twitter:site\" content=\"@TeamstersCanada\" \/>\n<meta name=\"twitter:label1\" content=\"\u00c9crit par\" \/>\n\t<meta name=\"twitter:data1\" content=\"communications\" \/>\n\t<meta name=\"twitter:label2\" content=\"Estimation du temps de lecture\" \/>\n\t<meta name=\"twitter:data2\" content=\"3 minutes\" \/>\n<script type=\"application\/ld+json\" class=\"yoast-schema-graph\">{\"@context\":\"https:\/\/schema.org\",\"@graph\":[{\"@type\":\"Article\",\"@id\":\"https:\/\/teamsters.ca\/fr\/blog\/2024\/08\/18\/le-syndicat-des-teamsters-depose-un-preavis-de-greve-au-cpkc\/#article\",\"isPartOf\":{\"@id\":\"https:\/\/teamsters.ca\/fr\/blog\/2024\/08\/18\/le-syndicat-des-teamsters-depose-un-preavis-de-greve-au-cpkc\/\"},\"author\":{\"name\":\"communications\",\"@id\":\"https:\/\/teamsters.ca\/fr\/#\/schema\/person\/16abb510b61e30ac94505e325f34ff0c\"},\"headline\":\"Le syndicat des Teamsters d\u00e9pose un pr\u00e9avis de gr\u00e8ve au CPKC\u00a0\",\"datePublished\":\"2024-08-18T23:56:23+00:00\",\"dateModified\":\"2024-08-18T23:59:53+00:00\",\"mainEntityOfPage\":{\"@id\":\"https:\/\/teamsters.ca\/fr\/blog\/2024\/08\/18\/le-syndicat-des-teamsters-depose-un-preavis-de-greve-au-cpkc\/\"},\"wordCount\":548,\"publisher\":{\"@id\":\"https:\/\/teamsters.ca\/fr\/#organization\"},\"image\":{\"@id\":\"https:\/\/teamsters.ca\/fr\/blog\/2024\/08\/18\/le-syndicat-des-teamsters-depose-un-preavis-de-greve-au-cpkc\/#primaryimage\"},\"thumbnailUrl\":\"https:\/\/teamsters.ca\/wp-content\/uploads\/2024\/08\/GreveFR.jpg\",\"keywords\":[\"CFTC\",\"CN\",\"Conf\u00e9rence ferroviaire de Teamsters Canada\",\"CP\",\"Teamsters Canada Rail Conference\"],\"articleSection\":[\"Canada\",\"Convention collective\",\"Nouvelles\",\"Transport ferroviaire\"],\"inLanguage\":\"fr-CA\"},{\"@type\":\"WebPage\",\"@id\":\"https:\/\/teamsters.ca\/fr\/blog\/2024\/08\/18\/le-syndicat-des-teamsters-depose-un-preavis-de-greve-au-cpkc\/\",\"url\":\"https:\/\/teamsters.ca\/fr\/blog\/2024\/08\/18\/le-syndicat-des-teamsters-depose-un-preavis-de-greve-au-cpkc\/\",\"name\":\"Le syndicat des Teamsters d\u00e9pose un pr\u00e9avis de gr\u00e8ve au CPKC\u00a0 | Teamsters Canada\",\"isPartOf\":{\"@id\":\"https:\/\/teamsters.ca\/fr\/#website\"},\"primaryImageOfPage\":{\"@id\":\"https:\/\/teamsters.ca\/fr\/blog\/2024\/08\/18\/le-syndicat-des-teamsters-depose-un-preavis-de-greve-au-cpkc\/#primaryimage\"},\"image\":{\"@id\":\"https:\/\/teamsters.ca\/fr\/blog\/2024\/08\/18\/le-syndicat-des-teamsters-depose-un-preavis-de-greve-au-cpkc\/#primaryimage\"},\"thumbnailUrl\":\"https:\/\/teamsters.ca\/wp-content\/uploads\/2024\/08\/GreveFR.jpg\",\"datePublished\":\"2024-08-18T23:56:23+00:00\",\"dateModified\":\"2024-08-18T23:59:53+00:00\",\"breadcrumb\":{\"@id\":\"https:\/\/teamsters.ca\/fr\/blog\/2024\/08\/18\/le-syndicat-des-teamsters-depose-un-preavis-de-greve-au-cpkc\/#breadcrumb\"},\"inLanguage\":\"fr-CA\",\"potentialAction\":[{\"@type\":\"ReadAction\",\"target\":[\"https:\/\/teamsters.ca\/fr\/blog\/2024\/08\/18\/le-syndicat-des-teamsters-depose-un-preavis-de-greve-au-cpkc\/\"]}]},{\"@type\":\"ImageObject\",\"inLanguage\":\"fr-CA\",\"@id\":\"https:\/\/teamsters.ca\/fr\/blog\/2024\/08\/18\/le-syndicat-des-teamsters-depose-un-preavis-de-greve-au-cpkc\/#primaryimage\",\"url\":\"https:\/\/teamsters.ca\/wp-content\/uploads\/2024\/08\/GreveFR.jpg\",\"contentUrl\":\"https:\/\/teamsters.ca\/wp-content\/uploads\/2024\/08\/GreveFR.jpg\",\"width\":1166,\"height\":768},{\"@type\":\"BreadcrumbList\",\"@id\":\"https:\/\/teamsters.ca\/fr\/blog\/2024\/08\/18\/le-syndicat-des-teamsters-depose-un-preavis-de-greve-au-cpkc\/#breadcrumb\",\"itemListElement\":[{\"@type\":\"ListItem\",\"position\":1,\"name\":\"Home\",\"item\":\"https:\/\/teamsters.ca\/fr\/\"},{\"@type\":\"ListItem\",\"position\":2,\"name\":\"Le syndicat des Teamsters d\u00e9pose un pr\u00e9avis de gr\u00e8ve au CPKC\u00a0\"}]},{\"@type\":\"WebSite\",\"@id\":\"https:\/\/teamsters.ca\/fr\/#website\",\"url\":\"https:\/\/teamsters.ca\/fr\/\",\"name\":\"Teamsters Canada\",\"description\":\"A Canadian union representing over 125 000 members\",\"publisher\":{\"@id\":\"https:\/\/teamsters.ca\/fr\/#organization\"},\"potentialAction\":[{\"@type\":\"SearchAction\",\"target\":{\"@type\":\"EntryPoint\",\"urlTemplate\":\"https:\/\/teamsters.ca\/fr\/?s={search_term_string}\"},\"query-input\":{\"@type\":\"PropertyValueSpecification\",\"valueRequired\":true,\"valueName\":\"search_term_string\"}}],\"inLanguage\":\"fr-CA\"},{\"@type\":\"Organization\",\"@id\":\"https:\/\/teamsters.ca\/fr\/#organization\",\"name\":\"Teamsters Canada\",\"url\":\"https:\/\/teamsters.ca\/fr\/\",\"logo\":{\"@type\":\"ImageObject\",\"inLanguage\":\"fr-CA\",\"@id\":\"https:\/\/teamsters.ca\/fr\/#\/schema\/logo\/image\/\",\"url\":\"https:\/\/teamsters.ca\/wp-content\/uploads\/2019\/08\/TeamstersCanada.png\",\"contentUrl\":\"https:\/\/teamsters.ca\/wp-content\/uploads\/2019\/08\/TeamstersCanada.png\",\"width\":545,\"height\":181,\"caption\":\"Teamsters Canada\"},\"image\":{\"@id\":\"https:\/\/teamsters.ca\/fr\/#\/schema\/logo\/image\/\"},\"sameAs\":[\"https:\/\/www.facebook.com\/Teamsterscanada\/\",\"https:\/\/x.com\/TeamstersCanada\"]},{\"@type\":\"Person\",\"@id\":\"https:\/\/teamsters.ca\/fr\/#\/schema\/person\/16abb510b61e30ac94505e325f34ff0c\",\"name\":\"communications\",\"image\":{\"@type\":\"ImageObject\",\"inLanguage\":\"fr-CA\",\"@id\":\"https:\/\/teamsters.ca\/fr\/#\/schema\/person\/image\/\",\"url\":\"https:\/\/secure.gravatar.com\/avatar\/707c37c6763af59d83f3b3dcebfff9d9d58ef9e062e2c9452a9dbb153c85d7ac?s=96&d=mm&r=g\",\"contentUrl\":\"https:\/\/secure.gravatar.com\/avatar\/707c37c6763af59d83f3b3dcebfff9d9d58ef9e062e2c9452a9dbb153c85d7ac?s=96&d=mm&r=g\",\"caption\":\"communications\"},\"url\":\"https:\/\/teamsters.ca\/fr\/blog\/author\/communications\/\"}]}<\/script>\n<!-- \/ Yoast SEO Premium plugin. -->","yoast_head_json":{"title":"Le syndicat des Teamsters d\u00e9pose un pr\u00e9avis de gr\u00e8ve au CPKC\u00a0 | Teamsters Canada","robots":{"index":"index","follow":"follow","max-snippet":"max-snippet:-1","max-image-preview":"max-image-preview:large","max-video-preview":"max-video-preview:-1"},"canonical":"https:\/\/teamsters.ca\/fr\/blog\/2024\/08\/18\/le-syndicat-des-teamsters-depose-un-preavis-de-greve-au-cpkc\/","og_locale":"fr_CA","og_type":"article","og_title":"Le syndicat des Teamsters d\u00e9pose un pr\u00e9avis de gr\u00e8ve au CPKC\u00a0","og_description":"Un arr\u00eat de travail est toujours pr\u00e9vu pour 00 h 01 le jeudi 22 ao\u00fbt, \u00e0 moins qu\u2019une entente de derni\u00e8re minute ne soit conclue\u00a0","og_url":"https:\/\/teamsters.ca\/fr\/blog\/2024\/08\/18\/le-syndicat-des-teamsters-depose-un-preavis-de-greve-au-cpkc\/","og_site_name":"Teamsters Canada","article_publisher":"https:\/\/www.facebook.com\/Teamsterscanada\/","article_published_time":"2024-08-18T23:56:23+00:00","article_modified_time":"2024-08-18T23:59:53+00:00","og_image":[{"width":1166,"height":768,"url":"https:\/\/teamsters.ca\/wp-content\/uploads\/2024\/08\/GreveFR.jpg","type":"image\/jpeg"}],"author":"communications","twitter_card":"summary_large_image","twitter_creator":"@TeamstersCanada","twitter_site":"@TeamstersCanada","twitter_misc":{"\u00c9crit par":"communications","Estimation du temps de lecture":"3 minutes"},"schema":{"@context":"https:\/\/schema.org","@graph":[{"@type":"Article","@id":"https:\/\/teamsters.ca\/fr\/blog\/2024\/08\/18\/le-syndicat-des-teamsters-depose-un-preavis-de-greve-au-cpkc\/#article","isPartOf":{"@id":"https:\/\/teamsters.ca\/fr\/blog\/2024\/08\/18\/le-syndicat-des-teamsters-depose-un-preavis-de-greve-au-cpkc\/"},"author":{"name":"communications","@id":"https:\/\/teamsters.ca\/fr\/#\/schema\/person\/16abb510b61e30ac94505e325f34ff0c"},"headline":"Le syndicat des Teamsters d\u00e9pose un pr\u00e9avis de gr\u00e8ve au CPKC\u00a0","datePublished":"2024-08-18T23:56:23+00:00","dateModified":"2024-08-18T23:59:53+00:00","mainEntityOfPage":{"@id":"https:\/\/teamsters.ca\/fr\/blog\/2024\/08\/18\/le-syndicat-des-teamsters-depose-un-preavis-de-greve-au-cpkc\/"},"wordCount":548,"publisher":{"@id":"https:\/\/teamsters.ca\/fr\/#organization"},"image":{"@id":"https:\/\/teamsters.ca\/fr\/blog\/2024\/08\/18\/le-syndicat-des-teamsters-depose-un-preavis-de-greve-au-cpkc\/#primaryimage"},"thumbnailUrl":"https:\/\/teamsters.ca\/wp-content\/uploads\/2024\/08\/GreveFR.jpg","keywords":["CFTC","CN","Conf\u00e9rence ferroviaire de Teamsters Canada","CP","Teamsters Canada Rail Conference"],"articleSection":["Canada","Convention collective","Nouvelles","Transport ferroviaire"],"inLanguage":"fr-CA"},{"@type":"WebPage","@id":"https:\/\/teamsters.ca\/fr\/blog\/2024\/08\/18\/le-syndicat-des-teamsters-depose-un-preavis-de-greve-au-cpkc\/","url":"https:\/\/teamsters.ca\/fr\/blog\/2024\/08\/18\/le-syndicat-des-teamsters-depose-un-preavis-de-greve-au-cpkc\/","name":"Le syndicat des Teamsters d\u00e9pose un pr\u00e9avis de gr\u00e8ve au CPKC\u00a0 | Teamsters Canada","isPartOf":{"@id":"https:\/\/teamsters.ca\/fr\/#website"},"primaryImageOfPage":{"@id":"https:\/\/teamsters.ca\/fr\/blog\/2024\/08\/18\/le-syndicat-des-teamsters-depose-un-preavis-de-greve-au-cpkc\/#primaryimage"},"image":{"@id":"https:\/\/teamsters.ca\/fr\/blog\/2024\/08\/18\/le-syndicat-des-teamsters-depose-un-preavis-de-greve-au-cpkc\/#primaryimage"},"thumbnailUrl":"https:\/\/teamsters.ca\/wp-content\/uploads\/2024\/08\/GreveFR.jpg","datePublished":"2024-08-18T23:56:23+00:00","dateModified":"2024-08-18T23:59:53+00:00","breadcrumb":{"@id":"https:\/\/teamsters.ca\/fr\/blog\/2024\/08\/18\/le-syndicat-des-teamsters-depose-un-preavis-de-greve-au-cpkc\/#breadcrumb"},"inLanguage":"fr-CA","potentialAction":[{"@type":"ReadAction","target":["https:\/\/teamsters.ca\/fr\/blog\/2024\/08\/18\/le-syndicat-des-teamsters-depose-un-preavis-de-greve-au-cpkc\/"]}]},{"@type":"ImageObject","inLanguage":"fr-CA","@id":"https:\/\/teamsters.ca\/fr\/blog\/2024\/08\/18\/le-syndicat-des-teamsters-depose-un-preavis-de-greve-au-cpkc\/#primaryimage","url":"https:\/\/teamsters.ca\/wp-content\/uploads\/2024\/08\/GreveFR.jpg","contentUrl":"https:\/\/teamsters.ca\/wp-content\/uploads\/2024\/08\/GreveFR.jpg","width":1166,"height":768},{"@type":"BreadcrumbList","@id":"https:\/\/teamsters.ca\/fr\/blog\/2024\/08\/18\/le-syndicat-des-teamsters-depose-un-preavis-de-greve-au-cpkc\/#breadcrumb","itemListElement":[{"@type":"ListItem","position":1,"name":"Home","item":"https:\/\/teamsters.ca\/fr\/"},{"@type":"ListItem","position":2,"name":"Le syndicat des Teamsters d\u00e9pose un pr\u00e9avis de gr\u00e8ve au CPKC\u00a0"}]},{"@type":"WebSite","@id":"https:\/\/teamsters.ca\/fr\/#website","url":"https:\/\/teamsters.ca\/fr\/","name":"Teamsters Canada","description":"A Canadian union representing over 125 000 members","publisher":{"@id":"https:\/\/teamsters.ca\/fr\/#organization"},"potentialAction":[{"@type":"SearchAction","target":{"@type":"EntryPoint","urlTemplate":"https:\/\/teamsters.ca\/fr\/?s={search_term_string}"},"query-input":{"@type":"PropertyValueSpecification","valueRequired":true,"valueName":"search_term_string"}}],"inLanguage":"fr-CA"},{"@type":"Organization","@id":"https:\/\/teamsters.ca\/fr\/#organization","name":"Teamsters Canada","url":"https:\/\/teamsters.ca\/fr\/","logo":{"@type":"ImageObject","inLanguage":"fr-CA","@id":"https:\/\/teamsters.ca\/fr\/#\/schema\/logo\/image\/","url":"https:\/\/teamsters.ca\/wp-content\/uploads\/2019\/08\/TeamstersCanada.png","contentUrl":"https:\/\/teamsters.ca\/wp-content\/uploads\/2019\/08\/TeamstersCanada.png","width":545,"height":181,"caption":"Teamsters Canada"},"image":{"@id":"https:\/\/teamsters.ca\/fr\/#\/schema\/logo\/image\/"},"sameAs":["https:\/\/www.facebook.com\/Teamsterscanada\/","https:\/\/x.com\/TeamstersCanada"]},{"@type":"Person","@id":"https:\/\/teamsters.ca\/fr\/#\/schema\/person\/16abb510b61e30ac94505e325f34ff0c","name":"communications","image":{"@type":"ImageObject","inLanguage":"fr-CA","@id":"https:\/\/teamsters.ca\/fr\/#\/schema\/person\/image\/","url":"https:\/\/secure.gravatar.com\/avatar\/707c37c6763af59d83f3b3dcebfff9d9d58ef9e062e2c9452a9dbb153c85d7ac?s=96&d=mm&r=g","contentUrl":"https:\/\/secure.gravatar.com\/avatar\/707c37c6763af59d83f3b3dcebfff9d9d58ef9e062e2c9452a9dbb153c85d7ac?s=96&d=mm&r=g","caption":"communications"},"url":"https:\/\/teamsters.ca\/fr\/blog\/author\/communications\/"}]}},"_links":{"self":[{"href":"https:\/\/teamsters.ca\/fr\/wp-json\/wp\/v2\/posts\/27479","targetHints":{"allow":["GET"]}}],"collection":[{"href":"https:\/\/teamsters.ca\/fr\/wp-json\/wp\/v2\/posts"}],"about":[{"href":"https:\/\/teamsters.ca\/fr\/wp-json\/wp\/v2\/types\/post"}],"author":[{"embeddable":true,"href":"https:\/\/teamsters.ca\/fr\/wp-json\/wp\/v2\/users\/9"}],"replies":[{"embeddable":true,"href":"https:\/\/teamsters.ca\/fr\/wp-json\/wp\/v2\/comments?post=27479"}],"version-history":[{"count":5,"href":"https:\/\/teamsters.ca\/fr\/wp-json\/wp\/v2\/posts\/27479\/revisions"}],"predecessor-version":[{"id":27493,"href":"https:\/\/teamsters.ca\/fr\/wp-json\/wp\/v2\/posts\/27479\/revisions\/27493"}],"wp:featuredmedia":[{"embeddable":true,"href":"https:\/\/teamsters.ca\/fr\/wp-json\/wp\/v2\/media\/27487"}],"wp:attachment":[{"href":"https:\/\/teamsters.ca\/fr\/wp-json\/wp\/v2\/media?parent=27479"}],"wp:term":[{"taxonomy":"category","embeddable":true,"href":"https:\/\/teamsters.ca\/fr\/wp-json\/wp\/v2\/categories?post=27479"},{"taxonomy":"post_tag","embeddable":true,"href":"https:\/\/teamsters.ca\/fr\/wp-json\/wp\/v2\/tags?post=27479"}],"curies":[{"name":"wp","href":"https:\/\/api.w.org\/{rel}","templated":true}]}}