{"id":27418,"date":"2024-08-09T12:35:15","date_gmt":"2024-08-09T16:35:15","guid":{"rendered":"https:\/\/teamsters.ca\/?p=27418"},"modified":"2024-08-09T12:35:22","modified_gmt":"2024-08-09T16:35:22","slug":"negos-ferroviaires-le-ccri-reporte-la-date-limite-de-greve-ou-lock-out-au-22-aout","status":"publish","type":"post","link":"https:\/\/teamsters.ca\/fr\/blog\/2024\/08\/09\/negos-ferroviaires-le-ccri-reporte-la-date-limite-de-greve-ou-lock-out-au-22-aout\/","title":{"rendered":"N\u00e9gos ferroviaires\u00a0: le CCRI reporte la date limite de gr\u00e8ve ou lock-out au 22 ao\u00fbt"},"content":{"rendered":"\n<p><em><\/em><em>Un arr\u00eat de travail au CN et au CPKC pourrait survenir d\u00e8s le 22\u00a0ao\u00fbt \u00e0 00 h 01. Le syndicat demeure d\u00e9termin\u00e9 \u00e0 n\u00e9gocier de bonne foi et \u00e0 conclure des ententes \u00e0 la table de n\u00e9gociation.<\/em><\/p>\n\n\n\n<p>Montr\u00e9al, le 8\u00a0ao\u00fbt 2024 \u2013 La Conf\u00e9rence ferroviaire de Teamsters Canada, qui repr\u00e9sente pr\u00e8s de 10\u2009000\u00a0employ\u00e9s au CN et au CPKC, prend note de la d\u00e9cision rendue aujourd\u2019hui par le Conseil canadien des relations industrielles (CCRI).<\/p>\n\n\n\n<p>La d\u00e9cision est conforme \u00e0 ce que les Teamsters, le CN et le CPKC soutiennent depuis longtemps\u00a0: il n\u2019est pas question de services essentiels en cas d\u2019arr\u00eat de travail dans l\u2019industrie ferroviaire.<\/p>\n\n\n\n<p>\u00ab\u2009Nos membres ne cherchent qu\u2019\u00e0 obtenir une entente juste et \u00e9quitable. Malheureusement, les deux compagnies ferroviaires exigent des concessions qui pourraient s\u00e9parer des familles ou miner la s\u00e9curit\u00e9 ferroviaire, a dit Paul Boucher, pr\u00e9sident de la Conf\u00e9rence ferroviaire de Teamsters Canada. Les travailleurs ferroviaires luttent pour une industrie plus sure et plus humaine depuis des d\u00e9cennies, et nous n\u2019accepterons pas de revenir en arri\u00e8re.\u2009\u00bb<\/p>\n\n\n\n<p><strong><\/strong><strong>Nouveaux \u00e9ch\u00e9anciers pour un arr\u00eat de travail<\/strong><\/p>\n\n\n\n<p>Le droit de gr\u00e8ve des travailleurs ferroviaires a \u00e9t\u00e9 temporairement suspendu en attendant la d\u00e9cision rendue aujourd\u2019hui par le CCRI. Cela a eu comme effet de miner le rapport de force du syndicat face aux deux entreprises. Sans la menace d\u2019un arr\u00eat de travail, le CN et le CPKC n\u2019\u00e9taient aucunement dispos\u00e9s \u00e0 faire des compromis ou \u00e0 faire preuve d\u2019ouverture \u00e0 la table de n\u00e9gociations.<\/p>\n\n\n\n<p>Avec cette d\u00e9cision, si une entente n\u00e9goci\u00e9e ne peut \u00eatre obtenue, un arr\u00eat de travail au CN et au CPKC pourrait survenir d\u00e8s le 22\u00a0ao\u00fbt \u00e0 00 h 01.\u00a0\u00a0<\/p>\n\n\n\n<p>Les Teamsters donneront un pr\u00e9avis de 72\u00a0heures en cas de d\u00e9brayage. Le syndicat demeure d\u00e9termin\u00e9 \u00e0 n\u00e9gocier de bonne foi et \u00e0 conclure des ententes \u00e0 la table de n\u00e9gociation. Il n\u2019en tient donc qu\u2019au CN et CPKC de vouloir n\u00e9gocier.<\/p>\n\n\n\n<p><strong><\/strong><strong>La s\u00e9curit\u00e9 ferroviaire et la relocalisation forc\u00e9e dominent les pourparlers<\/strong><\/p>\n\n\n\n<p>Les principaux points d\u2019achoppement sont des demandes patronales, et non des demandes syndicales. Les deux compagnies exigent un nombre important de concessions quant aux heures de travail et la gestion de la fatigue.<\/p>\n\n\n\n<p>Le CPKC cherche \u00e0 retirer de la convention collective de toutes les dispositions relatives \u00e0 la fatigue, essentielles \u00e0 la s\u00e9curit\u00e9. R\u00e9sultat final\u00a0: les \u00e9quipes de train seront oblig\u00e9es de rester \u00e9veill\u00e9es encore plus longtemps, ce qui augmentera les risques de d\u00e9raillements et d\u2019autres accidents. Le CPKC n\u2019a \u00e9galement pas su corriger les probl\u00e8mes li\u00e9s au manque de contr\u00f4leurs de la circulation ferroviaire.\u00a0<\/p>\n\n\n\n<p>Entre-temps, le CN vise \u00e0 supprimer certains articles relatifs \u00e0 la fatigue, ce qui soul\u00e8ve des inqui\u00e9tudes en mati\u00e8re de s\u00e9curit\u00e9 ferroviaire. Le CN souhaite \u00e9galement imposer un syst\u00e8me de relocalisation forc\u00e9e. Selon cette demande, les travailleurs seraient contraints de se d\u00e9placer \u00e0 travers le pays pendant des mois afin de combler les p\u00e9nuries de main-d\u2019\u0153uvre. L\u2019offre du CN est \u00e9galement conditionnelle au prolongement des journ\u00e9es de travail dans toutes les provinces \u00e0 l\u2019ouest de l\u2019Ontario.<\/p>\n\n\n\n<p>Le CN et le CPKC disent tous deux \u00eatre touch\u00e9s par des p\u00e9nuries de main-d\u2019\u0153uvre, et cherchent \u00e0 faire travailler davantage leurs \u00e9quipes existantes, avec les risques que \u00e7a comporte.\u00a0<\/p>\n\n\n\n<p>Faire des compromis en mati\u00e8re de s\u00e9curit\u00e9 ferroviaire, ou encore menacer de s\u00e9parer des familles pendant des mois, ne sont pas des solutions aux probl\u00e8mes de manque de personnel. C\u2019est encore moins une fa\u00e7on de conclure une entente n\u00e9goci\u00e9e. Le CN et le CPKC devraient plut\u00f4t chercher \u00e0 am\u00e9liorer les conditions de travail et \u00e0 adopter une approche plus humaine afin d\u2019attirer davantage de travailleurs.<\/p>\n\n\n\n<p><em><\/em><em>Avec plus de 130 000 membres, Teamsters Canada est le plus grand syndicat du pays dans le domaine du transport et de la cha\u00eene d\u2019approvisionnement. Il est affili\u00e9\u00a0\u00e0\u00a0la Fraternit\u00e9\u00a0internationale des Teamsters, qui repr\u00e9sente plus de 1,3million de travailleurs en Am\u00e9rique du Nord.<\/em><\/p>\n\n\n\n<p class=\"has-text-align-center\">-30-<\/p>\n\n\n\n<p>Christopher Monette<br \/>Directeur des affaires publiques<br \/>Teamsters Canada<br \/>Cell : 514-226-6002<br \/><a href=\"mailto:cmonette@teamsters.ca\" target=\"_blank\" rel=\"noreferrer noopener\">cmonette@teamsters.ca<\/a><\/p>\n","protected":false},"excerpt":{"rendered":"<p>La Conf\u00e9rence ferroviaire de Teamsters Canada, qui repr\u00e9sente pr\u00e8s de 10\u2009000\u00a0employ\u00e9s au CN et au CPKC, prend note de la d\u00e9cision rendue aujourd\u2019hui par le Conseil canadien des relations industrielles (CCRI).<\/p>\n","protected":false},"author":9,"featured_media":27422,"comment_status":"closed","ping_status":"closed","sticky":false,"template":"","format":"standard","meta":{"ngg_post_thumbnail":0,"mc4wp_mailchimp_campaign":[],"footnotes":""},"categories":[1140,1411,1114,1132],"tags":[65,256,598,169],"class_list":{"0":"post-27418","1":"post","2":"type-post","3":"status-publish","4":"format-standard","5":"has-post-thumbnail","7":"category-canada-region-fr","8":"category-greve","9":"category-nouvelles","10":"category-transport-ferroviaire","11":"tag-cn-en","12":"tag-greve","13":"tag-tcrc","14":"tag-teamsters-canada-rail-conference"},"yoast_head":"<!-- This site is optimized with the Yoast SEO Premium plugin v25.5 (Yoast SEO v25.5) - https:\/\/yoast.com\/wordpress\/plugins\/seo\/ -->\n<title>N\u00e9gos ferroviaires\u00a0: le CCRI reporte la date limite de gr\u00e8ve ou lock-out au 22 ao\u00fbt | Teamsters Canada<\/title>\n<meta name=\"robots\" content=\"index, follow, max-snippet:-1, max-image-preview:large, max-video-preview:-1\" \/>\n<link rel=\"canonical\" href=\"https:\/\/teamsters.ca\/fr\/blog\/2024\/08\/09\/negos-ferroviaires-le-ccri-reporte-la-date-limite-de-greve-ou-lock-out-au-22-aout\/\" \/>\n<meta property=\"og:locale\" content=\"fr_CA\" \/>\n<meta property=\"og:type\" content=\"article\" \/>\n<meta property=\"og:title\" content=\"N\u00e9gos ferroviaires\u00a0: le CCRI reporte la date limite de gr\u00e8ve ou lock-out au 22 ao\u00fbt\" \/>\n<meta property=\"og:description\" content=\"La Conf\u00e9rence ferroviaire de Teamsters Canada, qui repr\u00e9sente pr\u00e8s de 10\u2009000\u00a0employ\u00e9s au CN et au CPKC, prend note de la d\u00e9cision rendue aujourd\u2019hui par le Conseil canadien des relations industrielles (CCRI).\" \/>\n<meta property=\"og:url\" content=\"https:\/\/teamsters.ca\/fr\/blog\/2024\/08\/09\/negos-ferroviaires-le-ccri-reporte-la-date-limite-de-greve-ou-lock-out-au-22-aout\/\" \/>\n<meta property=\"og:site_name\" content=\"Teamsters Canada\" \/>\n<meta property=\"article:publisher\" content=\"https:\/\/www.facebook.com\/Teamsterscanada\/\" \/>\n<meta property=\"article:published_time\" content=\"2024-08-09T16:35:15+00:00\" \/>\n<meta property=\"article:modified_time\" content=\"2024-08-09T16:35:22+00:00\" \/>\n<meta property=\"og:image\" content=\"https:\/\/teamsters.ca\/wp-content\/uploads\/2024\/08\/trainPunaise.png\" \/>\n\t<meta property=\"og:image:width\" content=\"1200\" \/>\n\t<meta property=\"og:image:height\" content=\"800\" \/>\n\t<meta property=\"og:image:type\" content=\"image\/png\" \/>\n<meta name=\"author\" content=\"communications\" \/>\n<meta name=\"twitter:card\" content=\"summary_large_image\" \/>\n<meta name=\"twitter:creator\" content=\"@TeamstersCanada\" \/>\n<meta name=\"twitter:site\" content=\"@TeamstersCanada\" \/>\n<meta name=\"twitter:label1\" content=\"\u00c9crit par\" \/>\n\t<meta name=\"twitter:data1\" content=\"communications\" \/>\n\t<meta name=\"twitter:label2\" content=\"Estimation du temps de lecture\" \/>\n\t<meta name=\"twitter:data2\" content=\"6 minutes\" \/>\n<script type=\"application\/ld+json\" class=\"yoast-schema-graph\">{\"@context\":\"https:\/\/schema.org\",\"@graph\":[{\"@type\":\"Article\",\"@id\":\"https:\/\/teamsters.ca\/fr\/blog\/2024\/08\/09\/negos-ferroviaires-le-ccri-reporte-la-date-limite-de-greve-ou-lock-out-au-22-aout\/#article\",\"isPartOf\":{\"@id\":\"https:\/\/teamsters.ca\/fr\/blog\/2024\/08\/09\/negos-ferroviaires-le-ccri-reporte-la-date-limite-de-greve-ou-lock-out-au-22-aout\/\"},\"author\":{\"name\":\"communications\",\"@id\":\"https:\/\/teamsters.ca\/fr\/#\/schema\/person\/16abb510b61e30ac94505e325f34ff0c\"},\"headline\":\"N\u00e9gos ferroviaires\u00a0: le CCRI reporte la date limite de gr\u00e8ve ou lock-out au 22 ao\u00fbt\",\"datePublished\":\"2024-08-09T16:35:15+00:00\",\"dateModified\":\"2024-08-09T16:35:22+00:00\",\"mainEntityOfPage\":{\"@id\":\"https:\/\/teamsters.ca\/fr\/blog\/2024\/08\/09\/negos-ferroviaires-le-ccri-reporte-la-date-limite-de-greve-ou-lock-out-au-22-aout\/\"},\"wordCount\":716,\"publisher\":{\"@id\":\"https:\/\/teamsters.ca\/fr\/#organization\"},\"image\":{\"@id\":\"https:\/\/teamsters.ca\/fr\/blog\/2024\/08\/09\/negos-ferroviaires-le-ccri-reporte-la-date-limite-de-greve-ou-lock-out-au-22-aout\/#primaryimage\"},\"thumbnailUrl\":\"https:\/\/teamsters.ca\/wp-content\/uploads\/2024\/08\/trainPunaise.png\",\"keywords\":[\"CN\",\"Gr\u00e8ve\",\"TCRC\",\"Teamsters Canada Rail Conference\"],\"articleSection\":[\"Canada\",\"Gr\u00e8ve\",\"Nouvelles\",\"Transport ferroviaire\"],\"inLanguage\":\"fr-CA\"},{\"@type\":\"WebPage\",\"@id\":\"https:\/\/teamsters.ca\/fr\/blog\/2024\/08\/09\/negos-ferroviaires-le-ccri-reporte-la-date-limite-de-greve-ou-lock-out-au-22-aout\/\",\"url\":\"https:\/\/teamsters.ca\/fr\/blog\/2024\/08\/09\/negos-ferroviaires-le-ccri-reporte-la-date-limite-de-greve-ou-lock-out-au-22-aout\/\",\"name\":\"N\u00e9gos ferroviaires\u00a0: le CCRI reporte la date limite de gr\u00e8ve ou lock-out au 22 ao\u00fbt | Teamsters Canada\",\"isPartOf\":{\"@id\":\"https:\/\/teamsters.ca\/fr\/#website\"},\"primaryImageOfPage\":{\"@id\":\"https:\/\/teamsters.ca\/fr\/blog\/2024\/08\/09\/negos-ferroviaires-le-ccri-reporte-la-date-limite-de-greve-ou-lock-out-au-22-aout\/#primaryimage\"},\"image\":{\"@id\":\"https:\/\/teamsters.ca\/fr\/blog\/2024\/08\/09\/negos-ferroviaires-le-ccri-reporte-la-date-limite-de-greve-ou-lock-out-au-22-aout\/#primaryimage\"},\"thumbnailUrl\":\"https:\/\/teamsters.ca\/wp-content\/uploads\/2024\/08\/trainPunaise.png\",\"datePublished\":\"2024-08-09T16:35:15+00:00\",\"dateModified\":\"2024-08-09T16:35:22+00:00\",\"breadcrumb\":{\"@id\":\"https:\/\/teamsters.ca\/fr\/blog\/2024\/08\/09\/negos-ferroviaires-le-ccri-reporte-la-date-limite-de-greve-ou-lock-out-au-22-aout\/#breadcrumb\"},\"inLanguage\":\"fr-CA\",\"potentialAction\":[{\"@type\":\"ReadAction\",\"target\":[\"https:\/\/teamsters.ca\/fr\/blog\/2024\/08\/09\/negos-ferroviaires-le-ccri-reporte-la-date-limite-de-greve-ou-lock-out-au-22-aout\/\"]}]},{\"@type\":\"ImageObject\",\"inLanguage\":\"fr-CA\",\"@id\":\"https:\/\/teamsters.ca\/fr\/blog\/2024\/08\/09\/negos-ferroviaires-le-ccri-reporte-la-date-limite-de-greve-ou-lock-out-au-22-aout\/#primaryimage\",\"url\":\"https:\/\/teamsters.ca\/wp-content\/uploads\/2024\/08\/trainPunaise.png\",\"contentUrl\":\"https:\/\/teamsters.ca\/wp-content\/uploads\/2024\/08\/trainPunaise.png\",\"width\":1200,\"height\":800},{\"@type\":\"BreadcrumbList\",\"@id\":\"https:\/\/teamsters.ca\/fr\/blog\/2024\/08\/09\/negos-ferroviaires-le-ccri-reporte-la-date-limite-de-greve-ou-lock-out-au-22-aout\/#breadcrumb\",\"itemListElement\":[{\"@type\":\"ListItem\",\"position\":1,\"name\":\"Home\",\"item\":\"https:\/\/teamsters.ca\/fr\/\"},{\"@type\":\"ListItem\",\"position\":2,\"name\":\"N\u00e9gos ferroviaires\u00a0: le CCRI reporte la date limite de gr\u00e8ve ou lock-out au 22 ao\u00fbt\"}]},{\"@type\":\"WebSite\",\"@id\":\"https:\/\/teamsters.ca\/fr\/#website\",\"url\":\"https:\/\/teamsters.ca\/fr\/\",\"name\":\"Teamsters Canada\",\"description\":\"A Canadian union representing over 125 000 members\",\"publisher\":{\"@id\":\"https:\/\/teamsters.ca\/fr\/#organization\"},\"potentialAction\":[{\"@type\":\"SearchAction\",\"target\":{\"@type\":\"EntryPoint\",\"urlTemplate\":\"https:\/\/teamsters.ca\/fr\/?s={search_term_string}\"},\"query-input\":{\"@type\":\"PropertyValueSpecification\",\"valueRequired\":true,\"valueName\":\"search_term_string\"}}],\"inLanguage\":\"fr-CA\"},{\"@type\":\"Organization\",\"@id\":\"https:\/\/teamsters.ca\/fr\/#organization\",\"name\":\"Teamsters Canada\",\"url\":\"https:\/\/teamsters.ca\/fr\/\",\"logo\":{\"@type\":\"ImageObject\",\"inLanguage\":\"fr-CA\",\"@id\":\"https:\/\/teamsters.ca\/fr\/#\/schema\/logo\/image\/\",\"url\":\"https:\/\/teamsters.ca\/wp-content\/uploads\/2019\/08\/TeamstersCanada.png\",\"contentUrl\":\"https:\/\/teamsters.ca\/wp-content\/uploads\/2019\/08\/TeamstersCanada.png\",\"width\":545,\"height\":181,\"caption\":\"Teamsters Canada\"},\"image\":{\"@id\":\"https:\/\/teamsters.ca\/fr\/#\/schema\/logo\/image\/\"},\"sameAs\":[\"https:\/\/www.facebook.com\/Teamsterscanada\/\",\"https:\/\/x.com\/TeamstersCanada\"]},{\"@type\":\"Person\",\"@id\":\"https:\/\/teamsters.ca\/fr\/#\/schema\/person\/16abb510b61e30ac94505e325f34ff0c\",\"name\":\"communications\",\"image\":{\"@type\":\"ImageObject\",\"inLanguage\":\"fr-CA\",\"@id\":\"https:\/\/teamsters.ca\/fr\/#\/schema\/person\/image\/\",\"url\":\"https:\/\/secure.gravatar.com\/avatar\/707c37c6763af59d83f3b3dcebfff9d9d58ef9e062e2c9452a9dbb153c85d7ac?s=96&d=mm&r=g\",\"contentUrl\":\"https:\/\/secure.gravatar.com\/avatar\/707c37c6763af59d83f3b3dcebfff9d9d58ef9e062e2c9452a9dbb153c85d7ac?s=96&d=mm&r=g\",\"caption\":\"communications\"},\"url\":\"https:\/\/teamsters.ca\/fr\/blog\/author\/communications\/\"}]}<\/script>\n<!-- \/ Yoast SEO Premium plugin. -->","yoast_head_json":{"title":"N\u00e9gos ferroviaires\u00a0: le CCRI reporte la date limite de gr\u00e8ve ou lock-out au 22 ao\u00fbt | Teamsters Canada","robots":{"index":"index","follow":"follow","max-snippet":"max-snippet:-1","max-image-preview":"max-image-preview:large","max-video-preview":"max-video-preview:-1"},"canonical":"https:\/\/teamsters.ca\/fr\/blog\/2024\/08\/09\/negos-ferroviaires-le-ccri-reporte-la-date-limite-de-greve-ou-lock-out-au-22-aout\/","og_locale":"fr_CA","og_type":"article","og_title":"N\u00e9gos ferroviaires\u00a0: le CCRI reporte la date limite de gr\u00e8ve ou lock-out au 22 ao\u00fbt","og_description":"La Conf\u00e9rence ferroviaire de Teamsters Canada, qui repr\u00e9sente pr\u00e8s de 10\u2009000\u00a0employ\u00e9s au CN et au CPKC, prend note de la d\u00e9cision rendue aujourd\u2019hui par le Conseil canadien des relations industrielles (CCRI).","og_url":"https:\/\/teamsters.ca\/fr\/blog\/2024\/08\/09\/negos-ferroviaires-le-ccri-reporte-la-date-limite-de-greve-ou-lock-out-au-22-aout\/","og_site_name":"Teamsters Canada","article_publisher":"https:\/\/www.facebook.com\/Teamsterscanada\/","article_published_time":"2024-08-09T16:35:15+00:00","article_modified_time":"2024-08-09T16:35:22+00:00","og_image":[{"width":1200,"height":800,"url":"https:\/\/teamsters.ca\/wp-content\/uploads\/2024\/08\/trainPunaise.png","type":"image\/png"}],"author":"communications","twitter_card":"summary_large_image","twitter_creator":"@TeamstersCanada","twitter_site":"@TeamstersCanada","twitter_misc":{"\u00c9crit par":"communications","Estimation du temps de lecture":"6 minutes"},"schema":{"@context":"https:\/\/schema.org","@graph":[{"@type":"Article","@id":"https:\/\/teamsters.ca\/fr\/blog\/2024\/08\/09\/negos-ferroviaires-le-ccri-reporte-la-date-limite-de-greve-ou-lock-out-au-22-aout\/#article","isPartOf":{"@id":"https:\/\/teamsters.ca\/fr\/blog\/2024\/08\/09\/negos-ferroviaires-le-ccri-reporte-la-date-limite-de-greve-ou-lock-out-au-22-aout\/"},"author":{"name":"communications","@id":"https:\/\/teamsters.ca\/fr\/#\/schema\/person\/16abb510b61e30ac94505e325f34ff0c"},"headline":"N\u00e9gos ferroviaires\u00a0: le CCRI reporte la date limite de gr\u00e8ve ou lock-out au 22 ao\u00fbt","datePublished":"2024-08-09T16:35:15+00:00","dateModified":"2024-08-09T16:35:22+00:00","mainEntityOfPage":{"@id":"https:\/\/teamsters.ca\/fr\/blog\/2024\/08\/09\/negos-ferroviaires-le-ccri-reporte-la-date-limite-de-greve-ou-lock-out-au-22-aout\/"},"wordCount":716,"publisher":{"@id":"https:\/\/teamsters.ca\/fr\/#organization"},"image":{"@id":"https:\/\/teamsters.ca\/fr\/blog\/2024\/08\/09\/negos-ferroviaires-le-ccri-reporte-la-date-limite-de-greve-ou-lock-out-au-22-aout\/#primaryimage"},"thumbnailUrl":"https:\/\/teamsters.ca\/wp-content\/uploads\/2024\/08\/trainPunaise.png","keywords":["CN","Gr\u00e8ve","TCRC","Teamsters Canada Rail Conference"],"articleSection":["Canada","Gr\u00e8ve","Nouvelles","Transport ferroviaire"],"inLanguage":"fr-CA"},{"@type":"WebPage","@id":"https:\/\/teamsters.ca\/fr\/blog\/2024\/08\/09\/negos-ferroviaires-le-ccri-reporte-la-date-limite-de-greve-ou-lock-out-au-22-aout\/","url":"https:\/\/teamsters.ca\/fr\/blog\/2024\/08\/09\/negos-ferroviaires-le-ccri-reporte-la-date-limite-de-greve-ou-lock-out-au-22-aout\/","name":"N\u00e9gos ferroviaires\u00a0: le CCRI reporte la date limite de gr\u00e8ve ou lock-out au 22 ao\u00fbt | Teamsters Canada","isPartOf":{"@id":"https:\/\/teamsters.ca\/fr\/#website"},"primaryImageOfPage":{"@id":"https:\/\/teamsters.ca\/fr\/blog\/2024\/08\/09\/negos-ferroviaires-le-ccri-reporte-la-date-limite-de-greve-ou-lock-out-au-22-aout\/#primaryimage"},"image":{"@id":"https:\/\/teamsters.ca\/fr\/blog\/2024\/08\/09\/negos-ferroviaires-le-ccri-reporte-la-date-limite-de-greve-ou-lock-out-au-22-aout\/#primaryimage"},"thumbnailUrl":"https:\/\/teamsters.ca\/wp-content\/uploads\/2024\/08\/trainPunaise.png","datePublished":"2024-08-09T16:35:15+00:00","dateModified":"2024-08-09T16:35:22+00:00","breadcrumb":{"@id":"https:\/\/teamsters.ca\/fr\/blog\/2024\/08\/09\/negos-ferroviaires-le-ccri-reporte-la-date-limite-de-greve-ou-lock-out-au-22-aout\/#breadcrumb"},"inLanguage":"fr-CA","potentialAction":[{"@type":"ReadAction","target":["https:\/\/teamsters.ca\/fr\/blog\/2024\/08\/09\/negos-ferroviaires-le-ccri-reporte-la-date-limite-de-greve-ou-lock-out-au-22-aout\/"]}]},{"@type":"ImageObject","inLanguage":"fr-CA","@id":"https:\/\/teamsters.ca\/fr\/blog\/2024\/08\/09\/negos-ferroviaires-le-ccri-reporte-la-date-limite-de-greve-ou-lock-out-au-22-aout\/#primaryimage","url":"https:\/\/teamsters.ca\/wp-content\/uploads\/2024\/08\/trainPunaise.png","contentUrl":"https:\/\/teamsters.ca\/wp-content\/uploads\/2024\/08\/trainPunaise.png","width":1200,"height":800},{"@type":"BreadcrumbList","@id":"https:\/\/teamsters.ca\/fr\/blog\/2024\/08\/09\/negos-ferroviaires-le-ccri-reporte-la-date-limite-de-greve-ou-lock-out-au-22-aout\/#breadcrumb","itemListElement":[{"@type":"ListItem","position":1,"name":"Home","item":"https:\/\/teamsters.ca\/fr\/"},{"@type":"ListItem","position":2,"name":"N\u00e9gos ferroviaires\u00a0: le CCRI reporte la date limite de gr\u00e8ve ou lock-out au 22 ao\u00fbt"}]},{"@type":"WebSite","@id":"https:\/\/teamsters.ca\/fr\/#website","url":"https:\/\/teamsters.ca\/fr\/","name":"Teamsters Canada","description":"A Canadian union representing over 125 000 members","publisher":{"@id":"https:\/\/teamsters.ca\/fr\/#organization"},"potentialAction":[{"@type":"SearchAction","target":{"@type":"EntryPoint","urlTemplate":"https:\/\/teamsters.ca\/fr\/?s={search_term_string}"},"query-input":{"@type":"PropertyValueSpecification","valueRequired":true,"valueName":"search_term_string"}}],"inLanguage":"fr-CA"},{"@type":"Organization","@id":"https:\/\/teamsters.ca\/fr\/#organization","name":"Teamsters Canada","url":"https:\/\/teamsters.ca\/fr\/","logo":{"@type":"ImageObject","inLanguage":"fr-CA","@id":"https:\/\/teamsters.ca\/fr\/#\/schema\/logo\/image\/","url":"https:\/\/teamsters.ca\/wp-content\/uploads\/2019\/08\/TeamstersCanada.png","contentUrl":"https:\/\/teamsters.ca\/wp-content\/uploads\/2019\/08\/TeamstersCanada.png","width":545,"height":181,"caption":"Teamsters Canada"},"image":{"@id":"https:\/\/teamsters.ca\/fr\/#\/schema\/logo\/image\/"},"sameAs":["https:\/\/www.facebook.com\/Teamsterscanada\/","https:\/\/x.com\/TeamstersCanada"]},{"@type":"Person","@id":"https:\/\/teamsters.ca\/fr\/#\/schema\/person\/16abb510b61e30ac94505e325f34ff0c","name":"communications","image":{"@type":"ImageObject","inLanguage":"fr-CA","@id":"https:\/\/teamsters.ca\/fr\/#\/schema\/person\/image\/","url":"https:\/\/secure.gravatar.com\/avatar\/707c37c6763af59d83f3b3dcebfff9d9d58ef9e062e2c9452a9dbb153c85d7ac?s=96&d=mm&r=g","contentUrl":"https:\/\/secure.gravatar.com\/avatar\/707c37c6763af59d83f3b3dcebfff9d9d58ef9e062e2c9452a9dbb153c85d7ac?s=96&d=mm&r=g","caption":"communications"},"url":"https:\/\/teamsters.ca\/fr\/blog\/author\/communications\/"}]}},"_links":{"self":[{"href":"https:\/\/teamsters.ca\/fr\/wp-json\/wp\/v2\/posts\/27418","targetHints":{"allow":["GET"]}}],"collection":[{"href":"https:\/\/teamsters.ca\/fr\/wp-json\/wp\/v2\/posts"}],"about":[{"href":"https:\/\/teamsters.ca\/fr\/wp-json\/wp\/v2\/types\/post"}],"author":[{"embeddable":true,"href":"https:\/\/teamsters.ca\/fr\/wp-json\/wp\/v2\/users\/9"}],"replies":[{"embeddable":true,"href":"https:\/\/teamsters.ca\/fr\/wp-json\/wp\/v2\/comments?post=27418"}],"version-history":[{"count":6,"href":"https:\/\/teamsters.ca\/fr\/wp-json\/wp\/v2\/posts\/27418\/revisions"}],"predecessor-version":[{"id":27432,"href":"https:\/\/teamsters.ca\/fr\/wp-json\/wp\/v2\/posts\/27418\/revisions\/27432"}],"wp:featuredmedia":[{"embeddable":true,"href":"https:\/\/teamsters.ca\/fr\/wp-json\/wp\/v2\/media\/27422"}],"wp:attachment":[{"href":"https:\/\/teamsters.ca\/fr\/wp-json\/wp\/v2\/media?parent=27418"}],"wp:term":[{"taxonomy":"category","embeddable":true,"href":"https:\/\/teamsters.ca\/fr\/wp-json\/wp\/v2\/categories?post=27418"},{"taxonomy":"post_tag","embeddable":true,"href":"https:\/\/teamsters.ca\/fr\/wp-json\/wp\/v2\/tags?post=27418"}],"curies":[{"name":"wp","href":"https:\/\/api.w.org\/{rel}","templated":true}]}}