{"id":27404,"date":"2024-08-06T15:24:45","date_gmt":"2024-08-06T19:24:45","guid":{"rendered":"https:\/\/teamsters.ca\/?p=27404"},"modified":"2024-08-06T15:25:59","modified_gmt":"2024-08-06T19:25:59","slug":"chsld-une-convention-collective-historique-pour-les-teamsters-au-quebec","status":"publish","type":"post","link":"https:\/\/teamsters.ca\/fr\/blog\/2024\/08\/06\/chsld-une-convention-collective-historique-pour-les-teamsters-au-quebec\/","title":{"rendered":"CHSLD : une convention collective historique pour les Teamsters au Qu\u00e9bec"},"content":{"rendered":"\n<p>Pour la premi\u00e8re fois de leur histoire, les Teamsters, pr\u00e9sents au Qu\u00e9bec depuis 1903, viennent de n\u00e9gocier leur premi\u00e8re convention collective avec le gouvernement du Qu\u00e9bec! La Section locale 106, qui repr\u00e9sente d\u00e9j\u00e0 des centaines de travailleuses et travailleurs dans le milieu des soins pour les personnes \u00e2g\u00e9es, a particip\u00e9 au r\u00e9cent front commun de la sant\u00e9 pour n\u00e9gocier une nouvelle convention collective concernant 500 membres travaillant pour des CHSLD int\u00e9gr\u00e9s dans le r\u00e9seau public il y a quelque temps.<\/p>\n\n\n\n<p>Jean-Philippe Hairabadian, repr\u00e9sentant syndical au Local 106, est ainsi devenu le premier permanent syndical des Teamsters \u00e0 n\u00e9gocier avec le gouvernement du Qu\u00e9bec. Gr\u00e2ce \u00e0 son savoir-faire, nos membres ont obtenu une augmentation salariale importante, en plus de voir leurs conditions de travail prot\u00e9g\u00e9es pour les ann\u00e9es \u00e0 venir.<\/p>\n\n\n\n<p>\u00ab \u00c7a a \u00e9t\u00e9 une belle exp\u00e9rience \u00bb, raconte Jean-Philippe Hairabadian. \u00ab N\u00e9gocier avec le gouvernement, c\u2019est tr\u00e8s diff\u00e9rent de n\u00e9gocier avec des entreprises priv\u00e9es. Nous n\u2019avons pas en face de nous des gens avec les m\u00eames r\u00e9alit\u00e9s et imp\u00e9ratifs \u00e9conomiques que des gestionnaires d\u2019entreprise. Mais finalement, c\u2019est le bien de nos membres qui l\u2019emporte, peu importe. \u00bb<\/p>\n\n\n\n<p>Jean Chartrand, pr\u00e9sident de la Section locale 106 du Syndicat des Teamsters, se r\u00e9jouit de cette convention collective : \u00ab Bien qu\u2019on associe souvent les Teamsters au transport, cette nouvelle convention d\u00e9montre encore une fois l\u2019expertise des Teamsters dans le r\u00e9seau de la sant\u00e9 et des soins, notre syndicat repr\u00e9sentant des centaines d&rsquo;infirmi\u00e8res et infirmiers, pr\u00e9pos\u00e9es et pr\u00e9pos\u00e9s aux b\u00e9n\u00e9ficiaires, et ambulanci\u00e8res et ambulanciers, partout au pays.&nbsp;\u00bb<\/p>\n\n\n\n<figure class=\"wp-block-image size-large td-caption-align-left\"><img loading=\"lazy\" decoding=\"async\" width=\"1024\" height=\"768\" src=\"https:\/\/teamsters.ca\/wp-content\/uploads\/2024\/08\/processed-CE2F9D1B-3E5D-4D4D-B350-1FD2C3194C36-1024x768.jpeg\" alt=\"Jean-Philippe Hairabadian, repr\u00e9sentant syndical au Local 106\" class=\"wp-image-27408\" srcset=\"https:\/\/teamsters.ca\/wp-content\/uploads\/2024\/08\/processed-CE2F9D1B-3E5D-4D4D-B350-1FD2C3194C36-1024x768.jpeg 1024w, https:\/\/teamsters.ca\/wp-content\/uploads\/2024\/08\/processed-CE2F9D1B-3E5D-4D4D-B350-1FD2C3194C36-300x225.jpeg 300w, https:\/\/teamsters.ca\/wp-content\/uploads\/2024\/08\/processed-CE2F9D1B-3E5D-4D4D-B350-1FD2C3194C36-150x113.jpeg 150w, https:\/\/teamsters.ca\/wp-content\/uploads\/2024\/08\/processed-CE2F9D1B-3E5D-4D4D-B350-1FD2C3194C36-768x576.jpeg 768w, https:\/\/teamsters.ca\/wp-content\/uploads\/2024\/08\/processed-CE2F9D1B-3E5D-4D4D-B350-1FD2C3194C36-1536x1153.jpeg 1536w, https:\/\/teamsters.ca\/wp-content\/uploads\/2024\/08\/processed-CE2F9D1B-3E5D-4D4D-B350-1FD2C3194C36-2048x1537.jpeg 2048w, https:\/\/teamsters.ca\/wp-content\/uploads\/2024\/08\/processed-CE2F9D1B-3E5D-4D4D-B350-1FD2C3194C36-560x420.jpeg 560w, https:\/\/teamsters.ca\/wp-content\/uploads\/2024\/08\/processed-CE2F9D1B-3E5D-4D4D-B350-1FD2C3194C36-80x60.jpeg 80w, https:\/\/teamsters.ca\/wp-content\/uploads\/2024\/08\/processed-CE2F9D1B-3E5D-4D4D-B350-1FD2C3194C36-696x522.jpeg 696w, https:\/\/teamsters.ca\/wp-content\/uploads\/2024\/08\/processed-CE2F9D1B-3E5D-4D4D-B350-1FD2C3194C36-1068x801.jpeg 1068w, https:\/\/teamsters.ca\/wp-content\/uploads\/2024\/08\/processed-CE2F9D1B-3E5D-4D4D-B350-1FD2C3194C36-1920x1441.jpeg 1920w, https:\/\/teamsters.ca\/wp-content\/uploads\/2024\/08\/processed-CE2F9D1B-3E5D-4D4D-B350-1FD2C3194C36-265x198.jpeg 265w\" sizes=\"auto, (max-width: 1024px) 100vw, 1024px\" \/><figcaption class=\"wp-element-caption\">Jean-Philippe Hairabadian, repr\u00e9sentant syndical au Local 106<\/figcaption><\/figure>\n","protected":false},"excerpt":{"rendered":"<p>Pour la premi\u00e8re fois de leur histoire, les Teamsters, pr\u00e9sents au Qu\u00e9bec depuis 1903, viennent de n\u00e9gocier leur premi\u00e8re convention collective avec le gouvernement du Qu\u00e9bec!<\/p>\n","protected":false},"author":9,"featured_media":27406,"comment_status":"closed","ping_status":"closed","sticky":false,"template":"","format":"standard","meta":{"ngg_post_thumbnail":0,"mc4wp_mailchimp_campaign":[],"footnotes":""},"categories":[1908,4995,1114],"tags":[],"class_list":{"0":"post-27404","1":"post","2":"type-post","3":"status-publish","4":"format-standard","5":"has-post-thumbnail","7":"category-chsld","8":"category-convention-collective","9":"category-nouvelles"},"yoast_head":"<!-- This site is optimized with the Yoast SEO Premium plugin v25.5 (Yoast SEO v25.5) - https:\/\/yoast.com\/wordpress\/plugins\/seo\/ -->\n<title>CHSLD : une convention collective historique pour les Teamsters au Qu\u00e9bec | Teamsters Canada<\/title>\n<meta name=\"robots\" content=\"index, follow, max-snippet:-1, max-image-preview:large, max-video-preview:-1\" \/>\n<link rel=\"canonical\" href=\"https:\/\/teamsters.ca\/fr\/blog\/2024\/08\/06\/chsld-une-convention-collective-historique-pour-les-teamsters-au-quebec\/\" \/>\n<meta property=\"og:locale\" content=\"fr_CA\" \/>\n<meta property=\"og:type\" content=\"article\" \/>\n<meta property=\"og:title\" content=\"CHSLD : une convention collective historique pour les Teamsters au Qu\u00e9bec\" \/>\n<meta property=\"og:description\" content=\"Pour la premi\u00e8re fois de leur histoire, les Teamsters, pr\u00e9sents au Qu\u00e9bec depuis 1903, viennent de n\u00e9gocier leur premi\u00e8re convention collective avec le gouvernement du Qu\u00e9bec!\" \/>\n<meta property=\"og:url\" content=\"https:\/\/teamsters.ca\/fr\/blog\/2024\/08\/06\/chsld-une-convention-collective-historique-pour-les-teamsters-au-quebec\/\" \/>\n<meta property=\"og:site_name\" content=\"Teamsters Canada\" \/>\n<meta property=\"article:publisher\" content=\"https:\/\/www.facebook.com\/Teamsterscanada\/\" \/>\n<meta property=\"article:published_time\" content=\"2024-08-06T19:24:45+00:00\" \/>\n<meta property=\"article:modified_time\" content=\"2024-08-06T19:25:59+00:00\" \/>\n<meta property=\"og:image\" content=\"https:\/\/teamsters.ca\/wp-content\/uploads\/2024\/08\/miseenVAL.jpg\" \/>\n\t<meta property=\"og:image:width\" content=\"1166\" \/>\n\t<meta property=\"og:image:height\" content=\"768\" \/>\n\t<meta property=\"og:image:type\" content=\"image\/jpeg\" \/>\n<meta name=\"author\" content=\"communications\" \/>\n<meta name=\"twitter:card\" content=\"summary_large_image\" \/>\n<meta name=\"twitter:creator\" content=\"@TeamstersCanada\" \/>\n<meta name=\"twitter:site\" content=\"@TeamstersCanada\" \/>\n<meta name=\"twitter:label1\" content=\"\u00c9crit par\" \/>\n\t<meta name=\"twitter:data1\" content=\"communications\" \/>\n\t<meta name=\"twitter:label2\" content=\"Estimation du temps de lecture\" \/>\n\t<meta name=\"twitter:data2\" content=\"2 minutes\" \/>\n<script type=\"application\/ld+json\" class=\"yoast-schema-graph\">{\"@context\":\"https:\/\/schema.org\",\"@graph\":[{\"@type\":\"Article\",\"@id\":\"https:\/\/teamsters.ca\/fr\/blog\/2024\/08\/06\/chsld-une-convention-collective-historique-pour-les-teamsters-au-quebec\/#article\",\"isPartOf\":{\"@id\":\"https:\/\/teamsters.ca\/fr\/blog\/2024\/08\/06\/chsld-une-convention-collective-historique-pour-les-teamsters-au-quebec\/\"},\"author\":{\"name\":\"communications\",\"@id\":\"https:\/\/teamsters.ca\/fr\/#\/schema\/person\/16abb510b61e30ac94505e325f34ff0c\"},\"headline\":\"CHSLD : une convention collective historique pour les Teamsters au Qu\u00e9bec\",\"datePublished\":\"2024-08-06T19:24:45+00:00\",\"dateModified\":\"2024-08-06T19:25:59+00:00\",\"mainEntityOfPage\":{\"@id\":\"https:\/\/teamsters.ca\/fr\/blog\/2024\/08\/06\/chsld-une-convention-collective-historique-pour-les-teamsters-au-quebec\/\"},\"wordCount\":310,\"publisher\":{\"@id\":\"https:\/\/teamsters.ca\/fr\/#organization\"},\"image\":{\"@id\":\"https:\/\/teamsters.ca\/fr\/blog\/2024\/08\/06\/chsld-une-convention-collective-historique-pour-les-teamsters-au-quebec\/#primaryimage\"},\"thumbnailUrl\":\"https:\/\/teamsters.ca\/wp-content\/uploads\/2024\/08\/miseenVAL.jpg\",\"articleSection\":[\"CHSLD\",\"Convention collective\",\"Nouvelles\"],\"inLanguage\":\"fr-CA\"},{\"@type\":\"WebPage\",\"@id\":\"https:\/\/teamsters.ca\/fr\/blog\/2024\/08\/06\/chsld-une-convention-collective-historique-pour-les-teamsters-au-quebec\/\",\"url\":\"https:\/\/teamsters.ca\/fr\/blog\/2024\/08\/06\/chsld-une-convention-collective-historique-pour-les-teamsters-au-quebec\/\",\"name\":\"CHSLD : une convention collective historique pour les Teamsters au Qu\u00e9bec | Teamsters Canada\",\"isPartOf\":{\"@id\":\"https:\/\/teamsters.ca\/fr\/#website\"},\"primaryImageOfPage\":{\"@id\":\"https:\/\/teamsters.ca\/fr\/blog\/2024\/08\/06\/chsld-une-convention-collective-historique-pour-les-teamsters-au-quebec\/#primaryimage\"},\"image\":{\"@id\":\"https:\/\/teamsters.ca\/fr\/blog\/2024\/08\/06\/chsld-une-convention-collective-historique-pour-les-teamsters-au-quebec\/#primaryimage\"},\"thumbnailUrl\":\"https:\/\/teamsters.ca\/wp-content\/uploads\/2024\/08\/miseenVAL.jpg\",\"datePublished\":\"2024-08-06T19:24:45+00:00\",\"dateModified\":\"2024-08-06T19:25:59+00:00\",\"breadcrumb\":{\"@id\":\"https:\/\/teamsters.ca\/fr\/blog\/2024\/08\/06\/chsld-une-convention-collective-historique-pour-les-teamsters-au-quebec\/#breadcrumb\"},\"inLanguage\":\"fr-CA\",\"potentialAction\":[{\"@type\":\"ReadAction\",\"target\":[\"https:\/\/teamsters.ca\/fr\/blog\/2024\/08\/06\/chsld-une-convention-collective-historique-pour-les-teamsters-au-quebec\/\"]}]},{\"@type\":\"ImageObject\",\"inLanguage\":\"fr-CA\",\"@id\":\"https:\/\/teamsters.ca\/fr\/blog\/2024\/08\/06\/chsld-une-convention-collective-historique-pour-les-teamsters-au-quebec\/#primaryimage\",\"url\":\"https:\/\/teamsters.ca\/wp-content\/uploads\/2024\/08\/miseenVAL.jpg\",\"contentUrl\":\"https:\/\/teamsters.ca\/wp-content\/uploads\/2024\/08\/miseenVAL.jpg\",\"width\":1166,\"height\":768},{\"@type\":\"BreadcrumbList\",\"@id\":\"https:\/\/teamsters.ca\/fr\/blog\/2024\/08\/06\/chsld-une-convention-collective-historique-pour-les-teamsters-au-quebec\/#breadcrumb\",\"itemListElement\":[{\"@type\":\"ListItem\",\"position\":1,\"name\":\"Home\",\"item\":\"https:\/\/teamsters.ca\/fr\/\"},{\"@type\":\"ListItem\",\"position\":2,\"name\":\"CHSLD : une convention collective historique pour les Teamsters au Qu\u00e9bec\"}]},{\"@type\":\"WebSite\",\"@id\":\"https:\/\/teamsters.ca\/fr\/#website\",\"url\":\"https:\/\/teamsters.ca\/fr\/\",\"name\":\"Teamsters Canada\",\"description\":\"A Canadian union representing over 125 000 members\",\"publisher\":{\"@id\":\"https:\/\/teamsters.ca\/fr\/#organization\"},\"potentialAction\":[{\"@type\":\"SearchAction\",\"target\":{\"@type\":\"EntryPoint\",\"urlTemplate\":\"https:\/\/teamsters.ca\/fr\/?s={search_term_string}\"},\"query-input\":{\"@type\":\"PropertyValueSpecification\",\"valueRequired\":true,\"valueName\":\"search_term_string\"}}],\"inLanguage\":\"fr-CA\"},{\"@type\":\"Organization\",\"@id\":\"https:\/\/teamsters.ca\/fr\/#organization\",\"name\":\"Teamsters Canada\",\"url\":\"https:\/\/teamsters.ca\/fr\/\",\"logo\":{\"@type\":\"ImageObject\",\"inLanguage\":\"fr-CA\",\"@id\":\"https:\/\/teamsters.ca\/fr\/#\/schema\/logo\/image\/\",\"url\":\"https:\/\/teamsters.ca\/wp-content\/uploads\/2019\/08\/TeamstersCanada.png\",\"contentUrl\":\"https:\/\/teamsters.ca\/wp-content\/uploads\/2019\/08\/TeamstersCanada.png\",\"width\":545,\"height\":181,\"caption\":\"Teamsters Canada\"},\"image\":{\"@id\":\"https:\/\/teamsters.ca\/fr\/#\/schema\/logo\/image\/\"},\"sameAs\":[\"https:\/\/www.facebook.com\/Teamsterscanada\/\",\"https:\/\/x.com\/TeamstersCanada\"]},{\"@type\":\"Person\",\"@id\":\"https:\/\/teamsters.ca\/fr\/#\/schema\/person\/16abb510b61e30ac94505e325f34ff0c\",\"name\":\"communications\",\"image\":{\"@type\":\"ImageObject\",\"inLanguage\":\"fr-CA\",\"@id\":\"https:\/\/teamsters.ca\/fr\/#\/schema\/person\/image\/\",\"url\":\"https:\/\/secure.gravatar.com\/avatar\/707c37c6763af59d83f3b3dcebfff9d9d58ef9e062e2c9452a9dbb153c85d7ac?s=96&d=mm&r=g\",\"contentUrl\":\"https:\/\/secure.gravatar.com\/avatar\/707c37c6763af59d83f3b3dcebfff9d9d58ef9e062e2c9452a9dbb153c85d7ac?s=96&d=mm&r=g\",\"caption\":\"communications\"},\"url\":\"https:\/\/teamsters.ca\/fr\/blog\/author\/communications\/\"}]}<\/script>\n<!-- \/ Yoast SEO Premium plugin. -->","yoast_head_json":{"title":"CHSLD : une convention collective historique pour les Teamsters au Qu\u00e9bec | Teamsters Canada","robots":{"index":"index","follow":"follow","max-snippet":"max-snippet:-1","max-image-preview":"max-image-preview:large","max-video-preview":"max-video-preview:-1"},"canonical":"https:\/\/teamsters.ca\/fr\/blog\/2024\/08\/06\/chsld-une-convention-collective-historique-pour-les-teamsters-au-quebec\/","og_locale":"fr_CA","og_type":"article","og_title":"CHSLD : une convention collective historique pour les Teamsters au Qu\u00e9bec","og_description":"Pour la premi\u00e8re fois de leur histoire, les Teamsters, pr\u00e9sents au Qu\u00e9bec depuis 1903, viennent de n\u00e9gocier leur premi\u00e8re convention collective avec le gouvernement du Qu\u00e9bec!","og_url":"https:\/\/teamsters.ca\/fr\/blog\/2024\/08\/06\/chsld-une-convention-collective-historique-pour-les-teamsters-au-quebec\/","og_site_name":"Teamsters Canada","article_publisher":"https:\/\/www.facebook.com\/Teamsterscanada\/","article_published_time":"2024-08-06T19:24:45+00:00","article_modified_time":"2024-08-06T19:25:59+00:00","og_image":[{"width":1166,"height":768,"url":"https:\/\/teamsters.ca\/wp-content\/uploads\/2024\/08\/miseenVAL.jpg","type":"image\/jpeg"}],"author":"communications","twitter_card":"summary_large_image","twitter_creator":"@TeamstersCanada","twitter_site":"@TeamstersCanada","twitter_misc":{"\u00c9crit par":"communications","Estimation du temps de lecture":"2 minutes"},"schema":{"@context":"https:\/\/schema.org","@graph":[{"@type":"Article","@id":"https:\/\/teamsters.ca\/fr\/blog\/2024\/08\/06\/chsld-une-convention-collective-historique-pour-les-teamsters-au-quebec\/#article","isPartOf":{"@id":"https:\/\/teamsters.ca\/fr\/blog\/2024\/08\/06\/chsld-une-convention-collective-historique-pour-les-teamsters-au-quebec\/"},"author":{"name":"communications","@id":"https:\/\/teamsters.ca\/fr\/#\/schema\/person\/16abb510b61e30ac94505e325f34ff0c"},"headline":"CHSLD : une convention collective historique pour les Teamsters au Qu\u00e9bec","datePublished":"2024-08-06T19:24:45+00:00","dateModified":"2024-08-06T19:25:59+00:00","mainEntityOfPage":{"@id":"https:\/\/teamsters.ca\/fr\/blog\/2024\/08\/06\/chsld-une-convention-collective-historique-pour-les-teamsters-au-quebec\/"},"wordCount":310,"publisher":{"@id":"https:\/\/teamsters.ca\/fr\/#organization"},"image":{"@id":"https:\/\/teamsters.ca\/fr\/blog\/2024\/08\/06\/chsld-une-convention-collective-historique-pour-les-teamsters-au-quebec\/#primaryimage"},"thumbnailUrl":"https:\/\/teamsters.ca\/wp-content\/uploads\/2024\/08\/miseenVAL.jpg","articleSection":["CHSLD","Convention collective","Nouvelles"],"inLanguage":"fr-CA"},{"@type":"WebPage","@id":"https:\/\/teamsters.ca\/fr\/blog\/2024\/08\/06\/chsld-une-convention-collective-historique-pour-les-teamsters-au-quebec\/","url":"https:\/\/teamsters.ca\/fr\/blog\/2024\/08\/06\/chsld-une-convention-collective-historique-pour-les-teamsters-au-quebec\/","name":"CHSLD : une convention collective historique pour les Teamsters au Qu\u00e9bec | Teamsters Canada","isPartOf":{"@id":"https:\/\/teamsters.ca\/fr\/#website"},"primaryImageOfPage":{"@id":"https:\/\/teamsters.ca\/fr\/blog\/2024\/08\/06\/chsld-une-convention-collective-historique-pour-les-teamsters-au-quebec\/#primaryimage"},"image":{"@id":"https:\/\/teamsters.ca\/fr\/blog\/2024\/08\/06\/chsld-une-convention-collective-historique-pour-les-teamsters-au-quebec\/#primaryimage"},"thumbnailUrl":"https:\/\/teamsters.ca\/wp-content\/uploads\/2024\/08\/miseenVAL.jpg","datePublished":"2024-08-06T19:24:45+00:00","dateModified":"2024-08-06T19:25:59+00:00","breadcrumb":{"@id":"https:\/\/teamsters.ca\/fr\/blog\/2024\/08\/06\/chsld-une-convention-collective-historique-pour-les-teamsters-au-quebec\/#breadcrumb"},"inLanguage":"fr-CA","potentialAction":[{"@type":"ReadAction","target":["https:\/\/teamsters.ca\/fr\/blog\/2024\/08\/06\/chsld-une-convention-collective-historique-pour-les-teamsters-au-quebec\/"]}]},{"@type":"ImageObject","inLanguage":"fr-CA","@id":"https:\/\/teamsters.ca\/fr\/blog\/2024\/08\/06\/chsld-une-convention-collective-historique-pour-les-teamsters-au-quebec\/#primaryimage","url":"https:\/\/teamsters.ca\/wp-content\/uploads\/2024\/08\/miseenVAL.jpg","contentUrl":"https:\/\/teamsters.ca\/wp-content\/uploads\/2024\/08\/miseenVAL.jpg","width":1166,"height":768},{"@type":"BreadcrumbList","@id":"https:\/\/teamsters.ca\/fr\/blog\/2024\/08\/06\/chsld-une-convention-collective-historique-pour-les-teamsters-au-quebec\/#breadcrumb","itemListElement":[{"@type":"ListItem","position":1,"name":"Home","item":"https:\/\/teamsters.ca\/fr\/"},{"@type":"ListItem","position":2,"name":"CHSLD : une convention collective historique pour les Teamsters au Qu\u00e9bec"}]},{"@type":"WebSite","@id":"https:\/\/teamsters.ca\/fr\/#website","url":"https:\/\/teamsters.ca\/fr\/","name":"Teamsters Canada","description":"A Canadian union representing over 125 000 members","publisher":{"@id":"https:\/\/teamsters.ca\/fr\/#organization"},"potentialAction":[{"@type":"SearchAction","target":{"@type":"EntryPoint","urlTemplate":"https:\/\/teamsters.ca\/fr\/?s={search_term_string}"},"query-input":{"@type":"PropertyValueSpecification","valueRequired":true,"valueName":"search_term_string"}}],"inLanguage":"fr-CA"},{"@type":"Organization","@id":"https:\/\/teamsters.ca\/fr\/#organization","name":"Teamsters Canada","url":"https:\/\/teamsters.ca\/fr\/","logo":{"@type":"ImageObject","inLanguage":"fr-CA","@id":"https:\/\/teamsters.ca\/fr\/#\/schema\/logo\/image\/","url":"https:\/\/teamsters.ca\/wp-content\/uploads\/2019\/08\/TeamstersCanada.png","contentUrl":"https:\/\/teamsters.ca\/wp-content\/uploads\/2019\/08\/TeamstersCanada.png","width":545,"height":181,"caption":"Teamsters Canada"},"image":{"@id":"https:\/\/teamsters.ca\/fr\/#\/schema\/logo\/image\/"},"sameAs":["https:\/\/www.facebook.com\/Teamsterscanada\/","https:\/\/x.com\/TeamstersCanada"]},{"@type":"Person","@id":"https:\/\/teamsters.ca\/fr\/#\/schema\/person\/16abb510b61e30ac94505e325f34ff0c","name":"communications","image":{"@type":"ImageObject","inLanguage":"fr-CA","@id":"https:\/\/teamsters.ca\/fr\/#\/schema\/person\/image\/","url":"https:\/\/secure.gravatar.com\/avatar\/707c37c6763af59d83f3b3dcebfff9d9d58ef9e062e2c9452a9dbb153c85d7ac?s=96&d=mm&r=g","contentUrl":"https:\/\/secure.gravatar.com\/avatar\/707c37c6763af59d83f3b3dcebfff9d9d58ef9e062e2c9452a9dbb153c85d7ac?s=96&d=mm&r=g","caption":"communications"},"url":"https:\/\/teamsters.ca\/fr\/blog\/author\/communications\/"}]}},"_links":{"self":[{"href":"https:\/\/teamsters.ca\/fr\/wp-json\/wp\/v2\/posts\/27404","targetHints":{"allow":["GET"]}}],"collection":[{"href":"https:\/\/teamsters.ca\/fr\/wp-json\/wp\/v2\/posts"}],"about":[{"href":"https:\/\/teamsters.ca\/fr\/wp-json\/wp\/v2\/types\/post"}],"author":[{"embeddable":true,"href":"https:\/\/teamsters.ca\/fr\/wp-json\/wp\/v2\/users\/9"}],"replies":[{"embeddable":true,"href":"https:\/\/teamsters.ca\/fr\/wp-json\/wp\/v2\/comments?post=27404"}],"version-history":[{"count":5,"href":"https:\/\/teamsters.ca\/fr\/wp-json\/wp\/v2\/posts\/27404\/revisions"}],"predecessor-version":[{"id":27413,"href":"https:\/\/teamsters.ca\/fr\/wp-json\/wp\/v2\/posts\/27404\/revisions\/27413"}],"wp:featuredmedia":[{"embeddable":true,"href":"https:\/\/teamsters.ca\/fr\/wp-json\/wp\/v2\/media\/27406"}],"wp:attachment":[{"href":"https:\/\/teamsters.ca\/fr\/wp-json\/wp\/v2\/media?parent=27404"}],"wp:term":[{"taxonomy":"category","embeddable":true,"href":"https:\/\/teamsters.ca\/fr\/wp-json\/wp\/v2\/categories?post=27404"},{"taxonomy":"post_tag","embeddable":true,"href":"https:\/\/teamsters.ca\/fr\/wp-json\/wp\/v2\/tags?post=27404"}],"curies":[{"name":"wp","href":"https:\/\/api.w.org\/{rel}","templated":true}]}}