{"id":2728,"date":"2008-05-16T15:42:00","date_gmt":"2008-05-16T19:42:00","guid":{"rendered":"http:\/\/teamsters.ca\/2008\/05\/teamsters-canada-convie-a-une-seance-privee-sur-le-reglement-canadien-sur-la-surete-aerienne\/"},"modified":"2019-06-27T20:39:52","modified_gmt":"2019-06-27T20:39:52","slug":"teamsters-canada-convie-a-une-seance-privee-sur-le-reglement-canadien-sur-la-surete-aerienne","status":"publish","type":"post","link":"https:\/\/teamsters.ca\/fr\/blog\/2008\/05\/16\/teamsters-canada-convie-a-une-seance-privee-sur-le-reglement-canadien-sur-la-surete-aerienne\/","title":{"rendered":"Teamsters Canada convi\u00e9 \u00e0 une s\u00e9ance priv\u00e9e sur le R\u00e8glement canadien sur la s\u00fbret\u00e9 a\u00e9rienne"},"content":{"rendered":"<div align=\"justify\">Le 6 mai, Transports Canada conviait des repr&eacute;sentants de Teamsters Canada &agrave; une s&eacute;ance priv&eacute;e pour entendre les commentaires de ses membres relatifs aux am&eacute;liorations propos&eacute;es pour le R&egrave;glement canadien sur la s&ucirc;ret&eacute; a&eacute;rienne afin d&rsquo;en accro&icirc;tre la souplesse et l&rsquo;efficacit&eacute;.<\/p>\n<p>Le syndicat des Teamsters repr&eacute;sente des travailleurs qui &oelig;uvre dans plusieurs secteurs de l&rsquo;aviation, notamment des agents de bord, des pilotes, des agents de contr&ocirc;le de s&eacute;curit&eacute; et des pr&eacute;pos&eacute;s aux services de repas en vol. L&rsquo;exp&eacute;rience et l&rsquo;expertise acquises par le syndicat des Teamsters dans les domaine des transports a&eacute;rien, ferroviaire et maritime sont reconnues et jetteront de solides bases &agrave; de futurs travaux de recherche, d&rsquo;analyse et de revitalisation de la structure.<\/p>\n<p>Transports Canada pr&eacute;voit terminer ce processus d&rsquo;ici 2011, et le syndicat des Teamsters si&eacute;gera &agrave; tous les comit&eacute;s techniques et groupes de travail mis sur pied pour examiner la structure r&eacute;glementaire.<\/p>\n<p>Renseignements : Fran&ccedil;ois Laporte &ndash; 450-682-5521<\/p>\n<\/div>\n","protected":false},"excerpt":{"rendered":"<p>Le 6 mai, Transports Canada conviait des repr&eacute;sentants de Teamsters Canada &agrave; une s&eacute;ance priv&eacute;e pour entendre les commentaires de ses membres relatifs aux am&eacute;liorations propos&eacute;es pour le R&egrave;glement canadien sur la s&ucirc;ret&eacute; a&eacute;rienne afin d&rsquo;en accro&icirc;tre la souplesse et l&rsquo;efficacit&eacute;. Le syndicat des Teamsters repr&eacute;sente des travailleurs qui &oelig;uvre dans plusieurs secteurs de l&rsquo;aviation, [&hellip;]<\/p>\n","protected":false},"author":8,"featured_media":0,"comment_status":"closed","ping_status":"closed","sticky":false,"template":"","format":"standard","meta":{"ngg_post_thumbnail":0,"mc4wp_mailchimp_campaign":[],"footnotes":""},"categories":[1114],"tags":[],"class_list":{"0":"post-2728","1":"post","2":"type-post","3":"status-publish","4":"format-standard","6":"category-nouvelles"},"yoast_head":"<!-- This site is optimized with the Yoast SEO Premium plugin v25.5 (Yoast SEO v25.5) - https:\/\/yoast.com\/wordpress\/plugins\/seo\/ -->\n<title>Teamsters Canada convi\u00e9 \u00e0 une s\u00e9ance priv\u00e9e sur le R\u00e8glement canadien sur la s\u00fbret\u00e9 a\u00e9rienne | Teamsters Canada<\/title>\n<meta name=\"robots\" content=\"index, follow, max-snippet:-1, max-image-preview:large, max-video-preview:-1\" \/>\n<link rel=\"canonical\" href=\"https:\/\/teamsters.ca\/fr\/blog\/2008\/05\/16\/teamsters-canada-convie-a-une-seance-privee-sur-le-reglement-canadien-sur-la-surete-aerienne\/\" \/>\n<meta property=\"og:locale\" content=\"fr_CA\" \/>\n<meta property=\"og:type\" content=\"article\" \/>\n<meta property=\"og:title\" content=\"Teamsters Canada convi\u00e9 \u00e0 une s\u00e9ance priv\u00e9e sur le R\u00e8glement canadien sur la s\u00fbret\u00e9 a\u00e9rienne\" \/>\n<meta property=\"og:description\" content=\"Le 6 mai, Transports Canada conviait des repr&eacute;sentants de Teamsters Canada &agrave; une s&eacute;ance priv&eacute;e pour entendre les commentaires de ses membres relatifs aux am&eacute;liorations propos&eacute;es pour le R&egrave;glement canadien sur la s&ucirc;ret&eacute; a&eacute;rienne afin d&rsquo;en accro&icirc;tre la souplesse et l&rsquo;efficacit&eacute;. Le syndicat des Teamsters repr&eacute;sente des travailleurs qui &oelig;uvre dans plusieurs secteurs de l&rsquo;aviation, [&hellip;]\" \/>\n<meta property=\"og:url\" content=\"https:\/\/teamsters.ca\/fr\/blog\/2008\/05\/16\/teamsters-canada-convie-a-une-seance-privee-sur-le-reglement-canadien-sur-la-surete-aerienne\/\" \/>\n<meta property=\"og:site_name\" content=\"Teamsters Canada\" \/>\n<meta property=\"article:publisher\" content=\"https:\/\/www.facebook.com\/Teamsterscanada\/\" \/>\n<meta property=\"article:published_time\" content=\"2008-05-16T19:42:00+00:00\" \/>\n<meta property=\"article:modified_time\" content=\"2019-06-27T20:39:52+00:00\" \/>\n<meta name=\"author\" content=\"St\u00e9phanie Meunier\" \/>\n<meta name=\"twitter:card\" content=\"summary_large_image\" \/>\n<meta name=\"twitter:creator\" content=\"@TeamstersCanada\" \/>\n<meta name=\"twitter:site\" content=\"@TeamstersCanada\" \/>\n<meta name=\"twitter:label1\" content=\"\u00c9crit par\" \/>\n\t<meta name=\"twitter:data1\" content=\"St\u00e9phanie Meunier\" \/>\n\t<meta name=\"twitter:label2\" content=\"Estimation du temps de lecture\" \/>\n\t<meta name=\"twitter:data2\" content=\"1 minute\" \/>\n<script type=\"application\/ld+json\" class=\"yoast-schema-graph\">{\"@context\":\"https:\/\/schema.org\",\"@graph\":[{\"@type\":\"Article\",\"@id\":\"https:\/\/teamsters.ca\/fr\/blog\/2008\/05\/16\/teamsters-canada-convie-a-une-seance-privee-sur-le-reglement-canadien-sur-la-surete-aerienne\/#article\",\"isPartOf\":{\"@id\":\"https:\/\/teamsters.ca\/fr\/blog\/2008\/05\/16\/teamsters-canada-convie-a-une-seance-privee-sur-le-reglement-canadien-sur-la-surete-aerienne\/\"},\"author\":{\"name\":\"St\u00e9phanie Meunier\",\"@id\":\"https:\/\/teamsters.ca\/fr\/#\/schema\/person\/3e6ffefc39fe2f212400b7d8d0a4a0c1\"},\"headline\":\"Teamsters Canada convi\u00e9 \u00e0 une s\u00e9ance priv\u00e9e sur le R\u00e8glement canadien sur la s\u00fbret\u00e9 a\u00e9rienne\",\"datePublished\":\"2008-05-16T19:42:00+00:00\",\"dateModified\":\"2019-06-27T20:39:52+00:00\",\"mainEntityOfPage\":{\"@id\":\"https:\/\/teamsters.ca\/fr\/blog\/2008\/05\/16\/teamsters-canada-convie-a-une-seance-privee-sur-le-reglement-canadien-sur-la-surete-aerienne\/\"},\"wordCount\":229,\"publisher\":{\"@id\":\"https:\/\/teamsters.ca\/fr\/#organization\"},\"articleSection\":[\"Nouvelles\"],\"inLanguage\":\"fr-CA\"},{\"@type\":\"WebPage\",\"@id\":\"https:\/\/teamsters.ca\/fr\/blog\/2008\/05\/16\/teamsters-canada-convie-a-une-seance-privee-sur-le-reglement-canadien-sur-la-surete-aerienne\/\",\"url\":\"https:\/\/teamsters.ca\/fr\/blog\/2008\/05\/16\/teamsters-canada-convie-a-une-seance-privee-sur-le-reglement-canadien-sur-la-surete-aerienne\/\",\"name\":\"Teamsters Canada convi\u00e9 \u00e0 une s\u00e9ance priv\u00e9e sur le R\u00e8glement canadien sur la s\u00fbret\u00e9 a\u00e9rienne | Teamsters Canada\",\"isPartOf\":{\"@id\":\"https:\/\/teamsters.ca\/fr\/#website\"},\"datePublished\":\"2008-05-16T19:42:00+00:00\",\"dateModified\":\"2019-06-27T20:39:52+00:00\",\"breadcrumb\":{\"@id\":\"https:\/\/teamsters.ca\/fr\/blog\/2008\/05\/16\/teamsters-canada-convie-a-une-seance-privee-sur-le-reglement-canadien-sur-la-surete-aerienne\/#breadcrumb\"},\"inLanguage\":\"fr-CA\",\"potentialAction\":[{\"@type\":\"ReadAction\",\"target\":[\"https:\/\/teamsters.ca\/fr\/blog\/2008\/05\/16\/teamsters-canada-convie-a-une-seance-privee-sur-le-reglement-canadien-sur-la-surete-aerienne\/\"]}]},{\"@type\":\"BreadcrumbList\",\"@id\":\"https:\/\/teamsters.ca\/fr\/blog\/2008\/05\/16\/teamsters-canada-convie-a-une-seance-privee-sur-le-reglement-canadien-sur-la-surete-aerienne\/#breadcrumb\",\"itemListElement\":[{\"@type\":\"ListItem\",\"position\":1,\"name\":\"Home\",\"item\":\"https:\/\/teamsters.ca\/fr\/\"},{\"@type\":\"ListItem\",\"position\":2,\"name\":\"Teamsters Canada convi\u00e9 \u00e0 une s\u00e9ance priv\u00e9e sur le R\u00e8glement canadien sur la s\u00fbret\u00e9 a\u00e9rienne\"}]},{\"@type\":\"WebSite\",\"@id\":\"https:\/\/teamsters.ca\/fr\/#website\",\"url\":\"https:\/\/teamsters.ca\/fr\/\",\"name\":\"Teamsters Canada\",\"description\":\"A Canadian union representing over 125 000 members\",\"publisher\":{\"@id\":\"https:\/\/teamsters.ca\/fr\/#organization\"},\"potentialAction\":[{\"@type\":\"SearchAction\",\"target\":{\"@type\":\"EntryPoint\",\"urlTemplate\":\"https:\/\/teamsters.ca\/fr\/?s={search_term_string}\"},\"query-input\":{\"@type\":\"PropertyValueSpecification\",\"valueRequired\":true,\"valueName\":\"search_term_string\"}}],\"inLanguage\":\"fr-CA\"},{\"@type\":\"Organization\",\"@id\":\"https:\/\/teamsters.ca\/fr\/#organization\",\"name\":\"Teamsters Canada\",\"url\":\"https:\/\/teamsters.ca\/fr\/\",\"logo\":{\"@type\":\"ImageObject\",\"inLanguage\":\"fr-CA\",\"@id\":\"https:\/\/teamsters.ca\/fr\/#\/schema\/logo\/image\/\",\"url\":\"https:\/\/teamsters.ca\/wp-content\/uploads\/2019\/08\/TeamstersCanada.png\",\"contentUrl\":\"https:\/\/teamsters.ca\/wp-content\/uploads\/2019\/08\/TeamstersCanada.png\",\"width\":545,\"height\":181,\"caption\":\"Teamsters Canada\"},\"image\":{\"@id\":\"https:\/\/teamsters.ca\/fr\/#\/schema\/logo\/image\/\"},\"sameAs\":[\"https:\/\/www.facebook.com\/Teamsterscanada\/\",\"https:\/\/x.com\/TeamstersCanada\"]},{\"@type\":\"Person\",\"@id\":\"https:\/\/teamsters.ca\/fr\/#\/schema\/person\/3e6ffefc39fe2f212400b7d8d0a4a0c1\",\"name\":\"St\u00e9phanie Meunier\",\"image\":{\"@type\":\"ImageObject\",\"inLanguage\":\"fr-CA\",\"@id\":\"https:\/\/teamsters.ca\/fr\/#\/schema\/person\/image\/\",\"url\":\"https:\/\/secure.gravatar.com\/avatar\/e4e8404e91ed71cb473fa2708849669810cf083c89825a3d2dd0d47dd6b2be77?s=96&d=mm&r=g\",\"contentUrl\":\"https:\/\/secure.gravatar.com\/avatar\/e4e8404e91ed71cb473fa2708849669810cf083c89825a3d2dd0d47dd6b2be77?s=96&d=mm&r=g\",\"caption\":\"St\u00e9phanie Meunier\"},\"url\":\"https:\/\/teamsters.ca\/fr\/blog\/author\/smeunier\/\"}]}<\/script>\n<!-- \/ Yoast SEO Premium plugin. -->","yoast_head_json":{"title":"Teamsters Canada convi\u00e9 \u00e0 une s\u00e9ance priv\u00e9e sur le R\u00e8glement canadien sur la s\u00fbret\u00e9 a\u00e9rienne | Teamsters Canada","robots":{"index":"index","follow":"follow","max-snippet":"max-snippet:-1","max-image-preview":"max-image-preview:large","max-video-preview":"max-video-preview:-1"},"canonical":"https:\/\/teamsters.ca\/fr\/blog\/2008\/05\/16\/teamsters-canada-convie-a-une-seance-privee-sur-le-reglement-canadien-sur-la-surete-aerienne\/","og_locale":"fr_CA","og_type":"article","og_title":"Teamsters Canada convi\u00e9 \u00e0 une s\u00e9ance priv\u00e9e sur le R\u00e8glement canadien sur la s\u00fbret\u00e9 a\u00e9rienne","og_description":"Le 6 mai, Transports Canada conviait des repr&eacute;sentants de Teamsters Canada &agrave; une s&eacute;ance priv&eacute;e pour entendre les commentaires de ses membres relatifs aux am&eacute;liorations propos&eacute;es pour le R&egrave;glement canadien sur la s&ucirc;ret&eacute; a&eacute;rienne afin d&rsquo;en accro&icirc;tre la souplesse et l&rsquo;efficacit&eacute;. Le syndicat des Teamsters repr&eacute;sente des travailleurs qui &oelig;uvre dans plusieurs secteurs de l&rsquo;aviation, [&hellip;]","og_url":"https:\/\/teamsters.ca\/fr\/blog\/2008\/05\/16\/teamsters-canada-convie-a-une-seance-privee-sur-le-reglement-canadien-sur-la-surete-aerienne\/","og_site_name":"Teamsters Canada","article_publisher":"https:\/\/www.facebook.com\/Teamsterscanada\/","article_published_time":"2008-05-16T19:42:00+00:00","article_modified_time":"2019-06-27T20:39:52+00:00","author":"St\u00e9phanie Meunier","twitter_card":"summary_large_image","twitter_creator":"@TeamstersCanada","twitter_site":"@TeamstersCanada","twitter_misc":{"\u00c9crit par":"St\u00e9phanie Meunier","Estimation du temps de lecture":"1 minute"},"schema":{"@context":"https:\/\/schema.org","@graph":[{"@type":"Article","@id":"https:\/\/teamsters.ca\/fr\/blog\/2008\/05\/16\/teamsters-canada-convie-a-une-seance-privee-sur-le-reglement-canadien-sur-la-surete-aerienne\/#article","isPartOf":{"@id":"https:\/\/teamsters.ca\/fr\/blog\/2008\/05\/16\/teamsters-canada-convie-a-une-seance-privee-sur-le-reglement-canadien-sur-la-surete-aerienne\/"},"author":{"name":"St\u00e9phanie Meunier","@id":"https:\/\/teamsters.ca\/fr\/#\/schema\/person\/3e6ffefc39fe2f212400b7d8d0a4a0c1"},"headline":"Teamsters Canada convi\u00e9 \u00e0 une s\u00e9ance priv\u00e9e sur le R\u00e8glement canadien sur la s\u00fbret\u00e9 a\u00e9rienne","datePublished":"2008-05-16T19:42:00+00:00","dateModified":"2019-06-27T20:39:52+00:00","mainEntityOfPage":{"@id":"https:\/\/teamsters.ca\/fr\/blog\/2008\/05\/16\/teamsters-canada-convie-a-une-seance-privee-sur-le-reglement-canadien-sur-la-surete-aerienne\/"},"wordCount":229,"publisher":{"@id":"https:\/\/teamsters.ca\/fr\/#organization"},"articleSection":["Nouvelles"],"inLanguage":"fr-CA"},{"@type":"WebPage","@id":"https:\/\/teamsters.ca\/fr\/blog\/2008\/05\/16\/teamsters-canada-convie-a-une-seance-privee-sur-le-reglement-canadien-sur-la-surete-aerienne\/","url":"https:\/\/teamsters.ca\/fr\/blog\/2008\/05\/16\/teamsters-canada-convie-a-une-seance-privee-sur-le-reglement-canadien-sur-la-surete-aerienne\/","name":"Teamsters Canada convi\u00e9 \u00e0 une s\u00e9ance priv\u00e9e sur le R\u00e8glement canadien sur la s\u00fbret\u00e9 a\u00e9rienne | Teamsters Canada","isPartOf":{"@id":"https:\/\/teamsters.ca\/fr\/#website"},"datePublished":"2008-05-16T19:42:00+00:00","dateModified":"2019-06-27T20:39:52+00:00","breadcrumb":{"@id":"https:\/\/teamsters.ca\/fr\/blog\/2008\/05\/16\/teamsters-canada-convie-a-une-seance-privee-sur-le-reglement-canadien-sur-la-surete-aerienne\/#breadcrumb"},"inLanguage":"fr-CA","potentialAction":[{"@type":"ReadAction","target":["https:\/\/teamsters.ca\/fr\/blog\/2008\/05\/16\/teamsters-canada-convie-a-une-seance-privee-sur-le-reglement-canadien-sur-la-surete-aerienne\/"]}]},{"@type":"BreadcrumbList","@id":"https:\/\/teamsters.ca\/fr\/blog\/2008\/05\/16\/teamsters-canada-convie-a-une-seance-privee-sur-le-reglement-canadien-sur-la-surete-aerienne\/#breadcrumb","itemListElement":[{"@type":"ListItem","position":1,"name":"Home","item":"https:\/\/teamsters.ca\/fr\/"},{"@type":"ListItem","position":2,"name":"Teamsters Canada convi\u00e9 \u00e0 une s\u00e9ance priv\u00e9e sur le R\u00e8glement canadien sur la s\u00fbret\u00e9 a\u00e9rienne"}]},{"@type":"WebSite","@id":"https:\/\/teamsters.ca\/fr\/#website","url":"https:\/\/teamsters.ca\/fr\/","name":"Teamsters Canada","description":"A Canadian union representing over 125 000 members","publisher":{"@id":"https:\/\/teamsters.ca\/fr\/#organization"},"potentialAction":[{"@type":"SearchAction","target":{"@type":"EntryPoint","urlTemplate":"https:\/\/teamsters.ca\/fr\/?s={search_term_string}"},"query-input":{"@type":"PropertyValueSpecification","valueRequired":true,"valueName":"search_term_string"}}],"inLanguage":"fr-CA"},{"@type":"Organization","@id":"https:\/\/teamsters.ca\/fr\/#organization","name":"Teamsters Canada","url":"https:\/\/teamsters.ca\/fr\/","logo":{"@type":"ImageObject","inLanguage":"fr-CA","@id":"https:\/\/teamsters.ca\/fr\/#\/schema\/logo\/image\/","url":"https:\/\/teamsters.ca\/wp-content\/uploads\/2019\/08\/TeamstersCanada.png","contentUrl":"https:\/\/teamsters.ca\/wp-content\/uploads\/2019\/08\/TeamstersCanada.png","width":545,"height":181,"caption":"Teamsters Canada"},"image":{"@id":"https:\/\/teamsters.ca\/fr\/#\/schema\/logo\/image\/"},"sameAs":["https:\/\/www.facebook.com\/Teamsterscanada\/","https:\/\/x.com\/TeamstersCanada"]},{"@type":"Person","@id":"https:\/\/teamsters.ca\/fr\/#\/schema\/person\/3e6ffefc39fe2f212400b7d8d0a4a0c1","name":"St\u00e9phanie Meunier","image":{"@type":"ImageObject","inLanguage":"fr-CA","@id":"https:\/\/teamsters.ca\/fr\/#\/schema\/person\/image\/","url":"https:\/\/secure.gravatar.com\/avatar\/e4e8404e91ed71cb473fa2708849669810cf083c89825a3d2dd0d47dd6b2be77?s=96&d=mm&r=g","contentUrl":"https:\/\/secure.gravatar.com\/avatar\/e4e8404e91ed71cb473fa2708849669810cf083c89825a3d2dd0d47dd6b2be77?s=96&d=mm&r=g","caption":"St\u00e9phanie Meunier"},"url":"https:\/\/teamsters.ca\/fr\/blog\/author\/smeunier\/"}]}},"_links":{"self":[{"href":"https:\/\/teamsters.ca\/fr\/wp-json\/wp\/v2\/posts\/2728","targetHints":{"allow":["GET"]}}],"collection":[{"href":"https:\/\/teamsters.ca\/fr\/wp-json\/wp\/v2\/posts"}],"about":[{"href":"https:\/\/teamsters.ca\/fr\/wp-json\/wp\/v2\/types\/post"}],"author":[{"embeddable":true,"href":"https:\/\/teamsters.ca\/fr\/wp-json\/wp\/v2\/users\/8"}],"replies":[{"embeddable":true,"href":"https:\/\/teamsters.ca\/fr\/wp-json\/wp\/v2\/comments?post=2728"}],"version-history":[{"count":1,"href":"https:\/\/teamsters.ca\/fr\/wp-json\/wp\/v2\/posts\/2728\/revisions"}],"predecessor-version":[{"id":10697,"href":"https:\/\/teamsters.ca\/fr\/wp-json\/wp\/v2\/posts\/2728\/revisions\/10697"}],"wp:attachment":[{"href":"https:\/\/teamsters.ca\/fr\/wp-json\/wp\/v2\/media?parent=2728"}],"wp:term":[{"taxonomy":"category","embeddable":true,"href":"https:\/\/teamsters.ca\/fr\/wp-json\/wp\/v2\/categories?post=2728"},{"taxonomy":"post_tag","embeddable":true,"href":"https:\/\/teamsters.ca\/fr\/wp-json\/wp\/v2\/tags?post=2728"}],"curies":[{"name":"wp","href":"https:\/\/api.w.org\/{rel}","templated":true}]}}