{"id":26234,"date":"2023-11-09T11:20:29","date_gmt":"2023-11-09T16:20:29","guid":{"rendered":"https:\/\/teamsters.ca\/?p=26234"},"modified":"2023-11-09T11:39:12","modified_gmt":"2023-11-09T16:39:12","slug":"teamsters-canada-accueille-favorablement-le-depot-dun-projet-de-loi-federal-anti-scab","status":"publish","type":"post","link":"https:\/\/teamsters.ca\/fr\/blog\/2023\/11\/09\/teamsters-canada-accueille-favorablement-le-depot-dun-projet-de-loi-federal-anti-scab\/","title":{"rendered":"Teamsters Canada accueille favorablement le d\u00e9p\u00f4t d\u2019un projet de loi f\u00e9d\u00e9ral anti-scab"},"content":{"rendered":"\n<p><em>Le projet de loi interdirait aux entreprises sous r\u00e9glementation f\u00e9d\u00e9rale d\u2019embaucher des briseurs de gr\u00e8ve.<\/em><\/p>\n\n\n\n<p>Laval, QC, le 9\u00a0novembre 2023 &#8211; Teamsters Canada, le plus grand syndicat du secteur priv\u00e9 f\u00e9d\u00e9ral, accueille favorablement le d\u00e9p\u00f4t du nouveau projet de loi visant \u00e0 interdire le recours aux briseurs de gr\u00e8ve dans les lieux de travail sous r\u00e9glementation f\u00e9d\u00e9rale.<\/p>\n\n\n\n<p>Le syndicat examine en ce moment les d\u00e9tails du projet de loi et pr\u00e9voit travailler de concert avec le gouvernement pour s\u2019assurer que la question des briseurs de gr\u00e8ve soit trait\u00e9e ad\u00e9quatement dans la loi.<\/p>\n\n\n\n<p>Fran\u00e7ois Laporte, pr\u00e9sident national de Teamsters Canada, commente&nbsp;: \u00ab\u2009Ce projet de loi est un grand pas en avant pour les travailleurs. Les employeurs utilisent les scabs pour miner le droit fondamental de \u00e0 la gr\u00e8ve et faire pencher la balance encore plus en leur faveur. Cette interdiction aidera les travailleurs \u00e0 n\u00e9gocier des salaires et des conditions de travail plus \u00e9quitables, tout en rendant les gr\u00e8ves plus rares et plus courtes.\u2009\u00bb<\/p>\n\n\n\n<p>En ce qui concerne la date d\u2019entr\u00e9e en vigueur propos\u00e9e, M.&nbsp;Laporte explique&nbsp;: \u00ab\u2009Notre syndicat travaillera avec le gouvernement pour raccourcir la date de mise en \u0153uvre de 18&nbsp;mois actuellement propos\u00e9e. En ce moment, un employeur de mauvaise foi n\u2019est pas incit\u00e9 \u00e0 n\u00e9gocier des r\u00e8glements, car il a l\u2019option de tout simplement poursuivre ses activit\u00e9s \u00e0 l\u2019aide des briseurs de gr\u00e8ve. Attendre un an et demi pour mettre en \u0153uvre cette loi ne servira \u00e0 rien. Avec l\u2019inflation qui nous frappe de plein fouet, les travailleurs canadiens ont besoin du meilleur rapport de force possible.\u2009\u00bb<\/p>\n\n\n\n<figure class=\"wp-block-gallery has-nested-images columns-default is-cropped wp-block-gallery-1 is-layout-flex wp-block-gallery-is-layout-flex\">\n<figure class=\"wp-block-image size-large\" style=\"margin-bottom:20px\"><img loading=\"lazy\" decoding=\"async\" width=\"768\" height=\"1024\" data-id=\"26239\" src=\"https:\/\/teamsters.ca\/wp-content\/uploads\/2023\/11\/IMG_35471-768x1024.jpg\" alt=\"\" class=\"wp-image-26239\" srcset=\"https:\/\/teamsters.ca\/wp-content\/uploads\/2023\/11\/IMG_35471-768x1024.jpg 768w, https:\/\/teamsters.ca\/wp-content\/uploads\/2023\/11\/IMG_35471-225x300.jpg 225w, https:\/\/teamsters.ca\/wp-content\/uploads\/2023\/11\/IMG_35471-113x150.jpg 113w, https:\/\/teamsters.ca\/wp-content\/uploads\/2023\/11\/IMG_35471-1152x1536.jpg 1152w, https:\/\/teamsters.ca\/wp-content\/uploads\/2023\/11\/IMG_35471-696x928.jpg 696w, https:\/\/teamsters.ca\/wp-content\/uploads\/2023\/11\/IMG_35471-1068x1424.jpg 1068w, https:\/\/teamsters.ca\/wp-content\/uploads\/2023\/11\/IMG_35471-315x420.jpg 315w, https:\/\/teamsters.ca\/wp-content\/uploads\/2023\/11\/IMG_35471.jpg 1200w\" sizes=\"auto, (max-width: 768px) 100vw, 768px\" \/><\/figure>\n\n\n\n<figure class=\"wp-block-image size-large\" style=\"margin-bottom:20px\"><img loading=\"lazy\" decoding=\"async\" width=\"768\" height=\"1024\" data-id=\"26237\" src=\"https:\/\/teamsters.ca\/wp-content\/uploads\/2023\/11\/FullSizeR1-768x1024.jpg\" alt=\"\" class=\"wp-image-26237\" srcset=\"https:\/\/teamsters.ca\/wp-content\/uploads\/2023\/11\/FullSizeR1-768x1024.jpg 768w, https:\/\/teamsters.ca\/wp-content\/uploads\/2023\/11\/FullSizeR1-225x300.jpg 225w, https:\/\/teamsters.ca\/wp-content\/uploads\/2023\/11\/FullSizeR1-113x150.jpg 113w, https:\/\/teamsters.ca\/wp-content\/uploads\/2023\/11\/FullSizeR1-1152x1536.jpg 1152w, https:\/\/teamsters.ca\/wp-content\/uploads\/2023\/11\/FullSizeR1-696x928.jpg 696w, https:\/\/teamsters.ca\/wp-content\/uploads\/2023\/11\/FullSizeR1-1068x1424.jpg 1068w, https:\/\/teamsters.ca\/wp-content\/uploads\/2023\/11\/FullSizeR1-315x420.jpg 315w, https:\/\/teamsters.ca\/wp-content\/uploads\/2023\/11\/FullSizeR1.jpg 1536w\" sizes=\"auto, (max-width: 768px) 100vw, 768px\" \/><\/figure>\n<\/figure>\n\n\n\n<p><em>Avec plus de 125\u2009000&nbsp;membres, Teamsters Canada est le plus important syndicat du secteur des transports et de la cha\u00eene d\u2019approvisionnement au pays. C\u2019est \u00e9galement le plus important syndicat du secteur priv\u00e9 f\u00e9d\u00e9ral. L\u2019organisation repr\u00e9sente les travailleuses et travailleurs du CP, du CN, d\u2019UPS, de Purolator et d\u2019innombrables entreprises de camionnage, entre autres. Elle est affili\u00e9e \u00e0 la Fraternit\u00e9 internationale des Teamsters, qui repr\u00e9sente plus de 1,2&nbsp;million de travailleurs en Am\u00e9rique du Nord.<\/em><\/p>\n\n\n\n<p class=\"has-text-align-center\">-30-<\/p>\n\n\n\n<p>Demandes des m\u00e9dias&nbsp;:<\/p>\n\n\n\n<p>Christopher Monette<br \/>Directeur des affaires publiques<br \/>Teamsters Canada<br \/>Cell : 514-226-6002<br \/><a href=\"mailto:cmonette@teamsters.ca\" target=\"_blank\" rel=\"noreferrer noopener\">cmonette@teamsters.ca<\/a><\/p>\n","protected":false},"excerpt":{"rendered":"<p>Teamsters Canada, le plus grand syndicat du secteur priv\u00e9 f\u00e9d\u00e9ral, accueille favorablement le d\u00e9p\u00f4t du nouveau projet de loi visant \u00e0 interdire le recours \u00e0 aux briseurs de gr\u00e8ve dans les lieux de travail sous r\u00e9glementation f\u00e9d\u00e9rale.<\/p>\n","protected":false},"author":9,"featured_media":26232,"comment_status":"closed","ping_status":"closed","sticky":false,"template":"","format":"standard","meta":{"ngg_post_thumbnail":0,"mc4wp_mailchimp_campaign":[],"footnotes":""},"categories":[1114],"tags":[6966,6968],"class_list":{"0":"post-26234","1":"post","2":"type-post","3":"status-publish","4":"format-standard","5":"has-post-thumbnail","7":"category-nouvelles","8":"tag-anti-scab","9":"tag-reglementation-federale"},"yoast_head":"<!-- This site is optimized with the Yoast SEO Premium plugin v25.5 (Yoast SEO v25.5) - https:\/\/yoast.com\/wordpress\/plugins\/seo\/ -->\n<title>Teamsters Canada accueille favorablement le d\u00e9p\u00f4t d\u2019un projet de loi f\u00e9d\u00e9ral anti-scab | Teamsters Canada<\/title>\n<meta name=\"robots\" content=\"index, follow, max-snippet:-1, max-image-preview:large, max-video-preview:-1\" \/>\n<link rel=\"canonical\" href=\"https:\/\/teamsters.ca\/fr\/blog\/2023\/11\/09\/teamsters-canada-accueille-favorablement-le-depot-dun-projet-de-loi-federal-anti-scab\/\" \/>\n<meta property=\"og:locale\" content=\"fr_CA\" \/>\n<meta property=\"og:type\" content=\"article\" \/>\n<meta property=\"og:title\" content=\"Teamsters Canada accueille favorablement le d\u00e9p\u00f4t d\u2019un projet de loi f\u00e9d\u00e9ral anti-scab\" \/>\n<meta property=\"og:description\" content=\"Teamsters Canada, le plus grand syndicat du secteur priv\u00e9 f\u00e9d\u00e9ral, accueille favorablement le d\u00e9p\u00f4t du nouveau projet de loi visant \u00e0 interdire le recours \u00e0 aux briseurs de gr\u00e8ve dans les lieux de travail sous r\u00e9glementation f\u00e9d\u00e9rale.\" \/>\n<meta property=\"og:url\" content=\"https:\/\/teamsters.ca\/fr\/blog\/2023\/11\/09\/teamsters-canada-accueille-favorablement-le-depot-dun-projet-de-loi-federal-anti-scab\/\" \/>\n<meta property=\"og:site_name\" content=\"Teamsters Canada\" \/>\n<meta property=\"article:publisher\" content=\"https:\/\/www.facebook.com\/Teamsterscanada\/\" \/>\n<meta property=\"article:published_time\" content=\"2023-11-09T16:20:29+00:00\" \/>\n<meta property=\"article:modified_time\" content=\"2023-11-09T16:39:12+00:00\" \/>\n<meta property=\"og:image\" content=\"https:\/\/teamsters.ca\/wp-content\/uploads\/2023\/11\/misevaleur.jpg\" \/>\n\t<meta property=\"og:image:width\" content=\"1166\" \/>\n\t<meta property=\"og:image:height\" content=\"768\" \/>\n\t<meta property=\"og:image:type\" content=\"image\/jpeg\" \/>\n<meta name=\"author\" content=\"communications\" \/>\n<meta name=\"twitter:card\" content=\"summary_large_image\" \/>\n<meta name=\"twitter:creator\" content=\"@TeamstersCanada\" \/>\n<meta name=\"twitter:site\" content=\"@TeamstersCanada\" \/>\n<meta name=\"twitter:label1\" content=\"\u00c9crit par\" \/>\n\t<meta name=\"twitter:data1\" content=\"communications\" \/>\n\t<meta name=\"twitter:label2\" content=\"Estimation du temps de lecture\" \/>\n\t<meta name=\"twitter:data2\" content=\"2 minutes\" \/>\n<script type=\"application\/ld+json\" class=\"yoast-schema-graph\">{\"@context\":\"https:\/\/schema.org\",\"@graph\":[{\"@type\":\"Article\",\"@id\":\"https:\/\/teamsters.ca\/fr\/blog\/2023\/11\/09\/teamsters-canada-accueille-favorablement-le-depot-dun-projet-de-loi-federal-anti-scab\/#article\",\"isPartOf\":{\"@id\":\"https:\/\/teamsters.ca\/fr\/blog\/2023\/11\/09\/teamsters-canada-accueille-favorablement-le-depot-dun-projet-de-loi-federal-anti-scab\/\"},\"author\":{\"name\":\"communications\",\"@id\":\"https:\/\/teamsters.ca\/fr\/#\/schema\/person\/16abb510b61e30ac94505e325f34ff0c\"},\"headline\":\"Teamsters Canada accueille favorablement le d\u00e9p\u00f4t d\u2019un projet de loi f\u00e9d\u00e9ral anti-scab\",\"datePublished\":\"2023-11-09T16:20:29+00:00\",\"dateModified\":\"2023-11-09T16:39:12+00:00\",\"mainEntityOfPage\":{\"@id\":\"https:\/\/teamsters.ca\/fr\/blog\/2023\/11\/09\/teamsters-canada-accueille-favorablement-le-depot-dun-projet-de-loi-federal-anti-scab\/\"},\"wordCount\":401,\"publisher\":{\"@id\":\"https:\/\/teamsters.ca\/fr\/#organization\"},\"image\":{\"@id\":\"https:\/\/teamsters.ca\/fr\/blog\/2023\/11\/09\/teamsters-canada-accueille-favorablement-le-depot-dun-projet-de-loi-federal-anti-scab\/#primaryimage\"},\"thumbnailUrl\":\"https:\/\/teamsters.ca\/wp-content\/uploads\/2023\/11\/misevaleur.jpg\",\"keywords\":[\"anti-scab\",\"r\u00e9glementation f\u00e9d\u00e9rale\"],\"articleSection\":[\"Nouvelles\"],\"inLanguage\":\"fr-CA\"},{\"@type\":\"WebPage\",\"@id\":\"https:\/\/teamsters.ca\/fr\/blog\/2023\/11\/09\/teamsters-canada-accueille-favorablement-le-depot-dun-projet-de-loi-federal-anti-scab\/\",\"url\":\"https:\/\/teamsters.ca\/fr\/blog\/2023\/11\/09\/teamsters-canada-accueille-favorablement-le-depot-dun-projet-de-loi-federal-anti-scab\/\",\"name\":\"Teamsters Canada accueille favorablement le d\u00e9p\u00f4t d\u2019un projet de loi f\u00e9d\u00e9ral anti-scab | Teamsters Canada\",\"isPartOf\":{\"@id\":\"https:\/\/teamsters.ca\/fr\/#website\"},\"primaryImageOfPage\":{\"@id\":\"https:\/\/teamsters.ca\/fr\/blog\/2023\/11\/09\/teamsters-canada-accueille-favorablement-le-depot-dun-projet-de-loi-federal-anti-scab\/#primaryimage\"},\"image\":{\"@id\":\"https:\/\/teamsters.ca\/fr\/blog\/2023\/11\/09\/teamsters-canada-accueille-favorablement-le-depot-dun-projet-de-loi-federal-anti-scab\/#primaryimage\"},\"thumbnailUrl\":\"https:\/\/teamsters.ca\/wp-content\/uploads\/2023\/11\/misevaleur.jpg\",\"datePublished\":\"2023-11-09T16:20:29+00:00\",\"dateModified\":\"2023-11-09T16:39:12+00:00\",\"breadcrumb\":{\"@id\":\"https:\/\/teamsters.ca\/fr\/blog\/2023\/11\/09\/teamsters-canada-accueille-favorablement-le-depot-dun-projet-de-loi-federal-anti-scab\/#breadcrumb\"},\"inLanguage\":\"fr-CA\",\"potentialAction\":[{\"@type\":\"ReadAction\",\"target\":[\"https:\/\/teamsters.ca\/fr\/blog\/2023\/11\/09\/teamsters-canada-accueille-favorablement-le-depot-dun-projet-de-loi-federal-anti-scab\/\"]}]},{\"@type\":\"ImageObject\",\"inLanguage\":\"fr-CA\",\"@id\":\"https:\/\/teamsters.ca\/fr\/blog\/2023\/11\/09\/teamsters-canada-accueille-favorablement-le-depot-dun-projet-de-loi-federal-anti-scab\/#primaryimage\",\"url\":\"https:\/\/teamsters.ca\/wp-content\/uploads\/2023\/11\/misevaleur.jpg\",\"contentUrl\":\"https:\/\/teamsters.ca\/wp-content\/uploads\/2023\/11\/misevaleur.jpg\",\"width\":1166,\"height\":768},{\"@type\":\"BreadcrumbList\",\"@id\":\"https:\/\/teamsters.ca\/fr\/blog\/2023\/11\/09\/teamsters-canada-accueille-favorablement-le-depot-dun-projet-de-loi-federal-anti-scab\/#breadcrumb\",\"itemListElement\":[{\"@type\":\"ListItem\",\"position\":1,\"name\":\"Home\",\"item\":\"https:\/\/teamsters.ca\/fr\/\"},{\"@type\":\"ListItem\",\"position\":2,\"name\":\"Teamsters Canada accueille favorablement le d\u00e9p\u00f4t d\u2019un projet de loi f\u00e9d\u00e9ral anti-scab\"}]},{\"@type\":\"WebSite\",\"@id\":\"https:\/\/teamsters.ca\/fr\/#website\",\"url\":\"https:\/\/teamsters.ca\/fr\/\",\"name\":\"Teamsters Canada\",\"description\":\"A Canadian union representing over 125 000 members\",\"publisher\":{\"@id\":\"https:\/\/teamsters.ca\/fr\/#organization\"},\"potentialAction\":[{\"@type\":\"SearchAction\",\"target\":{\"@type\":\"EntryPoint\",\"urlTemplate\":\"https:\/\/teamsters.ca\/fr\/?s={search_term_string}\"},\"query-input\":{\"@type\":\"PropertyValueSpecification\",\"valueRequired\":true,\"valueName\":\"search_term_string\"}}],\"inLanguage\":\"fr-CA\"},{\"@type\":\"Organization\",\"@id\":\"https:\/\/teamsters.ca\/fr\/#organization\",\"name\":\"Teamsters Canada\",\"url\":\"https:\/\/teamsters.ca\/fr\/\",\"logo\":{\"@type\":\"ImageObject\",\"inLanguage\":\"fr-CA\",\"@id\":\"https:\/\/teamsters.ca\/fr\/#\/schema\/logo\/image\/\",\"url\":\"https:\/\/teamsters.ca\/wp-content\/uploads\/2019\/08\/TeamstersCanada.png\",\"contentUrl\":\"https:\/\/teamsters.ca\/wp-content\/uploads\/2019\/08\/TeamstersCanada.png\",\"width\":545,\"height\":181,\"caption\":\"Teamsters Canada\"},\"image\":{\"@id\":\"https:\/\/teamsters.ca\/fr\/#\/schema\/logo\/image\/\"},\"sameAs\":[\"https:\/\/www.facebook.com\/Teamsterscanada\/\",\"https:\/\/x.com\/TeamstersCanada\"]},{\"@type\":\"Person\",\"@id\":\"https:\/\/teamsters.ca\/fr\/#\/schema\/person\/16abb510b61e30ac94505e325f34ff0c\",\"name\":\"communications\",\"image\":{\"@type\":\"ImageObject\",\"inLanguage\":\"fr-CA\",\"@id\":\"https:\/\/teamsters.ca\/fr\/#\/schema\/person\/image\/\",\"url\":\"https:\/\/secure.gravatar.com\/avatar\/707c37c6763af59d83f3b3dcebfff9d9d58ef9e062e2c9452a9dbb153c85d7ac?s=96&d=mm&r=g\",\"contentUrl\":\"https:\/\/secure.gravatar.com\/avatar\/707c37c6763af59d83f3b3dcebfff9d9d58ef9e062e2c9452a9dbb153c85d7ac?s=96&d=mm&r=g\",\"caption\":\"communications\"},\"url\":\"https:\/\/teamsters.ca\/fr\/blog\/author\/communications\/\"}]}<\/script>\n<!-- \/ Yoast SEO Premium plugin. -->","yoast_head_json":{"title":"Teamsters Canada accueille favorablement le d\u00e9p\u00f4t d\u2019un projet de loi f\u00e9d\u00e9ral anti-scab | Teamsters Canada","robots":{"index":"index","follow":"follow","max-snippet":"max-snippet:-1","max-image-preview":"max-image-preview:large","max-video-preview":"max-video-preview:-1"},"canonical":"https:\/\/teamsters.ca\/fr\/blog\/2023\/11\/09\/teamsters-canada-accueille-favorablement-le-depot-dun-projet-de-loi-federal-anti-scab\/","og_locale":"fr_CA","og_type":"article","og_title":"Teamsters Canada accueille favorablement le d\u00e9p\u00f4t d\u2019un projet de loi f\u00e9d\u00e9ral anti-scab","og_description":"Teamsters Canada, le plus grand syndicat du secteur priv\u00e9 f\u00e9d\u00e9ral, accueille favorablement le d\u00e9p\u00f4t du nouveau projet de loi visant \u00e0 interdire le recours \u00e0 aux briseurs de gr\u00e8ve dans les lieux de travail sous r\u00e9glementation f\u00e9d\u00e9rale.","og_url":"https:\/\/teamsters.ca\/fr\/blog\/2023\/11\/09\/teamsters-canada-accueille-favorablement-le-depot-dun-projet-de-loi-federal-anti-scab\/","og_site_name":"Teamsters Canada","article_publisher":"https:\/\/www.facebook.com\/Teamsterscanada\/","article_published_time":"2023-11-09T16:20:29+00:00","article_modified_time":"2023-11-09T16:39:12+00:00","og_image":[{"width":1166,"height":768,"url":"https:\/\/teamsters.ca\/wp-content\/uploads\/2023\/11\/misevaleur.jpg","type":"image\/jpeg"}],"author":"communications","twitter_card":"summary_large_image","twitter_creator":"@TeamstersCanada","twitter_site":"@TeamstersCanada","twitter_misc":{"\u00c9crit par":"communications","Estimation du temps de lecture":"2 minutes"},"schema":{"@context":"https:\/\/schema.org","@graph":[{"@type":"Article","@id":"https:\/\/teamsters.ca\/fr\/blog\/2023\/11\/09\/teamsters-canada-accueille-favorablement-le-depot-dun-projet-de-loi-federal-anti-scab\/#article","isPartOf":{"@id":"https:\/\/teamsters.ca\/fr\/blog\/2023\/11\/09\/teamsters-canada-accueille-favorablement-le-depot-dun-projet-de-loi-federal-anti-scab\/"},"author":{"name":"communications","@id":"https:\/\/teamsters.ca\/fr\/#\/schema\/person\/16abb510b61e30ac94505e325f34ff0c"},"headline":"Teamsters Canada accueille favorablement le d\u00e9p\u00f4t d\u2019un projet de loi f\u00e9d\u00e9ral anti-scab","datePublished":"2023-11-09T16:20:29+00:00","dateModified":"2023-11-09T16:39:12+00:00","mainEntityOfPage":{"@id":"https:\/\/teamsters.ca\/fr\/blog\/2023\/11\/09\/teamsters-canada-accueille-favorablement-le-depot-dun-projet-de-loi-federal-anti-scab\/"},"wordCount":401,"publisher":{"@id":"https:\/\/teamsters.ca\/fr\/#organization"},"image":{"@id":"https:\/\/teamsters.ca\/fr\/blog\/2023\/11\/09\/teamsters-canada-accueille-favorablement-le-depot-dun-projet-de-loi-federal-anti-scab\/#primaryimage"},"thumbnailUrl":"https:\/\/teamsters.ca\/wp-content\/uploads\/2023\/11\/misevaleur.jpg","keywords":["anti-scab","r\u00e9glementation f\u00e9d\u00e9rale"],"articleSection":["Nouvelles"],"inLanguage":"fr-CA"},{"@type":"WebPage","@id":"https:\/\/teamsters.ca\/fr\/blog\/2023\/11\/09\/teamsters-canada-accueille-favorablement-le-depot-dun-projet-de-loi-federal-anti-scab\/","url":"https:\/\/teamsters.ca\/fr\/blog\/2023\/11\/09\/teamsters-canada-accueille-favorablement-le-depot-dun-projet-de-loi-federal-anti-scab\/","name":"Teamsters Canada accueille favorablement le d\u00e9p\u00f4t d\u2019un projet de loi f\u00e9d\u00e9ral anti-scab | Teamsters Canada","isPartOf":{"@id":"https:\/\/teamsters.ca\/fr\/#website"},"primaryImageOfPage":{"@id":"https:\/\/teamsters.ca\/fr\/blog\/2023\/11\/09\/teamsters-canada-accueille-favorablement-le-depot-dun-projet-de-loi-federal-anti-scab\/#primaryimage"},"image":{"@id":"https:\/\/teamsters.ca\/fr\/blog\/2023\/11\/09\/teamsters-canada-accueille-favorablement-le-depot-dun-projet-de-loi-federal-anti-scab\/#primaryimage"},"thumbnailUrl":"https:\/\/teamsters.ca\/wp-content\/uploads\/2023\/11\/misevaleur.jpg","datePublished":"2023-11-09T16:20:29+00:00","dateModified":"2023-11-09T16:39:12+00:00","breadcrumb":{"@id":"https:\/\/teamsters.ca\/fr\/blog\/2023\/11\/09\/teamsters-canada-accueille-favorablement-le-depot-dun-projet-de-loi-federal-anti-scab\/#breadcrumb"},"inLanguage":"fr-CA","potentialAction":[{"@type":"ReadAction","target":["https:\/\/teamsters.ca\/fr\/blog\/2023\/11\/09\/teamsters-canada-accueille-favorablement-le-depot-dun-projet-de-loi-federal-anti-scab\/"]}]},{"@type":"ImageObject","inLanguage":"fr-CA","@id":"https:\/\/teamsters.ca\/fr\/blog\/2023\/11\/09\/teamsters-canada-accueille-favorablement-le-depot-dun-projet-de-loi-federal-anti-scab\/#primaryimage","url":"https:\/\/teamsters.ca\/wp-content\/uploads\/2023\/11\/misevaleur.jpg","contentUrl":"https:\/\/teamsters.ca\/wp-content\/uploads\/2023\/11\/misevaleur.jpg","width":1166,"height":768},{"@type":"BreadcrumbList","@id":"https:\/\/teamsters.ca\/fr\/blog\/2023\/11\/09\/teamsters-canada-accueille-favorablement-le-depot-dun-projet-de-loi-federal-anti-scab\/#breadcrumb","itemListElement":[{"@type":"ListItem","position":1,"name":"Home","item":"https:\/\/teamsters.ca\/fr\/"},{"@type":"ListItem","position":2,"name":"Teamsters Canada accueille favorablement le d\u00e9p\u00f4t d\u2019un projet de loi f\u00e9d\u00e9ral anti-scab"}]},{"@type":"WebSite","@id":"https:\/\/teamsters.ca\/fr\/#website","url":"https:\/\/teamsters.ca\/fr\/","name":"Teamsters Canada","description":"A Canadian union representing over 125 000 members","publisher":{"@id":"https:\/\/teamsters.ca\/fr\/#organization"},"potentialAction":[{"@type":"SearchAction","target":{"@type":"EntryPoint","urlTemplate":"https:\/\/teamsters.ca\/fr\/?s={search_term_string}"},"query-input":{"@type":"PropertyValueSpecification","valueRequired":true,"valueName":"search_term_string"}}],"inLanguage":"fr-CA"},{"@type":"Organization","@id":"https:\/\/teamsters.ca\/fr\/#organization","name":"Teamsters Canada","url":"https:\/\/teamsters.ca\/fr\/","logo":{"@type":"ImageObject","inLanguage":"fr-CA","@id":"https:\/\/teamsters.ca\/fr\/#\/schema\/logo\/image\/","url":"https:\/\/teamsters.ca\/wp-content\/uploads\/2019\/08\/TeamstersCanada.png","contentUrl":"https:\/\/teamsters.ca\/wp-content\/uploads\/2019\/08\/TeamstersCanada.png","width":545,"height":181,"caption":"Teamsters Canada"},"image":{"@id":"https:\/\/teamsters.ca\/fr\/#\/schema\/logo\/image\/"},"sameAs":["https:\/\/www.facebook.com\/Teamsterscanada\/","https:\/\/x.com\/TeamstersCanada"]},{"@type":"Person","@id":"https:\/\/teamsters.ca\/fr\/#\/schema\/person\/16abb510b61e30ac94505e325f34ff0c","name":"communications","image":{"@type":"ImageObject","inLanguage":"fr-CA","@id":"https:\/\/teamsters.ca\/fr\/#\/schema\/person\/image\/","url":"https:\/\/secure.gravatar.com\/avatar\/707c37c6763af59d83f3b3dcebfff9d9d58ef9e062e2c9452a9dbb153c85d7ac?s=96&d=mm&r=g","contentUrl":"https:\/\/secure.gravatar.com\/avatar\/707c37c6763af59d83f3b3dcebfff9d9d58ef9e062e2c9452a9dbb153c85d7ac?s=96&d=mm&r=g","caption":"communications"},"url":"https:\/\/teamsters.ca\/fr\/blog\/author\/communications\/"}]}},"_links":{"self":[{"href":"https:\/\/teamsters.ca\/fr\/wp-json\/wp\/v2\/posts\/26234","targetHints":{"allow":["GET"]}}],"collection":[{"href":"https:\/\/teamsters.ca\/fr\/wp-json\/wp\/v2\/posts"}],"about":[{"href":"https:\/\/teamsters.ca\/fr\/wp-json\/wp\/v2\/types\/post"}],"author":[{"embeddable":true,"href":"https:\/\/teamsters.ca\/fr\/wp-json\/wp\/v2\/users\/9"}],"replies":[{"embeddable":true,"href":"https:\/\/teamsters.ca\/fr\/wp-json\/wp\/v2\/comments?post=26234"}],"version-history":[{"count":4,"href":"https:\/\/teamsters.ca\/fr\/wp-json\/wp\/v2\/posts\/26234\/revisions"}],"predecessor-version":[{"id":26245,"href":"https:\/\/teamsters.ca\/fr\/wp-json\/wp\/v2\/posts\/26234\/revisions\/26245"}],"wp:featuredmedia":[{"embeddable":true,"href":"https:\/\/teamsters.ca\/fr\/wp-json\/wp\/v2\/media\/26232"}],"wp:attachment":[{"href":"https:\/\/teamsters.ca\/fr\/wp-json\/wp\/v2\/media?parent=26234"}],"wp:term":[{"taxonomy":"category","embeddable":true,"href":"https:\/\/teamsters.ca\/fr\/wp-json\/wp\/v2\/categories?post=26234"},{"taxonomy":"post_tag","embeddable":true,"href":"https:\/\/teamsters.ca\/fr\/wp-json\/wp\/v2\/tags?post=26234"}],"curies":[{"name":"wp","href":"https:\/\/api.w.org\/{rel}","templated":true}]}}