{"id":2622,"date":"2009-07-24T13:45:00","date_gmt":"2009-07-24T17:45:00","guid":{"rendered":"http:\/\/teamsters.ca\/2009\/07\/la-conference-ferroviaire-de-teamsters-canada-est-forcee-de-declencher-la-greve-contre-via-rail-inc\/"},"modified":"2019-06-27T20:39:50","modified_gmt":"2019-06-27T20:39:50","slug":"la-conference-ferroviaire-de-teamsters-canada-est-forcee-de-declencher-la-greve-contre-via-rail-inc","status":"publish","type":"post","link":"https:\/\/teamsters.ca\/fr\/blog\/2009\/07\/24\/la-conference-ferroviaire-de-teamsters-canada-est-forcee-de-declencher-la-greve-contre-via-rail-inc\/","title":{"rendered":"La conf\u00e9rence ferroviaire de Teamsters Canada est forc\u00e9e de d\u00e9clencher la gr\u00e8ve contre Via Rail Inc."},"content":{"rendered":"<div align=\"justify\">Le 24 juillet 2009 &ndash; 13 h 30 (HNE)<\/div>\n<div align=\"justify\"><strong>Montr&eacute;al <\/strong>&ndash; Les n&eacute;gociations ont &eacute;t&eacute; rompues t&ocirc;t ce matin et, sans r&eacute;ponse de Via Rail &agrave; leur derni&egrave;re offre, les ing&eacute;nieurs de locomotive et les chefs de triage ont &eacute;t&eacute; contraints d&rsquo;exercer leur droit de gr&egrave;ve. Les ing&eacute;nieurs de locomotive et chefs de triage de VIA Rail Canada sont sans contrat de travail depuis le 31 d&eacute;cembre 2006.<\/div>\n<div align=\"justify\">Malgr&eacute; un certain progr&egrave;s r&eacute;alis&eacute; au cours de la semaine sur plusieurs points, Via a refus&eacute; de s&rsquo;attaquer &agrave; plusieurs enjeux fondamentaux tels que la demande de deux jours de repos cons&eacute;cutifs par semaine, la mise en place d&rsquo;un programme de formation ad&eacute;quat pour maintenir les ing&eacute;nieurs de locomotive au courant des r&egrave;glements f&eacute;d&eacute;raux et des changements technologiques, l&rsquo;adoption de normes de comp&eacute;tence pour les ing&eacute;nieurs de locomotive, le transport aller-retour du point d&rsquo;attache ainsi que des questions touchant une nouvelle m&eacute;thode d&rsquo;exploitation des trains. Certains points salariaux demeurent en suspens, mais les parties &eacute;taient n&eacute;anmoins tr&egrave;s pr&egrave;s de s&rsquo;entendre sur ces points moyennant la conclusion d&rsquo;un accord global.<\/div>\n<div align=\"justify\">&laquo; Nous sommes d&eacute;&ccedil;us de ne pas avoir r&eacute;ussi &agrave; nous entendre sur plusieurs points, explique le pr&eacute;sident de la CFTC, Dan Shewchuk. Notre comit&eacute; de n&eacute;gociation a travaill&eacute; fort pour trouver des solutions, non seulement &agrave; nos revendications, mais aussi &agrave; celles d&eacute;pos&eacute;es par Via Rail. Je consid&egrave;re que les deux parties ont tout fait pour s&rsquo;entendre, mais je bl&acirc;me carr&eacute;ment VIA pour les difficult&eacute;s que nous allons maintenant conna&icirc;tre. &raquo;<\/div>\n<div align=\"justify\">Les 350 ing&eacute;nieurs de locomotive et chefs de triage &agrave; l&rsquo;emploi de VIA Rail inc. sont repr&eacute;sent&eacute;s par la Conf&eacute;rence ferroviaire de Teamsters Canada (CFTC).<\/p>\n<p>Le syndicat des Teamsters repr&eacute;sente 125 000 membres au Canada dans tous les corps de m&eacute;tier. La Fraternit&eacute; internationale des Teamsters, &agrave; laquelle Teamsters Canada est affili&eacute;e, compte 1,4 million de membres en Am&eacute;rique du Nord.<\/p>\n<\/div>\n<div align=\"justify\">\n<div align=\"center\">-30-<\/div>\n<p>Renseignements : <br \/>St&eacute;phane Lacroix, directeur des communications de Teamsters Canada<br \/>514-609-5101<\/p>\n<\/div>\n","protected":false},"excerpt":{"rendered":"<p>Le 24 juillet 2009 &ndash; 13 h 30 (HNE) Montr&eacute;al &ndash; Les n&eacute;gociations ont &eacute;t&eacute; rompues t&ocirc;t ce matin et, sans r&eacute;ponse de Via Rail &agrave; leur derni&egrave;re offre, les ing&eacute;nieurs de locomotive et les chefs de triage ont &eacute;t&eacute; contraints d&rsquo;exercer leur droit de gr&egrave;ve. Les ing&eacute;nieurs de locomotive et chefs de triage de [&hellip;]<\/p>\n","protected":false},"author":8,"featured_media":0,"comment_status":"closed","ping_status":"closed","sticky":false,"template":"","format":"standard","meta":{"ngg_post_thumbnail":0,"mc4wp_mailchimp_campaign":[],"footnotes":""},"categories":[1114],"tags":[],"class_list":{"0":"post-2622","1":"post","2":"type-post","3":"status-publish","4":"format-standard","6":"category-nouvelles"},"yoast_head":"<!-- This site is optimized with the Yoast SEO Premium plugin v25.5 (Yoast SEO v25.5) - https:\/\/yoast.com\/wordpress\/plugins\/seo\/ -->\n<title>La conf\u00e9rence ferroviaire de Teamsters Canada est forc\u00e9e de d\u00e9clencher la gr\u00e8ve contre Via Rail Inc. | Teamsters Canada<\/title>\n<meta name=\"robots\" content=\"index, follow, max-snippet:-1, max-image-preview:large, max-video-preview:-1\" \/>\n<link rel=\"canonical\" href=\"https:\/\/teamsters.ca\/fr\/blog\/2009\/07\/24\/la-conference-ferroviaire-de-teamsters-canada-est-forcee-de-declencher-la-greve-contre-via-rail-inc\/\" \/>\n<meta property=\"og:locale\" content=\"fr_CA\" \/>\n<meta property=\"og:type\" content=\"article\" \/>\n<meta property=\"og:title\" content=\"La conf\u00e9rence ferroviaire de Teamsters Canada est forc\u00e9e de d\u00e9clencher la gr\u00e8ve contre Via Rail Inc.\" \/>\n<meta property=\"og:description\" content=\"Le 24 juillet 2009 &ndash; 13 h 30 (HNE) Montr&eacute;al &ndash; Les n&eacute;gociations ont &eacute;t&eacute; rompues t&ocirc;t ce matin et, sans r&eacute;ponse de Via Rail &agrave; leur derni&egrave;re offre, les ing&eacute;nieurs de locomotive et les chefs de triage ont &eacute;t&eacute; contraints d&rsquo;exercer leur droit de gr&egrave;ve. Les ing&eacute;nieurs de locomotive et chefs de triage de [&hellip;]\" \/>\n<meta property=\"og:url\" content=\"https:\/\/teamsters.ca\/fr\/blog\/2009\/07\/24\/la-conference-ferroviaire-de-teamsters-canada-est-forcee-de-declencher-la-greve-contre-via-rail-inc\/\" \/>\n<meta property=\"og:site_name\" content=\"Teamsters Canada\" \/>\n<meta property=\"article:publisher\" content=\"https:\/\/www.facebook.com\/Teamsterscanada\/\" \/>\n<meta property=\"article:published_time\" content=\"2009-07-24T17:45:00+00:00\" \/>\n<meta property=\"article:modified_time\" content=\"2019-06-27T20:39:50+00:00\" \/>\n<meta name=\"author\" content=\"St\u00e9phanie Meunier\" \/>\n<meta name=\"twitter:card\" content=\"summary_large_image\" \/>\n<meta name=\"twitter:creator\" content=\"@TeamstersCanada\" \/>\n<meta name=\"twitter:site\" content=\"@TeamstersCanada\" \/>\n<meta name=\"twitter:label1\" content=\"\u00c9crit par\" \/>\n\t<meta name=\"twitter:data1\" content=\"St\u00e9phanie Meunier\" \/>\n\t<meta name=\"twitter:label2\" content=\"Estimation du temps de lecture\" \/>\n\t<meta name=\"twitter:data2\" content=\"2 minutes\" \/>\n<script type=\"application\/ld+json\" class=\"yoast-schema-graph\">{\"@context\":\"https:\/\/schema.org\",\"@graph\":[{\"@type\":\"Article\",\"@id\":\"https:\/\/teamsters.ca\/fr\/blog\/2009\/07\/24\/la-conference-ferroviaire-de-teamsters-canada-est-forcee-de-declencher-la-greve-contre-via-rail-inc\/#article\",\"isPartOf\":{\"@id\":\"https:\/\/teamsters.ca\/fr\/blog\/2009\/07\/24\/la-conference-ferroviaire-de-teamsters-canada-est-forcee-de-declencher-la-greve-contre-via-rail-inc\/\"},\"author\":{\"name\":\"St\u00e9phanie Meunier\",\"@id\":\"https:\/\/teamsters.ca\/fr\/#\/schema\/person\/3e6ffefc39fe2f212400b7d8d0a4a0c1\"},\"headline\":\"La conf\u00e9rence ferroviaire de Teamsters Canada est forc\u00e9e de d\u00e9clencher la gr\u00e8ve contre Via Rail Inc.\",\"datePublished\":\"2009-07-24T17:45:00+00:00\",\"dateModified\":\"2019-06-27T20:39:50+00:00\",\"mainEntityOfPage\":{\"@id\":\"https:\/\/teamsters.ca\/fr\/blog\/2009\/07\/24\/la-conference-ferroviaire-de-teamsters-canada-est-forcee-de-declencher-la-greve-contre-via-rail-inc\/\"},\"wordCount\":451,\"publisher\":{\"@id\":\"https:\/\/teamsters.ca\/fr\/#organization\"},\"articleSection\":[\"Nouvelles\"],\"inLanguage\":\"fr-CA\"},{\"@type\":\"WebPage\",\"@id\":\"https:\/\/teamsters.ca\/fr\/blog\/2009\/07\/24\/la-conference-ferroviaire-de-teamsters-canada-est-forcee-de-declencher-la-greve-contre-via-rail-inc\/\",\"url\":\"https:\/\/teamsters.ca\/fr\/blog\/2009\/07\/24\/la-conference-ferroviaire-de-teamsters-canada-est-forcee-de-declencher-la-greve-contre-via-rail-inc\/\",\"name\":\"La conf\u00e9rence ferroviaire de Teamsters Canada est forc\u00e9e de d\u00e9clencher la gr\u00e8ve contre Via Rail Inc. | Teamsters Canada\",\"isPartOf\":{\"@id\":\"https:\/\/teamsters.ca\/fr\/#website\"},\"datePublished\":\"2009-07-24T17:45:00+00:00\",\"dateModified\":\"2019-06-27T20:39:50+00:00\",\"breadcrumb\":{\"@id\":\"https:\/\/teamsters.ca\/fr\/blog\/2009\/07\/24\/la-conference-ferroviaire-de-teamsters-canada-est-forcee-de-declencher-la-greve-contre-via-rail-inc\/#breadcrumb\"},\"inLanguage\":\"fr-CA\",\"potentialAction\":[{\"@type\":\"ReadAction\",\"target\":[\"https:\/\/teamsters.ca\/fr\/blog\/2009\/07\/24\/la-conference-ferroviaire-de-teamsters-canada-est-forcee-de-declencher-la-greve-contre-via-rail-inc\/\"]}]},{\"@type\":\"BreadcrumbList\",\"@id\":\"https:\/\/teamsters.ca\/fr\/blog\/2009\/07\/24\/la-conference-ferroviaire-de-teamsters-canada-est-forcee-de-declencher-la-greve-contre-via-rail-inc\/#breadcrumb\",\"itemListElement\":[{\"@type\":\"ListItem\",\"position\":1,\"name\":\"Home\",\"item\":\"https:\/\/teamsters.ca\/fr\/\"},{\"@type\":\"ListItem\",\"position\":2,\"name\":\"La conf\u00e9rence ferroviaire de Teamsters Canada est forc\u00e9e de d\u00e9clencher la gr\u00e8ve contre Via Rail Inc.\"}]},{\"@type\":\"WebSite\",\"@id\":\"https:\/\/teamsters.ca\/fr\/#website\",\"url\":\"https:\/\/teamsters.ca\/fr\/\",\"name\":\"Teamsters Canada\",\"description\":\"A Canadian union representing over 125 000 members\",\"publisher\":{\"@id\":\"https:\/\/teamsters.ca\/fr\/#organization\"},\"potentialAction\":[{\"@type\":\"SearchAction\",\"target\":{\"@type\":\"EntryPoint\",\"urlTemplate\":\"https:\/\/teamsters.ca\/fr\/?s={search_term_string}\"},\"query-input\":{\"@type\":\"PropertyValueSpecification\",\"valueRequired\":true,\"valueName\":\"search_term_string\"}}],\"inLanguage\":\"fr-CA\"},{\"@type\":\"Organization\",\"@id\":\"https:\/\/teamsters.ca\/fr\/#organization\",\"name\":\"Teamsters Canada\",\"url\":\"https:\/\/teamsters.ca\/fr\/\",\"logo\":{\"@type\":\"ImageObject\",\"inLanguage\":\"fr-CA\",\"@id\":\"https:\/\/teamsters.ca\/fr\/#\/schema\/logo\/image\/\",\"url\":\"https:\/\/teamsters.ca\/wp-content\/uploads\/2019\/08\/TeamstersCanada.png\",\"contentUrl\":\"https:\/\/teamsters.ca\/wp-content\/uploads\/2019\/08\/TeamstersCanada.png\",\"width\":545,\"height\":181,\"caption\":\"Teamsters Canada\"},\"image\":{\"@id\":\"https:\/\/teamsters.ca\/fr\/#\/schema\/logo\/image\/\"},\"sameAs\":[\"https:\/\/www.facebook.com\/Teamsterscanada\/\",\"https:\/\/x.com\/TeamstersCanada\"]},{\"@type\":\"Person\",\"@id\":\"https:\/\/teamsters.ca\/fr\/#\/schema\/person\/3e6ffefc39fe2f212400b7d8d0a4a0c1\",\"name\":\"St\u00e9phanie Meunier\",\"image\":{\"@type\":\"ImageObject\",\"inLanguage\":\"fr-CA\",\"@id\":\"https:\/\/teamsters.ca\/fr\/#\/schema\/person\/image\/\",\"url\":\"https:\/\/secure.gravatar.com\/avatar\/e4e8404e91ed71cb473fa2708849669810cf083c89825a3d2dd0d47dd6b2be77?s=96&d=mm&r=g\",\"contentUrl\":\"https:\/\/secure.gravatar.com\/avatar\/e4e8404e91ed71cb473fa2708849669810cf083c89825a3d2dd0d47dd6b2be77?s=96&d=mm&r=g\",\"caption\":\"St\u00e9phanie Meunier\"},\"url\":\"https:\/\/teamsters.ca\/fr\/blog\/author\/smeunier\/\"}]}<\/script>\n<!-- \/ Yoast SEO Premium plugin. -->","yoast_head_json":{"title":"La conf\u00e9rence ferroviaire de Teamsters Canada est forc\u00e9e de d\u00e9clencher la gr\u00e8ve contre Via Rail Inc. | Teamsters Canada","robots":{"index":"index","follow":"follow","max-snippet":"max-snippet:-1","max-image-preview":"max-image-preview:large","max-video-preview":"max-video-preview:-1"},"canonical":"https:\/\/teamsters.ca\/fr\/blog\/2009\/07\/24\/la-conference-ferroviaire-de-teamsters-canada-est-forcee-de-declencher-la-greve-contre-via-rail-inc\/","og_locale":"fr_CA","og_type":"article","og_title":"La conf\u00e9rence ferroviaire de Teamsters Canada est forc\u00e9e de d\u00e9clencher la gr\u00e8ve contre Via Rail Inc.","og_description":"Le 24 juillet 2009 &ndash; 13 h 30 (HNE) Montr&eacute;al &ndash; Les n&eacute;gociations ont &eacute;t&eacute; rompues t&ocirc;t ce matin et, sans r&eacute;ponse de Via Rail &agrave; leur derni&egrave;re offre, les ing&eacute;nieurs de locomotive et les chefs de triage ont &eacute;t&eacute; contraints d&rsquo;exercer leur droit de gr&egrave;ve. Les ing&eacute;nieurs de locomotive et chefs de triage de [&hellip;]","og_url":"https:\/\/teamsters.ca\/fr\/blog\/2009\/07\/24\/la-conference-ferroviaire-de-teamsters-canada-est-forcee-de-declencher-la-greve-contre-via-rail-inc\/","og_site_name":"Teamsters Canada","article_publisher":"https:\/\/www.facebook.com\/Teamsterscanada\/","article_published_time":"2009-07-24T17:45:00+00:00","article_modified_time":"2019-06-27T20:39:50+00:00","author":"St\u00e9phanie Meunier","twitter_card":"summary_large_image","twitter_creator":"@TeamstersCanada","twitter_site":"@TeamstersCanada","twitter_misc":{"\u00c9crit par":"St\u00e9phanie Meunier","Estimation du temps de lecture":"2 minutes"},"schema":{"@context":"https:\/\/schema.org","@graph":[{"@type":"Article","@id":"https:\/\/teamsters.ca\/fr\/blog\/2009\/07\/24\/la-conference-ferroviaire-de-teamsters-canada-est-forcee-de-declencher-la-greve-contre-via-rail-inc\/#article","isPartOf":{"@id":"https:\/\/teamsters.ca\/fr\/blog\/2009\/07\/24\/la-conference-ferroviaire-de-teamsters-canada-est-forcee-de-declencher-la-greve-contre-via-rail-inc\/"},"author":{"name":"St\u00e9phanie Meunier","@id":"https:\/\/teamsters.ca\/fr\/#\/schema\/person\/3e6ffefc39fe2f212400b7d8d0a4a0c1"},"headline":"La conf\u00e9rence ferroviaire de Teamsters Canada est forc\u00e9e de d\u00e9clencher la gr\u00e8ve contre Via Rail Inc.","datePublished":"2009-07-24T17:45:00+00:00","dateModified":"2019-06-27T20:39:50+00:00","mainEntityOfPage":{"@id":"https:\/\/teamsters.ca\/fr\/blog\/2009\/07\/24\/la-conference-ferroviaire-de-teamsters-canada-est-forcee-de-declencher-la-greve-contre-via-rail-inc\/"},"wordCount":451,"publisher":{"@id":"https:\/\/teamsters.ca\/fr\/#organization"},"articleSection":["Nouvelles"],"inLanguage":"fr-CA"},{"@type":"WebPage","@id":"https:\/\/teamsters.ca\/fr\/blog\/2009\/07\/24\/la-conference-ferroviaire-de-teamsters-canada-est-forcee-de-declencher-la-greve-contre-via-rail-inc\/","url":"https:\/\/teamsters.ca\/fr\/blog\/2009\/07\/24\/la-conference-ferroviaire-de-teamsters-canada-est-forcee-de-declencher-la-greve-contre-via-rail-inc\/","name":"La conf\u00e9rence ferroviaire de Teamsters Canada est forc\u00e9e de d\u00e9clencher la gr\u00e8ve contre Via Rail Inc. | Teamsters Canada","isPartOf":{"@id":"https:\/\/teamsters.ca\/fr\/#website"},"datePublished":"2009-07-24T17:45:00+00:00","dateModified":"2019-06-27T20:39:50+00:00","breadcrumb":{"@id":"https:\/\/teamsters.ca\/fr\/blog\/2009\/07\/24\/la-conference-ferroviaire-de-teamsters-canada-est-forcee-de-declencher-la-greve-contre-via-rail-inc\/#breadcrumb"},"inLanguage":"fr-CA","potentialAction":[{"@type":"ReadAction","target":["https:\/\/teamsters.ca\/fr\/blog\/2009\/07\/24\/la-conference-ferroviaire-de-teamsters-canada-est-forcee-de-declencher-la-greve-contre-via-rail-inc\/"]}]},{"@type":"BreadcrumbList","@id":"https:\/\/teamsters.ca\/fr\/blog\/2009\/07\/24\/la-conference-ferroviaire-de-teamsters-canada-est-forcee-de-declencher-la-greve-contre-via-rail-inc\/#breadcrumb","itemListElement":[{"@type":"ListItem","position":1,"name":"Home","item":"https:\/\/teamsters.ca\/fr\/"},{"@type":"ListItem","position":2,"name":"La conf\u00e9rence ferroviaire de Teamsters Canada est forc\u00e9e de d\u00e9clencher la gr\u00e8ve contre Via Rail Inc."}]},{"@type":"WebSite","@id":"https:\/\/teamsters.ca\/fr\/#website","url":"https:\/\/teamsters.ca\/fr\/","name":"Teamsters Canada","description":"A Canadian union representing over 125 000 members","publisher":{"@id":"https:\/\/teamsters.ca\/fr\/#organization"},"potentialAction":[{"@type":"SearchAction","target":{"@type":"EntryPoint","urlTemplate":"https:\/\/teamsters.ca\/fr\/?s={search_term_string}"},"query-input":{"@type":"PropertyValueSpecification","valueRequired":true,"valueName":"search_term_string"}}],"inLanguage":"fr-CA"},{"@type":"Organization","@id":"https:\/\/teamsters.ca\/fr\/#organization","name":"Teamsters Canada","url":"https:\/\/teamsters.ca\/fr\/","logo":{"@type":"ImageObject","inLanguage":"fr-CA","@id":"https:\/\/teamsters.ca\/fr\/#\/schema\/logo\/image\/","url":"https:\/\/teamsters.ca\/wp-content\/uploads\/2019\/08\/TeamstersCanada.png","contentUrl":"https:\/\/teamsters.ca\/wp-content\/uploads\/2019\/08\/TeamstersCanada.png","width":545,"height":181,"caption":"Teamsters Canada"},"image":{"@id":"https:\/\/teamsters.ca\/fr\/#\/schema\/logo\/image\/"},"sameAs":["https:\/\/www.facebook.com\/Teamsterscanada\/","https:\/\/x.com\/TeamstersCanada"]},{"@type":"Person","@id":"https:\/\/teamsters.ca\/fr\/#\/schema\/person\/3e6ffefc39fe2f212400b7d8d0a4a0c1","name":"St\u00e9phanie Meunier","image":{"@type":"ImageObject","inLanguage":"fr-CA","@id":"https:\/\/teamsters.ca\/fr\/#\/schema\/person\/image\/","url":"https:\/\/secure.gravatar.com\/avatar\/e4e8404e91ed71cb473fa2708849669810cf083c89825a3d2dd0d47dd6b2be77?s=96&d=mm&r=g","contentUrl":"https:\/\/secure.gravatar.com\/avatar\/e4e8404e91ed71cb473fa2708849669810cf083c89825a3d2dd0d47dd6b2be77?s=96&d=mm&r=g","caption":"St\u00e9phanie Meunier"},"url":"https:\/\/teamsters.ca\/fr\/blog\/author\/smeunier\/"}]}},"_links":{"self":[{"href":"https:\/\/teamsters.ca\/fr\/wp-json\/wp\/v2\/posts\/2622","targetHints":{"allow":["GET"]}}],"collection":[{"href":"https:\/\/teamsters.ca\/fr\/wp-json\/wp\/v2\/posts"}],"about":[{"href":"https:\/\/teamsters.ca\/fr\/wp-json\/wp\/v2\/types\/post"}],"author":[{"embeddable":true,"href":"https:\/\/teamsters.ca\/fr\/wp-json\/wp\/v2\/users\/8"}],"replies":[{"embeddable":true,"href":"https:\/\/teamsters.ca\/fr\/wp-json\/wp\/v2\/comments?post=2622"}],"version-history":[{"count":1,"href":"https:\/\/teamsters.ca\/fr\/wp-json\/wp\/v2\/posts\/2622\/revisions"}],"predecessor-version":[{"id":10628,"href":"https:\/\/teamsters.ca\/fr\/wp-json\/wp\/v2\/posts\/2622\/revisions\/10628"}],"wp:attachment":[{"href":"https:\/\/teamsters.ca\/fr\/wp-json\/wp\/v2\/media?parent=2622"}],"wp:term":[{"taxonomy":"category","embeddable":true,"href":"https:\/\/teamsters.ca\/fr\/wp-json\/wp\/v2\/categories?post=2622"},{"taxonomy":"post_tag","embeddable":true,"href":"https:\/\/teamsters.ca\/fr\/wp-json\/wp\/v2\/tags?post=2622"}],"curies":[{"name":"wp","href":"https:\/\/api.w.org\/{rel}","templated":true}]}}