{"id":25890,"date":"2023-09-08T12:28:56","date_gmt":"2023-09-08T16:28:56","guid":{"rendered":"https:\/\/teamsters.ca\/?p=25890"},"modified":"2025-02-05T11:39:17","modified_gmt":"2025-02-05T16:39:17","slug":"hommage-aux-routiers-a-loccasion-de-la-semaine-nationale-du-camionnage","status":"publish","type":"post","link":"https:\/\/teamsters.ca\/fr\/blog\/2023\/09\/08\/hommage-aux-routiers-a-loccasion-de-la-semaine-nationale-du-camionnage\/","title":{"rendered":"Hommage aux routiers \u00e0 l&rsquo;occasion de la Semaine nationale du camionnage"},"content":{"rendered":"\n<p><br \/>Alors que la Semaine nationale du camionnage tire \u00e0 sa fin cette ann\u00e9e, Teamsters Canada tient \u00e0 rendre hommage aux camionneuses et camionneurs pour le r\u00f4le essentiel qu&rsquo;ils jouent.<\/p>\n\n\n\n<p>Nos routiers transportent tout ce que nous achetons &#8211; de l&rsquo;\u00e9picerie aux m\u00e9dicaments en passant par les appareils \u00e9lectroniques et plus encore. Notre soci\u00e9t\u00e9 ne pourrait tout simplement pas fonctionner sans eux ; ils assurent notre qualit\u00e9 de vie.<\/p>\n\n\n\n<p>On oublie trop facilement le d\u00e9vouement et les sacrifices des camionneuses et camionneurs. Ils passent de longues heures sur la route, manquant souvent des \u00e9v\u00e8nements familiaux, pour s&rsquo;assurer que nos magasins, h\u00f4pitaux et lieux de travails sont approvisionn\u00e9s \u00e0 temps.&nbsp;<\/p>\n\n\n\n<p>Ces h\u00e9ros du quotidien sont confront\u00e9s \u00e0 de nombreux d\u00e9fis, qu&rsquo;il s&rsquo;agisse d&rsquo;horaires difficiles, de nuits pass\u00e9es seuls ou d&rsquo;aires de repos insalubres. De plus, ils sont confront\u00e9s \u00e0 une croissance salariale lente et \u00e0\u00a0<a href=\"https:\/\/teamsters.ca\/fr\/?p=23757\" target=\"_blank\" rel=\"noreferrer noopener\">des pratiques abusives comme \u00ab\u00a0Chauffeur inc.\u00a0\u00bb<\/a>\u00a0qui ajoutent des difficult\u00e9s inutiles \u00e0 un travail d\u00e9j\u00e0 exigeant.<\/p>\n\n\n\n<p>Teamsters Canada continue de d\u00e9fendre les int\u00e9r\u00eats des camionneuses et camionneurs. Qu&rsquo;il s&rsquo;agisse de\u00a0<a href=\"https:\/\/teamsters.ca\/fr\/?p=25276\" target=\"_blank\" rel=\"noreferrer noopener\">n\u00e9gocier de meilleurs salaires et conditions de travail<\/a>\u00a0ou de faire pression pour\u00a0<a href=\"https:\/\/teamsters.ca\/fr\/?p=24135\" target=\"_blank\" rel=\"noreferrer noopener\">am\u00e9liorer les normes de travail<\/a>\u00a0et les mesures de s\u00e9curit\u00e9, nous sommes d\u00e9termin\u00e9s \u00e0 am\u00e9liorer la vie et la voix de cette main-d&rsquo;\u0153uvre indispensable.<\/p>\n\n\n\n<p>En cette semaine nationale du camionnage, saluons du fond du c\u0153ur nos camionneurs d\u00e9vou\u00e9s.&nbsp;Merci pour tout ce que vous faites.<\/p>\n","protected":false},"excerpt":{"rendered":"<p>Alors que la Semaine nationale du camionnage tire \u00e0 sa fin cette ann\u00e9e, Teamsters Canada tient \u00e0 rendre hommage aux camionneuses et camionneurs pour le r\u00f4le essentiel qu&rsquo;ils jouent.<\/p>\n","protected":false},"author":8,"featured_media":25891,"comment_status":"closed","ping_status":"closed","sticky":false,"template":"","format":"standard","meta":{"ngg_post_thumbnail":0,"mc4wp_mailchimp_campaign":[],"footnotes":""},"categories":[1134],"tags":[5525],"class_list":{"0":"post-25890","1":"post","2":"type-post","3":"status-publish","4":"format-standard","5":"has-post-thumbnail","7":"category-transport-fr","8":"tag-semaine-nationale-du-camionnage"},"yoast_head":"<!-- This site is optimized with the Yoast SEO Premium plugin v25.5 (Yoast SEO v25.5) - https:\/\/yoast.com\/wordpress\/plugins\/seo\/ -->\n<title>Hommage aux routiers \u00e0 l&#039;occasion de la Semaine nationale du camionnage | Teamsters Canada<\/title>\n<meta name=\"robots\" content=\"index, follow, max-snippet:-1, max-image-preview:large, max-video-preview:-1\" \/>\n<link rel=\"canonical\" href=\"https:\/\/teamsters.ca\/fr\/blog\/2023\/09\/08\/hommage-aux-routiers-a-loccasion-de-la-semaine-nationale-du-camionnage\/\" \/>\n<meta property=\"og:locale\" content=\"fr_CA\" \/>\n<meta property=\"og:type\" content=\"article\" \/>\n<meta property=\"og:title\" content=\"Hommage aux routiers \u00e0 l&#039;occasion de la Semaine nationale du camionnage\" \/>\n<meta property=\"og:description\" content=\"Alors que la Semaine nationale du camionnage tire \u00e0 sa fin cette ann\u00e9e, Teamsters Canada tient \u00e0 rendre hommage aux camionneuses et camionneurs pour le r\u00f4le essentiel qu&#039;ils jouent.\" \/>\n<meta property=\"og:url\" content=\"https:\/\/teamsters.ca\/fr\/blog\/2023\/09\/08\/hommage-aux-routiers-a-loccasion-de-la-semaine-nationale-du-camionnage\/\" \/>\n<meta property=\"og:site_name\" content=\"Teamsters Canada\" \/>\n<meta property=\"article:publisher\" content=\"https:\/\/www.facebook.com\/Teamsterscanada\/\" \/>\n<meta property=\"article:published_time\" content=\"2023-09-08T16:28:56+00:00\" \/>\n<meta property=\"article:modified_time\" content=\"2025-02-05T16:39:17+00:00\" \/>\n<meta property=\"og:image\" content=\"https:\/\/teamsters.ca\/wp-content\/uploads\/2023\/09\/wordpressFR.jpg\" \/>\n\t<meta property=\"og:image:width\" content=\"1166\" \/>\n\t<meta property=\"og:image:height\" content=\"768\" \/>\n\t<meta property=\"og:image:type\" content=\"image\/jpeg\" \/>\n<meta name=\"author\" content=\"St\u00e9phanie Meunier\" \/>\n<meta name=\"twitter:card\" content=\"summary_large_image\" \/>\n<meta name=\"twitter:creator\" content=\"@TeamstersCanada\" \/>\n<meta name=\"twitter:site\" content=\"@TeamstersCanada\" \/>\n<meta name=\"twitter:label1\" content=\"\u00c9crit par\" \/>\n\t<meta name=\"twitter:data1\" content=\"St\u00e9phanie Meunier\" \/>\n\t<meta name=\"twitter:label2\" content=\"Estimation du temps de lecture\" \/>\n\t<meta name=\"twitter:data2\" content=\"2 minutes\" \/>\n<script type=\"application\/ld+json\" class=\"yoast-schema-graph\">{\"@context\":\"https:\/\/schema.org\",\"@graph\":[{\"@type\":\"Article\",\"@id\":\"https:\/\/teamsters.ca\/fr\/blog\/2023\/09\/08\/hommage-aux-routiers-a-loccasion-de-la-semaine-nationale-du-camionnage\/#article\",\"isPartOf\":{\"@id\":\"https:\/\/teamsters.ca\/fr\/blog\/2023\/09\/08\/hommage-aux-routiers-a-loccasion-de-la-semaine-nationale-du-camionnage\/\"},\"author\":{\"name\":\"St\u00e9phanie Meunier\",\"@id\":\"https:\/\/teamsters.ca\/fr\/#\/schema\/person\/3e6ffefc39fe2f212400b7d8d0a4a0c1\"},\"headline\":\"Hommage aux routiers \u00e0 l&rsquo;occasion de la Semaine nationale du camionnage\",\"datePublished\":\"2023-09-08T16:28:56+00:00\",\"dateModified\":\"2025-02-05T16:39:17+00:00\",\"mainEntityOfPage\":{\"@id\":\"https:\/\/teamsters.ca\/fr\/blog\/2023\/09\/08\/hommage-aux-routiers-a-loccasion-de-la-semaine-nationale-du-camionnage\/\"},\"wordCount\":263,\"publisher\":{\"@id\":\"https:\/\/teamsters.ca\/fr\/#organization\"},\"image\":{\"@id\":\"https:\/\/teamsters.ca\/fr\/blog\/2023\/09\/08\/hommage-aux-routiers-a-loccasion-de-la-semaine-nationale-du-camionnage\/#primaryimage\"},\"thumbnailUrl\":\"https:\/\/teamsters.ca\/wp-content\/uploads\/2023\/09\/wordpressFR.jpg\",\"keywords\":[\"Semaine nationale du camionnage\"],\"articleSection\":[\"Transport\"],\"inLanguage\":\"fr-CA\"},{\"@type\":\"WebPage\",\"@id\":\"https:\/\/teamsters.ca\/fr\/blog\/2023\/09\/08\/hommage-aux-routiers-a-loccasion-de-la-semaine-nationale-du-camionnage\/\",\"url\":\"https:\/\/teamsters.ca\/fr\/blog\/2023\/09\/08\/hommage-aux-routiers-a-loccasion-de-la-semaine-nationale-du-camionnage\/\",\"name\":\"Hommage aux routiers \u00e0 l'occasion de la Semaine nationale du camionnage | Teamsters Canada\",\"isPartOf\":{\"@id\":\"https:\/\/teamsters.ca\/fr\/#website\"},\"primaryImageOfPage\":{\"@id\":\"https:\/\/teamsters.ca\/fr\/blog\/2023\/09\/08\/hommage-aux-routiers-a-loccasion-de-la-semaine-nationale-du-camionnage\/#primaryimage\"},\"image\":{\"@id\":\"https:\/\/teamsters.ca\/fr\/blog\/2023\/09\/08\/hommage-aux-routiers-a-loccasion-de-la-semaine-nationale-du-camionnage\/#primaryimage\"},\"thumbnailUrl\":\"https:\/\/teamsters.ca\/wp-content\/uploads\/2023\/09\/wordpressFR.jpg\",\"datePublished\":\"2023-09-08T16:28:56+00:00\",\"dateModified\":\"2025-02-05T16:39:17+00:00\",\"breadcrumb\":{\"@id\":\"https:\/\/teamsters.ca\/fr\/blog\/2023\/09\/08\/hommage-aux-routiers-a-loccasion-de-la-semaine-nationale-du-camionnage\/#breadcrumb\"},\"inLanguage\":\"fr-CA\",\"potentialAction\":[{\"@type\":\"ReadAction\",\"target\":[\"https:\/\/teamsters.ca\/fr\/blog\/2023\/09\/08\/hommage-aux-routiers-a-loccasion-de-la-semaine-nationale-du-camionnage\/\"]}]},{\"@type\":\"ImageObject\",\"inLanguage\":\"fr-CA\",\"@id\":\"https:\/\/teamsters.ca\/fr\/blog\/2023\/09\/08\/hommage-aux-routiers-a-loccasion-de-la-semaine-nationale-du-camionnage\/#primaryimage\",\"url\":\"https:\/\/teamsters.ca\/wp-content\/uploads\/2023\/09\/wordpressFR.jpg\",\"contentUrl\":\"https:\/\/teamsters.ca\/wp-content\/uploads\/2023\/09\/wordpressFR.jpg\",\"width\":1166,\"height\":768},{\"@type\":\"BreadcrumbList\",\"@id\":\"https:\/\/teamsters.ca\/fr\/blog\/2023\/09\/08\/hommage-aux-routiers-a-loccasion-de-la-semaine-nationale-du-camionnage\/#breadcrumb\",\"itemListElement\":[{\"@type\":\"ListItem\",\"position\":1,\"name\":\"Home\",\"item\":\"https:\/\/teamsters.ca\/fr\/\"},{\"@type\":\"ListItem\",\"position\":2,\"name\":\"Hommage aux routiers \u00e0 l&#8217;occasion de la Semaine nationale du camionnage\"}]},{\"@type\":\"WebSite\",\"@id\":\"https:\/\/teamsters.ca\/fr\/#website\",\"url\":\"https:\/\/teamsters.ca\/fr\/\",\"name\":\"Teamsters Canada\",\"description\":\"A Canadian union representing over 125 000 members\",\"publisher\":{\"@id\":\"https:\/\/teamsters.ca\/fr\/#organization\"},\"potentialAction\":[{\"@type\":\"SearchAction\",\"target\":{\"@type\":\"EntryPoint\",\"urlTemplate\":\"https:\/\/teamsters.ca\/fr\/?s={search_term_string}\"},\"query-input\":{\"@type\":\"PropertyValueSpecification\",\"valueRequired\":true,\"valueName\":\"search_term_string\"}}],\"inLanguage\":\"fr-CA\"},{\"@type\":\"Organization\",\"@id\":\"https:\/\/teamsters.ca\/fr\/#organization\",\"name\":\"Teamsters Canada\",\"url\":\"https:\/\/teamsters.ca\/fr\/\",\"logo\":{\"@type\":\"ImageObject\",\"inLanguage\":\"fr-CA\",\"@id\":\"https:\/\/teamsters.ca\/fr\/#\/schema\/logo\/image\/\",\"url\":\"https:\/\/teamsters.ca\/wp-content\/uploads\/2019\/08\/TeamstersCanada.png\",\"contentUrl\":\"https:\/\/teamsters.ca\/wp-content\/uploads\/2019\/08\/TeamstersCanada.png\",\"width\":545,\"height\":181,\"caption\":\"Teamsters Canada\"},\"image\":{\"@id\":\"https:\/\/teamsters.ca\/fr\/#\/schema\/logo\/image\/\"},\"sameAs\":[\"https:\/\/www.facebook.com\/Teamsterscanada\/\",\"https:\/\/x.com\/TeamstersCanada\"]},{\"@type\":\"Person\",\"@id\":\"https:\/\/teamsters.ca\/fr\/#\/schema\/person\/3e6ffefc39fe2f212400b7d8d0a4a0c1\",\"name\":\"St\u00e9phanie Meunier\",\"image\":{\"@type\":\"ImageObject\",\"inLanguage\":\"fr-CA\",\"@id\":\"https:\/\/teamsters.ca\/fr\/#\/schema\/person\/image\/\",\"url\":\"https:\/\/secure.gravatar.com\/avatar\/e4e8404e91ed71cb473fa2708849669810cf083c89825a3d2dd0d47dd6b2be77?s=96&d=mm&r=g\",\"contentUrl\":\"https:\/\/secure.gravatar.com\/avatar\/e4e8404e91ed71cb473fa2708849669810cf083c89825a3d2dd0d47dd6b2be77?s=96&d=mm&r=g\",\"caption\":\"St\u00e9phanie Meunier\"},\"url\":\"https:\/\/teamsters.ca\/fr\/blog\/author\/smeunier\/\"}]}<\/script>\n<!-- \/ Yoast SEO Premium plugin. -->","yoast_head_json":{"title":"Hommage aux routiers \u00e0 l'occasion de la Semaine nationale du camionnage | Teamsters Canada","robots":{"index":"index","follow":"follow","max-snippet":"max-snippet:-1","max-image-preview":"max-image-preview:large","max-video-preview":"max-video-preview:-1"},"canonical":"https:\/\/teamsters.ca\/fr\/blog\/2023\/09\/08\/hommage-aux-routiers-a-loccasion-de-la-semaine-nationale-du-camionnage\/","og_locale":"fr_CA","og_type":"article","og_title":"Hommage aux routiers \u00e0 l'occasion de la Semaine nationale du camionnage","og_description":"Alors que la Semaine nationale du camionnage tire \u00e0 sa fin cette ann\u00e9e, Teamsters Canada tient \u00e0 rendre hommage aux camionneuses et camionneurs pour le r\u00f4le essentiel qu'ils jouent.","og_url":"https:\/\/teamsters.ca\/fr\/blog\/2023\/09\/08\/hommage-aux-routiers-a-loccasion-de-la-semaine-nationale-du-camionnage\/","og_site_name":"Teamsters Canada","article_publisher":"https:\/\/www.facebook.com\/Teamsterscanada\/","article_published_time":"2023-09-08T16:28:56+00:00","article_modified_time":"2025-02-05T16:39:17+00:00","og_image":[{"width":1166,"height":768,"url":"https:\/\/teamsters.ca\/wp-content\/uploads\/2023\/09\/wordpressFR.jpg","type":"image\/jpeg"}],"author":"St\u00e9phanie Meunier","twitter_card":"summary_large_image","twitter_creator":"@TeamstersCanada","twitter_site":"@TeamstersCanada","twitter_misc":{"\u00c9crit par":"St\u00e9phanie Meunier","Estimation du temps de lecture":"2 minutes"},"schema":{"@context":"https:\/\/schema.org","@graph":[{"@type":"Article","@id":"https:\/\/teamsters.ca\/fr\/blog\/2023\/09\/08\/hommage-aux-routiers-a-loccasion-de-la-semaine-nationale-du-camionnage\/#article","isPartOf":{"@id":"https:\/\/teamsters.ca\/fr\/blog\/2023\/09\/08\/hommage-aux-routiers-a-loccasion-de-la-semaine-nationale-du-camionnage\/"},"author":{"name":"St\u00e9phanie Meunier","@id":"https:\/\/teamsters.ca\/fr\/#\/schema\/person\/3e6ffefc39fe2f212400b7d8d0a4a0c1"},"headline":"Hommage aux routiers \u00e0 l&rsquo;occasion de la Semaine nationale du camionnage","datePublished":"2023-09-08T16:28:56+00:00","dateModified":"2025-02-05T16:39:17+00:00","mainEntityOfPage":{"@id":"https:\/\/teamsters.ca\/fr\/blog\/2023\/09\/08\/hommage-aux-routiers-a-loccasion-de-la-semaine-nationale-du-camionnage\/"},"wordCount":263,"publisher":{"@id":"https:\/\/teamsters.ca\/fr\/#organization"},"image":{"@id":"https:\/\/teamsters.ca\/fr\/blog\/2023\/09\/08\/hommage-aux-routiers-a-loccasion-de-la-semaine-nationale-du-camionnage\/#primaryimage"},"thumbnailUrl":"https:\/\/teamsters.ca\/wp-content\/uploads\/2023\/09\/wordpressFR.jpg","keywords":["Semaine nationale du camionnage"],"articleSection":["Transport"],"inLanguage":"fr-CA"},{"@type":"WebPage","@id":"https:\/\/teamsters.ca\/fr\/blog\/2023\/09\/08\/hommage-aux-routiers-a-loccasion-de-la-semaine-nationale-du-camionnage\/","url":"https:\/\/teamsters.ca\/fr\/blog\/2023\/09\/08\/hommage-aux-routiers-a-loccasion-de-la-semaine-nationale-du-camionnage\/","name":"Hommage aux routiers \u00e0 l'occasion de la Semaine nationale du camionnage | Teamsters Canada","isPartOf":{"@id":"https:\/\/teamsters.ca\/fr\/#website"},"primaryImageOfPage":{"@id":"https:\/\/teamsters.ca\/fr\/blog\/2023\/09\/08\/hommage-aux-routiers-a-loccasion-de-la-semaine-nationale-du-camionnage\/#primaryimage"},"image":{"@id":"https:\/\/teamsters.ca\/fr\/blog\/2023\/09\/08\/hommage-aux-routiers-a-loccasion-de-la-semaine-nationale-du-camionnage\/#primaryimage"},"thumbnailUrl":"https:\/\/teamsters.ca\/wp-content\/uploads\/2023\/09\/wordpressFR.jpg","datePublished":"2023-09-08T16:28:56+00:00","dateModified":"2025-02-05T16:39:17+00:00","breadcrumb":{"@id":"https:\/\/teamsters.ca\/fr\/blog\/2023\/09\/08\/hommage-aux-routiers-a-loccasion-de-la-semaine-nationale-du-camionnage\/#breadcrumb"},"inLanguage":"fr-CA","potentialAction":[{"@type":"ReadAction","target":["https:\/\/teamsters.ca\/fr\/blog\/2023\/09\/08\/hommage-aux-routiers-a-loccasion-de-la-semaine-nationale-du-camionnage\/"]}]},{"@type":"ImageObject","inLanguage":"fr-CA","@id":"https:\/\/teamsters.ca\/fr\/blog\/2023\/09\/08\/hommage-aux-routiers-a-loccasion-de-la-semaine-nationale-du-camionnage\/#primaryimage","url":"https:\/\/teamsters.ca\/wp-content\/uploads\/2023\/09\/wordpressFR.jpg","contentUrl":"https:\/\/teamsters.ca\/wp-content\/uploads\/2023\/09\/wordpressFR.jpg","width":1166,"height":768},{"@type":"BreadcrumbList","@id":"https:\/\/teamsters.ca\/fr\/blog\/2023\/09\/08\/hommage-aux-routiers-a-loccasion-de-la-semaine-nationale-du-camionnage\/#breadcrumb","itemListElement":[{"@type":"ListItem","position":1,"name":"Home","item":"https:\/\/teamsters.ca\/fr\/"},{"@type":"ListItem","position":2,"name":"Hommage aux routiers \u00e0 l&#8217;occasion de la Semaine nationale du camionnage"}]},{"@type":"WebSite","@id":"https:\/\/teamsters.ca\/fr\/#website","url":"https:\/\/teamsters.ca\/fr\/","name":"Teamsters Canada","description":"A Canadian union representing over 125 000 members","publisher":{"@id":"https:\/\/teamsters.ca\/fr\/#organization"},"potentialAction":[{"@type":"SearchAction","target":{"@type":"EntryPoint","urlTemplate":"https:\/\/teamsters.ca\/fr\/?s={search_term_string}"},"query-input":{"@type":"PropertyValueSpecification","valueRequired":true,"valueName":"search_term_string"}}],"inLanguage":"fr-CA"},{"@type":"Organization","@id":"https:\/\/teamsters.ca\/fr\/#organization","name":"Teamsters Canada","url":"https:\/\/teamsters.ca\/fr\/","logo":{"@type":"ImageObject","inLanguage":"fr-CA","@id":"https:\/\/teamsters.ca\/fr\/#\/schema\/logo\/image\/","url":"https:\/\/teamsters.ca\/wp-content\/uploads\/2019\/08\/TeamstersCanada.png","contentUrl":"https:\/\/teamsters.ca\/wp-content\/uploads\/2019\/08\/TeamstersCanada.png","width":545,"height":181,"caption":"Teamsters Canada"},"image":{"@id":"https:\/\/teamsters.ca\/fr\/#\/schema\/logo\/image\/"},"sameAs":["https:\/\/www.facebook.com\/Teamsterscanada\/","https:\/\/x.com\/TeamstersCanada"]},{"@type":"Person","@id":"https:\/\/teamsters.ca\/fr\/#\/schema\/person\/3e6ffefc39fe2f212400b7d8d0a4a0c1","name":"St\u00e9phanie Meunier","image":{"@type":"ImageObject","inLanguage":"fr-CA","@id":"https:\/\/teamsters.ca\/fr\/#\/schema\/person\/image\/","url":"https:\/\/secure.gravatar.com\/avatar\/e4e8404e91ed71cb473fa2708849669810cf083c89825a3d2dd0d47dd6b2be77?s=96&d=mm&r=g","contentUrl":"https:\/\/secure.gravatar.com\/avatar\/e4e8404e91ed71cb473fa2708849669810cf083c89825a3d2dd0d47dd6b2be77?s=96&d=mm&r=g","caption":"St\u00e9phanie Meunier"},"url":"https:\/\/teamsters.ca\/fr\/blog\/author\/smeunier\/"}]}},"_links":{"self":[{"href":"https:\/\/teamsters.ca\/fr\/wp-json\/wp\/v2\/posts\/25890","targetHints":{"allow":["GET"]}}],"collection":[{"href":"https:\/\/teamsters.ca\/fr\/wp-json\/wp\/v2\/posts"}],"about":[{"href":"https:\/\/teamsters.ca\/fr\/wp-json\/wp\/v2\/types\/post"}],"author":[{"embeddable":true,"href":"https:\/\/teamsters.ca\/fr\/wp-json\/wp\/v2\/users\/8"}],"replies":[{"embeddable":true,"href":"https:\/\/teamsters.ca\/fr\/wp-json\/wp\/v2\/comments?post=25890"}],"version-history":[{"count":5,"href":"https:\/\/teamsters.ca\/fr\/wp-json\/wp\/v2\/posts\/25890\/revisions"}],"predecessor-version":[{"id":28168,"href":"https:\/\/teamsters.ca\/fr\/wp-json\/wp\/v2\/posts\/25890\/revisions\/28168"}],"wp:featuredmedia":[{"embeddable":true,"href":"https:\/\/teamsters.ca\/fr\/wp-json\/wp\/v2\/media\/25891"}],"wp:attachment":[{"href":"https:\/\/teamsters.ca\/fr\/wp-json\/wp\/v2\/media?parent=25890"}],"wp:term":[{"taxonomy":"category","embeddable":true,"href":"https:\/\/teamsters.ca\/fr\/wp-json\/wp\/v2\/categories?post=25890"},{"taxonomy":"post_tag","embeddable":true,"href":"https:\/\/teamsters.ca\/fr\/wp-json\/wp\/v2\/tags?post=25890"}],"curies":[{"name":"wp","href":"https:\/\/api.w.org\/{rel}","templated":true}]}}