{"id":25760,"date":"2023-08-24T15:26:31","date_gmt":"2023-08-24T19:26:31","guid":{"rendered":"https:\/\/teamsters.ca\/?p=25760"},"modified":"2023-08-31T16:27:23","modified_gmt":"2023-08-31T20:27:23","slug":"le-cn-suit-secretement-les-deplacements-de-ses-employe%c2%b7e%c2%b7s","status":"publish","type":"post","link":"https:\/\/teamsters.ca\/fr\/blog\/2023\/08\/24\/le-cn-suit-secretement-les-deplacements-de-ses-employe%c2%b7e%c2%b7s\/","title":{"rendered":"Le CN suit secr\u00e8tement les d\u00e9placements de ses employ\u00e9\u00b7e\u00b7s"},"content":{"rendered":"\n<p>La Conf\u00e9rence ferroviaire de Teamsters Canada a r\u00e9cemment d\u00e9couvert un comportement tr\u00e8s inqui\u00e9tant de la part du CN : il surveille secr\u00e8tement l&#8217;emplacement des travailleuses et des travailleurs \u00e0 l&rsquo;aide des tablettes fournies par l&rsquo;entreprise, y compris \u00e0 l&rsquo;ext\u00e9rieur des heures de travail.<\/p>\n\n\n\n<p>Il ne s&rsquo;agit pas seulement d&rsquo;une violation de la vie priv\u00e9e ; c&rsquo;est une invasion troublante et louche. C&rsquo;est, \u00e0 notre avis, une atteinte ill\u00e9gale \u00e0 la vie personnelle des travailleuses et des travailleurs. Le CN n&rsquo;a jamais demand\u00e9 le consentement des employ\u00e9\u00b7e\u00b7s pour ce suivi et n&rsquo;a pas pr\u00e9venu le syndicat de ce qui se passait.<\/p>\n\n\n\n<p>Soyez assur\u00e9s que nous prenons cette affaire tr\u00e8s au s\u00e9rieux. Notre service juridique est d\u00e9j\u00e0 en train de d\u00e9poser une plainte aupr\u00e8s du Commissaire \u00e0 la protection de la vie priv\u00e9e du Canada. Nous sommes d\u00e9termin\u00e9s \u00e0 prot\u00e9ger la vie priv\u00e9e des travailleurs et \u00e0 lutter contre des pratiques aussi invasives et abusives.<\/p>\n\n\n\n<p>Entre-temps, nous recommandons fortement aux membres de laisser leurs tablettes \u00e9mises par le CN dans leurs casiers ou de les remettre \u00e0 leurs superviseurs imm\u00e9diats (si la facturation est n\u00e9cessaire) \u00e0 la fin de leur quart de travail. Il est conseill\u00e9 de ne pas transporter ces tablettes en dehors du travail.<\/p>\n\n\n\n<p>Voir ci-dessous le reportage de CTV sur l&rsquo;espionnage du CN (\u00e0 13:03, en anglais seulement), <a rel=\"noreferrer noopener\" href=\"https:\/\/www.ctvnews.ca\/business\/union-accuses-cn-of-tracking-employee-s-location-outside-of-work-hours-through-company-issued-device-1.6531568\" target=\"_blank\">ou cliquer ici pour lire l&rsquo;article (en anglais seulement).<\/a><\/p>\n\n\n\n<figure class=\"wp-block-embed is-type-video is-provider-youtube wp-block-embed-youtube wp-embed-aspect-16-9 wp-has-aspect-ratio\"><div class=\"wp-block-embed__wrapper\">\n<iframe loading=\"lazy\" title=\"CTV National News for Wednesday, August 23, 2023: Mercenary leader dies in crash; Greenbelt scandal\" width=\"696\" height=\"392\" src=\"https:\/\/www.youtube.com\/embed\/tdeZ5Ne3wUA?start=783&#038;feature=oembed\" frameborder=\"0\" allow=\"accelerometer; autoplay; clipboard-write; encrypted-media; gyroscope; picture-in-picture; web-share\" allowfullscreen><\/iframe>\n<\/div><\/figure>\n","protected":false},"excerpt":{"rendered":"<p>La Conf\u00e9rence ferroviaire de Teamsters Canada a r\u00e9cemment d\u00e9couvert un comportement tr\u00e8s inqui\u00e9tant de la part du CN : il surveille secr\u00e8tement l&#8217;emplacement des travailleuses et des travailleurs \u00e0 l&rsquo;aide des tablettes fournies par l&rsquo;entreprise, y compris \u00e0 l&rsquo;ext\u00e9rieur des heures de travail. Il ne s&rsquo;agit pas seulement d&rsquo;une violation de la vie priv\u00e9e ; [&hellip;]<\/p>\n","protected":false},"author":8,"featured_media":6041,"comment_status":"closed","ping_status":"closed","sticky":false,"template":"","format":"standard","meta":{"ngg_post_thumbnail":0,"mc4wp_mailchimp_campaign":[],"footnotes":""},"categories":[1140,1114,1132],"tags":[],"class_list":{"0":"post-25760","1":"post","2":"type-post","3":"status-publish","4":"format-standard","5":"has-post-thumbnail","7":"category-canada-region-fr","8":"category-nouvelles","9":"category-transport-ferroviaire"},"yoast_head":"<!-- This site is optimized with the Yoast SEO Premium plugin v25.5 (Yoast SEO v25.5) - https:\/\/yoast.com\/wordpress\/plugins\/seo\/ -->\n<title>Le CN suit secr\u00e8tement les d\u00e9placements de ses employ\u00e9\u00b7e\u00b7s | Teamsters Canada<\/title>\n<meta name=\"robots\" content=\"index, follow, max-snippet:-1, max-image-preview:large, max-video-preview:-1\" \/>\n<link rel=\"canonical\" href=\"https:\/\/teamsters.ca\/fr\/blog\/2023\/08\/24\/le-cn-suit-secretement-les-deplacements-de-ses-employe%c2%b7e%c2%b7s\/\" \/>\n<meta property=\"og:locale\" content=\"fr_CA\" \/>\n<meta property=\"og:type\" content=\"article\" \/>\n<meta property=\"og:title\" content=\"Le CN suit secr\u00e8tement les d\u00e9placements de ses employ\u00e9\u00b7e\u00b7s\" \/>\n<meta property=\"og:description\" content=\"La Conf\u00e9rence ferroviaire de Teamsters Canada a r\u00e9cemment d\u00e9couvert un comportement tr\u00e8s inqui\u00e9tant de la part du CN : il surveille secr\u00e8tement l&#8217;emplacement des travailleuses et des travailleurs \u00e0 l&rsquo;aide des tablettes fournies par l&rsquo;entreprise, y compris \u00e0 l&rsquo;ext\u00e9rieur des heures de travail. Il ne s&rsquo;agit pas seulement d&rsquo;une violation de la vie priv\u00e9e ; [&hellip;]\" \/>\n<meta property=\"og:url\" content=\"https:\/\/teamsters.ca\/fr\/blog\/2023\/08\/24\/le-cn-suit-secretement-les-deplacements-de-ses-employe%c2%b7e%c2%b7s\/\" \/>\n<meta property=\"og:site_name\" content=\"Teamsters Canada\" \/>\n<meta property=\"article:publisher\" content=\"https:\/\/www.facebook.com\/Teamsterscanada\/\" \/>\n<meta property=\"article:published_time\" content=\"2023-08-24T19:26:31+00:00\" \/>\n<meta property=\"article:modified_time\" content=\"2023-08-31T20:27:23+00:00\" \/>\n<meta property=\"og:image\" content=\"https:\/\/teamsters.ca\/wp-content\/uploads\/2016\/09\/cn-train-negotiations-update.jpg\" \/>\n\t<meta property=\"og:image:width\" content=\"1166\" \/>\n\t<meta property=\"og:image:height\" content=\"774\" \/>\n\t<meta property=\"og:image:type\" content=\"image\/jpeg\" \/>\n<meta name=\"author\" content=\"St\u00e9phanie Meunier\" \/>\n<meta name=\"twitter:card\" content=\"summary_large_image\" \/>\n<meta name=\"twitter:creator\" content=\"@TeamstersCanada\" \/>\n<meta name=\"twitter:site\" content=\"@TeamstersCanada\" \/>\n<meta name=\"twitter:label1\" content=\"\u00c9crit par\" \/>\n\t<meta name=\"twitter:data1\" content=\"St\u00e9phanie Meunier\" \/>\n\t<meta name=\"twitter:label2\" content=\"Estimation du temps de lecture\" \/>\n\t<meta name=\"twitter:data2\" content=\"1 minute\" \/>\n<script type=\"application\/ld+json\" class=\"yoast-schema-graph\">{\"@context\":\"https:\/\/schema.org\",\"@graph\":[{\"@type\":\"Article\",\"@id\":\"https:\/\/teamsters.ca\/fr\/blog\/2023\/08\/24\/le-cn-suit-secretement-les-deplacements-de-ses-employe%c2%b7e%c2%b7s\/#article\",\"isPartOf\":{\"@id\":\"https:\/\/teamsters.ca\/fr\/blog\/2023\/08\/24\/le-cn-suit-secretement-les-deplacements-de-ses-employe%c2%b7e%c2%b7s\/\"},\"author\":{\"name\":\"St\u00e9phanie Meunier\",\"@id\":\"https:\/\/teamsters.ca\/fr\/#\/schema\/person\/3e6ffefc39fe2f212400b7d8d0a4a0c1\"},\"headline\":\"Le CN suit secr\u00e8tement les d\u00e9placements de ses employ\u00e9\u00b7e\u00b7s\",\"datePublished\":\"2023-08-24T19:26:31+00:00\",\"dateModified\":\"2023-08-31T20:27:23+00:00\",\"mainEntityOfPage\":{\"@id\":\"https:\/\/teamsters.ca\/fr\/blog\/2023\/08\/24\/le-cn-suit-secretement-les-deplacements-de-ses-employe%c2%b7e%c2%b7s\/\"},\"wordCount\":266,\"publisher\":{\"@id\":\"https:\/\/teamsters.ca\/fr\/#organization\"},\"image\":{\"@id\":\"https:\/\/teamsters.ca\/fr\/blog\/2023\/08\/24\/le-cn-suit-secretement-les-deplacements-de-ses-employe%c2%b7e%c2%b7s\/#primaryimage\"},\"thumbnailUrl\":\"https:\/\/teamsters.ca\/wp-content\/uploads\/2016\/09\/cn-train-negotiations-update.jpg\",\"articleSection\":[\"Canada\",\"Nouvelles\",\"Transport ferroviaire\"],\"inLanguage\":\"fr-CA\"},{\"@type\":\"WebPage\",\"@id\":\"https:\/\/teamsters.ca\/fr\/blog\/2023\/08\/24\/le-cn-suit-secretement-les-deplacements-de-ses-employe%c2%b7e%c2%b7s\/\",\"url\":\"https:\/\/teamsters.ca\/fr\/blog\/2023\/08\/24\/le-cn-suit-secretement-les-deplacements-de-ses-employe%c2%b7e%c2%b7s\/\",\"name\":\"Le CN suit secr\u00e8tement les d\u00e9placements de ses employ\u00e9\u00b7e\u00b7s | Teamsters Canada\",\"isPartOf\":{\"@id\":\"https:\/\/teamsters.ca\/fr\/#website\"},\"primaryImageOfPage\":{\"@id\":\"https:\/\/teamsters.ca\/fr\/blog\/2023\/08\/24\/le-cn-suit-secretement-les-deplacements-de-ses-employe%c2%b7e%c2%b7s\/#primaryimage\"},\"image\":{\"@id\":\"https:\/\/teamsters.ca\/fr\/blog\/2023\/08\/24\/le-cn-suit-secretement-les-deplacements-de-ses-employe%c2%b7e%c2%b7s\/#primaryimage\"},\"thumbnailUrl\":\"https:\/\/teamsters.ca\/wp-content\/uploads\/2016\/09\/cn-train-negotiations-update.jpg\",\"datePublished\":\"2023-08-24T19:26:31+00:00\",\"dateModified\":\"2023-08-31T20:27:23+00:00\",\"breadcrumb\":{\"@id\":\"https:\/\/teamsters.ca\/fr\/blog\/2023\/08\/24\/le-cn-suit-secretement-les-deplacements-de-ses-employe%c2%b7e%c2%b7s\/#breadcrumb\"},\"inLanguage\":\"fr-CA\",\"potentialAction\":[{\"@type\":\"ReadAction\",\"target\":[\"https:\/\/teamsters.ca\/fr\/blog\/2023\/08\/24\/le-cn-suit-secretement-les-deplacements-de-ses-employe%c2%b7e%c2%b7s\/\"]}]},{\"@type\":\"ImageObject\",\"inLanguage\":\"fr-CA\",\"@id\":\"https:\/\/teamsters.ca\/fr\/blog\/2023\/08\/24\/le-cn-suit-secretement-les-deplacements-de-ses-employe%c2%b7e%c2%b7s\/#primaryimage\",\"url\":\"https:\/\/teamsters.ca\/wp-content\/uploads\/2016\/09\/cn-train-negotiations-update.jpg\",\"contentUrl\":\"https:\/\/teamsters.ca\/wp-content\/uploads\/2016\/09\/cn-train-negotiations-update.jpg\",\"width\":1166,\"height\":774},{\"@type\":\"BreadcrumbList\",\"@id\":\"https:\/\/teamsters.ca\/fr\/blog\/2023\/08\/24\/le-cn-suit-secretement-les-deplacements-de-ses-employe%c2%b7e%c2%b7s\/#breadcrumb\",\"itemListElement\":[{\"@type\":\"ListItem\",\"position\":1,\"name\":\"Home\",\"item\":\"https:\/\/teamsters.ca\/fr\/\"},{\"@type\":\"ListItem\",\"position\":2,\"name\":\"Le CN suit secr\u00e8tement les d\u00e9placements de ses employ\u00e9\u00b7e\u00b7s\"}]},{\"@type\":\"WebSite\",\"@id\":\"https:\/\/teamsters.ca\/fr\/#website\",\"url\":\"https:\/\/teamsters.ca\/fr\/\",\"name\":\"Teamsters Canada\",\"description\":\"A Canadian union representing over 125 000 members\",\"publisher\":{\"@id\":\"https:\/\/teamsters.ca\/fr\/#organization\"},\"potentialAction\":[{\"@type\":\"SearchAction\",\"target\":{\"@type\":\"EntryPoint\",\"urlTemplate\":\"https:\/\/teamsters.ca\/fr\/?s={search_term_string}\"},\"query-input\":{\"@type\":\"PropertyValueSpecification\",\"valueRequired\":true,\"valueName\":\"search_term_string\"}}],\"inLanguage\":\"fr-CA\"},{\"@type\":\"Organization\",\"@id\":\"https:\/\/teamsters.ca\/fr\/#organization\",\"name\":\"Teamsters Canada\",\"url\":\"https:\/\/teamsters.ca\/fr\/\",\"logo\":{\"@type\":\"ImageObject\",\"inLanguage\":\"fr-CA\",\"@id\":\"https:\/\/teamsters.ca\/fr\/#\/schema\/logo\/image\/\",\"url\":\"https:\/\/teamsters.ca\/wp-content\/uploads\/2019\/08\/TeamstersCanada.png\",\"contentUrl\":\"https:\/\/teamsters.ca\/wp-content\/uploads\/2019\/08\/TeamstersCanada.png\",\"width\":545,\"height\":181,\"caption\":\"Teamsters Canada\"},\"image\":{\"@id\":\"https:\/\/teamsters.ca\/fr\/#\/schema\/logo\/image\/\"},\"sameAs\":[\"https:\/\/www.facebook.com\/Teamsterscanada\/\",\"https:\/\/x.com\/TeamstersCanada\"]},{\"@type\":\"Person\",\"@id\":\"https:\/\/teamsters.ca\/fr\/#\/schema\/person\/3e6ffefc39fe2f212400b7d8d0a4a0c1\",\"name\":\"St\u00e9phanie Meunier\",\"image\":{\"@type\":\"ImageObject\",\"inLanguage\":\"fr-CA\",\"@id\":\"https:\/\/teamsters.ca\/fr\/#\/schema\/person\/image\/\",\"url\":\"https:\/\/secure.gravatar.com\/avatar\/e4e8404e91ed71cb473fa2708849669810cf083c89825a3d2dd0d47dd6b2be77?s=96&d=mm&r=g\",\"contentUrl\":\"https:\/\/secure.gravatar.com\/avatar\/e4e8404e91ed71cb473fa2708849669810cf083c89825a3d2dd0d47dd6b2be77?s=96&d=mm&r=g\",\"caption\":\"St\u00e9phanie Meunier\"},\"url\":\"https:\/\/teamsters.ca\/fr\/blog\/author\/smeunier\/\"}]}<\/script>\n<!-- \/ Yoast SEO Premium plugin. -->","yoast_head_json":{"title":"Le CN suit secr\u00e8tement les d\u00e9placements de ses employ\u00e9\u00b7e\u00b7s | Teamsters Canada","robots":{"index":"index","follow":"follow","max-snippet":"max-snippet:-1","max-image-preview":"max-image-preview:large","max-video-preview":"max-video-preview:-1"},"canonical":"https:\/\/teamsters.ca\/fr\/blog\/2023\/08\/24\/le-cn-suit-secretement-les-deplacements-de-ses-employe%c2%b7e%c2%b7s\/","og_locale":"fr_CA","og_type":"article","og_title":"Le CN suit secr\u00e8tement les d\u00e9placements de ses employ\u00e9\u00b7e\u00b7s","og_description":"La Conf\u00e9rence ferroviaire de Teamsters Canada a r\u00e9cemment d\u00e9couvert un comportement tr\u00e8s inqui\u00e9tant de la part du CN : il surveille secr\u00e8tement l&#8217;emplacement des travailleuses et des travailleurs \u00e0 l&rsquo;aide des tablettes fournies par l&rsquo;entreprise, y compris \u00e0 l&rsquo;ext\u00e9rieur des heures de travail. Il ne s&rsquo;agit pas seulement d&rsquo;une violation de la vie priv\u00e9e ; [&hellip;]","og_url":"https:\/\/teamsters.ca\/fr\/blog\/2023\/08\/24\/le-cn-suit-secretement-les-deplacements-de-ses-employe%c2%b7e%c2%b7s\/","og_site_name":"Teamsters Canada","article_publisher":"https:\/\/www.facebook.com\/Teamsterscanada\/","article_published_time":"2023-08-24T19:26:31+00:00","article_modified_time":"2023-08-31T20:27:23+00:00","og_image":[{"width":1166,"height":774,"url":"https:\/\/teamsters.ca\/wp-content\/uploads\/2016\/09\/cn-train-negotiations-update.jpg","type":"image\/jpeg"}],"author":"St\u00e9phanie Meunier","twitter_card":"summary_large_image","twitter_creator":"@TeamstersCanada","twitter_site":"@TeamstersCanada","twitter_misc":{"\u00c9crit par":"St\u00e9phanie Meunier","Estimation du temps de lecture":"1 minute"},"schema":{"@context":"https:\/\/schema.org","@graph":[{"@type":"Article","@id":"https:\/\/teamsters.ca\/fr\/blog\/2023\/08\/24\/le-cn-suit-secretement-les-deplacements-de-ses-employe%c2%b7e%c2%b7s\/#article","isPartOf":{"@id":"https:\/\/teamsters.ca\/fr\/blog\/2023\/08\/24\/le-cn-suit-secretement-les-deplacements-de-ses-employe%c2%b7e%c2%b7s\/"},"author":{"name":"St\u00e9phanie Meunier","@id":"https:\/\/teamsters.ca\/fr\/#\/schema\/person\/3e6ffefc39fe2f212400b7d8d0a4a0c1"},"headline":"Le CN suit secr\u00e8tement les d\u00e9placements de ses employ\u00e9\u00b7e\u00b7s","datePublished":"2023-08-24T19:26:31+00:00","dateModified":"2023-08-31T20:27:23+00:00","mainEntityOfPage":{"@id":"https:\/\/teamsters.ca\/fr\/blog\/2023\/08\/24\/le-cn-suit-secretement-les-deplacements-de-ses-employe%c2%b7e%c2%b7s\/"},"wordCount":266,"publisher":{"@id":"https:\/\/teamsters.ca\/fr\/#organization"},"image":{"@id":"https:\/\/teamsters.ca\/fr\/blog\/2023\/08\/24\/le-cn-suit-secretement-les-deplacements-de-ses-employe%c2%b7e%c2%b7s\/#primaryimage"},"thumbnailUrl":"https:\/\/teamsters.ca\/wp-content\/uploads\/2016\/09\/cn-train-negotiations-update.jpg","articleSection":["Canada","Nouvelles","Transport ferroviaire"],"inLanguage":"fr-CA"},{"@type":"WebPage","@id":"https:\/\/teamsters.ca\/fr\/blog\/2023\/08\/24\/le-cn-suit-secretement-les-deplacements-de-ses-employe%c2%b7e%c2%b7s\/","url":"https:\/\/teamsters.ca\/fr\/blog\/2023\/08\/24\/le-cn-suit-secretement-les-deplacements-de-ses-employe%c2%b7e%c2%b7s\/","name":"Le CN suit secr\u00e8tement les d\u00e9placements de ses employ\u00e9\u00b7e\u00b7s | Teamsters Canada","isPartOf":{"@id":"https:\/\/teamsters.ca\/fr\/#website"},"primaryImageOfPage":{"@id":"https:\/\/teamsters.ca\/fr\/blog\/2023\/08\/24\/le-cn-suit-secretement-les-deplacements-de-ses-employe%c2%b7e%c2%b7s\/#primaryimage"},"image":{"@id":"https:\/\/teamsters.ca\/fr\/blog\/2023\/08\/24\/le-cn-suit-secretement-les-deplacements-de-ses-employe%c2%b7e%c2%b7s\/#primaryimage"},"thumbnailUrl":"https:\/\/teamsters.ca\/wp-content\/uploads\/2016\/09\/cn-train-negotiations-update.jpg","datePublished":"2023-08-24T19:26:31+00:00","dateModified":"2023-08-31T20:27:23+00:00","breadcrumb":{"@id":"https:\/\/teamsters.ca\/fr\/blog\/2023\/08\/24\/le-cn-suit-secretement-les-deplacements-de-ses-employe%c2%b7e%c2%b7s\/#breadcrumb"},"inLanguage":"fr-CA","potentialAction":[{"@type":"ReadAction","target":["https:\/\/teamsters.ca\/fr\/blog\/2023\/08\/24\/le-cn-suit-secretement-les-deplacements-de-ses-employe%c2%b7e%c2%b7s\/"]}]},{"@type":"ImageObject","inLanguage":"fr-CA","@id":"https:\/\/teamsters.ca\/fr\/blog\/2023\/08\/24\/le-cn-suit-secretement-les-deplacements-de-ses-employe%c2%b7e%c2%b7s\/#primaryimage","url":"https:\/\/teamsters.ca\/wp-content\/uploads\/2016\/09\/cn-train-negotiations-update.jpg","contentUrl":"https:\/\/teamsters.ca\/wp-content\/uploads\/2016\/09\/cn-train-negotiations-update.jpg","width":1166,"height":774},{"@type":"BreadcrumbList","@id":"https:\/\/teamsters.ca\/fr\/blog\/2023\/08\/24\/le-cn-suit-secretement-les-deplacements-de-ses-employe%c2%b7e%c2%b7s\/#breadcrumb","itemListElement":[{"@type":"ListItem","position":1,"name":"Home","item":"https:\/\/teamsters.ca\/fr\/"},{"@type":"ListItem","position":2,"name":"Le CN suit secr\u00e8tement les d\u00e9placements de ses employ\u00e9\u00b7e\u00b7s"}]},{"@type":"WebSite","@id":"https:\/\/teamsters.ca\/fr\/#website","url":"https:\/\/teamsters.ca\/fr\/","name":"Teamsters Canada","description":"A Canadian union representing over 125 000 members","publisher":{"@id":"https:\/\/teamsters.ca\/fr\/#organization"},"potentialAction":[{"@type":"SearchAction","target":{"@type":"EntryPoint","urlTemplate":"https:\/\/teamsters.ca\/fr\/?s={search_term_string}"},"query-input":{"@type":"PropertyValueSpecification","valueRequired":true,"valueName":"search_term_string"}}],"inLanguage":"fr-CA"},{"@type":"Organization","@id":"https:\/\/teamsters.ca\/fr\/#organization","name":"Teamsters Canada","url":"https:\/\/teamsters.ca\/fr\/","logo":{"@type":"ImageObject","inLanguage":"fr-CA","@id":"https:\/\/teamsters.ca\/fr\/#\/schema\/logo\/image\/","url":"https:\/\/teamsters.ca\/wp-content\/uploads\/2019\/08\/TeamstersCanada.png","contentUrl":"https:\/\/teamsters.ca\/wp-content\/uploads\/2019\/08\/TeamstersCanada.png","width":545,"height":181,"caption":"Teamsters Canada"},"image":{"@id":"https:\/\/teamsters.ca\/fr\/#\/schema\/logo\/image\/"},"sameAs":["https:\/\/www.facebook.com\/Teamsterscanada\/","https:\/\/x.com\/TeamstersCanada"]},{"@type":"Person","@id":"https:\/\/teamsters.ca\/fr\/#\/schema\/person\/3e6ffefc39fe2f212400b7d8d0a4a0c1","name":"St\u00e9phanie Meunier","image":{"@type":"ImageObject","inLanguage":"fr-CA","@id":"https:\/\/teamsters.ca\/fr\/#\/schema\/person\/image\/","url":"https:\/\/secure.gravatar.com\/avatar\/e4e8404e91ed71cb473fa2708849669810cf083c89825a3d2dd0d47dd6b2be77?s=96&d=mm&r=g","contentUrl":"https:\/\/secure.gravatar.com\/avatar\/e4e8404e91ed71cb473fa2708849669810cf083c89825a3d2dd0d47dd6b2be77?s=96&d=mm&r=g","caption":"St\u00e9phanie Meunier"},"url":"https:\/\/teamsters.ca\/fr\/blog\/author\/smeunier\/"}]}},"_links":{"self":[{"href":"https:\/\/teamsters.ca\/fr\/wp-json\/wp\/v2\/posts\/25760","targetHints":{"allow":["GET"]}}],"collection":[{"href":"https:\/\/teamsters.ca\/fr\/wp-json\/wp\/v2\/posts"}],"about":[{"href":"https:\/\/teamsters.ca\/fr\/wp-json\/wp\/v2\/types\/post"}],"author":[{"embeddable":true,"href":"https:\/\/teamsters.ca\/fr\/wp-json\/wp\/v2\/users\/8"}],"replies":[{"embeddable":true,"href":"https:\/\/teamsters.ca\/fr\/wp-json\/wp\/v2\/comments?post=25760"}],"version-history":[{"count":5,"href":"https:\/\/teamsters.ca\/fr\/wp-json\/wp\/v2\/posts\/25760\/revisions"}],"predecessor-version":[{"id":25859,"href":"https:\/\/teamsters.ca\/fr\/wp-json\/wp\/v2\/posts\/25760\/revisions\/25859"}],"wp:featuredmedia":[{"embeddable":true,"href":"https:\/\/teamsters.ca\/fr\/wp-json\/wp\/v2\/media\/6041"}],"wp:attachment":[{"href":"https:\/\/teamsters.ca\/fr\/wp-json\/wp\/v2\/media?parent=25760"}],"wp:term":[{"taxonomy":"category","embeddable":true,"href":"https:\/\/teamsters.ca\/fr\/wp-json\/wp\/v2\/categories?post=25760"},{"taxonomy":"post_tag","embeddable":true,"href":"https:\/\/teamsters.ca\/fr\/wp-json\/wp\/v2\/tags?post=25760"}],"curies":[{"name":"wp","href":"https:\/\/api.w.org\/{rel}","templated":true}]}}