{"id":25094,"date":"2023-05-26T15:39:15","date_gmt":"2023-05-26T19:39:15","guid":{"rendered":"https:\/\/teamsters.ca\/?p=25094"},"modified":"2023-05-26T15:46:55","modified_gmt":"2023-05-26T19:46:55","slug":"les-travailleuses-et-travailleurs-du-cn-ratifient-leur-convention-collective","status":"publish","type":"post","link":"https:\/\/teamsters.ca\/fr\/blog\/2023\/05\/26\/les-travailleuses-et-travailleurs-du-cn-ratifient-leur-convention-collective\/","title":{"rendered":"Les travailleuses et travailleurs du CN ratifient leur convention collective"},"content":{"rendered":"\n<p>La Conf\u00e9rence ferroviaire de Teamsters Canada (CFTC) est tr\u00e8s heureuse d\u2019annoncer la ratification de la nouvelle convention collective qui touche environ 6\u2009000\u00a0ing\u00e9nieurs de locomotive, chefs de train et agents de triage employ\u00e9s par le CN au Canada. L&rsquo;entente a \u00e9t\u00e9\u00a0accept\u00e9e \u00e0 70,7 %.<\/p>\n\n\n\n<p>\u00ab\u2009F\u00e9licitations aux travailleuses et travailleurs du CN d\u2019avoir ratifi\u00e9 une nouvelle convention collective. Je tiens encore une fois \u00e0 saluer le travail acharn\u00e9 du comit\u00e9 de n\u00e9gociation et \u00e0 remercier tous les membres qui ont particip\u00e9 \u00e0 ce processus\u2009\u00bb, a comment\u00e9 le pr\u00e9sident national de Teamsters Canada, Fran\u00e7ois Laporte.<\/p>\n\n\n\n<p>Le pr\u00e9sident de la CFTC, Paul Boucher, a aussi f\u00e9licit\u00e9 les membres pour cette ratification. \u00ab\u2009Je tiens \u00e0 remercier chaleureusement les membres qui ont pris le temps de s\u2019informer sur cet accord et de voter en cons\u00e9quence. Les membres ont d\u00fbment exerc\u00e9 leurs droits et obtenu une convention collective qui leur sera b\u00e9n\u00e9fique pour les ann\u00e9es \u00e0 venir.<\/p>\n\n\n\n<p>Les comit\u00e9s g\u00e9n\u00e9raux vont maintenant entamer le processus de mise en \u0153uvre avec le CN et distribueront toutes les informations en cons\u00e9quence.<\/p>\n","protected":false},"excerpt":{"rendered":"<p>La Conf\u00e9rence ferroviaire de Teamsters Canada (CFTC) est tr\u00e8s heureuse d\u2019annoncer la ratification de la nouvelle convention collective qui touche environ 6\u2009000\u00a0ing\u00e9nieurs de locomotive, chefs de train et agents de triage employ\u00e9s par le CN au Canada. L&rsquo;entente a \u00e9t\u00e9\u00a0accept\u00e9e \u00e0 70,7 %. \u00ab\u2009F\u00e9licitations aux travailleuses et travailleurs du CN d\u2019avoir ratifi\u00e9 une nouvelle convention [&hellip;]<\/p>\n","protected":false},"author":8,"featured_media":6041,"comment_status":"closed","ping_status":"closed","sticky":false,"template":"","format":"standard","meta":{"ngg_post_thumbnail":0,"mc4wp_mailchimp_campaign":[],"footnotes":""},"categories":[1140,1114,1137,1132],"tags":[],"class_list":{"0":"post-25094","1":"post","2":"type-post","3":"status-publish","4":"format-standard","5":"has-post-thumbnail","7":"category-canada-region-fr","8":"category-nouvelles","9":"category-region-fr","10":"category-transport-ferroviaire"},"yoast_head":"<!-- This site is optimized with the Yoast SEO Premium plugin v25.5 (Yoast SEO v25.5) - https:\/\/yoast.com\/wordpress\/plugins\/seo\/ -->\n<title>Les travailleuses et travailleurs du CN ratifient leur convention collective | Teamsters Canada<\/title>\n<meta name=\"robots\" content=\"index, follow, max-snippet:-1, max-image-preview:large, max-video-preview:-1\" \/>\n<link rel=\"canonical\" href=\"https:\/\/teamsters.ca\/fr\/blog\/2023\/05\/26\/les-travailleuses-et-travailleurs-du-cn-ratifient-leur-convention-collective\/\" \/>\n<meta property=\"og:locale\" content=\"fr_CA\" \/>\n<meta property=\"og:type\" content=\"article\" \/>\n<meta property=\"og:title\" content=\"Les travailleuses et travailleurs du CN ratifient leur convention collective\" \/>\n<meta property=\"og:description\" content=\"La Conf\u00e9rence ferroviaire de Teamsters Canada (CFTC) est tr\u00e8s heureuse d\u2019annoncer la ratification de la nouvelle convention collective qui touche environ 6\u2009000\u00a0ing\u00e9nieurs de locomotive, chefs de train et agents de triage employ\u00e9s par le CN au Canada. L&rsquo;entente a \u00e9t\u00e9\u00a0accept\u00e9e \u00e0 70,7 %. \u00ab\u2009F\u00e9licitations aux travailleuses et travailleurs du CN d\u2019avoir ratifi\u00e9 une nouvelle convention [&hellip;]\" \/>\n<meta property=\"og:url\" content=\"https:\/\/teamsters.ca\/fr\/blog\/2023\/05\/26\/les-travailleuses-et-travailleurs-du-cn-ratifient-leur-convention-collective\/\" \/>\n<meta property=\"og:site_name\" content=\"Teamsters Canada\" \/>\n<meta property=\"article:publisher\" content=\"https:\/\/www.facebook.com\/Teamsterscanada\/\" \/>\n<meta property=\"article:published_time\" content=\"2023-05-26T19:39:15+00:00\" \/>\n<meta property=\"article:modified_time\" content=\"2023-05-26T19:46:55+00:00\" \/>\n<meta property=\"og:image\" content=\"https:\/\/teamsters.ca\/wp-content\/uploads\/2016\/09\/cn-train-negotiations-update.jpg\" \/>\n\t<meta property=\"og:image:width\" content=\"1166\" \/>\n\t<meta property=\"og:image:height\" content=\"774\" \/>\n\t<meta property=\"og:image:type\" content=\"image\/jpeg\" \/>\n<meta name=\"author\" content=\"St\u00e9phanie Meunier\" \/>\n<meta name=\"twitter:card\" content=\"summary_large_image\" \/>\n<meta name=\"twitter:creator\" content=\"@TeamstersCanada\" \/>\n<meta name=\"twitter:site\" content=\"@TeamstersCanada\" \/>\n<meta name=\"twitter:label1\" content=\"\u00c9crit par\" \/>\n\t<meta name=\"twitter:data1\" content=\"St\u00e9phanie Meunier\" \/>\n\t<meta name=\"twitter:label2\" content=\"Estimation du temps de lecture\" \/>\n\t<meta name=\"twitter:data2\" content=\"1 minute\" \/>\n<script type=\"application\/ld+json\" class=\"yoast-schema-graph\">{\"@context\":\"https:\/\/schema.org\",\"@graph\":[{\"@type\":\"Article\",\"@id\":\"https:\/\/teamsters.ca\/fr\/blog\/2023\/05\/26\/les-travailleuses-et-travailleurs-du-cn-ratifient-leur-convention-collective\/#article\",\"isPartOf\":{\"@id\":\"https:\/\/teamsters.ca\/fr\/blog\/2023\/05\/26\/les-travailleuses-et-travailleurs-du-cn-ratifient-leur-convention-collective\/\"},\"author\":{\"name\":\"St\u00e9phanie Meunier\",\"@id\":\"https:\/\/teamsters.ca\/fr\/#\/schema\/person\/3e6ffefc39fe2f212400b7d8d0a4a0c1\"},\"headline\":\"Les travailleuses et travailleurs du CN ratifient leur convention collective\",\"datePublished\":\"2023-05-26T19:39:15+00:00\",\"dateModified\":\"2023-05-26T19:46:55+00:00\",\"mainEntityOfPage\":{\"@id\":\"https:\/\/teamsters.ca\/fr\/blog\/2023\/05\/26\/les-travailleuses-et-travailleurs-du-cn-ratifient-leur-convention-collective\/\"},\"wordCount\":198,\"publisher\":{\"@id\":\"https:\/\/teamsters.ca\/fr\/#organization\"},\"image\":{\"@id\":\"https:\/\/teamsters.ca\/fr\/blog\/2023\/05\/26\/les-travailleuses-et-travailleurs-du-cn-ratifient-leur-convention-collective\/#primaryimage\"},\"thumbnailUrl\":\"https:\/\/teamsters.ca\/wp-content\/uploads\/2016\/09\/cn-train-negotiations-update.jpg\",\"articleSection\":[\"Canada\",\"Nouvelles\",\"R\u00e9gion\",\"Transport ferroviaire\"],\"inLanguage\":\"fr-CA\"},{\"@type\":\"WebPage\",\"@id\":\"https:\/\/teamsters.ca\/fr\/blog\/2023\/05\/26\/les-travailleuses-et-travailleurs-du-cn-ratifient-leur-convention-collective\/\",\"url\":\"https:\/\/teamsters.ca\/fr\/blog\/2023\/05\/26\/les-travailleuses-et-travailleurs-du-cn-ratifient-leur-convention-collective\/\",\"name\":\"Les travailleuses et travailleurs du CN ratifient leur convention collective | Teamsters Canada\",\"isPartOf\":{\"@id\":\"https:\/\/teamsters.ca\/fr\/#website\"},\"primaryImageOfPage\":{\"@id\":\"https:\/\/teamsters.ca\/fr\/blog\/2023\/05\/26\/les-travailleuses-et-travailleurs-du-cn-ratifient-leur-convention-collective\/#primaryimage\"},\"image\":{\"@id\":\"https:\/\/teamsters.ca\/fr\/blog\/2023\/05\/26\/les-travailleuses-et-travailleurs-du-cn-ratifient-leur-convention-collective\/#primaryimage\"},\"thumbnailUrl\":\"https:\/\/teamsters.ca\/wp-content\/uploads\/2016\/09\/cn-train-negotiations-update.jpg\",\"datePublished\":\"2023-05-26T19:39:15+00:00\",\"dateModified\":\"2023-05-26T19:46:55+00:00\",\"breadcrumb\":{\"@id\":\"https:\/\/teamsters.ca\/fr\/blog\/2023\/05\/26\/les-travailleuses-et-travailleurs-du-cn-ratifient-leur-convention-collective\/#breadcrumb\"},\"inLanguage\":\"fr-CA\",\"potentialAction\":[{\"@type\":\"ReadAction\",\"target\":[\"https:\/\/teamsters.ca\/fr\/blog\/2023\/05\/26\/les-travailleuses-et-travailleurs-du-cn-ratifient-leur-convention-collective\/\"]}]},{\"@type\":\"ImageObject\",\"inLanguage\":\"fr-CA\",\"@id\":\"https:\/\/teamsters.ca\/fr\/blog\/2023\/05\/26\/les-travailleuses-et-travailleurs-du-cn-ratifient-leur-convention-collective\/#primaryimage\",\"url\":\"https:\/\/teamsters.ca\/wp-content\/uploads\/2016\/09\/cn-train-negotiations-update.jpg\",\"contentUrl\":\"https:\/\/teamsters.ca\/wp-content\/uploads\/2016\/09\/cn-train-negotiations-update.jpg\",\"width\":1166,\"height\":774},{\"@type\":\"BreadcrumbList\",\"@id\":\"https:\/\/teamsters.ca\/fr\/blog\/2023\/05\/26\/les-travailleuses-et-travailleurs-du-cn-ratifient-leur-convention-collective\/#breadcrumb\",\"itemListElement\":[{\"@type\":\"ListItem\",\"position\":1,\"name\":\"Home\",\"item\":\"https:\/\/teamsters.ca\/fr\/\"},{\"@type\":\"ListItem\",\"position\":2,\"name\":\"Les travailleuses et travailleurs du CN ratifient leur convention collective\"}]},{\"@type\":\"WebSite\",\"@id\":\"https:\/\/teamsters.ca\/fr\/#website\",\"url\":\"https:\/\/teamsters.ca\/fr\/\",\"name\":\"Teamsters Canada\",\"description\":\"A Canadian union representing over 125 000 members\",\"publisher\":{\"@id\":\"https:\/\/teamsters.ca\/fr\/#organization\"},\"potentialAction\":[{\"@type\":\"SearchAction\",\"target\":{\"@type\":\"EntryPoint\",\"urlTemplate\":\"https:\/\/teamsters.ca\/fr\/?s={search_term_string}\"},\"query-input\":{\"@type\":\"PropertyValueSpecification\",\"valueRequired\":true,\"valueName\":\"search_term_string\"}}],\"inLanguage\":\"fr-CA\"},{\"@type\":\"Organization\",\"@id\":\"https:\/\/teamsters.ca\/fr\/#organization\",\"name\":\"Teamsters Canada\",\"url\":\"https:\/\/teamsters.ca\/fr\/\",\"logo\":{\"@type\":\"ImageObject\",\"inLanguage\":\"fr-CA\",\"@id\":\"https:\/\/teamsters.ca\/fr\/#\/schema\/logo\/image\/\",\"url\":\"https:\/\/teamsters.ca\/wp-content\/uploads\/2019\/08\/TeamstersCanada.png\",\"contentUrl\":\"https:\/\/teamsters.ca\/wp-content\/uploads\/2019\/08\/TeamstersCanada.png\",\"width\":545,\"height\":181,\"caption\":\"Teamsters Canada\"},\"image\":{\"@id\":\"https:\/\/teamsters.ca\/fr\/#\/schema\/logo\/image\/\"},\"sameAs\":[\"https:\/\/www.facebook.com\/Teamsterscanada\/\",\"https:\/\/x.com\/TeamstersCanada\"]},{\"@type\":\"Person\",\"@id\":\"https:\/\/teamsters.ca\/fr\/#\/schema\/person\/3e6ffefc39fe2f212400b7d8d0a4a0c1\",\"name\":\"St\u00e9phanie Meunier\",\"image\":{\"@type\":\"ImageObject\",\"inLanguage\":\"fr-CA\",\"@id\":\"https:\/\/teamsters.ca\/fr\/#\/schema\/person\/image\/\",\"url\":\"https:\/\/secure.gravatar.com\/avatar\/e4e8404e91ed71cb473fa2708849669810cf083c89825a3d2dd0d47dd6b2be77?s=96&d=mm&r=g\",\"contentUrl\":\"https:\/\/secure.gravatar.com\/avatar\/e4e8404e91ed71cb473fa2708849669810cf083c89825a3d2dd0d47dd6b2be77?s=96&d=mm&r=g\",\"caption\":\"St\u00e9phanie Meunier\"},\"url\":\"https:\/\/teamsters.ca\/fr\/blog\/author\/smeunier\/\"}]}<\/script>\n<!-- \/ Yoast SEO Premium plugin. -->","yoast_head_json":{"title":"Les travailleuses et travailleurs du CN ratifient leur convention collective | Teamsters Canada","robots":{"index":"index","follow":"follow","max-snippet":"max-snippet:-1","max-image-preview":"max-image-preview:large","max-video-preview":"max-video-preview:-1"},"canonical":"https:\/\/teamsters.ca\/fr\/blog\/2023\/05\/26\/les-travailleuses-et-travailleurs-du-cn-ratifient-leur-convention-collective\/","og_locale":"fr_CA","og_type":"article","og_title":"Les travailleuses et travailleurs du CN ratifient leur convention collective","og_description":"La Conf\u00e9rence ferroviaire de Teamsters Canada (CFTC) est tr\u00e8s heureuse d\u2019annoncer la ratification de la nouvelle convention collective qui touche environ 6\u2009000\u00a0ing\u00e9nieurs de locomotive, chefs de train et agents de triage employ\u00e9s par le CN au Canada. L&rsquo;entente a \u00e9t\u00e9\u00a0accept\u00e9e \u00e0 70,7 %. \u00ab\u2009F\u00e9licitations aux travailleuses et travailleurs du CN d\u2019avoir ratifi\u00e9 une nouvelle convention [&hellip;]","og_url":"https:\/\/teamsters.ca\/fr\/blog\/2023\/05\/26\/les-travailleuses-et-travailleurs-du-cn-ratifient-leur-convention-collective\/","og_site_name":"Teamsters Canada","article_publisher":"https:\/\/www.facebook.com\/Teamsterscanada\/","article_published_time":"2023-05-26T19:39:15+00:00","article_modified_time":"2023-05-26T19:46:55+00:00","og_image":[{"width":1166,"height":774,"url":"https:\/\/teamsters.ca\/wp-content\/uploads\/2016\/09\/cn-train-negotiations-update.jpg","type":"image\/jpeg"}],"author":"St\u00e9phanie Meunier","twitter_card":"summary_large_image","twitter_creator":"@TeamstersCanada","twitter_site":"@TeamstersCanada","twitter_misc":{"\u00c9crit par":"St\u00e9phanie Meunier","Estimation du temps de lecture":"1 minute"},"schema":{"@context":"https:\/\/schema.org","@graph":[{"@type":"Article","@id":"https:\/\/teamsters.ca\/fr\/blog\/2023\/05\/26\/les-travailleuses-et-travailleurs-du-cn-ratifient-leur-convention-collective\/#article","isPartOf":{"@id":"https:\/\/teamsters.ca\/fr\/blog\/2023\/05\/26\/les-travailleuses-et-travailleurs-du-cn-ratifient-leur-convention-collective\/"},"author":{"name":"St\u00e9phanie Meunier","@id":"https:\/\/teamsters.ca\/fr\/#\/schema\/person\/3e6ffefc39fe2f212400b7d8d0a4a0c1"},"headline":"Les travailleuses et travailleurs du CN ratifient leur convention collective","datePublished":"2023-05-26T19:39:15+00:00","dateModified":"2023-05-26T19:46:55+00:00","mainEntityOfPage":{"@id":"https:\/\/teamsters.ca\/fr\/blog\/2023\/05\/26\/les-travailleuses-et-travailleurs-du-cn-ratifient-leur-convention-collective\/"},"wordCount":198,"publisher":{"@id":"https:\/\/teamsters.ca\/fr\/#organization"},"image":{"@id":"https:\/\/teamsters.ca\/fr\/blog\/2023\/05\/26\/les-travailleuses-et-travailleurs-du-cn-ratifient-leur-convention-collective\/#primaryimage"},"thumbnailUrl":"https:\/\/teamsters.ca\/wp-content\/uploads\/2016\/09\/cn-train-negotiations-update.jpg","articleSection":["Canada","Nouvelles","R\u00e9gion","Transport ferroviaire"],"inLanguage":"fr-CA"},{"@type":"WebPage","@id":"https:\/\/teamsters.ca\/fr\/blog\/2023\/05\/26\/les-travailleuses-et-travailleurs-du-cn-ratifient-leur-convention-collective\/","url":"https:\/\/teamsters.ca\/fr\/blog\/2023\/05\/26\/les-travailleuses-et-travailleurs-du-cn-ratifient-leur-convention-collective\/","name":"Les travailleuses et travailleurs du CN ratifient leur convention collective | Teamsters Canada","isPartOf":{"@id":"https:\/\/teamsters.ca\/fr\/#website"},"primaryImageOfPage":{"@id":"https:\/\/teamsters.ca\/fr\/blog\/2023\/05\/26\/les-travailleuses-et-travailleurs-du-cn-ratifient-leur-convention-collective\/#primaryimage"},"image":{"@id":"https:\/\/teamsters.ca\/fr\/blog\/2023\/05\/26\/les-travailleuses-et-travailleurs-du-cn-ratifient-leur-convention-collective\/#primaryimage"},"thumbnailUrl":"https:\/\/teamsters.ca\/wp-content\/uploads\/2016\/09\/cn-train-negotiations-update.jpg","datePublished":"2023-05-26T19:39:15+00:00","dateModified":"2023-05-26T19:46:55+00:00","breadcrumb":{"@id":"https:\/\/teamsters.ca\/fr\/blog\/2023\/05\/26\/les-travailleuses-et-travailleurs-du-cn-ratifient-leur-convention-collective\/#breadcrumb"},"inLanguage":"fr-CA","potentialAction":[{"@type":"ReadAction","target":["https:\/\/teamsters.ca\/fr\/blog\/2023\/05\/26\/les-travailleuses-et-travailleurs-du-cn-ratifient-leur-convention-collective\/"]}]},{"@type":"ImageObject","inLanguage":"fr-CA","@id":"https:\/\/teamsters.ca\/fr\/blog\/2023\/05\/26\/les-travailleuses-et-travailleurs-du-cn-ratifient-leur-convention-collective\/#primaryimage","url":"https:\/\/teamsters.ca\/wp-content\/uploads\/2016\/09\/cn-train-negotiations-update.jpg","contentUrl":"https:\/\/teamsters.ca\/wp-content\/uploads\/2016\/09\/cn-train-negotiations-update.jpg","width":1166,"height":774},{"@type":"BreadcrumbList","@id":"https:\/\/teamsters.ca\/fr\/blog\/2023\/05\/26\/les-travailleuses-et-travailleurs-du-cn-ratifient-leur-convention-collective\/#breadcrumb","itemListElement":[{"@type":"ListItem","position":1,"name":"Home","item":"https:\/\/teamsters.ca\/fr\/"},{"@type":"ListItem","position":2,"name":"Les travailleuses et travailleurs du CN ratifient leur convention collective"}]},{"@type":"WebSite","@id":"https:\/\/teamsters.ca\/fr\/#website","url":"https:\/\/teamsters.ca\/fr\/","name":"Teamsters Canada","description":"A Canadian union representing over 125 000 members","publisher":{"@id":"https:\/\/teamsters.ca\/fr\/#organization"},"potentialAction":[{"@type":"SearchAction","target":{"@type":"EntryPoint","urlTemplate":"https:\/\/teamsters.ca\/fr\/?s={search_term_string}"},"query-input":{"@type":"PropertyValueSpecification","valueRequired":true,"valueName":"search_term_string"}}],"inLanguage":"fr-CA"},{"@type":"Organization","@id":"https:\/\/teamsters.ca\/fr\/#organization","name":"Teamsters Canada","url":"https:\/\/teamsters.ca\/fr\/","logo":{"@type":"ImageObject","inLanguage":"fr-CA","@id":"https:\/\/teamsters.ca\/fr\/#\/schema\/logo\/image\/","url":"https:\/\/teamsters.ca\/wp-content\/uploads\/2019\/08\/TeamstersCanada.png","contentUrl":"https:\/\/teamsters.ca\/wp-content\/uploads\/2019\/08\/TeamstersCanada.png","width":545,"height":181,"caption":"Teamsters Canada"},"image":{"@id":"https:\/\/teamsters.ca\/fr\/#\/schema\/logo\/image\/"},"sameAs":["https:\/\/www.facebook.com\/Teamsterscanada\/","https:\/\/x.com\/TeamstersCanada"]},{"@type":"Person","@id":"https:\/\/teamsters.ca\/fr\/#\/schema\/person\/3e6ffefc39fe2f212400b7d8d0a4a0c1","name":"St\u00e9phanie Meunier","image":{"@type":"ImageObject","inLanguage":"fr-CA","@id":"https:\/\/teamsters.ca\/fr\/#\/schema\/person\/image\/","url":"https:\/\/secure.gravatar.com\/avatar\/e4e8404e91ed71cb473fa2708849669810cf083c89825a3d2dd0d47dd6b2be77?s=96&d=mm&r=g","contentUrl":"https:\/\/secure.gravatar.com\/avatar\/e4e8404e91ed71cb473fa2708849669810cf083c89825a3d2dd0d47dd6b2be77?s=96&d=mm&r=g","caption":"St\u00e9phanie Meunier"},"url":"https:\/\/teamsters.ca\/fr\/blog\/author\/smeunier\/"}]}},"_links":{"self":[{"href":"https:\/\/teamsters.ca\/fr\/wp-json\/wp\/v2\/posts\/25094","targetHints":{"allow":["GET"]}}],"collection":[{"href":"https:\/\/teamsters.ca\/fr\/wp-json\/wp\/v2\/posts"}],"about":[{"href":"https:\/\/teamsters.ca\/fr\/wp-json\/wp\/v2\/types\/post"}],"author":[{"embeddable":true,"href":"https:\/\/teamsters.ca\/fr\/wp-json\/wp\/v2\/users\/8"}],"replies":[{"embeddable":true,"href":"https:\/\/teamsters.ca\/fr\/wp-json\/wp\/v2\/comments?post=25094"}],"version-history":[{"count":5,"href":"https:\/\/teamsters.ca\/fr\/wp-json\/wp\/v2\/posts\/25094\/revisions"}],"predecessor-version":[{"id":25100,"href":"https:\/\/teamsters.ca\/fr\/wp-json\/wp\/v2\/posts\/25094\/revisions\/25100"}],"wp:featuredmedia":[{"embeddable":true,"href":"https:\/\/teamsters.ca\/fr\/wp-json\/wp\/v2\/media\/6041"}],"wp:attachment":[{"href":"https:\/\/teamsters.ca\/fr\/wp-json\/wp\/v2\/media?parent=25094"}],"wp:term":[{"taxonomy":"category","embeddable":true,"href":"https:\/\/teamsters.ca\/fr\/wp-json\/wp\/v2\/categories?post=25094"},{"taxonomy":"post_tag","embeddable":true,"href":"https:\/\/teamsters.ca\/fr\/wp-json\/wp\/v2\/tags?post=25094"}],"curies":[{"name":"wp","href":"https:\/\/api.w.org\/{rel}","templated":true}]}}