{"id":2500,"date":"2011-05-06T10:03:00","date_gmt":"2011-05-06T14:03:00","guid":{"rendered":"http:\/\/teamsters.ca\/2011\/05\/conference-dandree-jette-sur-la-reprise-du-controle-de-sa-vie\/"},"modified":"2019-06-27T20:39:48","modified_gmt":"2019-06-27T20:39:48","slug":"conference-dandree-jette-sur-la-reprise-du-controle-de-sa-vie","status":"publish","type":"post","link":"https:\/\/teamsters.ca\/fr\/blog\/2011\/05\/06\/conference-dandree-jette-sur-la-reprise-du-controle-de-sa-vie\/","title":{"rendered":"Conf\u00e9rence d\u2019Andr\u00e9e Jett\u00e9 sur la reprise du contr\u00f4le de sa vie"},"content":{"rendered":"<p><iframe loading=\"lazy\" title=\"Andr\u00e9e Jett\u00e9\" width=\"696\" height=\"522\" src=\"https:\/\/www.youtube.com\/embed\/qRuJk0Z7qu8?feature=oembed\" frameborder=\"0\" allow=\"accelerometer; autoplay; clipboard-write; encrypted-media; gyroscope; picture-in-picture\" allowfullscreen><\/iframe><\/p>\n<p>Le Caucus de la condition f\u00e9minine de Teamsters Qu\u00e9bec vous invite \u00e0 venir \u00e9couter Andr\u00e9e Jett\u00e9, qui expliquera comment reprendre le contr\u00f4le de sa vie dans le cadre d\u2019une <a title=\"Conf\u00e9rence organis\u00e9e par le Caucus Condition f\u00e9minine Teamsters Qu\u00e9bec avec Andr\u00e9e Jett\u00e9\" href=\"https:\/\/teamsters.ca\/wp-content\/uploads\/2011\/05\/femmes_affiche.pdf\" target=\"_blank\" rel=\"noopener noreferrer\">conf\u00e9rence<\/a> qui se tiendra le 14 mai prochain \u00e0 l\u2019Auberge Royal Versailles.<\/p>\n<p>La conf\u00e9renci\u00e8re expliquera comment faire face au chaos de la vie quotidienne et au tourbillon de responsabilit\u00e9s que les femmes doivent assumer dans un monde de plus en plus exigeant pour elles. De plus, madame Jett\u00e9 offrira des pistes de solution pour puiser dans ses ressources et se recentrer sur les priorit\u00e9s de la vie.<\/p>\n<p>Entrepreneure, auteure \u00e0 succ\u00e8s et conf\u00e9renci\u00e8re internationale autant dans les milieux gouvernemental, hospitalier, scolaire ainsi que dans le secteur priv\u00e9, Andr\u00e9e Jett\u00e9 pr\u00e9sente des ateliers-conf\u00e9rences dynamiques et interactifs depuis plus de trente ans.<\/p>\n<p>Violence conjugale\u00a0: aider et comprendre<\/p>\n<p>Outre la visite de la conf\u00e9renci\u00e8re, des intervenantes de la maison d\u2019h\u00e9bergement le Parados d\u00e9finiront la violence conjugale et vous aideront \u00e0 comprendre le ph\u00e9nom\u00e8ne.<\/p>\n<p>\u00ab\u00a0La violence conjugale suscite souvent un malaise, explique Brigitte Sottile, pr\u00e9sidente du Caucus de la condition f\u00e9minine de Teamsters Qu\u00e9bec. Comment doit-on intervenir? Et si on en est victime, quels sont nos recours et les ressources pour s\u2019aider \u00e0 en sortir? C\u2019est ce que nous apprendrons le 14 mai prochain.\u00a0\u00bb<\/p>\n<p>Bref, cette conf\u00e9rence \u00e0 deux volets promet d\u2019\u00eatre tr\u00e8s utile pour les femmes membres des Teamsters qui en profiteront!<\/p>\n<p>Date et heure\u00a0: Samedi 14 mai 2011, de 9 h \u00e0 12 h 30<br \/>\nLieu\u00a0: Auberge Royal Versailles<br \/>\nAdresse\u00a0: 7200, rue Sherbrooke Est, Montr\u00e9al (m\u00e9tro Radisson)<\/p>\n<p>Pour r\u00e9server votre place, communiquez avec Annie au (450) 682-5521, poste 230.<\/p>\n<p><em>Le syndicat des Teamsters repr\u00e9sente 125 000 membres au Canada dans tous les corps de m\u00e9tier. La Fraternit\u00e9 internationale des Teamsters, \u00e0 laquelle Teamsters Canada est affili\u00e9, compte 1,4 million de membres en Am\u00e9rique du Nord.<\/em><\/p>\n","protected":false},"excerpt":{"rendered":"<p>Le Caucus de la condition f\u00e9minine de Teamsters Qu\u00e9bec vous invite \u00e0 venir \u00e9couter Andr\u00e9e Jett\u00e9, qui expliquera comment reprendre le contr\u00f4le de sa vie dans le cadre d\u2019une conf\u00e9rence qui se tiendra le 14 mai prochain \u00e0 l\u2019Auberge Royal Versailles. La conf\u00e9renci\u00e8re expliquera comment faire face au chaos de la vie quotidienne et au [&hellip;]<\/p>\n","protected":false},"author":8,"featured_media":0,"comment_status":"closed","ping_status":"closed","sticky":false,"template":"","format":"standard","meta":{"ngg_post_thumbnail":0,"mc4wp_mailchimp_campaign":[],"footnotes":""},"categories":[1114],"tags":[],"class_list":{"0":"post-2500","1":"post","2":"type-post","3":"status-publish","4":"format-standard","6":"category-nouvelles"},"yoast_head":"<!-- This site is optimized with the Yoast SEO Premium plugin v25.5 (Yoast SEO v25.5) - https:\/\/yoast.com\/wordpress\/plugins\/seo\/ -->\n<title>Conf\u00e9rence d\u2019Andr\u00e9e Jett\u00e9 sur la reprise du contr\u00f4le de sa vie | Teamsters Canada<\/title>\n<meta name=\"robots\" content=\"index, follow, max-snippet:-1, max-image-preview:large, max-video-preview:-1\" \/>\n<link rel=\"canonical\" href=\"https:\/\/teamsters.ca\/fr\/blog\/2011\/05\/06\/conference-dandree-jette-sur-la-reprise-du-controle-de-sa-vie\/\" \/>\n<meta property=\"og:locale\" content=\"fr_CA\" \/>\n<meta property=\"og:type\" content=\"article\" \/>\n<meta property=\"og:title\" content=\"Conf\u00e9rence d\u2019Andr\u00e9e Jett\u00e9 sur la reprise du contr\u00f4le de sa vie\" \/>\n<meta property=\"og:description\" content=\"Le Caucus de la condition f\u00e9minine de Teamsters Qu\u00e9bec vous invite \u00e0 venir \u00e9couter Andr\u00e9e Jett\u00e9, qui expliquera comment reprendre le contr\u00f4le de sa vie dans le cadre d\u2019une conf\u00e9rence qui se tiendra le 14 mai prochain \u00e0 l\u2019Auberge Royal Versailles. La conf\u00e9renci\u00e8re expliquera comment faire face au chaos de la vie quotidienne et au [&hellip;]\" \/>\n<meta property=\"og:url\" content=\"https:\/\/teamsters.ca\/fr\/blog\/2011\/05\/06\/conference-dandree-jette-sur-la-reprise-du-controle-de-sa-vie\/\" \/>\n<meta property=\"og:site_name\" content=\"Teamsters Canada\" \/>\n<meta property=\"article:publisher\" content=\"https:\/\/www.facebook.com\/Teamsterscanada\/\" \/>\n<meta property=\"article:published_time\" content=\"2011-05-06T14:03:00+00:00\" \/>\n<meta property=\"article:modified_time\" content=\"2019-06-27T20:39:48+00:00\" \/>\n<meta name=\"author\" content=\"St\u00e9phanie Meunier\" \/>\n<meta name=\"twitter:card\" content=\"summary_large_image\" \/>\n<meta name=\"twitter:creator\" content=\"@TeamstersCanada\" \/>\n<meta name=\"twitter:site\" content=\"@TeamstersCanada\" \/>\n<meta name=\"twitter:label1\" content=\"\u00c9crit par\" \/>\n\t<meta name=\"twitter:data1\" content=\"St\u00e9phanie Meunier\" \/>\n\t<meta name=\"twitter:label2\" content=\"Estimation du temps de lecture\" \/>\n\t<meta name=\"twitter:data2\" content=\"2 minutes\" \/>\n<script type=\"application\/ld+json\" class=\"yoast-schema-graph\">{\"@context\":\"https:\/\/schema.org\",\"@graph\":[{\"@type\":\"Article\",\"@id\":\"https:\/\/teamsters.ca\/fr\/blog\/2011\/05\/06\/conference-dandree-jette-sur-la-reprise-du-controle-de-sa-vie\/#article\",\"isPartOf\":{\"@id\":\"https:\/\/teamsters.ca\/fr\/blog\/2011\/05\/06\/conference-dandree-jette-sur-la-reprise-du-controle-de-sa-vie\/\"},\"author\":{\"name\":\"St\u00e9phanie Meunier\",\"@id\":\"https:\/\/teamsters.ca\/fr\/#\/schema\/person\/3e6ffefc39fe2f212400b7d8d0a4a0c1\"},\"headline\":\"Conf\u00e9rence d\u2019Andr\u00e9e Jett\u00e9 sur la reprise du contr\u00f4le de sa vie\",\"datePublished\":\"2011-05-06T14:03:00+00:00\",\"dateModified\":\"2019-06-27T20:39:48+00:00\",\"mainEntityOfPage\":{\"@id\":\"https:\/\/teamsters.ca\/fr\/blog\/2011\/05\/06\/conference-dandree-jette-sur-la-reprise-du-controle-de-sa-vie\/\"},\"wordCount\":340,\"publisher\":{\"@id\":\"https:\/\/teamsters.ca\/fr\/#organization\"},\"articleSection\":[\"Nouvelles\"],\"inLanguage\":\"fr-CA\"},{\"@type\":\"WebPage\",\"@id\":\"https:\/\/teamsters.ca\/fr\/blog\/2011\/05\/06\/conference-dandree-jette-sur-la-reprise-du-controle-de-sa-vie\/\",\"url\":\"https:\/\/teamsters.ca\/fr\/blog\/2011\/05\/06\/conference-dandree-jette-sur-la-reprise-du-controle-de-sa-vie\/\",\"name\":\"Conf\u00e9rence d\u2019Andr\u00e9e Jett\u00e9 sur la reprise du contr\u00f4le de sa vie | Teamsters Canada\",\"isPartOf\":{\"@id\":\"https:\/\/teamsters.ca\/fr\/#website\"},\"datePublished\":\"2011-05-06T14:03:00+00:00\",\"dateModified\":\"2019-06-27T20:39:48+00:00\",\"breadcrumb\":{\"@id\":\"https:\/\/teamsters.ca\/fr\/blog\/2011\/05\/06\/conference-dandree-jette-sur-la-reprise-du-controle-de-sa-vie\/#breadcrumb\"},\"inLanguage\":\"fr-CA\",\"potentialAction\":[{\"@type\":\"ReadAction\",\"target\":[\"https:\/\/teamsters.ca\/fr\/blog\/2011\/05\/06\/conference-dandree-jette-sur-la-reprise-du-controle-de-sa-vie\/\"]}]},{\"@type\":\"BreadcrumbList\",\"@id\":\"https:\/\/teamsters.ca\/fr\/blog\/2011\/05\/06\/conference-dandree-jette-sur-la-reprise-du-controle-de-sa-vie\/#breadcrumb\",\"itemListElement\":[{\"@type\":\"ListItem\",\"position\":1,\"name\":\"Home\",\"item\":\"https:\/\/teamsters.ca\/fr\/\"},{\"@type\":\"ListItem\",\"position\":2,\"name\":\"Conf\u00e9rence d\u2019Andr\u00e9e Jett\u00e9 sur la reprise du contr\u00f4le de sa vie\"}]},{\"@type\":\"WebSite\",\"@id\":\"https:\/\/teamsters.ca\/fr\/#website\",\"url\":\"https:\/\/teamsters.ca\/fr\/\",\"name\":\"Teamsters Canada\",\"description\":\"A Canadian union representing over 125 000 members\",\"publisher\":{\"@id\":\"https:\/\/teamsters.ca\/fr\/#organization\"},\"potentialAction\":[{\"@type\":\"SearchAction\",\"target\":{\"@type\":\"EntryPoint\",\"urlTemplate\":\"https:\/\/teamsters.ca\/fr\/?s={search_term_string}\"},\"query-input\":{\"@type\":\"PropertyValueSpecification\",\"valueRequired\":true,\"valueName\":\"search_term_string\"}}],\"inLanguage\":\"fr-CA\"},{\"@type\":\"Organization\",\"@id\":\"https:\/\/teamsters.ca\/fr\/#organization\",\"name\":\"Teamsters Canada\",\"url\":\"https:\/\/teamsters.ca\/fr\/\",\"logo\":{\"@type\":\"ImageObject\",\"inLanguage\":\"fr-CA\",\"@id\":\"https:\/\/teamsters.ca\/fr\/#\/schema\/logo\/image\/\",\"url\":\"https:\/\/teamsters.ca\/wp-content\/uploads\/2019\/08\/TeamstersCanada.png\",\"contentUrl\":\"https:\/\/teamsters.ca\/wp-content\/uploads\/2019\/08\/TeamstersCanada.png\",\"width\":545,\"height\":181,\"caption\":\"Teamsters Canada\"},\"image\":{\"@id\":\"https:\/\/teamsters.ca\/fr\/#\/schema\/logo\/image\/\"},\"sameAs\":[\"https:\/\/www.facebook.com\/Teamsterscanada\/\",\"https:\/\/x.com\/TeamstersCanada\"]},{\"@type\":\"Person\",\"@id\":\"https:\/\/teamsters.ca\/fr\/#\/schema\/person\/3e6ffefc39fe2f212400b7d8d0a4a0c1\",\"name\":\"St\u00e9phanie Meunier\",\"image\":{\"@type\":\"ImageObject\",\"inLanguage\":\"fr-CA\",\"@id\":\"https:\/\/teamsters.ca\/fr\/#\/schema\/person\/image\/\",\"url\":\"https:\/\/secure.gravatar.com\/avatar\/e4e8404e91ed71cb473fa2708849669810cf083c89825a3d2dd0d47dd6b2be77?s=96&d=mm&r=g\",\"contentUrl\":\"https:\/\/secure.gravatar.com\/avatar\/e4e8404e91ed71cb473fa2708849669810cf083c89825a3d2dd0d47dd6b2be77?s=96&d=mm&r=g\",\"caption\":\"St\u00e9phanie Meunier\"},\"url\":\"https:\/\/teamsters.ca\/fr\/blog\/author\/smeunier\/\"}]}<\/script>\n<!-- \/ Yoast SEO Premium plugin. -->","yoast_head_json":{"title":"Conf\u00e9rence d\u2019Andr\u00e9e Jett\u00e9 sur la reprise du contr\u00f4le de sa vie | Teamsters Canada","robots":{"index":"index","follow":"follow","max-snippet":"max-snippet:-1","max-image-preview":"max-image-preview:large","max-video-preview":"max-video-preview:-1"},"canonical":"https:\/\/teamsters.ca\/fr\/blog\/2011\/05\/06\/conference-dandree-jette-sur-la-reprise-du-controle-de-sa-vie\/","og_locale":"fr_CA","og_type":"article","og_title":"Conf\u00e9rence d\u2019Andr\u00e9e Jett\u00e9 sur la reprise du contr\u00f4le de sa vie","og_description":"Le Caucus de la condition f\u00e9minine de Teamsters Qu\u00e9bec vous invite \u00e0 venir \u00e9couter Andr\u00e9e Jett\u00e9, qui expliquera comment reprendre le contr\u00f4le de sa vie dans le cadre d\u2019une conf\u00e9rence qui se tiendra le 14 mai prochain \u00e0 l\u2019Auberge Royal Versailles. La conf\u00e9renci\u00e8re expliquera comment faire face au chaos de la vie quotidienne et au [&hellip;]","og_url":"https:\/\/teamsters.ca\/fr\/blog\/2011\/05\/06\/conference-dandree-jette-sur-la-reprise-du-controle-de-sa-vie\/","og_site_name":"Teamsters Canada","article_publisher":"https:\/\/www.facebook.com\/Teamsterscanada\/","article_published_time":"2011-05-06T14:03:00+00:00","article_modified_time":"2019-06-27T20:39:48+00:00","author":"St\u00e9phanie Meunier","twitter_card":"summary_large_image","twitter_creator":"@TeamstersCanada","twitter_site":"@TeamstersCanada","twitter_misc":{"\u00c9crit par":"St\u00e9phanie Meunier","Estimation du temps de lecture":"2 minutes"},"schema":{"@context":"https:\/\/schema.org","@graph":[{"@type":"Article","@id":"https:\/\/teamsters.ca\/fr\/blog\/2011\/05\/06\/conference-dandree-jette-sur-la-reprise-du-controle-de-sa-vie\/#article","isPartOf":{"@id":"https:\/\/teamsters.ca\/fr\/blog\/2011\/05\/06\/conference-dandree-jette-sur-la-reprise-du-controle-de-sa-vie\/"},"author":{"name":"St\u00e9phanie Meunier","@id":"https:\/\/teamsters.ca\/fr\/#\/schema\/person\/3e6ffefc39fe2f212400b7d8d0a4a0c1"},"headline":"Conf\u00e9rence d\u2019Andr\u00e9e Jett\u00e9 sur la reprise du contr\u00f4le de sa vie","datePublished":"2011-05-06T14:03:00+00:00","dateModified":"2019-06-27T20:39:48+00:00","mainEntityOfPage":{"@id":"https:\/\/teamsters.ca\/fr\/blog\/2011\/05\/06\/conference-dandree-jette-sur-la-reprise-du-controle-de-sa-vie\/"},"wordCount":340,"publisher":{"@id":"https:\/\/teamsters.ca\/fr\/#organization"},"articleSection":["Nouvelles"],"inLanguage":"fr-CA"},{"@type":"WebPage","@id":"https:\/\/teamsters.ca\/fr\/blog\/2011\/05\/06\/conference-dandree-jette-sur-la-reprise-du-controle-de-sa-vie\/","url":"https:\/\/teamsters.ca\/fr\/blog\/2011\/05\/06\/conference-dandree-jette-sur-la-reprise-du-controle-de-sa-vie\/","name":"Conf\u00e9rence d\u2019Andr\u00e9e Jett\u00e9 sur la reprise du contr\u00f4le de sa vie | Teamsters Canada","isPartOf":{"@id":"https:\/\/teamsters.ca\/fr\/#website"},"datePublished":"2011-05-06T14:03:00+00:00","dateModified":"2019-06-27T20:39:48+00:00","breadcrumb":{"@id":"https:\/\/teamsters.ca\/fr\/blog\/2011\/05\/06\/conference-dandree-jette-sur-la-reprise-du-controle-de-sa-vie\/#breadcrumb"},"inLanguage":"fr-CA","potentialAction":[{"@type":"ReadAction","target":["https:\/\/teamsters.ca\/fr\/blog\/2011\/05\/06\/conference-dandree-jette-sur-la-reprise-du-controle-de-sa-vie\/"]}]},{"@type":"BreadcrumbList","@id":"https:\/\/teamsters.ca\/fr\/blog\/2011\/05\/06\/conference-dandree-jette-sur-la-reprise-du-controle-de-sa-vie\/#breadcrumb","itemListElement":[{"@type":"ListItem","position":1,"name":"Home","item":"https:\/\/teamsters.ca\/fr\/"},{"@type":"ListItem","position":2,"name":"Conf\u00e9rence d\u2019Andr\u00e9e Jett\u00e9 sur la reprise du contr\u00f4le de sa vie"}]},{"@type":"WebSite","@id":"https:\/\/teamsters.ca\/fr\/#website","url":"https:\/\/teamsters.ca\/fr\/","name":"Teamsters Canada","description":"A Canadian union representing over 125 000 members","publisher":{"@id":"https:\/\/teamsters.ca\/fr\/#organization"},"potentialAction":[{"@type":"SearchAction","target":{"@type":"EntryPoint","urlTemplate":"https:\/\/teamsters.ca\/fr\/?s={search_term_string}"},"query-input":{"@type":"PropertyValueSpecification","valueRequired":true,"valueName":"search_term_string"}}],"inLanguage":"fr-CA"},{"@type":"Organization","@id":"https:\/\/teamsters.ca\/fr\/#organization","name":"Teamsters Canada","url":"https:\/\/teamsters.ca\/fr\/","logo":{"@type":"ImageObject","inLanguage":"fr-CA","@id":"https:\/\/teamsters.ca\/fr\/#\/schema\/logo\/image\/","url":"https:\/\/teamsters.ca\/wp-content\/uploads\/2019\/08\/TeamstersCanada.png","contentUrl":"https:\/\/teamsters.ca\/wp-content\/uploads\/2019\/08\/TeamstersCanada.png","width":545,"height":181,"caption":"Teamsters Canada"},"image":{"@id":"https:\/\/teamsters.ca\/fr\/#\/schema\/logo\/image\/"},"sameAs":["https:\/\/www.facebook.com\/Teamsterscanada\/","https:\/\/x.com\/TeamstersCanada"]},{"@type":"Person","@id":"https:\/\/teamsters.ca\/fr\/#\/schema\/person\/3e6ffefc39fe2f212400b7d8d0a4a0c1","name":"St\u00e9phanie Meunier","image":{"@type":"ImageObject","inLanguage":"fr-CA","@id":"https:\/\/teamsters.ca\/fr\/#\/schema\/person\/image\/","url":"https:\/\/secure.gravatar.com\/avatar\/e4e8404e91ed71cb473fa2708849669810cf083c89825a3d2dd0d47dd6b2be77?s=96&d=mm&r=g","contentUrl":"https:\/\/secure.gravatar.com\/avatar\/e4e8404e91ed71cb473fa2708849669810cf083c89825a3d2dd0d47dd6b2be77?s=96&d=mm&r=g","caption":"St\u00e9phanie Meunier"},"url":"https:\/\/teamsters.ca\/fr\/blog\/author\/smeunier\/"}]}},"_links":{"self":[{"href":"https:\/\/teamsters.ca\/fr\/wp-json\/wp\/v2\/posts\/2500","targetHints":{"allow":["GET"]}}],"collection":[{"href":"https:\/\/teamsters.ca\/fr\/wp-json\/wp\/v2\/posts"}],"about":[{"href":"https:\/\/teamsters.ca\/fr\/wp-json\/wp\/v2\/types\/post"}],"author":[{"embeddable":true,"href":"https:\/\/teamsters.ca\/fr\/wp-json\/wp\/v2\/users\/8"}],"replies":[{"embeddable":true,"href":"https:\/\/teamsters.ca\/fr\/wp-json\/wp\/v2\/comments?post=2500"}],"version-history":[{"count":1,"href":"https:\/\/teamsters.ca\/fr\/wp-json\/wp\/v2\/posts\/2500\/revisions"}],"predecessor-version":[{"id":10550,"href":"https:\/\/teamsters.ca\/fr\/wp-json\/wp\/v2\/posts\/2500\/revisions\/10550"}],"wp:attachment":[{"href":"https:\/\/teamsters.ca\/fr\/wp-json\/wp\/v2\/media?parent=2500"}],"wp:term":[{"taxonomy":"category","embeddable":true,"href":"https:\/\/teamsters.ca\/fr\/wp-json\/wp\/v2\/categories?post=2500"},{"taxonomy":"post_tag","embeddable":true,"href":"https:\/\/teamsters.ca\/fr\/wp-json\/wp\/v2\/tags?post=2500"}],"curies":[{"name":"wp","href":"https:\/\/api.w.org\/{rel}","templated":true}]}}