{"id":24793,"date":"2023-04-28T23:36:05","date_gmt":"2023-04-29T03:36:05","guid":{"rendered":"https:\/\/teamsters.ca\/?p=24793"},"modified":"2023-04-28T23:36:08","modified_gmt":"2023-04-29T03:36:08","slug":"deces-du-confrere-mohammed-khan","status":"publish","type":"post","link":"https:\/\/teamsters.ca\/fr\/blog\/2023\/04\/28\/deces-du-confrere-mohammed-khan\/","title":{"rendered":"D\u00e9c\u00e8s du confr\u00e8re Mohammed Khan"},"content":{"rendered":"\n<p><em>Ceci est un message de Paul Boucher, pr\u00e9sident de la Conf\u00e9rence ferroviaire de Teamsters Canada. <\/em><\/p>\n\n\n\n<p>Cons\u0153urs,<br \/>confr\u00e8res,<br \/>ami\u00b7e\u00b7s,<\/p>\n\n\n\n<p>C&rsquo;est avec le c\u0153ur lourd que je partage la nouvelle du d\u00e9c\u00e8s d&rsquo;un des n\u00f4tres, le confr\u00e8re Mohammed Khan. Il est d\u00e9c\u00e9d\u00e9 cet apr\u00e8s-midi dans un accident de travail \u00e0 la gare de triage du CN \u00e0 Rivi\u00e8re-des-Prairies, Montr\u00e9al.<\/p>\n\n\n\n<p>Le confr\u00e8re Khan \u00e9tait \u00e2g\u00e9 de 29 ans et n&rsquo;avait rejoint nos rangs qu&rsquo;en d\u00e9cembre. Il s&rsquo;est rapidement impos\u00e9 comme un cheminot travaillant et appr\u00e9ci\u00e9. Son d\u00e9c\u00e8s est un coup dur pour nous tous, et nous transmettons nos plus sinc\u00e8res condol\u00e9ances \u00e0 ses ami\u00b7e\u00b7s, \u00e0 sa famille et \u00e0 ses coll\u00e8gues de travail.<\/p>\n\n\n\n<p>Aujourd&rsquo;hui est le Jour de deuil national, un jour o\u00f9 l&rsquo;on se souvient des travailleuses et travailleurs d\u00e9c\u00e9d\u00e9s dans des accidents du travail et o\u00f9 l&rsquo;on s&rsquo;engage \u00e0 nouveau en faveur de la s\u00e9curit\u00e9 et de la pr\u00e9vention. Cela ajoute une couche d&rsquo;agonie \u00e0 cette perte tragique.<\/p>\n\n\n\n<p>J&rsquo;invite les cheminots de partout au Canada \u00e0 rendre hommage \u00e0 Mohammed en faisant de la s\u00e9curit\u00e9 leur priorit\u00e9 absolue. Veillez les uns sur les autres, signalez les situations potentiellement dangereuses et refusez d&rsquo;effectuer des t\u00e2ches dangereuses. Votre syndicat vous appuiera.<\/p>\n\n\n\n<p>Il est ma position que les accidents de travail sont toujours \u00e9vitables. Soyez assur\u00e9s que nous suivrons de pr\u00e8s l&rsquo;enqu\u00eate qui s&rsquo;annonce. Nous travaillerons \u00e9galement avec l&rsquo;entreprise et les agences gouvernementales dans les mois \u00e0 venir pour aider \u00e0 d\u00e9terminer les circonstances exactes de cette trag\u00e9die.<\/p>\n\n\n\n<p>Repose en paix, confr\u00e8re Khan. Tu ne seras pas oubli\u00e9.<\/p>\n\n\n\n<p>Solidairement,<\/p>\n\n\n\n<p>Paul Boucher<br \/>Pr\u00e9sident de la Conf\u00e9rence ferroviaire de Teamsters Canada<\/p>\n","protected":false},"excerpt":{"rendered":"<p>C&rsquo;est avec le c\u0153ur lourd que je partage la nouvelle du d\u00e9c\u00e8s d&rsquo;un des n\u00f4tres, le confr\u00e8re Mohammed Khan. Il est d\u00e9c\u00e9d\u00e9 cet apr\u00e8s-midi dans un accident de travail \u00e0 la gare de triage du CN \u00e0 Rivi\u00e8re-des-Prairies, Montr\u00e9al.<\/p>\n","protected":false},"author":8,"featured_media":18334,"comment_status":"closed","ping_status":"closed","sticky":false,"template":"","format":"standard","meta":{"ngg_post_thumbnail":0,"mc4wp_mailchimp_campaign":[],"footnotes":""},"categories":[1114,1145,1137,1132],"tags":[],"class_list":{"0":"post-24793","1":"post","2":"type-post","3":"status-publish","4":"format-standard","5":"has-post-thumbnail","7":"category-nouvelles","8":"category-quebec-fr","9":"category-region-fr","10":"category-transport-ferroviaire"},"yoast_head":"<!-- This site is optimized with the Yoast SEO Premium plugin v25.5 (Yoast SEO v25.5) - https:\/\/yoast.com\/wordpress\/plugins\/seo\/ -->\n<title>D\u00e9c\u00e8s du confr\u00e8re Mohammed Khan | Teamsters Canada<\/title>\n<meta name=\"robots\" content=\"index, follow, max-snippet:-1, max-image-preview:large, max-video-preview:-1\" \/>\n<link rel=\"canonical\" href=\"https:\/\/teamsters.ca\/fr\/blog\/2023\/04\/28\/deces-du-confrere-mohammed-khan\/\" \/>\n<meta property=\"og:locale\" content=\"fr_CA\" \/>\n<meta property=\"og:type\" content=\"article\" \/>\n<meta property=\"og:title\" content=\"D\u00e9c\u00e8s du confr\u00e8re Mohammed Khan\" \/>\n<meta property=\"og:description\" content=\"C&#039;est avec le c\u0153ur lourd que je partage la nouvelle du d\u00e9c\u00e8s d&#039;un des n\u00f4tres, le confr\u00e8re Mohammed Khan. Il est d\u00e9c\u00e9d\u00e9 cet apr\u00e8s-midi dans un accident de travail \u00e0 la gare de triage du CN \u00e0 Rivi\u00e8re-des-Prairies, Montr\u00e9al.\" \/>\n<meta property=\"og:url\" content=\"https:\/\/teamsters.ca\/fr\/blog\/2023\/04\/28\/deces-du-confrere-mohammed-khan\/\" \/>\n<meta property=\"og:site_name\" content=\"Teamsters Canada\" \/>\n<meta property=\"article:publisher\" content=\"https:\/\/www.facebook.com\/Teamsterscanada\/\" \/>\n<meta property=\"article:published_time\" content=\"2023-04-29T03:36:05+00:00\" \/>\n<meta property=\"article:modified_time\" content=\"2023-04-29T03:36:08+00:00\" \/>\n<meta property=\"og:image\" content=\"https:\/\/teamsters.ca\/wp-content\/uploads\/2020\/06\/francais.jpg\" \/>\n\t<meta property=\"og:image:width\" content=\"1166\" \/>\n\t<meta property=\"og:image:height\" content=\"768\" \/>\n\t<meta property=\"og:image:type\" content=\"image\/jpeg\" \/>\n<meta name=\"author\" content=\"St\u00e9phanie Meunier\" \/>\n<meta name=\"twitter:card\" content=\"summary_large_image\" \/>\n<meta name=\"twitter:creator\" content=\"@TeamstersCanada\" \/>\n<meta name=\"twitter:site\" content=\"@TeamstersCanada\" \/>\n<meta name=\"twitter:label1\" content=\"\u00c9crit par\" \/>\n\t<meta name=\"twitter:data1\" content=\"St\u00e9phanie Meunier\" \/>\n\t<meta name=\"twitter:label2\" content=\"Estimation du temps de lecture\" \/>\n\t<meta name=\"twitter:data2\" content=\"1 minute\" \/>\n<script type=\"application\/ld+json\" class=\"yoast-schema-graph\">{\"@context\":\"https:\/\/schema.org\",\"@graph\":[{\"@type\":\"Article\",\"@id\":\"https:\/\/teamsters.ca\/fr\/blog\/2023\/04\/28\/deces-du-confrere-mohammed-khan\/#article\",\"isPartOf\":{\"@id\":\"https:\/\/teamsters.ca\/fr\/blog\/2023\/04\/28\/deces-du-confrere-mohammed-khan\/\"},\"author\":{\"name\":\"St\u00e9phanie Meunier\",\"@id\":\"https:\/\/teamsters.ca\/fr\/#\/schema\/person\/3e6ffefc39fe2f212400b7d8d0a4a0c1\"},\"headline\":\"D\u00e9c\u00e8s du confr\u00e8re Mohammed Khan\",\"datePublished\":\"2023-04-29T03:36:05+00:00\",\"dateModified\":\"2023-04-29T03:36:08+00:00\",\"mainEntityOfPage\":{\"@id\":\"https:\/\/teamsters.ca\/fr\/blog\/2023\/04\/28\/deces-du-confrere-mohammed-khan\/\"},\"wordCount\":301,\"publisher\":{\"@id\":\"https:\/\/teamsters.ca\/fr\/#organization\"},\"image\":{\"@id\":\"https:\/\/teamsters.ca\/fr\/blog\/2023\/04\/28\/deces-du-confrere-mohammed-khan\/#primaryimage\"},\"thumbnailUrl\":\"https:\/\/teamsters.ca\/wp-content\/uploads\/2020\/06\/francais.jpg\",\"articleSection\":[\"Nouvelles\",\"Qu\u00e9bec\",\"R\u00e9gion\",\"Transport ferroviaire\"],\"inLanguage\":\"fr-CA\"},{\"@type\":\"WebPage\",\"@id\":\"https:\/\/teamsters.ca\/fr\/blog\/2023\/04\/28\/deces-du-confrere-mohammed-khan\/\",\"url\":\"https:\/\/teamsters.ca\/fr\/blog\/2023\/04\/28\/deces-du-confrere-mohammed-khan\/\",\"name\":\"D\u00e9c\u00e8s du confr\u00e8re Mohammed Khan | Teamsters Canada\",\"isPartOf\":{\"@id\":\"https:\/\/teamsters.ca\/fr\/#website\"},\"primaryImageOfPage\":{\"@id\":\"https:\/\/teamsters.ca\/fr\/blog\/2023\/04\/28\/deces-du-confrere-mohammed-khan\/#primaryimage\"},\"image\":{\"@id\":\"https:\/\/teamsters.ca\/fr\/blog\/2023\/04\/28\/deces-du-confrere-mohammed-khan\/#primaryimage\"},\"thumbnailUrl\":\"https:\/\/teamsters.ca\/wp-content\/uploads\/2020\/06\/francais.jpg\",\"datePublished\":\"2023-04-29T03:36:05+00:00\",\"dateModified\":\"2023-04-29T03:36:08+00:00\",\"breadcrumb\":{\"@id\":\"https:\/\/teamsters.ca\/fr\/blog\/2023\/04\/28\/deces-du-confrere-mohammed-khan\/#breadcrumb\"},\"inLanguage\":\"fr-CA\",\"potentialAction\":[{\"@type\":\"ReadAction\",\"target\":[\"https:\/\/teamsters.ca\/fr\/blog\/2023\/04\/28\/deces-du-confrere-mohammed-khan\/\"]}]},{\"@type\":\"ImageObject\",\"inLanguage\":\"fr-CA\",\"@id\":\"https:\/\/teamsters.ca\/fr\/blog\/2023\/04\/28\/deces-du-confrere-mohammed-khan\/#primaryimage\",\"url\":\"https:\/\/teamsters.ca\/wp-content\/uploads\/2020\/06\/francais.jpg\",\"contentUrl\":\"https:\/\/teamsters.ca\/wp-content\/uploads\/2020\/06\/francais.jpg\",\"width\":1166,\"height\":768},{\"@type\":\"BreadcrumbList\",\"@id\":\"https:\/\/teamsters.ca\/fr\/blog\/2023\/04\/28\/deces-du-confrere-mohammed-khan\/#breadcrumb\",\"itemListElement\":[{\"@type\":\"ListItem\",\"position\":1,\"name\":\"Home\",\"item\":\"https:\/\/teamsters.ca\/fr\/\"},{\"@type\":\"ListItem\",\"position\":2,\"name\":\"D\u00e9c\u00e8s du confr\u00e8re Mohammed Khan\"}]},{\"@type\":\"WebSite\",\"@id\":\"https:\/\/teamsters.ca\/fr\/#website\",\"url\":\"https:\/\/teamsters.ca\/fr\/\",\"name\":\"Teamsters Canada\",\"description\":\"A Canadian union representing over 125 000 members\",\"publisher\":{\"@id\":\"https:\/\/teamsters.ca\/fr\/#organization\"},\"potentialAction\":[{\"@type\":\"SearchAction\",\"target\":{\"@type\":\"EntryPoint\",\"urlTemplate\":\"https:\/\/teamsters.ca\/fr\/?s={search_term_string}\"},\"query-input\":{\"@type\":\"PropertyValueSpecification\",\"valueRequired\":true,\"valueName\":\"search_term_string\"}}],\"inLanguage\":\"fr-CA\"},{\"@type\":\"Organization\",\"@id\":\"https:\/\/teamsters.ca\/fr\/#organization\",\"name\":\"Teamsters Canada\",\"url\":\"https:\/\/teamsters.ca\/fr\/\",\"logo\":{\"@type\":\"ImageObject\",\"inLanguage\":\"fr-CA\",\"@id\":\"https:\/\/teamsters.ca\/fr\/#\/schema\/logo\/image\/\",\"url\":\"https:\/\/teamsters.ca\/wp-content\/uploads\/2019\/08\/TeamstersCanada.png\",\"contentUrl\":\"https:\/\/teamsters.ca\/wp-content\/uploads\/2019\/08\/TeamstersCanada.png\",\"width\":545,\"height\":181,\"caption\":\"Teamsters Canada\"},\"image\":{\"@id\":\"https:\/\/teamsters.ca\/fr\/#\/schema\/logo\/image\/\"},\"sameAs\":[\"https:\/\/www.facebook.com\/Teamsterscanada\/\",\"https:\/\/x.com\/TeamstersCanada\"]},{\"@type\":\"Person\",\"@id\":\"https:\/\/teamsters.ca\/fr\/#\/schema\/person\/3e6ffefc39fe2f212400b7d8d0a4a0c1\",\"name\":\"St\u00e9phanie Meunier\",\"image\":{\"@type\":\"ImageObject\",\"inLanguage\":\"fr-CA\",\"@id\":\"https:\/\/teamsters.ca\/fr\/#\/schema\/person\/image\/\",\"url\":\"https:\/\/secure.gravatar.com\/avatar\/e4e8404e91ed71cb473fa2708849669810cf083c89825a3d2dd0d47dd6b2be77?s=96&d=mm&r=g\",\"contentUrl\":\"https:\/\/secure.gravatar.com\/avatar\/e4e8404e91ed71cb473fa2708849669810cf083c89825a3d2dd0d47dd6b2be77?s=96&d=mm&r=g\",\"caption\":\"St\u00e9phanie Meunier\"},\"url\":\"https:\/\/teamsters.ca\/fr\/blog\/author\/smeunier\/\"}]}<\/script>\n<!-- \/ Yoast SEO Premium plugin. -->","yoast_head_json":{"title":"D\u00e9c\u00e8s du confr\u00e8re Mohammed Khan | Teamsters Canada","robots":{"index":"index","follow":"follow","max-snippet":"max-snippet:-1","max-image-preview":"max-image-preview:large","max-video-preview":"max-video-preview:-1"},"canonical":"https:\/\/teamsters.ca\/fr\/blog\/2023\/04\/28\/deces-du-confrere-mohammed-khan\/","og_locale":"fr_CA","og_type":"article","og_title":"D\u00e9c\u00e8s du confr\u00e8re Mohammed Khan","og_description":"C'est avec le c\u0153ur lourd que je partage la nouvelle du d\u00e9c\u00e8s d'un des n\u00f4tres, le confr\u00e8re Mohammed Khan. Il est d\u00e9c\u00e9d\u00e9 cet apr\u00e8s-midi dans un accident de travail \u00e0 la gare de triage du CN \u00e0 Rivi\u00e8re-des-Prairies, Montr\u00e9al.","og_url":"https:\/\/teamsters.ca\/fr\/blog\/2023\/04\/28\/deces-du-confrere-mohammed-khan\/","og_site_name":"Teamsters Canada","article_publisher":"https:\/\/www.facebook.com\/Teamsterscanada\/","article_published_time":"2023-04-29T03:36:05+00:00","article_modified_time":"2023-04-29T03:36:08+00:00","og_image":[{"width":1166,"height":768,"url":"https:\/\/teamsters.ca\/wp-content\/uploads\/2020\/06\/francais.jpg","type":"image\/jpeg"}],"author":"St\u00e9phanie Meunier","twitter_card":"summary_large_image","twitter_creator":"@TeamstersCanada","twitter_site":"@TeamstersCanada","twitter_misc":{"\u00c9crit par":"St\u00e9phanie Meunier","Estimation du temps de lecture":"1 minute"},"schema":{"@context":"https:\/\/schema.org","@graph":[{"@type":"Article","@id":"https:\/\/teamsters.ca\/fr\/blog\/2023\/04\/28\/deces-du-confrere-mohammed-khan\/#article","isPartOf":{"@id":"https:\/\/teamsters.ca\/fr\/blog\/2023\/04\/28\/deces-du-confrere-mohammed-khan\/"},"author":{"name":"St\u00e9phanie Meunier","@id":"https:\/\/teamsters.ca\/fr\/#\/schema\/person\/3e6ffefc39fe2f212400b7d8d0a4a0c1"},"headline":"D\u00e9c\u00e8s du confr\u00e8re Mohammed Khan","datePublished":"2023-04-29T03:36:05+00:00","dateModified":"2023-04-29T03:36:08+00:00","mainEntityOfPage":{"@id":"https:\/\/teamsters.ca\/fr\/blog\/2023\/04\/28\/deces-du-confrere-mohammed-khan\/"},"wordCount":301,"publisher":{"@id":"https:\/\/teamsters.ca\/fr\/#organization"},"image":{"@id":"https:\/\/teamsters.ca\/fr\/blog\/2023\/04\/28\/deces-du-confrere-mohammed-khan\/#primaryimage"},"thumbnailUrl":"https:\/\/teamsters.ca\/wp-content\/uploads\/2020\/06\/francais.jpg","articleSection":["Nouvelles","Qu\u00e9bec","R\u00e9gion","Transport ferroviaire"],"inLanguage":"fr-CA"},{"@type":"WebPage","@id":"https:\/\/teamsters.ca\/fr\/blog\/2023\/04\/28\/deces-du-confrere-mohammed-khan\/","url":"https:\/\/teamsters.ca\/fr\/blog\/2023\/04\/28\/deces-du-confrere-mohammed-khan\/","name":"D\u00e9c\u00e8s du confr\u00e8re Mohammed Khan | Teamsters Canada","isPartOf":{"@id":"https:\/\/teamsters.ca\/fr\/#website"},"primaryImageOfPage":{"@id":"https:\/\/teamsters.ca\/fr\/blog\/2023\/04\/28\/deces-du-confrere-mohammed-khan\/#primaryimage"},"image":{"@id":"https:\/\/teamsters.ca\/fr\/blog\/2023\/04\/28\/deces-du-confrere-mohammed-khan\/#primaryimage"},"thumbnailUrl":"https:\/\/teamsters.ca\/wp-content\/uploads\/2020\/06\/francais.jpg","datePublished":"2023-04-29T03:36:05+00:00","dateModified":"2023-04-29T03:36:08+00:00","breadcrumb":{"@id":"https:\/\/teamsters.ca\/fr\/blog\/2023\/04\/28\/deces-du-confrere-mohammed-khan\/#breadcrumb"},"inLanguage":"fr-CA","potentialAction":[{"@type":"ReadAction","target":["https:\/\/teamsters.ca\/fr\/blog\/2023\/04\/28\/deces-du-confrere-mohammed-khan\/"]}]},{"@type":"ImageObject","inLanguage":"fr-CA","@id":"https:\/\/teamsters.ca\/fr\/blog\/2023\/04\/28\/deces-du-confrere-mohammed-khan\/#primaryimage","url":"https:\/\/teamsters.ca\/wp-content\/uploads\/2020\/06\/francais.jpg","contentUrl":"https:\/\/teamsters.ca\/wp-content\/uploads\/2020\/06\/francais.jpg","width":1166,"height":768},{"@type":"BreadcrumbList","@id":"https:\/\/teamsters.ca\/fr\/blog\/2023\/04\/28\/deces-du-confrere-mohammed-khan\/#breadcrumb","itemListElement":[{"@type":"ListItem","position":1,"name":"Home","item":"https:\/\/teamsters.ca\/fr\/"},{"@type":"ListItem","position":2,"name":"D\u00e9c\u00e8s du confr\u00e8re Mohammed Khan"}]},{"@type":"WebSite","@id":"https:\/\/teamsters.ca\/fr\/#website","url":"https:\/\/teamsters.ca\/fr\/","name":"Teamsters Canada","description":"A Canadian union representing over 125 000 members","publisher":{"@id":"https:\/\/teamsters.ca\/fr\/#organization"},"potentialAction":[{"@type":"SearchAction","target":{"@type":"EntryPoint","urlTemplate":"https:\/\/teamsters.ca\/fr\/?s={search_term_string}"},"query-input":{"@type":"PropertyValueSpecification","valueRequired":true,"valueName":"search_term_string"}}],"inLanguage":"fr-CA"},{"@type":"Organization","@id":"https:\/\/teamsters.ca\/fr\/#organization","name":"Teamsters Canada","url":"https:\/\/teamsters.ca\/fr\/","logo":{"@type":"ImageObject","inLanguage":"fr-CA","@id":"https:\/\/teamsters.ca\/fr\/#\/schema\/logo\/image\/","url":"https:\/\/teamsters.ca\/wp-content\/uploads\/2019\/08\/TeamstersCanada.png","contentUrl":"https:\/\/teamsters.ca\/wp-content\/uploads\/2019\/08\/TeamstersCanada.png","width":545,"height":181,"caption":"Teamsters Canada"},"image":{"@id":"https:\/\/teamsters.ca\/fr\/#\/schema\/logo\/image\/"},"sameAs":["https:\/\/www.facebook.com\/Teamsterscanada\/","https:\/\/x.com\/TeamstersCanada"]},{"@type":"Person","@id":"https:\/\/teamsters.ca\/fr\/#\/schema\/person\/3e6ffefc39fe2f212400b7d8d0a4a0c1","name":"St\u00e9phanie Meunier","image":{"@type":"ImageObject","inLanguage":"fr-CA","@id":"https:\/\/teamsters.ca\/fr\/#\/schema\/person\/image\/","url":"https:\/\/secure.gravatar.com\/avatar\/e4e8404e91ed71cb473fa2708849669810cf083c89825a3d2dd0d47dd6b2be77?s=96&d=mm&r=g","contentUrl":"https:\/\/secure.gravatar.com\/avatar\/e4e8404e91ed71cb473fa2708849669810cf083c89825a3d2dd0d47dd6b2be77?s=96&d=mm&r=g","caption":"St\u00e9phanie Meunier"},"url":"https:\/\/teamsters.ca\/fr\/blog\/author\/smeunier\/"}]}},"_links":{"self":[{"href":"https:\/\/teamsters.ca\/fr\/wp-json\/wp\/v2\/posts\/24793","targetHints":{"allow":["GET"]}}],"collection":[{"href":"https:\/\/teamsters.ca\/fr\/wp-json\/wp\/v2\/posts"}],"about":[{"href":"https:\/\/teamsters.ca\/fr\/wp-json\/wp\/v2\/types\/post"}],"author":[{"embeddable":true,"href":"https:\/\/teamsters.ca\/fr\/wp-json\/wp\/v2\/users\/8"}],"replies":[{"embeddable":true,"href":"https:\/\/teamsters.ca\/fr\/wp-json\/wp\/v2\/comments?post=24793"}],"version-history":[{"count":2,"href":"https:\/\/teamsters.ca\/fr\/wp-json\/wp\/v2\/posts\/24793\/revisions"}],"predecessor-version":[{"id":24795,"href":"https:\/\/teamsters.ca\/fr\/wp-json\/wp\/v2\/posts\/24793\/revisions\/24795"}],"wp:featuredmedia":[{"embeddable":true,"href":"https:\/\/teamsters.ca\/fr\/wp-json\/wp\/v2\/media\/18334"}],"wp:attachment":[{"href":"https:\/\/teamsters.ca\/fr\/wp-json\/wp\/v2\/media?parent=24793"}],"wp:term":[{"taxonomy":"category","embeddable":true,"href":"https:\/\/teamsters.ca\/fr\/wp-json\/wp\/v2\/categories?post=24793"},{"taxonomy":"post_tag","embeddable":true,"href":"https:\/\/teamsters.ca\/fr\/wp-json\/wp\/v2\/tags?post=24793"}],"curies":[{"name":"wp","href":"https:\/\/api.w.org\/{rel}","templated":true}]}}