{"id":24776,"date":"2023-04-28T07:06:17","date_gmt":"2023-04-28T11:06:17","guid":{"rendered":"https:\/\/teamsters.ca\/?p=24776"},"modified":"2023-04-28T23:24:06","modified_gmt":"2023-04-29T03:24:06","slug":"jour-de-deuil-national-2023","status":"publish","type":"post","link":"https:\/\/teamsters.ca\/fr\/blog\/2023\/04\/28\/jour-de-deuil-national-2023\/","title":{"rendered":"Jour de deuil national 2023"},"content":{"rendered":"\n<p>Ch\u00e8res cons\u0153urs, chers confr\u00e8res, chers amis,<\/p>\n\n\n\n<p>Le 28 avril, nous comm\u00e9morons le Jour de deuil national, une journ\u00e9e internationale en l\u2019honneur des personnes d\u00e9c\u00e9d\u00e9es ou bless\u00e9es au travail.<\/p>\n\n\n\n<p>Chaque ann\u00e9e au Canada, plus de 900 personnes meurent au travail. Pr\u00e8s de la moiti\u00e9 de ces d\u00e9c\u00e8s surviennent dans les secteurs des transports, de la construction et manufacturier. \u00c0 ces d\u00e9c\u00e8s s\u2019ajoutent plus de 250 000 r\u00e9clamations qui sont d\u00e9pos\u00e9es \u00e0 la suite d\u2019accidents ou maladies de travail. Pire, un tr\u00e8s grand nombre d\u2019accidents ne seront jamais signal\u00e9s, ce qui rend le portrait encore plus sombre.<\/p>\n\n\n\n<p>Ce jour est donc l&rsquo;occasion de r\u00e9fl\u00e9chir aux cons\u00e9quences de ces trag\u00e9dies et de renforcer notre engagement envers la pr\u00e9vention. J\u2019ai d\u2019ailleurs une pens\u00e9e particuli\u00e8re pour tous nos cons\u0153urs et confr\u00e8res Teamsters qui ont donn\u00e9 leur vie en travaillant, ainsi qu&rsquo;\u00e0 leurs proches qui vivent avec le deuil et la perte.<\/p>\n\n\n\n<p>Je vous invite donc \u00e0 vous recueillir \u00e0 11h en ce 28 avril, ne serait-ce que quelques minutes, pour honorer la m\u00e9moire et la vie des personnes d\u00e9c\u00e9d\u00e9es ou bless\u00e9es au travail. Participons ensemble \u00e0 des \u00e9v\u00e9nements de sensibilisation, portons un ruban noir, ou allumons une bougie en leur hommage.<\/p>\n\n\n\n<p>Maintenant, que faire pour am\u00e9liorer la situation? Aucun changement ne pourra se faire sans votre implication. Impliquez-vous dans les comit\u00e9s de sant\u00e9 et de s\u00e9curit\u00e9 \u00e0 votre travail! D\u00e9noncez des situations potentiellement dangereuses \u00e0 votre travail! Refusez de travailler lorsque les conditions comportent un risque pour votre personne!<\/p>\n\n\n\n<p>En Jour de deuil national, unissons-nous pour am\u00e9liorer la s\u00e9curit\u00e9 et prot\u00e9ger les travailleurs. Tous les accidents sont \u00e9vitables et notre syndicat, Teamsters Canada, sera toujours l\u00e0 pour ceux qui d\u00e9fendent la sant\u00e9 et la s\u00e9curit\u00e9. Ensemble, nous pouvons contribuer \u00e0 cr\u00e9er un environnement de travail o\u00f9 chacun se sent en s\u00e9curit\u00e9 et peut s&rsquo;\u00e9panouir.<\/p>\n\n\n\n<p><em>Solidairement,<\/em><\/p>\n\n\n\n<p><strong>Fran\u00e7ois Laporte<\/strong><br \/>Pr\u00e9sident de Teamsters Canada<br \/>Vice-pr\u00e9sident de la Fraternit\u00e9 internationale des Teamsters<\/p>\n","protected":false},"excerpt":{"rendered":"<p>Le 28 avril, nous comm\u00e9morons le Jour de deuil national, une journ\u00e9e internationale en l\u2019honneur des personnes d\u00e9c\u00e9d\u00e9es ou bless\u00e9es au travail.<\/p>\n","protected":false},"author":8,"featured_media":24785,"comment_status":"closed","ping_status":"closed","sticky":false,"template":"","format":"standard","meta":{"ngg_post_thumbnail":0,"mc4wp_mailchimp_campaign":[],"footnotes":""},"categories":[1124,1114],"tags":[4091],"class_list":{"0":"post-24776","1":"post","2":"type-post","3":"status-publish","4":"format-standard","5":"has-post-thumbnail","7":"category-president-fr","8":"category-nouvelles","9":"tag-jour-de-deuil"},"yoast_head":"<!-- This site is optimized with the Yoast SEO Premium plugin v25.5 (Yoast SEO v25.5) - https:\/\/yoast.com\/wordpress\/plugins\/seo\/ -->\n<title>Jour de deuil national 2023 | Teamsters Canada<\/title>\n<meta name=\"robots\" content=\"index, follow, max-snippet:-1, max-image-preview:large, max-video-preview:-1\" \/>\n<link rel=\"canonical\" href=\"https:\/\/teamsters.ca\/fr\/blog\/2023\/04\/28\/jour-de-deuil-national-2023\/\" \/>\n<meta property=\"og:locale\" content=\"fr_CA\" \/>\n<meta property=\"og:type\" content=\"article\" \/>\n<meta property=\"og:title\" content=\"Jour de deuil national 2023\" \/>\n<meta property=\"og:description\" content=\"Le 28 avril, nous comm\u00e9morons le Jour de deuil national, une journ\u00e9e internationale en l\u2019honneur des personnes d\u00e9c\u00e9d\u00e9es ou bless\u00e9es au travail.\" \/>\n<meta property=\"og:url\" content=\"https:\/\/teamsters.ca\/fr\/blog\/2023\/04\/28\/jour-de-deuil-national-2023\/\" \/>\n<meta property=\"og:site_name\" content=\"Teamsters Canada\" \/>\n<meta property=\"article:publisher\" content=\"https:\/\/www.facebook.com\/Teamsterscanada\/\" \/>\n<meta property=\"article:published_time\" content=\"2023-04-28T11:06:17+00:00\" \/>\n<meta property=\"article:modified_time\" content=\"2023-04-29T03:24:06+00:00\" \/>\n<meta property=\"og:image\" content=\"https:\/\/teamsters.ca\/wp-content\/uploads\/2023\/04\/francaisss.jpg\" \/>\n\t<meta property=\"og:image:width\" content=\"1166\" \/>\n\t<meta property=\"og:image:height\" content=\"768\" \/>\n\t<meta property=\"og:image:type\" content=\"image\/jpeg\" \/>\n<meta name=\"author\" content=\"St\u00e9phanie Meunier\" \/>\n<meta name=\"twitter:card\" content=\"summary_large_image\" \/>\n<meta name=\"twitter:creator\" content=\"@TeamstersCanada\" \/>\n<meta name=\"twitter:site\" content=\"@TeamstersCanada\" \/>\n<meta name=\"twitter:label1\" content=\"\u00c9crit par\" \/>\n\t<meta name=\"twitter:data1\" content=\"St\u00e9phanie Meunier\" \/>\n\t<meta name=\"twitter:label2\" content=\"Estimation du temps de lecture\" \/>\n\t<meta name=\"twitter:data2\" content=\"2 minutes\" \/>\n<script type=\"application\/ld+json\" class=\"yoast-schema-graph\">{\"@context\":\"https:\/\/schema.org\",\"@graph\":[{\"@type\":\"Article\",\"@id\":\"https:\/\/teamsters.ca\/fr\/blog\/2023\/04\/28\/jour-de-deuil-national-2023\/#article\",\"isPartOf\":{\"@id\":\"https:\/\/teamsters.ca\/fr\/blog\/2023\/04\/28\/jour-de-deuil-national-2023\/\"},\"author\":{\"name\":\"St\u00e9phanie Meunier\",\"@id\":\"https:\/\/teamsters.ca\/fr\/#\/schema\/person\/3e6ffefc39fe2f212400b7d8d0a4a0c1\"},\"headline\":\"Jour de deuil national 2023\",\"datePublished\":\"2023-04-28T11:06:17+00:00\",\"dateModified\":\"2023-04-29T03:24:06+00:00\",\"mainEntityOfPage\":{\"@id\":\"https:\/\/teamsters.ca\/fr\/blog\/2023\/04\/28\/jour-de-deuil-national-2023\/\"},\"wordCount\":344,\"publisher\":{\"@id\":\"https:\/\/teamsters.ca\/fr\/#organization\"},\"image\":{\"@id\":\"https:\/\/teamsters.ca\/fr\/blog\/2023\/04\/28\/jour-de-deuil-national-2023\/#primaryimage\"},\"thumbnailUrl\":\"https:\/\/teamsters.ca\/wp-content\/uploads\/2023\/04\/francaisss.jpg\",\"keywords\":[\"Jour de Deuil\"],\"articleSection\":[\"Lettres du pr\u00e9sident\",\"Nouvelles\"],\"inLanguage\":\"fr-CA\"},{\"@type\":\"WebPage\",\"@id\":\"https:\/\/teamsters.ca\/fr\/blog\/2023\/04\/28\/jour-de-deuil-national-2023\/\",\"url\":\"https:\/\/teamsters.ca\/fr\/blog\/2023\/04\/28\/jour-de-deuil-national-2023\/\",\"name\":\"Jour de deuil national 2023 | Teamsters Canada\",\"isPartOf\":{\"@id\":\"https:\/\/teamsters.ca\/fr\/#website\"},\"primaryImageOfPage\":{\"@id\":\"https:\/\/teamsters.ca\/fr\/blog\/2023\/04\/28\/jour-de-deuil-national-2023\/#primaryimage\"},\"image\":{\"@id\":\"https:\/\/teamsters.ca\/fr\/blog\/2023\/04\/28\/jour-de-deuil-national-2023\/#primaryimage\"},\"thumbnailUrl\":\"https:\/\/teamsters.ca\/wp-content\/uploads\/2023\/04\/francaisss.jpg\",\"datePublished\":\"2023-04-28T11:06:17+00:00\",\"dateModified\":\"2023-04-29T03:24:06+00:00\",\"breadcrumb\":{\"@id\":\"https:\/\/teamsters.ca\/fr\/blog\/2023\/04\/28\/jour-de-deuil-national-2023\/#breadcrumb\"},\"inLanguage\":\"fr-CA\",\"potentialAction\":[{\"@type\":\"ReadAction\",\"target\":[\"https:\/\/teamsters.ca\/fr\/blog\/2023\/04\/28\/jour-de-deuil-national-2023\/\"]}]},{\"@type\":\"ImageObject\",\"inLanguage\":\"fr-CA\",\"@id\":\"https:\/\/teamsters.ca\/fr\/blog\/2023\/04\/28\/jour-de-deuil-national-2023\/#primaryimage\",\"url\":\"https:\/\/teamsters.ca\/wp-content\/uploads\/2023\/04\/francaisss.jpg\",\"contentUrl\":\"https:\/\/teamsters.ca\/wp-content\/uploads\/2023\/04\/francaisss.jpg\",\"width\":1166,\"height\":768},{\"@type\":\"BreadcrumbList\",\"@id\":\"https:\/\/teamsters.ca\/fr\/blog\/2023\/04\/28\/jour-de-deuil-national-2023\/#breadcrumb\",\"itemListElement\":[{\"@type\":\"ListItem\",\"position\":1,\"name\":\"Home\",\"item\":\"https:\/\/teamsters.ca\/fr\/\"},{\"@type\":\"ListItem\",\"position\":2,\"name\":\"Jour de deuil national 2023\"}]},{\"@type\":\"WebSite\",\"@id\":\"https:\/\/teamsters.ca\/fr\/#website\",\"url\":\"https:\/\/teamsters.ca\/fr\/\",\"name\":\"Teamsters Canada\",\"description\":\"A Canadian union representing over 125 000 members\",\"publisher\":{\"@id\":\"https:\/\/teamsters.ca\/fr\/#organization\"},\"potentialAction\":[{\"@type\":\"SearchAction\",\"target\":{\"@type\":\"EntryPoint\",\"urlTemplate\":\"https:\/\/teamsters.ca\/fr\/?s={search_term_string}\"},\"query-input\":{\"@type\":\"PropertyValueSpecification\",\"valueRequired\":true,\"valueName\":\"search_term_string\"}}],\"inLanguage\":\"fr-CA\"},{\"@type\":\"Organization\",\"@id\":\"https:\/\/teamsters.ca\/fr\/#organization\",\"name\":\"Teamsters Canada\",\"url\":\"https:\/\/teamsters.ca\/fr\/\",\"logo\":{\"@type\":\"ImageObject\",\"inLanguage\":\"fr-CA\",\"@id\":\"https:\/\/teamsters.ca\/fr\/#\/schema\/logo\/image\/\",\"url\":\"https:\/\/teamsters.ca\/wp-content\/uploads\/2019\/08\/TeamstersCanada.png\",\"contentUrl\":\"https:\/\/teamsters.ca\/wp-content\/uploads\/2019\/08\/TeamstersCanada.png\",\"width\":545,\"height\":181,\"caption\":\"Teamsters Canada\"},\"image\":{\"@id\":\"https:\/\/teamsters.ca\/fr\/#\/schema\/logo\/image\/\"},\"sameAs\":[\"https:\/\/www.facebook.com\/Teamsterscanada\/\",\"https:\/\/x.com\/TeamstersCanada\"]},{\"@type\":\"Person\",\"@id\":\"https:\/\/teamsters.ca\/fr\/#\/schema\/person\/3e6ffefc39fe2f212400b7d8d0a4a0c1\",\"name\":\"St\u00e9phanie Meunier\",\"image\":{\"@type\":\"ImageObject\",\"inLanguage\":\"fr-CA\",\"@id\":\"https:\/\/teamsters.ca\/fr\/#\/schema\/person\/image\/\",\"url\":\"https:\/\/secure.gravatar.com\/avatar\/e4e8404e91ed71cb473fa2708849669810cf083c89825a3d2dd0d47dd6b2be77?s=96&d=mm&r=g\",\"contentUrl\":\"https:\/\/secure.gravatar.com\/avatar\/e4e8404e91ed71cb473fa2708849669810cf083c89825a3d2dd0d47dd6b2be77?s=96&d=mm&r=g\",\"caption\":\"St\u00e9phanie Meunier\"},\"url\":\"https:\/\/teamsters.ca\/fr\/blog\/author\/smeunier\/\"}]}<\/script>\n<!-- \/ Yoast SEO Premium plugin. -->","yoast_head_json":{"title":"Jour de deuil national 2023 | Teamsters Canada","robots":{"index":"index","follow":"follow","max-snippet":"max-snippet:-1","max-image-preview":"max-image-preview:large","max-video-preview":"max-video-preview:-1"},"canonical":"https:\/\/teamsters.ca\/fr\/blog\/2023\/04\/28\/jour-de-deuil-national-2023\/","og_locale":"fr_CA","og_type":"article","og_title":"Jour de deuil national 2023","og_description":"Le 28 avril, nous comm\u00e9morons le Jour de deuil national, une journ\u00e9e internationale en l\u2019honneur des personnes d\u00e9c\u00e9d\u00e9es ou bless\u00e9es au travail.","og_url":"https:\/\/teamsters.ca\/fr\/blog\/2023\/04\/28\/jour-de-deuil-national-2023\/","og_site_name":"Teamsters Canada","article_publisher":"https:\/\/www.facebook.com\/Teamsterscanada\/","article_published_time":"2023-04-28T11:06:17+00:00","article_modified_time":"2023-04-29T03:24:06+00:00","og_image":[{"width":1166,"height":768,"url":"https:\/\/teamsters.ca\/wp-content\/uploads\/2023\/04\/francaisss.jpg","type":"image\/jpeg"}],"author":"St\u00e9phanie Meunier","twitter_card":"summary_large_image","twitter_creator":"@TeamstersCanada","twitter_site":"@TeamstersCanada","twitter_misc":{"\u00c9crit par":"St\u00e9phanie Meunier","Estimation du temps de lecture":"2 minutes"},"schema":{"@context":"https:\/\/schema.org","@graph":[{"@type":"Article","@id":"https:\/\/teamsters.ca\/fr\/blog\/2023\/04\/28\/jour-de-deuil-national-2023\/#article","isPartOf":{"@id":"https:\/\/teamsters.ca\/fr\/blog\/2023\/04\/28\/jour-de-deuil-national-2023\/"},"author":{"name":"St\u00e9phanie Meunier","@id":"https:\/\/teamsters.ca\/fr\/#\/schema\/person\/3e6ffefc39fe2f212400b7d8d0a4a0c1"},"headline":"Jour de deuil national 2023","datePublished":"2023-04-28T11:06:17+00:00","dateModified":"2023-04-29T03:24:06+00:00","mainEntityOfPage":{"@id":"https:\/\/teamsters.ca\/fr\/blog\/2023\/04\/28\/jour-de-deuil-national-2023\/"},"wordCount":344,"publisher":{"@id":"https:\/\/teamsters.ca\/fr\/#organization"},"image":{"@id":"https:\/\/teamsters.ca\/fr\/blog\/2023\/04\/28\/jour-de-deuil-national-2023\/#primaryimage"},"thumbnailUrl":"https:\/\/teamsters.ca\/wp-content\/uploads\/2023\/04\/francaisss.jpg","keywords":["Jour de Deuil"],"articleSection":["Lettres du pr\u00e9sident","Nouvelles"],"inLanguage":"fr-CA"},{"@type":"WebPage","@id":"https:\/\/teamsters.ca\/fr\/blog\/2023\/04\/28\/jour-de-deuil-national-2023\/","url":"https:\/\/teamsters.ca\/fr\/blog\/2023\/04\/28\/jour-de-deuil-national-2023\/","name":"Jour de deuil national 2023 | Teamsters Canada","isPartOf":{"@id":"https:\/\/teamsters.ca\/fr\/#website"},"primaryImageOfPage":{"@id":"https:\/\/teamsters.ca\/fr\/blog\/2023\/04\/28\/jour-de-deuil-national-2023\/#primaryimage"},"image":{"@id":"https:\/\/teamsters.ca\/fr\/blog\/2023\/04\/28\/jour-de-deuil-national-2023\/#primaryimage"},"thumbnailUrl":"https:\/\/teamsters.ca\/wp-content\/uploads\/2023\/04\/francaisss.jpg","datePublished":"2023-04-28T11:06:17+00:00","dateModified":"2023-04-29T03:24:06+00:00","breadcrumb":{"@id":"https:\/\/teamsters.ca\/fr\/blog\/2023\/04\/28\/jour-de-deuil-national-2023\/#breadcrumb"},"inLanguage":"fr-CA","potentialAction":[{"@type":"ReadAction","target":["https:\/\/teamsters.ca\/fr\/blog\/2023\/04\/28\/jour-de-deuil-national-2023\/"]}]},{"@type":"ImageObject","inLanguage":"fr-CA","@id":"https:\/\/teamsters.ca\/fr\/blog\/2023\/04\/28\/jour-de-deuil-national-2023\/#primaryimage","url":"https:\/\/teamsters.ca\/wp-content\/uploads\/2023\/04\/francaisss.jpg","contentUrl":"https:\/\/teamsters.ca\/wp-content\/uploads\/2023\/04\/francaisss.jpg","width":1166,"height":768},{"@type":"BreadcrumbList","@id":"https:\/\/teamsters.ca\/fr\/blog\/2023\/04\/28\/jour-de-deuil-national-2023\/#breadcrumb","itemListElement":[{"@type":"ListItem","position":1,"name":"Home","item":"https:\/\/teamsters.ca\/fr\/"},{"@type":"ListItem","position":2,"name":"Jour de deuil national 2023"}]},{"@type":"WebSite","@id":"https:\/\/teamsters.ca\/fr\/#website","url":"https:\/\/teamsters.ca\/fr\/","name":"Teamsters Canada","description":"A Canadian union representing over 125 000 members","publisher":{"@id":"https:\/\/teamsters.ca\/fr\/#organization"},"potentialAction":[{"@type":"SearchAction","target":{"@type":"EntryPoint","urlTemplate":"https:\/\/teamsters.ca\/fr\/?s={search_term_string}"},"query-input":{"@type":"PropertyValueSpecification","valueRequired":true,"valueName":"search_term_string"}}],"inLanguage":"fr-CA"},{"@type":"Organization","@id":"https:\/\/teamsters.ca\/fr\/#organization","name":"Teamsters Canada","url":"https:\/\/teamsters.ca\/fr\/","logo":{"@type":"ImageObject","inLanguage":"fr-CA","@id":"https:\/\/teamsters.ca\/fr\/#\/schema\/logo\/image\/","url":"https:\/\/teamsters.ca\/wp-content\/uploads\/2019\/08\/TeamstersCanada.png","contentUrl":"https:\/\/teamsters.ca\/wp-content\/uploads\/2019\/08\/TeamstersCanada.png","width":545,"height":181,"caption":"Teamsters Canada"},"image":{"@id":"https:\/\/teamsters.ca\/fr\/#\/schema\/logo\/image\/"},"sameAs":["https:\/\/www.facebook.com\/Teamsterscanada\/","https:\/\/x.com\/TeamstersCanada"]},{"@type":"Person","@id":"https:\/\/teamsters.ca\/fr\/#\/schema\/person\/3e6ffefc39fe2f212400b7d8d0a4a0c1","name":"St\u00e9phanie Meunier","image":{"@type":"ImageObject","inLanguage":"fr-CA","@id":"https:\/\/teamsters.ca\/fr\/#\/schema\/person\/image\/","url":"https:\/\/secure.gravatar.com\/avatar\/e4e8404e91ed71cb473fa2708849669810cf083c89825a3d2dd0d47dd6b2be77?s=96&d=mm&r=g","contentUrl":"https:\/\/secure.gravatar.com\/avatar\/e4e8404e91ed71cb473fa2708849669810cf083c89825a3d2dd0d47dd6b2be77?s=96&d=mm&r=g","caption":"St\u00e9phanie Meunier"},"url":"https:\/\/teamsters.ca\/fr\/blog\/author\/smeunier\/"}]}},"_links":{"self":[{"href":"https:\/\/teamsters.ca\/fr\/wp-json\/wp\/v2\/posts\/24776","targetHints":{"allow":["GET"]}}],"collection":[{"href":"https:\/\/teamsters.ca\/fr\/wp-json\/wp\/v2\/posts"}],"about":[{"href":"https:\/\/teamsters.ca\/fr\/wp-json\/wp\/v2\/types\/post"}],"author":[{"embeddable":true,"href":"https:\/\/teamsters.ca\/fr\/wp-json\/wp\/v2\/users\/8"}],"replies":[{"embeddable":true,"href":"https:\/\/teamsters.ca\/fr\/wp-json\/wp\/v2\/comments?post=24776"}],"version-history":[{"count":3,"href":"https:\/\/teamsters.ca\/fr\/wp-json\/wp\/v2\/posts\/24776\/revisions"}],"predecessor-version":[{"id":24792,"href":"https:\/\/teamsters.ca\/fr\/wp-json\/wp\/v2\/posts\/24776\/revisions\/24792"}],"wp:featuredmedia":[{"embeddable":true,"href":"https:\/\/teamsters.ca\/fr\/wp-json\/wp\/v2\/media\/24785"}],"wp:attachment":[{"href":"https:\/\/teamsters.ca\/fr\/wp-json\/wp\/v2\/media?parent=24776"}],"wp:term":[{"taxonomy":"category","embeddable":true,"href":"https:\/\/teamsters.ca\/fr\/wp-json\/wp\/v2\/categories?post=24776"},{"taxonomy":"post_tag","embeddable":true,"href":"https:\/\/teamsters.ca\/fr\/wp-json\/wp\/v2\/tags?post=24776"}],"curies":[{"name":"wp","href":"https:\/\/api.w.org\/{rel}","templated":true}]}}