{"id":24287,"date":"2023-02-06T15:23:41","date_gmt":"2023-02-06T20:23:41","guid":{"rendered":"https:\/\/teamsters.ca\/?p=24287"},"modified":"2023-02-06T15:23:43","modified_gmt":"2023-02-06T20:23:43","slug":"deces-du-confrere-herve-trudel","status":"publish","type":"post","link":"https:\/\/teamsters.ca\/fr\/blog\/2023\/02\/06\/deces-du-confrere-herve-trudel\/","title":{"rendered":"D\u00e9c\u00e8s du confr\u00e8re Herv\u00e9 Trudel"},"content":{"rendered":"\n<p>Cons\u0153urs,<br \/>confr\u00e8res,<br \/>ami\u00b7e\u00b7s,<\/p>\n\n\n\n<p>C\u2019est avec tristesse que je vous annonce le d\u00e9c\u00e8s du confr\u00e8re Herv\u00e9 Trudel, survenu aujourd\u2019hui. Il avait 85 ans.<\/p>\n\n\n\n<p>Le confr\u00e8re Trudel a pass\u00e9 plus de 40&nbsp;ans de sa vie au sein du syndicat des Teamsters. Sa contribution envers notre organisation fut des plus importantes.<\/p>\n\n\n\n<p>Il a fait ses premiers pas dans le monde du syndicalisme en devant d\u00e9l\u00e9gu\u00e9 dans une usine d\u2019embouteillage de Pepsi. Puis, il participa \u00e0 fonder la Section locale 1999 des Teamsters, qui deviendra plus tard la plus grande section locale au pays.<\/p>\n\n\n\n<p>Il a gravi les \u00e9chelons des Teamsters au niveau local, provincial, et canadien. Il occupa les postes de secr\u00e9taire-tr\u00e9sorier de sa section locale ainsi que des postes sur les comit\u00e9s ex\u00e9cutifs du Teamsters Qu\u00e9bec (Conseil conjoint 91) et de Teamsters Canada.<\/p>\n\n\n\n<p>N\u00e9gociateur habile et militant acharn\u00e9, des milliers de travailleuses et travailleurs ont joui de meilleures conditions gr\u00e2ce au travail du confr\u00e8re Trudel.<\/p>\n\n\n\n<p>Il fut, pour moi, un coll\u00e8gue de travail fort appr\u00e9ci\u00e9.<\/p>\n\n\n\n<p>Au nom des 125,000&nbsp;membres canadiens du syndicat des Teamsters, je souhaite aux proches et \u00e0 la famille du confr\u00e8re Trudel nos plus sinc\u00e8res condol\u00e9ances.<\/p>\n\n\n\n<p>Merci pour tout, Herv\u00e9.<\/p>\n\n\n\n<p>Solidairement,<\/p>\n\n\n\n<p>Fran\u00e7ois Laporte<br \/>Pr\u00e9sident, Teamsters Canada<\/p>\n","protected":false},"excerpt":{"rendered":"<p>C\u2019est avec tristesse que je vous annonce le d\u00e9c\u00e8s du confr\u00e8re Herv\u00e9 Trudel, survenu aujourd\u2019hui. Il avait 85 ans. Le confr\u00e8re Trudel a pass\u00e9 plus de 40 ans de sa vie au sein du syndicat des Teamsters. Sa contribution envers notre organisation fut des plus importantes.<\/p>\n","protected":false},"author":8,"featured_media":24288,"comment_status":"closed","ping_status":"closed","sticky":false,"template":"","format":"standard","meta":{"ngg_post_thumbnail":0,"mc4wp_mailchimp_campaign":[],"footnotes":""},"categories":[1128,1114,1145,1137],"tags":[],"class_list":{"0":"post-24287","1":"post","2":"type-post","3":"status-publish","4":"format-standard","5":"has-post-thumbnail","7":"category-autres","8":"category-nouvelles","9":"category-quebec-fr","10":"category-region-fr"},"yoast_head":"<!-- This site is optimized with the Yoast SEO Premium plugin v25.5 (Yoast SEO v25.5) - https:\/\/yoast.com\/wordpress\/plugins\/seo\/ -->\n<title>D\u00e9c\u00e8s du confr\u00e8re Herv\u00e9 Trudel | Teamsters Canada<\/title>\n<meta name=\"robots\" content=\"index, follow, max-snippet:-1, max-image-preview:large, max-video-preview:-1\" \/>\n<link rel=\"canonical\" href=\"https:\/\/teamsters.ca\/fr\/blog\/2023\/02\/06\/deces-du-confrere-herve-trudel\/\" \/>\n<meta property=\"og:locale\" content=\"fr_CA\" \/>\n<meta property=\"og:type\" content=\"article\" \/>\n<meta property=\"og:title\" content=\"D\u00e9c\u00e8s du confr\u00e8re Herv\u00e9 Trudel\" \/>\n<meta property=\"og:description\" content=\"C\u2019est avec tristesse que je vous annonce le d\u00e9c\u00e8s du confr\u00e8re Herv\u00e9 Trudel, survenu aujourd\u2019hui. Il avait 85 ans. Le confr\u00e8re Trudel a pass\u00e9 plus de 40 ans de sa vie au sein du syndicat des Teamsters. Sa contribution envers notre organisation fut des plus importantes.\" \/>\n<meta property=\"og:url\" content=\"https:\/\/teamsters.ca\/fr\/blog\/2023\/02\/06\/deces-du-confrere-herve-trudel\/\" \/>\n<meta property=\"og:site_name\" content=\"Teamsters Canada\" \/>\n<meta property=\"article:publisher\" content=\"https:\/\/www.facebook.com\/Teamsterscanada\/\" \/>\n<meta property=\"article:published_time\" content=\"2023-02-06T20:23:41+00:00\" \/>\n<meta property=\"article:modified_time\" content=\"2023-02-06T20:23:43+00:00\" \/>\n<meta property=\"og:image\" content=\"https:\/\/teamsters.ca\/wp-content\/uploads\/2023\/02\/herve-trudel-et-francois-laporte_.jpg\" \/>\n\t<meta property=\"og:image:width\" content=\"2448\" \/>\n\t<meta property=\"og:image:height\" content=\"1836\" \/>\n\t<meta property=\"og:image:type\" content=\"image\/jpeg\" \/>\n<meta name=\"author\" content=\"St\u00e9phanie Meunier\" \/>\n<meta name=\"twitter:card\" content=\"summary_large_image\" \/>\n<meta name=\"twitter:creator\" content=\"@TeamstersCanada\" \/>\n<meta name=\"twitter:site\" content=\"@TeamstersCanada\" \/>\n<meta name=\"twitter:label1\" content=\"\u00c9crit par\" \/>\n\t<meta name=\"twitter:data1\" content=\"St\u00e9phanie Meunier\" \/>\n\t<meta name=\"twitter:label2\" content=\"Estimation du temps de lecture\" \/>\n\t<meta name=\"twitter:data2\" content=\"1 minute\" \/>\n<script type=\"application\/ld+json\" class=\"yoast-schema-graph\">{\"@context\":\"https:\/\/schema.org\",\"@graph\":[{\"@type\":\"Article\",\"@id\":\"https:\/\/teamsters.ca\/fr\/blog\/2023\/02\/06\/deces-du-confrere-herve-trudel\/#article\",\"isPartOf\":{\"@id\":\"https:\/\/teamsters.ca\/fr\/blog\/2023\/02\/06\/deces-du-confrere-herve-trudel\/\"},\"author\":{\"name\":\"St\u00e9phanie Meunier\",\"@id\":\"https:\/\/teamsters.ca\/fr\/#\/schema\/person\/3e6ffefc39fe2f212400b7d8d0a4a0c1\"},\"headline\":\"D\u00e9c\u00e8s du confr\u00e8re Herv\u00e9 Trudel\",\"datePublished\":\"2023-02-06T20:23:41+00:00\",\"dateModified\":\"2023-02-06T20:23:43+00:00\",\"mainEntityOfPage\":{\"@id\":\"https:\/\/teamsters.ca\/fr\/blog\/2023\/02\/06\/deces-du-confrere-herve-trudel\/\"},\"wordCount\":229,\"publisher\":{\"@id\":\"https:\/\/teamsters.ca\/fr\/#organization\"},\"image\":{\"@id\":\"https:\/\/teamsters.ca\/fr\/blog\/2023\/02\/06\/deces-du-confrere-herve-trudel\/#primaryimage\"},\"thumbnailUrl\":\"https:\/\/teamsters.ca\/wp-content\/uploads\/2023\/02\/herve-trudel-et-francois-laporte_.jpg\",\"articleSection\":[\"Autres\",\"Nouvelles\",\"Qu\u00e9bec\",\"R\u00e9gion\"],\"inLanguage\":\"fr-CA\"},{\"@type\":\"WebPage\",\"@id\":\"https:\/\/teamsters.ca\/fr\/blog\/2023\/02\/06\/deces-du-confrere-herve-trudel\/\",\"url\":\"https:\/\/teamsters.ca\/fr\/blog\/2023\/02\/06\/deces-du-confrere-herve-trudel\/\",\"name\":\"D\u00e9c\u00e8s du confr\u00e8re Herv\u00e9 Trudel | Teamsters Canada\",\"isPartOf\":{\"@id\":\"https:\/\/teamsters.ca\/fr\/#website\"},\"primaryImageOfPage\":{\"@id\":\"https:\/\/teamsters.ca\/fr\/blog\/2023\/02\/06\/deces-du-confrere-herve-trudel\/#primaryimage\"},\"image\":{\"@id\":\"https:\/\/teamsters.ca\/fr\/blog\/2023\/02\/06\/deces-du-confrere-herve-trudel\/#primaryimage\"},\"thumbnailUrl\":\"https:\/\/teamsters.ca\/wp-content\/uploads\/2023\/02\/herve-trudel-et-francois-laporte_.jpg\",\"datePublished\":\"2023-02-06T20:23:41+00:00\",\"dateModified\":\"2023-02-06T20:23:43+00:00\",\"breadcrumb\":{\"@id\":\"https:\/\/teamsters.ca\/fr\/blog\/2023\/02\/06\/deces-du-confrere-herve-trudel\/#breadcrumb\"},\"inLanguage\":\"fr-CA\",\"potentialAction\":[{\"@type\":\"ReadAction\",\"target\":[\"https:\/\/teamsters.ca\/fr\/blog\/2023\/02\/06\/deces-du-confrere-herve-trudel\/\"]}]},{\"@type\":\"ImageObject\",\"inLanguage\":\"fr-CA\",\"@id\":\"https:\/\/teamsters.ca\/fr\/blog\/2023\/02\/06\/deces-du-confrere-herve-trudel\/#primaryimage\",\"url\":\"https:\/\/teamsters.ca\/wp-content\/uploads\/2023\/02\/herve-trudel-et-francois-laporte_.jpg\",\"contentUrl\":\"https:\/\/teamsters.ca\/wp-content\/uploads\/2023\/02\/herve-trudel-et-francois-laporte_.jpg\",\"width\":2448,\"height\":1836,\"caption\":\"Herv\u00e9 Trudel (\u00e0 gauche) et Fran\u00e7ois Laporte (\u00e0 droite)\"},{\"@type\":\"BreadcrumbList\",\"@id\":\"https:\/\/teamsters.ca\/fr\/blog\/2023\/02\/06\/deces-du-confrere-herve-trudel\/#breadcrumb\",\"itemListElement\":[{\"@type\":\"ListItem\",\"position\":1,\"name\":\"Home\",\"item\":\"https:\/\/teamsters.ca\/fr\/\"},{\"@type\":\"ListItem\",\"position\":2,\"name\":\"D\u00e9c\u00e8s du confr\u00e8re Herv\u00e9 Trudel\"}]},{\"@type\":\"WebSite\",\"@id\":\"https:\/\/teamsters.ca\/fr\/#website\",\"url\":\"https:\/\/teamsters.ca\/fr\/\",\"name\":\"Teamsters Canada\",\"description\":\"A Canadian union representing over 125 000 members\",\"publisher\":{\"@id\":\"https:\/\/teamsters.ca\/fr\/#organization\"},\"potentialAction\":[{\"@type\":\"SearchAction\",\"target\":{\"@type\":\"EntryPoint\",\"urlTemplate\":\"https:\/\/teamsters.ca\/fr\/?s={search_term_string}\"},\"query-input\":{\"@type\":\"PropertyValueSpecification\",\"valueRequired\":true,\"valueName\":\"search_term_string\"}}],\"inLanguage\":\"fr-CA\"},{\"@type\":\"Organization\",\"@id\":\"https:\/\/teamsters.ca\/fr\/#organization\",\"name\":\"Teamsters Canada\",\"url\":\"https:\/\/teamsters.ca\/fr\/\",\"logo\":{\"@type\":\"ImageObject\",\"inLanguage\":\"fr-CA\",\"@id\":\"https:\/\/teamsters.ca\/fr\/#\/schema\/logo\/image\/\",\"url\":\"https:\/\/teamsters.ca\/wp-content\/uploads\/2019\/08\/TeamstersCanada.png\",\"contentUrl\":\"https:\/\/teamsters.ca\/wp-content\/uploads\/2019\/08\/TeamstersCanada.png\",\"width\":545,\"height\":181,\"caption\":\"Teamsters Canada\"},\"image\":{\"@id\":\"https:\/\/teamsters.ca\/fr\/#\/schema\/logo\/image\/\"},\"sameAs\":[\"https:\/\/www.facebook.com\/Teamsterscanada\/\",\"https:\/\/x.com\/TeamstersCanada\"]},{\"@type\":\"Person\",\"@id\":\"https:\/\/teamsters.ca\/fr\/#\/schema\/person\/3e6ffefc39fe2f212400b7d8d0a4a0c1\",\"name\":\"St\u00e9phanie Meunier\",\"image\":{\"@type\":\"ImageObject\",\"inLanguage\":\"fr-CA\",\"@id\":\"https:\/\/teamsters.ca\/fr\/#\/schema\/person\/image\/\",\"url\":\"https:\/\/secure.gravatar.com\/avatar\/e4e8404e91ed71cb473fa2708849669810cf083c89825a3d2dd0d47dd6b2be77?s=96&d=mm&r=g\",\"contentUrl\":\"https:\/\/secure.gravatar.com\/avatar\/e4e8404e91ed71cb473fa2708849669810cf083c89825a3d2dd0d47dd6b2be77?s=96&d=mm&r=g\",\"caption\":\"St\u00e9phanie Meunier\"},\"url\":\"https:\/\/teamsters.ca\/fr\/blog\/author\/smeunier\/\"}]}<\/script>\n<!-- \/ Yoast SEO Premium plugin. -->","yoast_head_json":{"title":"D\u00e9c\u00e8s du confr\u00e8re Herv\u00e9 Trudel | Teamsters Canada","robots":{"index":"index","follow":"follow","max-snippet":"max-snippet:-1","max-image-preview":"max-image-preview:large","max-video-preview":"max-video-preview:-1"},"canonical":"https:\/\/teamsters.ca\/fr\/blog\/2023\/02\/06\/deces-du-confrere-herve-trudel\/","og_locale":"fr_CA","og_type":"article","og_title":"D\u00e9c\u00e8s du confr\u00e8re Herv\u00e9 Trudel","og_description":"C\u2019est avec tristesse que je vous annonce le d\u00e9c\u00e8s du confr\u00e8re Herv\u00e9 Trudel, survenu aujourd\u2019hui. Il avait 85 ans. Le confr\u00e8re Trudel a pass\u00e9 plus de 40 ans de sa vie au sein du syndicat des Teamsters. Sa contribution envers notre organisation fut des plus importantes.","og_url":"https:\/\/teamsters.ca\/fr\/blog\/2023\/02\/06\/deces-du-confrere-herve-trudel\/","og_site_name":"Teamsters Canada","article_publisher":"https:\/\/www.facebook.com\/Teamsterscanada\/","article_published_time":"2023-02-06T20:23:41+00:00","article_modified_time":"2023-02-06T20:23:43+00:00","og_image":[{"width":2448,"height":1836,"url":"https:\/\/teamsters.ca\/wp-content\/uploads\/2023\/02\/herve-trudel-et-francois-laporte_.jpg","type":"image\/jpeg"}],"author":"St\u00e9phanie Meunier","twitter_card":"summary_large_image","twitter_creator":"@TeamstersCanada","twitter_site":"@TeamstersCanada","twitter_misc":{"\u00c9crit par":"St\u00e9phanie Meunier","Estimation du temps de lecture":"1 minute"},"schema":{"@context":"https:\/\/schema.org","@graph":[{"@type":"Article","@id":"https:\/\/teamsters.ca\/fr\/blog\/2023\/02\/06\/deces-du-confrere-herve-trudel\/#article","isPartOf":{"@id":"https:\/\/teamsters.ca\/fr\/blog\/2023\/02\/06\/deces-du-confrere-herve-trudel\/"},"author":{"name":"St\u00e9phanie Meunier","@id":"https:\/\/teamsters.ca\/fr\/#\/schema\/person\/3e6ffefc39fe2f212400b7d8d0a4a0c1"},"headline":"D\u00e9c\u00e8s du confr\u00e8re Herv\u00e9 Trudel","datePublished":"2023-02-06T20:23:41+00:00","dateModified":"2023-02-06T20:23:43+00:00","mainEntityOfPage":{"@id":"https:\/\/teamsters.ca\/fr\/blog\/2023\/02\/06\/deces-du-confrere-herve-trudel\/"},"wordCount":229,"publisher":{"@id":"https:\/\/teamsters.ca\/fr\/#organization"},"image":{"@id":"https:\/\/teamsters.ca\/fr\/blog\/2023\/02\/06\/deces-du-confrere-herve-trudel\/#primaryimage"},"thumbnailUrl":"https:\/\/teamsters.ca\/wp-content\/uploads\/2023\/02\/herve-trudel-et-francois-laporte_.jpg","articleSection":["Autres","Nouvelles","Qu\u00e9bec","R\u00e9gion"],"inLanguage":"fr-CA"},{"@type":"WebPage","@id":"https:\/\/teamsters.ca\/fr\/blog\/2023\/02\/06\/deces-du-confrere-herve-trudel\/","url":"https:\/\/teamsters.ca\/fr\/blog\/2023\/02\/06\/deces-du-confrere-herve-trudel\/","name":"D\u00e9c\u00e8s du confr\u00e8re Herv\u00e9 Trudel | Teamsters Canada","isPartOf":{"@id":"https:\/\/teamsters.ca\/fr\/#website"},"primaryImageOfPage":{"@id":"https:\/\/teamsters.ca\/fr\/blog\/2023\/02\/06\/deces-du-confrere-herve-trudel\/#primaryimage"},"image":{"@id":"https:\/\/teamsters.ca\/fr\/blog\/2023\/02\/06\/deces-du-confrere-herve-trudel\/#primaryimage"},"thumbnailUrl":"https:\/\/teamsters.ca\/wp-content\/uploads\/2023\/02\/herve-trudel-et-francois-laporte_.jpg","datePublished":"2023-02-06T20:23:41+00:00","dateModified":"2023-02-06T20:23:43+00:00","breadcrumb":{"@id":"https:\/\/teamsters.ca\/fr\/blog\/2023\/02\/06\/deces-du-confrere-herve-trudel\/#breadcrumb"},"inLanguage":"fr-CA","potentialAction":[{"@type":"ReadAction","target":["https:\/\/teamsters.ca\/fr\/blog\/2023\/02\/06\/deces-du-confrere-herve-trudel\/"]}]},{"@type":"ImageObject","inLanguage":"fr-CA","@id":"https:\/\/teamsters.ca\/fr\/blog\/2023\/02\/06\/deces-du-confrere-herve-trudel\/#primaryimage","url":"https:\/\/teamsters.ca\/wp-content\/uploads\/2023\/02\/herve-trudel-et-francois-laporte_.jpg","contentUrl":"https:\/\/teamsters.ca\/wp-content\/uploads\/2023\/02\/herve-trudel-et-francois-laporte_.jpg","width":2448,"height":1836,"caption":"Herv\u00e9 Trudel (\u00e0 gauche) et Fran\u00e7ois Laporte (\u00e0 droite)"},{"@type":"BreadcrumbList","@id":"https:\/\/teamsters.ca\/fr\/blog\/2023\/02\/06\/deces-du-confrere-herve-trudel\/#breadcrumb","itemListElement":[{"@type":"ListItem","position":1,"name":"Home","item":"https:\/\/teamsters.ca\/fr\/"},{"@type":"ListItem","position":2,"name":"D\u00e9c\u00e8s du confr\u00e8re Herv\u00e9 Trudel"}]},{"@type":"WebSite","@id":"https:\/\/teamsters.ca\/fr\/#website","url":"https:\/\/teamsters.ca\/fr\/","name":"Teamsters Canada","description":"A Canadian union representing over 125 000 members","publisher":{"@id":"https:\/\/teamsters.ca\/fr\/#organization"},"potentialAction":[{"@type":"SearchAction","target":{"@type":"EntryPoint","urlTemplate":"https:\/\/teamsters.ca\/fr\/?s={search_term_string}"},"query-input":{"@type":"PropertyValueSpecification","valueRequired":true,"valueName":"search_term_string"}}],"inLanguage":"fr-CA"},{"@type":"Organization","@id":"https:\/\/teamsters.ca\/fr\/#organization","name":"Teamsters Canada","url":"https:\/\/teamsters.ca\/fr\/","logo":{"@type":"ImageObject","inLanguage":"fr-CA","@id":"https:\/\/teamsters.ca\/fr\/#\/schema\/logo\/image\/","url":"https:\/\/teamsters.ca\/wp-content\/uploads\/2019\/08\/TeamstersCanada.png","contentUrl":"https:\/\/teamsters.ca\/wp-content\/uploads\/2019\/08\/TeamstersCanada.png","width":545,"height":181,"caption":"Teamsters Canada"},"image":{"@id":"https:\/\/teamsters.ca\/fr\/#\/schema\/logo\/image\/"},"sameAs":["https:\/\/www.facebook.com\/Teamsterscanada\/","https:\/\/x.com\/TeamstersCanada"]},{"@type":"Person","@id":"https:\/\/teamsters.ca\/fr\/#\/schema\/person\/3e6ffefc39fe2f212400b7d8d0a4a0c1","name":"St\u00e9phanie Meunier","image":{"@type":"ImageObject","inLanguage":"fr-CA","@id":"https:\/\/teamsters.ca\/fr\/#\/schema\/person\/image\/","url":"https:\/\/secure.gravatar.com\/avatar\/e4e8404e91ed71cb473fa2708849669810cf083c89825a3d2dd0d47dd6b2be77?s=96&d=mm&r=g","contentUrl":"https:\/\/secure.gravatar.com\/avatar\/e4e8404e91ed71cb473fa2708849669810cf083c89825a3d2dd0d47dd6b2be77?s=96&d=mm&r=g","caption":"St\u00e9phanie Meunier"},"url":"https:\/\/teamsters.ca\/fr\/blog\/author\/smeunier\/"}]}},"_links":{"self":[{"href":"https:\/\/teamsters.ca\/fr\/wp-json\/wp\/v2\/posts\/24287","targetHints":{"allow":["GET"]}}],"collection":[{"href":"https:\/\/teamsters.ca\/fr\/wp-json\/wp\/v2\/posts"}],"about":[{"href":"https:\/\/teamsters.ca\/fr\/wp-json\/wp\/v2\/types\/post"}],"author":[{"embeddable":true,"href":"https:\/\/teamsters.ca\/fr\/wp-json\/wp\/v2\/users\/8"}],"replies":[{"embeddable":true,"href":"https:\/\/teamsters.ca\/fr\/wp-json\/wp\/v2\/comments?post=24287"}],"version-history":[{"count":1,"href":"https:\/\/teamsters.ca\/fr\/wp-json\/wp\/v2\/posts\/24287\/revisions"}],"predecessor-version":[{"id":24290,"href":"https:\/\/teamsters.ca\/fr\/wp-json\/wp\/v2\/posts\/24287\/revisions\/24290"}],"wp:featuredmedia":[{"embeddable":true,"href":"https:\/\/teamsters.ca\/fr\/wp-json\/wp\/v2\/media\/24288"}],"wp:attachment":[{"href":"https:\/\/teamsters.ca\/fr\/wp-json\/wp\/v2\/media?parent=24287"}],"wp:term":[{"taxonomy":"category","embeddable":true,"href":"https:\/\/teamsters.ca\/fr\/wp-json\/wp\/v2\/categories?post=24287"},{"taxonomy":"post_tag","embeddable":true,"href":"https:\/\/teamsters.ca\/fr\/wp-json\/wp\/v2\/tags?post=24287"}],"curies":[{"name":"wp","href":"https:\/\/api.w.org\/{rel}","templated":true}]}}