{"id":24109,"date":"2022-11-07T17:00:00","date_gmt":"2022-11-07T22:00:00","guid":{"rendered":"https:\/\/teamsters.ca\/?p=24109"},"modified":"2022-11-07T17:34:54","modified_gmt":"2022-11-07T22:34:54","slug":"deces-du-confrere-leo-laliberte","status":"publish","type":"post","link":"https:\/\/teamsters.ca\/fr\/blog\/2022\/11\/07\/deces-du-confrere-leo-laliberte\/","title":{"rendered":"D\u00e9c\u00e8s du confr\u00e8re L\u00e9o Lalibert\u00e9"},"content":{"rendered":"\n<p><em>Fran\u00e7ois Laporte est le pr\u00e9sident de Teamsters Canada.<\/em><\/p>\n\n\n\n<p>Chers confr\u00e8res,<br \/>Ch\u00e8res consoeurs,<\/p>\n\n\n\n<p>J\u2019ai le regret de vous informer que le confr\u00e8re L\u00e9o Lalibert\u00e9 est d\u00e9c\u00e9d\u00e9 sereinement des suites d\u2019une maladie le 6 novembre 2022, le jour de ses 72 ans.<\/p>\n\n\n\n<p>Le confr\u00e8re Lalibert\u00e9 a d\u2019abord joint les rangs du syndicat des Teamsters en 1989 comme routier chez Robert Transport. Il a gravi les rangs successivement, d\u2019abord comme assistant agent d\u2019affaires chez Robert Transport (1999) puis agent d\u2019affaires permanent au local 106 (2000). \u00c9lu membre de l\u2019ex\u00e9cutif de la section locale comme secr\u00e9taire archiviste en 2006, il en est devenu vice-pr\u00e9sident en 2013. Il a pris sa retraite en 2021.&nbsp;<\/p>\n\n\n\n<p>L\u00e9o a su faire profiter l\u2019ensemble de la famille des Teamsters de ses comp\u00e9tences et de son exp\u00e9rience, agissant \u00e9galement \u00e0 titre de&nbsp;membre du Comit\u00e9 de formation de Teamsters Qu\u00e9bec, membre des comit\u00e9s de r\u00e9gime de retraite des transporteurs automobiles et de Teamsters Qu\u00e9bec, et en tant qu\u2019assistant-directeur de la division transport et camions-citernes de Teamsters Canada.<\/p>\n\n\n\n<p>Nous nous souviendrons toujours de lui&nbsp;pour son souci du d\u00e9tail et pour son don de soi comme mentor aupr\u00e8s de nombreux confr\u00e8res et cons\u0153urs.&nbsp;Je me souviendrai de lui comme une bonne personne, d\u2019un Teamster solide et comme quelqu\u2019un qui fut ador\u00e9 par sa communaut\u00e9 et respect\u00e9 par ses pairs.&nbsp;<\/p>\n\n\n\n<p>Il laisse dans le deuil sa femme Louise, ses deux fils, Steve et Francois, ses quatre petites-filles, Rapha\u00eblle, Oc\u00e9ane, Maggie, Lily Rose, ses trois s\u0153urs, Johanne, Jacqueline et Judith, et son fr\u00e8re Roger.<\/p>\n\n\n\n<p>Au nom des 125 000 membres canadiens du syndicat des Teamsters, je tiens \u00e0 exprimer nos plus sinc\u00e8res condol\u00e9ances \u00e0 la famille et aux coll\u00e8gues du confr\u00e8re Lalibert\u00e9.&nbsp;<\/p>\n\n\n\n<p>Repose en paix, L\u00e9o.&nbsp;<\/p>\n\n\n\n<p>Solidairement,&nbsp;<br \/>Fran\u00e7ois Laporte<br \/>Pr\u00e9sident, Teamsters Canada<\/p>\n","protected":false},"excerpt":{"rendered":"<p>Nous nous souviendrons toujours de lui\u00a0pour son souci du d\u00e9tail et pour son don de soi comme mentor aupr\u00e8s de nombreux confr\u00e8res et cons\u0153urs.\u00a0Je me souviendrai de lui comme une bonne personne, d\u2019un Teamster solide et comme quelqu\u2019un qui fut ador\u00e9 par sa communaut\u00e9 et respect\u00e9 par ses pairs&#8230;<\/p>\n","protected":false},"author":8,"featured_media":24106,"comment_status":"closed","ping_status":"closed","sticky":false,"template":"","format":"standard","meta":{"ngg_post_thumbnail":0,"mc4wp_mailchimp_campaign":[],"footnotes":""},"categories":[1128,1114,1145,1137],"tags":[6874],"class_list":{"0":"post-24109","1":"post","2":"type-post","3":"status-publish","4":"format-standard","5":"has-post-thumbnail","7":"category-autres","8":"category-nouvelles","9":"category-quebec-fr","10":"category-region-fr","11":"tag-leo-laliberte-2"},"yoast_head":"<!-- This site is optimized with the Yoast SEO Premium plugin v25.5 (Yoast SEO v25.5) - https:\/\/yoast.com\/wordpress\/plugins\/seo\/ -->\n<title>D\u00e9c\u00e8s du confr\u00e8re L\u00e9o Lalibert\u00e9 | Teamsters Canada<\/title>\n<meta name=\"robots\" content=\"index, follow, max-snippet:-1, max-image-preview:large, max-video-preview:-1\" \/>\n<link rel=\"canonical\" href=\"https:\/\/teamsters.ca\/fr\/blog\/2022\/11\/07\/deces-du-confrere-leo-laliberte\/\" \/>\n<meta property=\"og:locale\" content=\"fr_CA\" \/>\n<meta property=\"og:type\" content=\"article\" \/>\n<meta property=\"og:title\" content=\"D\u00e9c\u00e8s du confr\u00e8re L\u00e9o Lalibert\u00e9\" \/>\n<meta property=\"og:description\" content=\"Nous nous souviendrons toujours de lui\u00a0pour son souci du d\u00e9tail et pour son don de soi comme mentor aupr\u00e8s de nombreux confr\u00e8res et cons\u0153urs.\u00a0Je me souviendrai de lui comme une bonne personne, d\u2019un Teamster solide et comme quelqu\u2019un qui fut ador\u00e9 par sa communaut\u00e9 et respect\u00e9 par ses pairs...\" \/>\n<meta property=\"og:url\" content=\"https:\/\/teamsters.ca\/fr\/blog\/2022\/11\/07\/deces-du-confrere-leo-laliberte\/\" \/>\n<meta property=\"og:site_name\" content=\"Teamsters Canada\" \/>\n<meta property=\"article:publisher\" content=\"https:\/\/www.facebook.com\/Teamsterscanada\/\" \/>\n<meta property=\"article:published_time\" content=\"2022-11-07T22:00:00+00:00\" \/>\n<meta property=\"article:modified_time\" content=\"2022-11-07T22:34:54+00:00\" \/>\n<meta property=\"og:image\" content=\"https:\/\/teamsters.ca\/wp-content\/uploads\/2022\/11\/leo-laliberte.jpg\" \/>\n\t<meta property=\"og:image:width\" content=\"1166\" \/>\n\t<meta property=\"og:image:height\" content=\"768\" \/>\n\t<meta property=\"og:image:type\" content=\"image\/jpeg\" \/>\n<meta name=\"author\" content=\"St\u00e9phanie Meunier\" \/>\n<meta name=\"twitter:card\" content=\"summary_large_image\" \/>\n<meta name=\"twitter:creator\" content=\"@TeamstersCanada\" \/>\n<meta name=\"twitter:site\" content=\"@TeamstersCanada\" \/>\n<meta name=\"twitter:label1\" content=\"\u00c9crit par\" \/>\n\t<meta name=\"twitter:data1\" content=\"St\u00e9phanie Meunier\" \/>\n\t<meta name=\"twitter:label2\" content=\"Estimation du temps de lecture\" \/>\n\t<meta name=\"twitter:data2\" content=\"2 minutes\" \/>\n<script type=\"application\/ld+json\" class=\"yoast-schema-graph\">{\"@context\":\"https:\/\/schema.org\",\"@graph\":[{\"@type\":\"Article\",\"@id\":\"https:\/\/teamsters.ca\/fr\/blog\/2022\/11\/07\/deces-du-confrere-leo-laliberte\/#article\",\"isPartOf\":{\"@id\":\"https:\/\/teamsters.ca\/fr\/blog\/2022\/11\/07\/deces-du-confrere-leo-laliberte\/\"},\"author\":{\"name\":\"St\u00e9phanie Meunier\",\"@id\":\"https:\/\/teamsters.ca\/fr\/#\/schema\/person\/3e6ffefc39fe2f212400b7d8d0a4a0c1\"},\"headline\":\"D\u00e9c\u00e8s du confr\u00e8re L\u00e9o Lalibert\u00e9\",\"datePublished\":\"2022-11-07T22:00:00+00:00\",\"dateModified\":\"2022-11-07T22:34:54+00:00\",\"mainEntityOfPage\":{\"@id\":\"https:\/\/teamsters.ca\/fr\/blog\/2022\/11\/07\/deces-du-confrere-leo-laliberte\/\"},\"wordCount\":335,\"publisher\":{\"@id\":\"https:\/\/teamsters.ca\/fr\/#organization\"},\"image\":{\"@id\":\"https:\/\/teamsters.ca\/fr\/blog\/2022\/11\/07\/deces-du-confrere-leo-laliberte\/#primaryimage\"},\"thumbnailUrl\":\"https:\/\/teamsters.ca\/wp-content\/uploads\/2022\/11\/leo-laliberte.jpg\",\"keywords\":[\"L\u00e9o Lalibert\u00e9\"],\"articleSection\":[\"Autres\",\"Nouvelles\",\"Qu\u00e9bec\",\"R\u00e9gion\"],\"inLanguage\":\"fr-CA\"},{\"@type\":\"WebPage\",\"@id\":\"https:\/\/teamsters.ca\/fr\/blog\/2022\/11\/07\/deces-du-confrere-leo-laliberte\/\",\"url\":\"https:\/\/teamsters.ca\/fr\/blog\/2022\/11\/07\/deces-du-confrere-leo-laliberte\/\",\"name\":\"D\u00e9c\u00e8s du confr\u00e8re L\u00e9o Lalibert\u00e9 | Teamsters Canada\",\"isPartOf\":{\"@id\":\"https:\/\/teamsters.ca\/fr\/#website\"},\"primaryImageOfPage\":{\"@id\":\"https:\/\/teamsters.ca\/fr\/blog\/2022\/11\/07\/deces-du-confrere-leo-laliberte\/#primaryimage\"},\"image\":{\"@id\":\"https:\/\/teamsters.ca\/fr\/blog\/2022\/11\/07\/deces-du-confrere-leo-laliberte\/#primaryimage\"},\"thumbnailUrl\":\"https:\/\/teamsters.ca\/wp-content\/uploads\/2022\/11\/leo-laliberte.jpg\",\"datePublished\":\"2022-11-07T22:00:00+00:00\",\"dateModified\":\"2022-11-07T22:34:54+00:00\",\"breadcrumb\":{\"@id\":\"https:\/\/teamsters.ca\/fr\/blog\/2022\/11\/07\/deces-du-confrere-leo-laliberte\/#breadcrumb\"},\"inLanguage\":\"fr-CA\",\"potentialAction\":[{\"@type\":\"ReadAction\",\"target\":[\"https:\/\/teamsters.ca\/fr\/blog\/2022\/11\/07\/deces-du-confrere-leo-laliberte\/\"]}]},{\"@type\":\"ImageObject\",\"inLanguage\":\"fr-CA\",\"@id\":\"https:\/\/teamsters.ca\/fr\/blog\/2022\/11\/07\/deces-du-confrere-leo-laliberte\/#primaryimage\",\"url\":\"https:\/\/teamsters.ca\/wp-content\/uploads\/2022\/11\/leo-laliberte.jpg\",\"contentUrl\":\"https:\/\/teamsters.ca\/wp-content\/uploads\/2022\/11\/leo-laliberte.jpg\",\"width\":1166,\"height\":768},{\"@type\":\"BreadcrumbList\",\"@id\":\"https:\/\/teamsters.ca\/fr\/blog\/2022\/11\/07\/deces-du-confrere-leo-laliberte\/#breadcrumb\",\"itemListElement\":[{\"@type\":\"ListItem\",\"position\":1,\"name\":\"Home\",\"item\":\"https:\/\/teamsters.ca\/fr\/\"},{\"@type\":\"ListItem\",\"position\":2,\"name\":\"D\u00e9c\u00e8s du confr\u00e8re L\u00e9o Lalibert\u00e9\"}]},{\"@type\":\"WebSite\",\"@id\":\"https:\/\/teamsters.ca\/fr\/#website\",\"url\":\"https:\/\/teamsters.ca\/fr\/\",\"name\":\"Teamsters Canada\",\"description\":\"A Canadian union representing over 125 000 members\",\"publisher\":{\"@id\":\"https:\/\/teamsters.ca\/fr\/#organization\"},\"potentialAction\":[{\"@type\":\"SearchAction\",\"target\":{\"@type\":\"EntryPoint\",\"urlTemplate\":\"https:\/\/teamsters.ca\/fr\/?s={search_term_string}\"},\"query-input\":{\"@type\":\"PropertyValueSpecification\",\"valueRequired\":true,\"valueName\":\"search_term_string\"}}],\"inLanguage\":\"fr-CA\"},{\"@type\":\"Organization\",\"@id\":\"https:\/\/teamsters.ca\/fr\/#organization\",\"name\":\"Teamsters Canada\",\"url\":\"https:\/\/teamsters.ca\/fr\/\",\"logo\":{\"@type\":\"ImageObject\",\"inLanguage\":\"fr-CA\",\"@id\":\"https:\/\/teamsters.ca\/fr\/#\/schema\/logo\/image\/\",\"url\":\"https:\/\/teamsters.ca\/wp-content\/uploads\/2019\/08\/TeamstersCanada.png\",\"contentUrl\":\"https:\/\/teamsters.ca\/wp-content\/uploads\/2019\/08\/TeamstersCanada.png\",\"width\":545,\"height\":181,\"caption\":\"Teamsters Canada\"},\"image\":{\"@id\":\"https:\/\/teamsters.ca\/fr\/#\/schema\/logo\/image\/\"},\"sameAs\":[\"https:\/\/www.facebook.com\/Teamsterscanada\/\",\"https:\/\/x.com\/TeamstersCanada\"]},{\"@type\":\"Person\",\"@id\":\"https:\/\/teamsters.ca\/fr\/#\/schema\/person\/3e6ffefc39fe2f212400b7d8d0a4a0c1\",\"name\":\"St\u00e9phanie Meunier\",\"image\":{\"@type\":\"ImageObject\",\"inLanguage\":\"fr-CA\",\"@id\":\"https:\/\/teamsters.ca\/fr\/#\/schema\/person\/image\/\",\"url\":\"https:\/\/secure.gravatar.com\/avatar\/e4e8404e91ed71cb473fa2708849669810cf083c89825a3d2dd0d47dd6b2be77?s=96&d=mm&r=g\",\"contentUrl\":\"https:\/\/secure.gravatar.com\/avatar\/e4e8404e91ed71cb473fa2708849669810cf083c89825a3d2dd0d47dd6b2be77?s=96&d=mm&r=g\",\"caption\":\"St\u00e9phanie Meunier\"},\"url\":\"https:\/\/teamsters.ca\/fr\/blog\/author\/smeunier\/\"}]}<\/script>\n<!-- \/ Yoast SEO Premium plugin. -->","yoast_head_json":{"title":"D\u00e9c\u00e8s du confr\u00e8re L\u00e9o Lalibert\u00e9 | Teamsters Canada","robots":{"index":"index","follow":"follow","max-snippet":"max-snippet:-1","max-image-preview":"max-image-preview:large","max-video-preview":"max-video-preview:-1"},"canonical":"https:\/\/teamsters.ca\/fr\/blog\/2022\/11\/07\/deces-du-confrere-leo-laliberte\/","og_locale":"fr_CA","og_type":"article","og_title":"D\u00e9c\u00e8s du confr\u00e8re L\u00e9o Lalibert\u00e9","og_description":"Nous nous souviendrons toujours de lui\u00a0pour son souci du d\u00e9tail et pour son don de soi comme mentor aupr\u00e8s de nombreux confr\u00e8res et cons\u0153urs.\u00a0Je me souviendrai de lui comme une bonne personne, d\u2019un Teamster solide et comme quelqu\u2019un qui fut ador\u00e9 par sa communaut\u00e9 et respect\u00e9 par ses pairs...","og_url":"https:\/\/teamsters.ca\/fr\/blog\/2022\/11\/07\/deces-du-confrere-leo-laliberte\/","og_site_name":"Teamsters Canada","article_publisher":"https:\/\/www.facebook.com\/Teamsterscanada\/","article_published_time":"2022-11-07T22:00:00+00:00","article_modified_time":"2022-11-07T22:34:54+00:00","og_image":[{"width":1166,"height":768,"url":"https:\/\/teamsters.ca\/wp-content\/uploads\/2022\/11\/leo-laliberte.jpg","type":"image\/jpeg"}],"author":"St\u00e9phanie Meunier","twitter_card":"summary_large_image","twitter_creator":"@TeamstersCanada","twitter_site":"@TeamstersCanada","twitter_misc":{"\u00c9crit par":"St\u00e9phanie Meunier","Estimation du temps de lecture":"2 minutes"},"schema":{"@context":"https:\/\/schema.org","@graph":[{"@type":"Article","@id":"https:\/\/teamsters.ca\/fr\/blog\/2022\/11\/07\/deces-du-confrere-leo-laliberte\/#article","isPartOf":{"@id":"https:\/\/teamsters.ca\/fr\/blog\/2022\/11\/07\/deces-du-confrere-leo-laliberte\/"},"author":{"name":"St\u00e9phanie Meunier","@id":"https:\/\/teamsters.ca\/fr\/#\/schema\/person\/3e6ffefc39fe2f212400b7d8d0a4a0c1"},"headline":"D\u00e9c\u00e8s du confr\u00e8re L\u00e9o Lalibert\u00e9","datePublished":"2022-11-07T22:00:00+00:00","dateModified":"2022-11-07T22:34:54+00:00","mainEntityOfPage":{"@id":"https:\/\/teamsters.ca\/fr\/blog\/2022\/11\/07\/deces-du-confrere-leo-laliberte\/"},"wordCount":335,"publisher":{"@id":"https:\/\/teamsters.ca\/fr\/#organization"},"image":{"@id":"https:\/\/teamsters.ca\/fr\/blog\/2022\/11\/07\/deces-du-confrere-leo-laliberte\/#primaryimage"},"thumbnailUrl":"https:\/\/teamsters.ca\/wp-content\/uploads\/2022\/11\/leo-laliberte.jpg","keywords":["L\u00e9o Lalibert\u00e9"],"articleSection":["Autres","Nouvelles","Qu\u00e9bec","R\u00e9gion"],"inLanguage":"fr-CA"},{"@type":"WebPage","@id":"https:\/\/teamsters.ca\/fr\/blog\/2022\/11\/07\/deces-du-confrere-leo-laliberte\/","url":"https:\/\/teamsters.ca\/fr\/blog\/2022\/11\/07\/deces-du-confrere-leo-laliberte\/","name":"D\u00e9c\u00e8s du confr\u00e8re L\u00e9o Lalibert\u00e9 | Teamsters Canada","isPartOf":{"@id":"https:\/\/teamsters.ca\/fr\/#website"},"primaryImageOfPage":{"@id":"https:\/\/teamsters.ca\/fr\/blog\/2022\/11\/07\/deces-du-confrere-leo-laliberte\/#primaryimage"},"image":{"@id":"https:\/\/teamsters.ca\/fr\/blog\/2022\/11\/07\/deces-du-confrere-leo-laliberte\/#primaryimage"},"thumbnailUrl":"https:\/\/teamsters.ca\/wp-content\/uploads\/2022\/11\/leo-laliberte.jpg","datePublished":"2022-11-07T22:00:00+00:00","dateModified":"2022-11-07T22:34:54+00:00","breadcrumb":{"@id":"https:\/\/teamsters.ca\/fr\/blog\/2022\/11\/07\/deces-du-confrere-leo-laliberte\/#breadcrumb"},"inLanguage":"fr-CA","potentialAction":[{"@type":"ReadAction","target":["https:\/\/teamsters.ca\/fr\/blog\/2022\/11\/07\/deces-du-confrere-leo-laliberte\/"]}]},{"@type":"ImageObject","inLanguage":"fr-CA","@id":"https:\/\/teamsters.ca\/fr\/blog\/2022\/11\/07\/deces-du-confrere-leo-laliberte\/#primaryimage","url":"https:\/\/teamsters.ca\/wp-content\/uploads\/2022\/11\/leo-laliberte.jpg","contentUrl":"https:\/\/teamsters.ca\/wp-content\/uploads\/2022\/11\/leo-laliberte.jpg","width":1166,"height":768},{"@type":"BreadcrumbList","@id":"https:\/\/teamsters.ca\/fr\/blog\/2022\/11\/07\/deces-du-confrere-leo-laliberte\/#breadcrumb","itemListElement":[{"@type":"ListItem","position":1,"name":"Home","item":"https:\/\/teamsters.ca\/fr\/"},{"@type":"ListItem","position":2,"name":"D\u00e9c\u00e8s du confr\u00e8re L\u00e9o Lalibert\u00e9"}]},{"@type":"WebSite","@id":"https:\/\/teamsters.ca\/fr\/#website","url":"https:\/\/teamsters.ca\/fr\/","name":"Teamsters Canada","description":"A Canadian union representing over 125 000 members","publisher":{"@id":"https:\/\/teamsters.ca\/fr\/#organization"},"potentialAction":[{"@type":"SearchAction","target":{"@type":"EntryPoint","urlTemplate":"https:\/\/teamsters.ca\/fr\/?s={search_term_string}"},"query-input":{"@type":"PropertyValueSpecification","valueRequired":true,"valueName":"search_term_string"}}],"inLanguage":"fr-CA"},{"@type":"Organization","@id":"https:\/\/teamsters.ca\/fr\/#organization","name":"Teamsters Canada","url":"https:\/\/teamsters.ca\/fr\/","logo":{"@type":"ImageObject","inLanguage":"fr-CA","@id":"https:\/\/teamsters.ca\/fr\/#\/schema\/logo\/image\/","url":"https:\/\/teamsters.ca\/wp-content\/uploads\/2019\/08\/TeamstersCanada.png","contentUrl":"https:\/\/teamsters.ca\/wp-content\/uploads\/2019\/08\/TeamstersCanada.png","width":545,"height":181,"caption":"Teamsters Canada"},"image":{"@id":"https:\/\/teamsters.ca\/fr\/#\/schema\/logo\/image\/"},"sameAs":["https:\/\/www.facebook.com\/Teamsterscanada\/","https:\/\/x.com\/TeamstersCanada"]},{"@type":"Person","@id":"https:\/\/teamsters.ca\/fr\/#\/schema\/person\/3e6ffefc39fe2f212400b7d8d0a4a0c1","name":"St\u00e9phanie Meunier","image":{"@type":"ImageObject","inLanguage":"fr-CA","@id":"https:\/\/teamsters.ca\/fr\/#\/schema\/person\/image\/","url":"https:\/\/secure.gravatar.com\/avatar\/e4e8404e91ed71cb473fa2708849669810cf083c89825a3d2dd0d47dd6b2be77?s=96&d=mm&r=g","contentUrl":"https:\/\/secure.gravatar.com\/avatar\/e4e8404e91ed71cb473fa2708849669810cf083c89825a3d2dd0d47dd6b2be77?s=96&d=mm&r=g","caption":"St\u00e9phanie Meunier"},"url":"https:\/\/teamsters.ca\/fr\/blog\/author\/smeunier\/"}]}},"_links":{"self":[{"href":"https:\/\/teamsters.ca\/fr\/wp-json\/wp\/v2\/posts\/24109","targetHints":{"allow":["GET"]}}],"collection":[{"href":"https:\/\/teamsters.ca\/fr\/wp-json\/wp\/v2\/posts"}],"about":[{"href":"https:\/\/teamsters.ca\/fr\/wp-json\/wp\/v2\/types\/post"}],"author":[{"embeddable":true,"href":"https:\/\/teamsters.ca\/fr\/wp-json\/wp\/v2\/users\/8"}],"replies":[{"embeddable":true,"href":"https:\/\/teamsters.ca\/fr\/wp-json\/wp\/v2\/comments?post=24109"}],"version-history":[{"count":2,"href":"https:\/\/teamsters.ca\/fr\/wp-json\/wp\/v2\/posts\/24109\/revisions"}],"predecessor-version":[{"id":24112,"href":"https:\/\/teamsters.ca\/fr\/wp-json\/wp\/v2\/posts\/24109\/revisions\/24112"}],"wp:featuredmedia":[{"embeddable":true,"href":"https:\/\/teamsters.ca\/fr\/wp-json\/wp\/v2\/media\/24106"}],"wp:attachment":[{"href":"https:\/\/teamsters.ca\/fr\/wp-json\/wp\/v2\/media?parent=24109"}],"wp:term":[{"taxonomy":"category","embeddable":true,"href":"https:\/\/teamsters.ca\/fr\/wp-json\/wp\/v2\/categories?post=24109"},{"taxonomy":"post_tag","embeddable":true,"href":"https:\/\/teamsters.ca\/fr\/wp-json\/wp\/v2\/tags?post=24109"}],"curies":[{"name":"wp","href":"https:\/\/api.w.org\/{rel}","templated":true}]}}