{"id":24101,"date":"2022-11-03T22:27:00","date_gmt":"2022-11-04T02:27:00","guid":{"rendered":"https:\/\/teamsters.ca\/?p=24101"},"modified":"2022-11-03T22:21:32","modified_gmt":"2022-11-04T02:21:32","slug":"teamsters-canada-appuie-fermement-lorientation-prise-dans-lenonce-economique-de-lautomne-2022","status":"publish","type":"post","link":"https:\/\/teamsters.ca\/fr\/blog\/2022\/11\/03\/teamsters-canada-appuie-fermement-lorientation-prise-dans-lenonce-economique-de-lautomne-2022\/","title":{"rendered":"Teamsters Canada appuie fermement l&rsquo;orientation prise dans l&rsquo;\u00c9nonc\u00e9 \u00e9conomique de l&rsquo;automne 2022"},"content":{"rendered":"\n<p>Laval (QC), le 3 novembre 2022 &#8211; Teamsters Canada se r\u00e9jouit des mesures pr\u00e9sent\u00e9es dans l&rsquo;\u00c9nonc\u00e9 \u00e9conomique de l&rsquo;automne 2022 du gouvernement du Canada qui assurent une meilleur  qualit\u00e9 de vie et une meilleure protection aux travailleuses et travailleurs et leurs familles, d\u2019une part, tout en reconnaissant l\u2019apport de ces travailleurs \u00e0 une \u00e9conomie robuste, d\u2019autre part.<\/p>\n\n\n\n<p>\u00ab Nous appuyons fortement l&rsquo;orientation prise par le gouvernement lib\u00e9ral pour soutenir les familles de la classe ouvri\u00e8re. Ce sont elles qui ont \u00e9t\u00e9 le plus durement touch\u00e9es par la hausse des co\u00fbts de l&rsquo;inflation et qui se pr\u00e9parent \u00e0 faire les frais d&rsquo;un sc\u00e9nario \u00e0 la baisse pour la croissance et l&#8217;emploi \u00bb, explique Fran\u00e7ois Laporte, pr\u00e9sident de Teamsters Canada.<\/p>\n\n\n\n<p>Teamsters Canada se r\u00e9jouit notamment que le gouvernement ait mis de c\u00f4t\u00e9 4 milliards de dollars sur six ans pour offrir un cr\u00e9dit d&rsquo;imp\u00f4t remboursable anticip\u00e9 afin d&rsquo;aider les personnes et les familles qui travaillent et gagnent un faible revenu. Les mesures visant \u00e0 renforcer l&rsquo;assuranceemploi et le R\u00e9gime de pensions du Canada (RPC) permettront aux travailleuses et travailleurs de prendre leur retraite dans la dignit\u00e9. L&rsquo;introduction d&rsquo;un r\u00e9gime de soins dentaires pour les enfants de moins de 12 ans est une premi\u00e8re \u00e9tape bienvenue vers l&rsquo;\u00e9tablissement d&rsquo;un programme national complet de soins dentaires d&rsquo;ici 2025.<\/p>\n\n\n\n<p>\u00ab Nous applaudissons \u00e9galement la reconnaissance par le gouvernement du fait que les travailleuses et travailleurs et les m\u00e9tiers sp\u00e9cialis\u00e9s jouent un r\u00f4le cl\u00e9 dans la r\u00e9ussite de l&rsquo;\u00e9conomie canadienne. L&rsquo;apprentissage et le soutien \u00e0 la formation suppl\u00e9mentaire pour assurer les transitions industrielles et \u00e9conomiques en sont un \u00e9l\u00e9ment majeur. Les travailleurs sont \u00e0 l&rsquo;avant-garde de la r\u00e9alisation des changements n\u00e9cessaires \u00e0 une \u00e9conomie juste et durable \u00bb, a poursuivi M. Laporte. Il souligne l&rsquo;investissement de 250 millions de dollars et la cr\u00e9ation d&#8217;emplois suppl\u00e9mentaires dans le cadre du Programme de formation syndicale et d&rsquo;innovation, ainsi que l&rsquo;\u00e9limination des paiements d&rsquo;int\u00e9r\u00eats sur les pr\u00eats aux apprentis du Canada.<\/p>\n\n\n\n<p>\u00ab Enfin, nous sommes encourag\u00e9s par le fait que le gouvernement du Canada redouble d&rsquo;efforts pour lutter contre l&rsquo;escroquerie de \u2018Chauffeurs Inc\u2019. Cette pratique exploitante a abaiss\u00e9 les normes de travail dans le secteur du camionnage et priv\u00e9 les travailleuses et travailleurs de leurs droits fondamentaux en vertu du Code du travail ; il faut y mettre fin. Teamsters Canada a h\u00e2te de collaborer avec le gouvernement f\u00e9d\u00e9ral pour examiner ce que l&rsquo;Agence du revenu du Canada peut faire pour s&rsquo;assurer que toutes les r\u00e8gles actuelles et futures sont \u00e9quitables pour l\u2019ensemble des travailleurs de l&rsquo;industrie du camionnage \u00bb, a conclu le pr\u00e9sident Laporte.<\/p>\n\n\n\n<p><em>Avec plus de 125 000 membres, Teamsters Canada est le plus important syndicat du secteur des transports et de la cha\u00eene d\u2019approvisionnement au pays. L\u2019organisation repr\u00e9sente les travailleurs du CP, du CN, d\u2019UPS, de Purolator et d\u2019innombrables entreprises de camionnage, entre autres. Elle est affili\u00e9e \u00e0 la Fraternit\u00e9 internationale des Teamsters, qui repr\u00e9sente plus de 1,2 million de travailleurs en Am\u00e9rique du Nord.<\/em><\/p>\n\n\n\n<p class=\"has-text-align-center\"><br \/>-30-<\/p>\n\n\n\n<p class=\"has-text-align-left\"><br \/>Contact medias:<br \/>Catherine Cosgrove<br \/>Directrice, Relations m\u00e9dias et Affaires publiques<br \/>Teamsters Canada<br \/>514-618-2541<br \/><a href=\"mailto:ccosgrove@teamsters.ca\">ccosgrove@teamsters.ca<\/a><\/p>\n","protected":false},"excerpt":{"rendered":"<p>sures pr\u00e9sent\u00e9es dans l&rsquo;\u00c9nonc\u00e9 \u00e9conomique de l&rsquo;automne 2022 du gouvernement du Canada qui assurent une meilleur  qualit\u00e9 de vie et une meilleure protection aux travailleuses et travailleurs et leurs familles, d\u2019une part, tout en reconnaissant l\u2019apport de ces travailleurs \u00e0 une \u00e9conomie robuste, d\u2019autre part.<\/p>\n","protected":false},"author":8,"featured_media":5595,"comment_status":"closed","ping_status":"closed","sticky":false,"template":"","format":"standard","meta":{"ngg_post_thumbnail":0,"mc4wp_mailchimp_campaign":[],"footnotes":""},"categories":[1128,1140,1114,1137],"tags":[],"class_list":{"0":"post-24101","1":"post","2":"type-post","3":"status-publish","4":"format-standard","5":"has-post-thumbnail","7":"category-autres","8":"category-canada-region-fr","9":"category-nouvelles","10":"category-region-fr"},"yoast_head":"<!-- This site is optimized with the Yoast SEO Premium plugin v25.5 (Yoast SEO v25.5) - https:\/\/yoast.com\/wordpress\/plugins\/seo\/ -->\n<title>Teamsters Canada appuie fermement l&#039;orientation prise dans l&#039;\u00c9nonc\u00e9 \u00e9conomique de l&#039;automne 2022 | Teamsters Canada<\/title>\n<meta name=\"robots\" content=\"index, follow, max-snippet:-1, max-image-preview:large, max-video-preview:-1\" \/>\n<link rel=\"canonical\" href=\"https:\/\/teamsters.ca\/fr\/blog\/2022\/11\/03\/teamsters-canada-appuie-fermement-lorientation-prise-dans-lenonce-economique-de-lautomne-2022\/\" \/>\n<meta property=\"og:locale\" content=\"fr_CA\" \/>\n<meta property=\"og:type\" content=\"article\" \/>\n<meta property=\"og:title\" content=\"Teamsters Canada appuie fermement l&#039;orientation prise dans l&#039;\u00c9nonc\u00e9 \u00e9conomique de l&#039;automne 2022\" \/>\n<meta property=\"og:description\" content=\"sures pr\u00e9sent\u00e9es dans l&#039;\u00c9nonc\u00e9 \u00e9conomique de l&#039;automne 2022 du gouvernement du Canada qui assurent une meilleur qualit\u00e9 de vie et une meilleure protection aux travailleuses et travailleurs et leurs familles, d\u2019une part, tout en reconnaissant l\u2019apport de ces travailleurs \u00e0 une \u00e9conomie robuste, d\u2019autre part.\" \/>\n<meta property=\"og:url\" content=\"https:\/\/teamsters.ca\/fr\/blog\/2022\/11\/03\/teamsters-canada-appuie-fermement-lorientation-prise-dans-lenonce-economique-de-lautomne-2022\/\" \/>\n<meta property=\"og:site_name\" content=\"Teamsters Canada\" \/>\n<meta property=\"article:publisher\" content=\"https:\/\/www.facebook.com\/Teamsterscanada\/\" \/>\n<meta property=\"article:published_time\" content=\"2022-11-04T02:27:00+00:00\" \/>\n<meta property=\"og:image\" content=\"https:\/\/teamsters.ca\/wp-content\/uploads\/2016\/06\/parl-hill.jpg\" \/>\n\t<meta property=\"og:image:width\" content=\"1166\" \/>\n\t<meta property=\"og:image:height\" content=\"741\" \/>\n\t<meta property=\"og:image:type\" content=\"image\/jpeg\" \/>\n<meta name=\"author\" content=\"St\u00e9phanie Meunier\" \/>\n<meta name=\"twitter:card\" content=\"summary_large_image\" \/>\n<meta name=\"twitter:creator\" content=\"@TeamstersCanada\" \/>\n<meta name=\"twitter:site\" content=\"@TeamstersCanada\" \/>\n<meta name=\"twitter:label1\" content=\"\u00c9crit par\" \/>\n\t<meta name=\"twitter:data1\" content=\"St\u00e9phanie Meunier\" \/>\n\t<meta name=\"twitter:label2\" content=\"Estimation du temps de lecture\" \/>\n\t<meta name=\"twitter:data2\" content=\"3 minutes\" \/>\n<script type=\"application\/ld+json\" class=\"yoast-schema-graph\">{\"@context\":\"https:\/\/schema.org\",\"@graph\":[{\"@type\":\"Article\",\"@id\":\"https:\/\/teamsters.ca\/fr\/blog\/2022\/11\/03\/teamsters-canada-appuie-fermement-lorientation-prise-dans-lenonce-economique-de-lautomne-2022\/#article\",\"isPartOf\":{\"@id\":\"https:\/\/teamsters.ca\/fr\/blog\/2022\/11\/03\/teamsters-canada-appuie-fermement-lorientation-prise-dans-lenonce-economique-de-lautomne-2022\/\"},\"author\":{\"name\":\"St\u00e9phanie Meunier\",\"@id\":\"https:\/\/teamsters.ca\/fr\/#\/schema\/person\/3e6ffefc39fe2f212400b7d8d0a4a0c1\"},\"headline\":\"Teamsters Canada appuie fermement l&rsquo;orientation prise dans l&rsquo;\u00c9nonc\u00e9 \u00e9conomique de l&rsquo;automne 2022\",\"datePublished\":\"2022-11-04T02:27:00+00:00\",\"mainEntityOfPage\":{\"@id\":\"https:\/\/teamsters.ca\/fr\/blog\/2022\/11\/03\/teamsters-canada-appuie-fermement-lorientation-prise-dans-lenonce-economique-de-lautomne-2022\/\"},\"wordCount\":549,\"publisher\":{\"@id\":\"https:\/\/teamsters.ca\/fr\/#organization\"},\"image\":{\"@id\":\"https:\/\/teamsters.ca\/fr\/blog\/2022\/11\/03\/teamsters-canada-appuie-fermement-lorientation-prise-dans-lenonce-economique-de-lautomne-2022\/#primaryimage\"},\"thumbnailUrl\":\"https:\/\/teamsters.ca\/wp-content\/uploads\/2016\/06\/parl-hill.jpg\",\"articleSection\":[\"Autres\",\"Canada\",\"Nouvelles\",\"R\u00e9gion\"],\"inLanguage\":\"fr-CA\"},{\"@type\":\"WebPage\",\"@id\":\"https:\/\/teamsters.ca\/fr\/blog\/2022\/11\/03\/teamsters-canada-appuie-fermement-lorientation-prise-dans-lenonce-economique-de-lautomne-2022\/\",\"url\":\"https:\/\/teamsters.ca\/fr\/blog\/2022\/11\/03\/teamsters-canada-appuie-fermement-lorientation-prise-dans-lenonce-economique-de-lautomne-2022\/\",\"name\":\"Teamsters Canada appuie fermement l'orientation prise dans l'\u00c9nonc\u00e9 \u00e9conomique de l'automne 2022 | Teamsters Canada\",\"isPartOf\":{\"@id\":\"https:\/\/teamsters.ca\/fr\/#website\"},\"primaryImageOfPage\":{\"@id\":\"https:\/\/teamsters.ca\/fr\/blog\/2022\/11\/03\/teamsters-canada-appuie-fermement-lorientation-prise-dans-lenonce-economique-de-lautomne-2022\/#primaryimage\"},\"image\":{\"@id\":\"https:\/\/teamsters.ca\/fr\/blog\/2022\/11\/03\/teamsters-canada-appuie-fermement-lorientation-prise-dans-lenonce-economique-de-lautomne-2022\/#primaryimage\"},\"thumbnailUrl\":\"https:\/\/teamsters.ca\/wp-content\/uploads\/2016\/06\/parl-hill.jpg\",\"datePublished\":\"2022-11-04T02:27:00+00:00\",\"breadcrumb\":{\"@id\":\"https:\/\/teamsters.ca\/fr\/blog\/2022\/11\/03\/teamsters-canada-appuie-fermement-lorientation-prise-dans-lenonce-economique-de-lautomne-2022\/#breadcrumb\"},\"inLanguage\":\"fr-CA\",\"potentialAction\":[{\"@type\":\"ReadAction\",\"target\":[\"https:\/\/teamsters.ca\/fr\/blog\/2022\/11\/03\/teamsters-canada-appuie-fermement-lorientation-prise-dans-lenonce-economique-de-lautomne-2022\/\"]}]},{\"@type\":\"ImageObject\",\"inLanguage\":\"fr-CA\",\"@id\":\"https:\/\/teamsters.ca\/fr\/blog\/2022\/11\/03\/teamsters-canada-appuie-fermement-lorientation-prise-dans-lenonce-economique-de-lautomne-2022\/#primaryimage\",\"url\":\"https:\/\/teamsters.ca\/wp-content\/uploads\/2016\/06\/parl-hill.jpg\",\"contentUrl\":\"https:\/\/teamsters.ca\/wp-content\/uploads\/2016\/06\/parl-hill.jpg\",\"width\":1166,\"height\":741},{\"@type\":\"BreadcrumbList\",\"@id\":\"https:\/\/teamsters.ca\/fr\/blog\/2022\/11\/03\/teamsters-canada-appuie-fermement-lorientation-prise-dans-lenonce-economique-de-lautomne-2022\/#breadcrumb\",\"itemListElement\":[{\"@type\":\"ListItem\",\"position\":1,\"name\":\"Home\",\"item\":\"https:\/\/teamsters.ca\/fr\/\"},{\"@type\":\"ListItem\",\"position\":2,\"name\":\"Teamsters Canada appuie fermement l&#8217;orientation prise dans l&#8217;\u00c9nonc\u00e9 \u00e9conomique de l&#8217;automne 2022\"}]},{\"@type\":\"WebSite\",\"@id\":\"https:\/\/teamsters.ca\/fr\/#website\",\"url\":\"https:\/\/teamsters.ca\/fr\/\",\"name\":\"Teamsters Canada\",\"description\":\"A Canadian union representing over 125 000 members\",\"publisher\":{\"@id\":\"https:\/\/teamsters.ca\/fr\/#organization\"},\"potentialAction\":[{\"@type\":\"SearchAction\",\"target\":{\"@type\":\"EntryPoint\",\"urlTemplate\":\"https:\/\/teamsters.ca\/fr\/?s={search_term_string}\"},\"query-input\":{\"@type\":\"PropertyValueSpecification\",\"valueRequired\":true,\"valueName\":\"search_term_string\"}}],\"inLanguage\":\"fr-CA\"},{\"@type\":\"Organization\",\"@id\":\"https:\/\/teamsters.ca\/fr\/#organization\",\"name\":\"Teamsters Canada\",\"url\":\"https:\/\/teamsters.ca\/fr\/\",\"logo\":{\"@type\":\"ImageObject\",\"inLanguage\":\"fr-CA\",\"@id\":\"https:\/\/teamsters.ca\/fr\/#\/schema\/logo\/image\/\",\"url\":\"https:\/\/teamsters.ca\/wp-content\/uploads\/2019\/08\/TeamstersCanada.png\",\"contentUrl\":\"https:\/\/teamsters.ca\/wp-content\/uploads\/2019\/08\/TeamstersCanada.png\",\"width\":545,\"height\":181,\"caption\":\"Teamsters Canada\"},\"image\":{\"@id\":\"https:\/\/teamsters.ca\/fr\/#\/schema\/logo\/image\/\"},\"sameAs\":[\"https:\/\/www.facebook.com\/Teamsterscanada\/\",\"https:\/\/x.com\/TeamstersCanada\"]},{\"@type\":\"Person\",\"@id\":\"https:\/\/teamsters.ca\/fr\/#\/schema\/person\/3e6ffefc39fe2f212400b7d8d0a4a0c1\",\"name\":\"St\u00e9phanie Meunier\",\"image\":{\"@type\":\"ImageObject\",\"inLanguage\":\"fr-CA\",\"@id\":\"https:\/\/teamsters.ca\/fr\/#\/schema\/person\/image\/\",\"url\":\"https:\/\/secure.gravatar.com\/avatar\/e4e8404e91ed71cb473fa2708849669810cf083c89825a3d2dd0d47dd6b2be77?s=96&d=mm&r=g\",\"contentUrl\":\"https:\/\/secure.gravatar.com\/avatar\/e4e8404e91ed71cb473fa2708849669810cf083c89825a3d2dd0d47dd6b2be77?s=96&d=mm&r=g\",\"caption\":\"St\u00e9phanie Meunier\"},\"url\":\"https:\/\/teamsters.ca\/fr\/blog\/author\/smeunier\/\"}]}<\/script>\n<!-- \/ Yoast SEO Premium plugin. -->","yoast_head_json":{"title":"Teamsters Canada appuie fermement l'orientation prise dans l'\u00c9nonc\u00e9 \u00e9conomique de l'automne 2022 | Teamsters Canada","robots":{"index":"index","follow":"follow","max-snippet":"max-snippet:-1","max-image-preview":"max-image-preview:large","max-video-preview":"max-video-preview:-1"},"canonical":"https:\/\/teamsters.ca\/fr\/blog\/2022\/11\/03\/teamsters-canada-appuie-fermement-lorientation-prise-dans-lenonce-economique-de-lautomne-2022\/","og_locale":"fr_CA","og_type":"article","og_title":"Teamsters Canada appuie fermement l'orientation prise dans l'\u00c9nonc\u00e9 \u00e9conomique de l'automne 2022","og_description":"sures pr\u00e9sent\u00e9es dans l'\u00c9nonc\u00e9 \u00e9conomique de l'automne 2022 du gouvernement du Canada qui assurent une meilleur qualit\u00e9 de vie et une meilleure protection aux travailleuses et travailleurs et leurs familles, d\u2019une part, tout en reconnaissant l\u2019apport de ces travailleurs \u00e0 une \u00e9conomie robuste, d\u2019autre part.","og_url":"https:\/\/teamsters.ca\/fr\/blog\/2022\/11\/03\/teamsters-canada-appuie-fermement-lorientation-prise-dans-lenonce-economique-de-lautomne-2022\/","og_site_name":"Teamsters Canada","article_publisher":"https:\/\/www.facebook.com\/Teamsterscanada\/","article_published_time":"2022-11-04T02:27:00+00:00","og_image":[{"width":1166,"height":741,"url":"https:\/\/teamsters.ca\/wp-content\/uploads\/2016\/06\/parl-hill.jpg","type":"image\/jpeg"}],"author":"St\u00e9phanie Meunier","twitter_card":"summary_large_image","twitter_creator":"@TeamstersCanada","twitter_site":"@TeamstersCanada","twitter_misc":{"\u00c9crit par":"St\u00e9phanie Meunier","Estimation du temps de lecture":"3 minutes"},"schema":{"@context":"https:\/\/schema.org","@graph":[{"@type":"Article","@id":"https:\/\/teamsters.ca\/fr\/blog\/2022\/11\/03\/teamsters-canada-appuie-fermement-lorientation-prise-dans-lenonce-economique-de-lautomne-2022\/#article","isPartOf":{"@id":"https:\/\/teamsters.ca\/fr\/blog\/2022\/11\/03\/teamsters-canada-appuie-fermement-lorientation-prise-dans-lenonce-economique-de-lautomne-2022\/"},"author":{"name":"St\u00e9phanie Meunier","@id":"https:\/\/teamsters.ca\/fr\/#\/schema\/person\/3e6ffefc39fe2f212400b7d8d0a4a0c1"},"headline":"Teamsters Canada appuie fermement l&rsquo;orientation prise dans l&rsquo;\u00c9nonc\u00e9 \u00e9conomique de l&rsquo;automne 2022","datePublished":"2022-11-04T02:27:00+00:00","mainEntityOfPage":{"@id":"https:\/\/teamsters.ca\/fr\/blog\/2022\/11\/03\/teamsters-canada-appuie-fermement-lorientation-prise-dans-lenonce-economique-de-lautomne-2022\/"},"wordCount":549,"publisher":{"@id":"https:\/\/teamsters.ca\/fr\/#organization"},"image":{"@id":"https:\/\/teamsters.ca\/fr\/blog\/2022\/11\/03\/teamsters-canada-appuie-fermement-lorientation-prise-dans-lenonce-economique-de-lautomne-2022\/#primaryimage"},"thumbnailUrl":"https:\/\/teamsters.ca\/wp-content\/uploads\/2016\/06\/parl-hill.jpg","articleSection":["Autres","Canada","Nouvelles","R\u00e9gion"],"inLanguage":"fr-CA"},{"@type":"WebPage","@id":"https:\/\/teamsters.ca\/fr\/blog\/2022\/11\/03\/teamsters-canada-appuie-fermement-lorientation-prise-dans-lenonce-economique-de-lautomne-2022\/","url":"https:\/\/teamsters.ca\/fr\/blog\/2022\/11\/03\/teamsters-canada-appuie-fermement-lorientation-prise-dans-lenonce-economique-de-lautomne-2022\/","name":"Teamsters Canada appuie fermement l'orientation prise dans l'\u00c9nonc\u00e9 \u00e9conomique de l'automne 2022 | Teamsters Canada","isPartOf":{"@id":"https:\/\/teamsters.ca\/fr\/#website"},"primaryImageOfPage":{"@id":"https:\/\/teamsters.ca\/fr\/blog\/2022\/11\/03\/teamsters-canada-appuie-fermement-lorientation-prise-dans-lenonce-economique-de-lautomne-2022\/#primaryimage"},"image":{"@id":"https:\/\/teamsters.ca\/fr\/blog\/2022\/11\/03\/teamsters-canada-appuie-fermement-lorientation-prise-dans-lenonce-economique-de-lautomne-2022\/#primaryimage"},"thumbnailUrl":"https:\/\/teamsters.ca\/wp-content\/uploads\/2016\/06\/parl-hill.jpg","datePublished":"2022-11-04T02:27:00+00:00","breadcrumb":{"@id":"https:\/\/teamsters.ca\/fr\/blog\/2022\/11\/03\/teamsters-canada-appuie-fermement-lorientation-prise-dans-lenonce-economique-de-lautomne-2022\/#breadcrumb"},"inLanguage":"fr-CA","potentialAction":[{"@type":"ReadAction","target":["https:\/\/teamsters.ca\/fr\/blog\/2022\/11\/03\/teamsters-canada-appuie-fermement-lorientation-prise-dans-lenonce-economique-de-lautomne-2022\/"]}]},{"@type":"ImageObject","inLanguage":"fr-CA","@id":"https:\/\/teamsters.ca\/fr\/blog\/2022\/11\/03\/teamsters-canada-appuie-fermement-lorientation-prise-dans-lenonce-economique-de-lautomne-2022\/#primaryimage","url":"https:\/\/teamsters.ca\/wp-content\/uploads\/2016\/06\/parl-hill.jpg","contentUrl":"https:\/\/teamsters.ca\/wp-content\/uploads\/2016\/06\/parl-hill.jpg","width":1166,"height":741},{"@type":"BreadcrumbList","@id":"https:\/\/teamsters.ca\/fr\/blog\/2022\/11\/03\/teamsters-canada-appuie-fermement-lorientation-prise-dans-lenonce-economique-de-lautomne-2022\/#breadcrumb","itemListElement":[{"@type":"ListItem","position":1,"name":"Home","item":"https:\/\/teamsters.ca\/fr\/"},{"@type":"ListItem","position":2,"name":"Teamsters Canada appuie fermement l&#8217;orientation prise dans l&#8217;\u00c9nonc\u00e9 \u00e9conomique de l&#8217;automne 2022"}]},{"@type":"WebSite","@id":"https:\/\/teamsters.ca\/fr\/#website","url":"https:\/\/teamsters.ca\/fr\/","name":"Teamsters Canada","description":"A Canadian union representing over 125 000 members","publisher":{"@id":"https:\/\/teamsters.ca\/fr\/#organization"},"potentialAction":[{"@type":"SearchAction","target":{"@type":"EntryPoint","urlTemplate":"https:\/\/teamsters.ca\/fr\/?s={search_term_string}"},"query-input":{"@type":"PropertyValueSpecification","valueRequired":true,"valueName":"search_term_string"}}],"inLanguage":"fr-CA"},{"@type":"Organization","@id":"https:\/\/teamsters.ca\/fr\/#organization","name":"Teamsters Canada","url":"https:\/\/teamsters.ca\/fr\/","logo":{"@type":"ImageObject","inLanguage":"fr-CA","@id":"https:\/\/teamsters.ca\/fr\/#\/schema\/logo\/image\/","url":"https:\/\/teamsters.ca\/wp-content\/uploads\/2019\/08\/TeamstersCanada.png","contentUrl":"https:\/\/teamsters.ca\/wp-content\/uploads\/2019\/08\/TeamstersCanada.png","width":545,"height":181,"caption":"Teamsters Canada"},"image":{"@id":"https:\/\/teamsters.ca\/fr\/#\/schema\/logo\/image\/"},"sameAs":["https:\/\/www.facebook.com\/Teamsterscanada\/","https:\/\/x.com\/TeamstersCanada"]},{"@type":"Person","@id":"https:\/\/teamsters.ca\/fr\/#\/schema\/person\/3e6ffefc39fe2f212400b7d8d0a4a0c1","name":"St\u00e9phanie Meunier","image":{"@type":"ImageObject","inLanguage":"fr-CA","@id":"https:\/\/teamsters.ca\/fr\/#\/schema\/person\/image\/","url":"https:\/\/secure.gravatar.com\/avatar\/e4e8404e91ed71cb473fa2708849669810cf083c89825a3d2dd0d47dd6b2be77?s=96&d=mm&r=g","contentUrl":"https:\/\/secure.gravatar.com\/avatar\/e4e8404e91ed71cb473fa2708849669810cf083c89825a3d2dd0d47dd6b2be77?s=96&d=mm&r=g","caption":"St\u00e9phanie Meunier"},"url":"https:\/\/teamsters.ca\/fr\/blog\/author\/smeunier\/"}]}},"_links":{"self":[{"href":"https:\/\/teamsters.ca\/fr\/wp-json\/wp\/v2\/posts\/24101","targetHints":{"allow":["GET"]}}],"collection":[{"href":"https:\/\/teamsters.ca\/fr\/wp-json\/wp\/v2\/posts"}],"about":[{"href":"https:\/\/teamsters.ca\/fr\/wp-json\/wp\/v2\/types\/post"}],"author":[{"embeddable":true,"href":"https:\/\/teamsters.ca\/fr\/wp-json\/wp\/v2\/users\/8"}],"replies":[{"embeddable":true,"href":"https:\/\/teamsters.ca\/fr\/wp-json\/wp\/v2\/comments?post=24101"}],"version-history":[{"count":2,"href":"https:\/\/teamsters.ca\/fr\/wp-json\/wp\/v2\/posts\/24101\/revisions"}],"predecessor-version":[{"id":24103,"href":"https:\/\/teamsters.ca\/fr\/wp-json\/wp\/v2\/posts\/24101\/revisions\/24103"}],"wp:featuredmedia":[{"embeddable":true,"href":"https:\/\/teamsters.ca\/fr\/wp-json\/wp\/v2\/media\/5595"}],"wp:attachment":[{"href":"https:\/\/teamsters.ca\/fr\/wp-json\/wp\/v2\/media?parent=24101"}],"wp:term":[{"taxonomy":"category","embeddable":true,"href":"https:\/\/teamsters.ca\/fr\/wp-json\/wp\/v2\/categories?post=24101"},{"taxonomy":"post_tag","embeddable":true,"href":"https:\/\/teamsters.ca\/fr\/wp-json\/wp\/v2\/tags?post=24101"}],"curies":[{"name":"wp","href":"https:\/\/api.w.org\/{rel}","templated":true}]}}