{"id":24056,"date":"2022-10-19T16:19:13","date_gmt":"2022-10-19T20:19:13","guid":{"rendered":"https:\/\/teamsters.ca\/?p=24056"},"modified":"2022-10-19T16:19:14","modified_gmt":"2022-10-19T20:19:14","slug":"au-moins-deux-personnes-dans-chaque-camion-blinde-dit-la-section-locale-927-des-teamsters","status":"publish","type":"post","link":"https:\/\/teamsters.ca\/fr\/blog\/2022\/10\/19\/au-moins-deux-personnes-dans-chaque-camion-blinde-dit-la-section-locale-927-des-teamsters\/","title":{"rendered":"Au moins deux personnes dans chaque camion blind\u00e9, dit la Section locale 927 des Teamsters"},"content":{"rendered":"\n<p>Au Nouveau-Brunswick et \u00e0 l\u2019\u00cele-du-Prince-\u00c9douard, la Section locale 927 du syndicat des Teamsters se bat pour s\u2019assurer que chaque chauffeur et chaque chauffeuse de v\u00e9hicule blind\u00e9 ait un partenaire. Il s\u2019agit de prot\u00e9ger des vies, et de s\u2019assurer que tous et toutes puissent rentrer \u00e0 la maison apr\u00e8s le travail. <\/p>\n\n\n\n<p>Mais alors que les n\u00e9gociations pour renouveler la convention collective chez GardaWorld se poursuivent, l\u2019entreprise refuse de se mettre d\u2019accord avec des articles qui assureront que les \u00e9quipages seront compos\u00e9s d\u2019au moins deux personnes \u00e0 l\u2019avenir.<\/p>\n\n\n\n<p><strong>Cons\u00e9quemment, les travailleurs et travailleuses ont d\u00e9clench\u00e9 une gr\u00e8ve \u00e0 16\u00a0h hier.<\/strong><\/p>\n\n\n\n<p>Teamsters Canada est solidaire de tous ceux et celles qui exigent que la s\u00e9curit\u00e9 passe avant les profits !<\/p>\n\n\n\n<p>Le syndicat tient \u00e9galement \u00e0 rappeler \u00e0 tous ses membres chauffeurs et chauffeuses de camions blind\u00e9s de rester vigilant en tout temps.<\/p>\n","protected":false},"excerpt":{"rendered":"<p>Au Nouveau-Brunswick et \u00e0 l\u2019\u00cele-du-Prince-\u00c9douard, la Section locale 927 du syndicat des Teamsters se bat pour s\u2019assurer que chaque chauffeur et chaque chauffeuse de v\u00e9hicule blind\u00e9 ait un partenaire. Il s\u2019agit de prot\u00e9ger des vies, et de s\u2019assurer que tous et toutes puissent rentrer \u00e0 la maison apr\u00e8s le travail. Mais alors que les n\u00e9gociations [&hellip;]<\/p>\n","protected":false},"author":8,"featured_media":24050,"comment_status":"closed","ping_status":"closed","sticky":false,"template":"","format":"standard","meta":{"ngg_post_thumbnail":0,"mc4wp_mailchimp_campaign":[],"footnotes":""},"categories":[1140,1114,1137,1117],"tags":[],"class_list":{"0":"post-24056","1":"post","2":"type-post","3":"status-publish","4":"format-standard","5":"has-post-thumbnail","7":"category-canada-region-fr","8":"category-nouvelles","9":"category-region-fr","10":"category-vehicules-blindes"},"yoast_head":"<!-- This site is optimized with the Yoast SEO Premium plugin v25.5 (Yoast SEO v25.5) - https:\/\/yoast.com\/wordpress\/plugins\/seo\/ -->\n<title>Au moins deux personnes dans chaque camion blind\u00e9, dit la Section locale 927 des Teamsters | Teamsters Canada<\/title>\n<meta name=\"robots\" content=\"index, follow, max-snippet:-1, max-image-preview:large, max-video-preview:-1\" \/>\n<link rel=\"canonical\" href=\"https:\/\/teamsters.ca\/fr\/blog\/2022\/10\/19\/au-moins-deux-personnes-dans-chaque-camion-blinde-dit-la-section-locale-927-des-teamsters\/\" \/>\n<meta property=\"og:locale\" content=\"fr_CA\" \/>\n<meta property=\"og:type\" content=\"article\" \/>\n<meta property=\"og:title\" content=\"Au moins deux personnes dans chaque camion blind\u00e9, dit la Section locale 927 des Teamsters\" \/>\n<meta property=\"og:description\" content=\"Au Nouveau-Brunswick et \u00e0 l\u2019\u00cele-du-Prince-\u00c9douard, la Section locale 927 du syndicat des Teamsters se bat pour s\u2019assurer que chaque chauffeur et chaque chauffeuse de v\u00e9hicule blind\u00e9 ait un partenaire. Il s\u2019agit de prot\u00e9ger des vies, et de s\u2019assurer que tous et toutes puissent rentrer \u00e0 la maison apr\u00e8s le travail. Mais alors que les n\u00e9gociations [&hellip;]\" \/>\n<meta property=\"og:url\" content=\"https:\/\/teamsters.ca\/fr\/blog\/2022\/10\/19\/au-moins-deux-personnes-dans-chaque-camion-blinde-dit-la-section-locale-927-des-teamsters\/\" \/>\n<meta property=\"og:site_name\" content=\"Teamsters Canada\" \/>\n<meta property=\"article:publisher\" content=\"https:\/\/www.facebook.com\/Teamsterscanada\/\" \/>\n<meta property=\"article:published_time\" content=\"2022-10-19T20:19:13+00:00\" \/>\n<meta property=\"article:modified_time\" content=\"2022-10-19T20:19:14+00:00\" \/>\n<meta property=\"og:image\" content=\"https:\/\/teamsters.ca\/wp-content\/uploads\/2022\/10\/927-GardaWorld-Strike.jpg\" \/>\n\t<meta property=\"og:image:width\" content=\"720\" \/>\n\t<meta property=\"og:image:height\" content=\"540\" \/>\n\t<meta property=\"og:image:type\" content=\"image\/jpeg\" \/>\n<meta name=\"author\" content=\"St\u00e9phanie Meunier\" \/>\n<meta name=\"twitter:card\" content=\"summary_large_image\" \/>\n<meta name=\"twitter:creator\" content=\"@TeamstersCanada\" \/>\n<meta name=\"twitter:site\" content=\"@TeamstersCanada\" \/>\n<meta name=\"twitter:label1\" content=\"\u00c9crit par\" \/>\n\t<meta name=\"twitter:data1\" content=\"St\u00e9phanie Meunier\" \/>\n\t<meta name=\"twitter:label2\" content=\"Estimation du temps de lecture\" \/>\n\t<meta name=\"twitter:data2\" content=\"1 minute\" \/>\n<script type=\"application\/ld+json\" class=\"yoast-schema-graph\">{\"@context\":\"https:\/\/schema.org\",\"@graph\":[{\"@type\":\"Article\",\"@id\":\"https:\/\/teamsters.ca\/fr\/blog\/2022\/10\/19\/au-moins-deux-personnes-dans-chaque-camion-blinde-dit-la-section-locale-927-des-teamsters\/#article\",\"isPartOf\":{\"@id\":\"https:\/\/teamsters.ca\/fr\/blog\/2022\/10\/19\/au-moins-deux-personnes-dans-chaque-camion-blinde-dit-la-section-locale-927-des-teamsters\/\"},\"author\":{\"name\":\"St\u00e9phanie Meunier\",\"@id\":\"https:\/\/teamsters.ca\/fr\/#\/schema\/person\/3e6ffefc39fe2f212400b7d8d0a4a0c1\"},\"headline\":\"Au moins deux personnes dans chaque camion blind\u00e9, dit la Section locale 927 des Teamsters\",\"datePublished\":\"2022-10-19T20:19:13+00:00\",\"dateModified\":\"2022-10-19T20:19:14+00:00\",\"mainEntityOfPage\":{\"@id\":\"https:\/\/teamsters.ca\/fr\/blog\/2022\/10\/19\/au-moins-deux-personnes-dans-chaque-camion-blinde-dit-la-section-locale-927-des-teamsters\/\"},\"wordCount\":164,\"publisher\":{\"@id\":\"https:\/\/teamsters.ca\/fr\/#organization\"},\"image\":{\"@id\":\"https:\/\/teamsters.ca\/fr\/blog\/2022\/10\/19\/au-moins-deux-personnes-dans-chaque-camion-blinde-dit-la-section-locale-927-des-teamsters\/#primaryimage\"},\"thumbnailUrl\":\"https:\/\/teamsters.ca\/wp-content\/uploads\/2022\/10\/927-GardaWorld-Strike.jpg\",\"articleSection\":[\"Canada\",\"Nouvelles\",\"R\u00e9gion\",\"V\u00e9hicules blind\u00e9s\"],\"inLanguage\":\"fr-CA\"},{\"@type\":\"WebPage\",\"@id\":\"https:\/\/teamsters.ca\/fr\/blog\/2022\/10\/19\/au-moins-deux-personnes-dans-chaque-camion-blinde-dit-la-section-locale-927-des-teamsters\/\",\"url\":\"https:\/\/teamsters.ca\/fr\/blog\/2022\/10\/19\/au-moins-deux-personnes-dans-chaque-camion-blinde-dit-la-section-locale-927-des-teamsters\/\",\"name\":\"Au moins deux personnes dans chaque camion blind\u00e9, dit la Section locale 927 des Teamsters | Teamsters Canada\",\"isPartOf\":{\"@id\":\"https:\/\/teamsters.ca\/fr\/#website\"},\"primaryImageOfPage\":{\"@id\":\"https:\/\/teamsters.ca\/fr\/blog\/2022\/10\/19\/au-moins-deux-personnes-dans-chaque-camion-blinde-dit-la-section-locale-927-des-teamsters\/#primaryimage\"},\"image\":{\"@id\":\"https:\/\/teamsters.ca\/fr\/blog\/2022\/10\/19\/au-moins-deux-personnes-dans-chaque-camion-blinde-dit-la-section-locale-927-des-teamsters\/#primaryimage\"},\"thumbnailUrl\":\"https:\/\/teamsters.ca\/wp-content\/uploads\/2022\/10\/927-GardaWorld-Strike.jpg\",\"datePublished\":\"2022-10-19T20:19:13+00:00\",\"dateModified\":\"2022-10-19T20:19:14+00:00\",\"breadcrumb\":{\"@id\":\"https:\/\/teamsters.ca\/fr\/blog\/2022\/10\/19\/au-moins-deux-personnes-dans-chaque-camion-blinde-dit-la-section-locale-927-des-teamsters\/#breadcrumb\"},\"inLanguage\":\"fr-CA\",\"potentialAction\":[{\"@type\":\"ReadAction\",\"target\":[\"https:\/\/teamsters.ca\/fr\/blog\/2022\/10\/19\/au-moins-deux-personnes-dans-chaque-camion-blinde-dit-la-section-locale-927-des-teamsters\/\"]}]},{\"@type\":\"ImageObject\",\"inLanguage\":\"fr-CA\",\"@id\":\"https:\/\/teamsters.ca\/fr\/blog\/2022\/10\/19\/au-moins-deux-personnes-dans-chaque-camion-blinde-dit-la-section-locale-927-des-teamsters\/#primaryimage\",\"url\":\"https:\/\/teamsters.ca\/wp-content\/uploads\/2022\/10\/927-GardaWorld-Strike.jpg\",\"contentUrl\":\"https:\/\/teamsters.ca\/wp-content\/uploads\/2022\/10\/927-GardaWorld-Strike.jpg\",\"width\":720,\"height\":540},{\"@type\":\"BreadcrumbList\",\"@id\":\"https:\/\/teamsters.ca\/fr\/blog\/2022\/10\/19\/au-moins-deux-personnes-dans-chaque-camion-blinde-dit-la-section-locale-927-des-teamsters\/#breadcrumb\",\"itemListElement\":[{\"@type\":\"ListItem\",\"position\":1,\"name\":\"Home\",\"item\":\"https:\/\/teamsters.ca\/fr\/\"},{\"@type\":\"ListItem\",\"position\":2,\"name\":\"Au moins deux personnes dans chaque camion blind\u00e9, dit la Section locale 927 des Teamsters\"}]},{\"@type\":\"WebSite\",\"@id\":\"https:\/\/teamsters.ca\/fr\/#website\",\"url\":\"https:\/\/teamsters.ca\/fr\/\",\"name\":\"Teamsters Canada\",\"description\":\"A Canadian union representing over 125 000 members\",\"publisher\":{\"@id\":\"https:\/\/teamsters.ca\/fr\/#organization\"},\"potentialAction\":[{\"@type\":\"SearchAction\",\"target\":{\"@type\":\"EntryPoint\",\"urlTemplate\":\"https:\/\/teamsters.ca\/fr\/?s={search_term_string}\"},\"query-input\":{\"@type\":\"PropertyValueSpecification\",\"valueRequired\":true,\"valueName\":\"search_term_string\"}}],\"inLanguage\":\"fr-CA\"},{\"@type\":\"Organization\",\"@id\":\"https:\/\/teamsters.ca\/fr\/#organization\",\"name\":\"Teamsters Canada\",\"url\":\"https:\/\/teamsters.ca\/fr\/\",\"logo\":{\"@type\":\"ImageObject\",\"inLanguage\":\"fr-CA\",\"@id\":\"https:\/\/teamsters.ca\/fr\/#\/schema\/logo\/image\/\",\"url\":\"https:\/\/teamsters.ca\/wp-content\/uploads\/2019\/08\/TeamstersCanada.png\",\"contentUrl\":\"https:\/\/teamsters.ca\/wp-content\/uploads\/2019\/08\/TeamstersCanada.png\",\"width\":545,\"height\":181,\"caption\":\"Teamsters Canada\"},\"image\":{\"@id\":\"https:\/\/teamsters.ca\/fr\/#\/schema\/logo\/image\/\"},\"sameAs\":[\"https:\/\/www.facebook.com\/Teamsterscanada\/\",\"https:\/\/x.com\/TeamstersCanada\"]},{\"@type\":\"Person\",\"@id\":\"https:\/\/teamsters.ca\/fr\/#\/schema\/person\/3e6ffefc39fe2f212400b7d8d0a4a0c1\",\"name\":\"St\u00e9phanie Meunier\",\"image\":{\"@type\":\"ImageObject\",\"inLanguage\":\"fr-CA\",\"@id\":\"https:\/\/teamsters.ca\/fr\/#\/schema\/person\/image\/\",\"url\":\"https:\/\/secure.gravatar.com\/avatar\/e4e8404e91ed71cb473fa2708849669810cf083c89825a3d2dd0d47dd6b2be77?s=96&d=mm&r=g\",\"contentUrl\":\"https:\/\/secure.gravatar.com\/avatar\/e4e8404e91ed71cb473fa2708849669810cf083c89825a3d2dd0d47dd6b2be77?s=96&d=mm&r=g\",\"caption\":\"St\u00e9phanie Meunier\"},\"url\":\"https:\/\/teamsters.ca\/fr\/blog\/author\/smeunier\/\"}]}<\/script>\n<!-- \/ Yoast SEO Premium plugin. -->","yoast_head_json":{"title":"Au moins deux personnes dans chaque camion blind\u00e9, dit la Section locale 927 des Teamsters | Teamsters Canada","robots":{"index":"index","follow":"follow","max-snippet":"max-snippet:-1","max-image-preview":"max-image-preview:large","max-video-preview":"max-video-preview:-1"},"canonical":"https:\/\/teamsters.ca\/fr\/blog\/2022\/10\/19\/au-moins-deux-personnes-dans-chaque-camion-blinde-dit-la-section-locale-927-des-teamsters\/","og_locale":"fr_CA","og_type":"article","og_title":"Au moins deux personnes dans chaque camion blind\u00e9, dit la Section locale 927 des Teamsters","og_description":"Au Nouveau-Brunswick et \u00e0 l\u2019\u00cele-du-Prince-\u00c9douard, la Section locale 927 du syndicat des Teamsters se bat pour s\u2019assurer que chaque chauffeur et chaque chauffeuse de v\u00e9hicule blind\u00e9 ait un partenaire. Il s\u2019agit de prot\u00e9ger des vies, et de s\u2019assurer que tous et toutes puissent rentrer \u00e0 la maison apr\u00e8s le travail. Mais alors que les n\u00e9gociations [&hellip;]","og_url":"https:\/\/teamsters.ca\/fr\/blog\/2022\/10\/19\/au-moins-deux-personnes-dans-chaque-camion-blinde-dit-la-section-locale-927-des-teamsters\/","og_site_name":"Teamsters Canada","article_publisher":"https:\/\/www.facebook.com\/Teamsterscanada\/","article_published_time":"2022-10-19T20:19:13+00:00","article_modified_time":"2022-10-19T20:19:14+00:00","og_image":[{"width":720,"height":540,"url":"https:\/\/teamsters.ca\/wp-content\/uploads\/2022\/10\/927-GardaWorld-Strike.jpg","type":"image\/jpeg"}],"author":"St\u00e9phanie Meunier","twitter_card":"summary_large_image","twitter_creator":"@TeamstersCanada","twitter_site":"@TeamstersCanada","twitter_misc":{"\u00c9crit par":"St\u00e9phanie Meunier","Estimation du temps de lecture":"1 minute"},"schema":{"@context":"https:\/\/schema.org","@graph":[{"@type":"Article","@id":"https:\/\/teamsters.ca\/fr\/blog\/2022\/10\/19\/au-moins-deux-personnes-dans-chaque-camion-blinde-dit-la-section-locale-927-des-teamsters\/#article","isPartOf":{"@id":"https:\/\/teamsters.ca\/fr\/blog\/2022\/10\/19\/au-moins-deux-personnes-dans-chaque-camion-blinde-dit-la-section-locale-927-des-teamsters\/"},"author":{"name":"St\u00e9phanie Meunier","@id":"https:\/\/teamsters.ca\/fr\/#\/schema\/person\/3e6ffefc39fe2f212400b7d8d0a4a0c1"},"headline":"Au moins deux personnes dans chaque camion blind\u00e9, dit la Section locale 927 des Teamsters","datePublished":"2022-10-19T20:19:13+00:00","dateModified":"2022-10-19T20:19:14+00:00","mainEntityOfPage":{"@id":"https:\/\/teamsters.ca\/fr\/blog\/2022\/10\/19\/au-moins-deux-personnes-dans-chaque-camion-blinde-dit-la-section-locale-927-des-teamsters\/"},"wordCount":164,"publisher":{"@id":"https:\/\/teamsters.ca\/fr\/#organization"},"image":{"@id":"https:\/\/teamsters.ca\/fr\/blog\/2022\/10\/19\/au-moins-deux-personnes-dans-chaque-camion-blinde-dit-la-section-locale-927-des-teamsters\/#primaryimage"},"thumbnailUrl":"https:\/\/teamsters.ca\/wp-content\/uploads\/2022\/10\/927-GardaWorld-Strike.jpg","articleSection":["Canada","Nouvelles","R\u00e9gion","V\u00e9hicules blind\u00e9s"],"inLanguage":"fr-CA"},{"@type":"WebPage","@id":"https:\/\/teamsters.ca\/fr\/blog\/2022\/10\/19\/au-moins-deux-personnes-dans-chaque-camion-blinde-dit-la-section-locale-927-des-teamsters\/","url":"https:\/\/teamsters.ca\/fr\/blog\/2022\/10\/19\/au-moins-deux-personnes-dans-chaque-camion-blinde-dit-la-section-locale-927-des-teamsters\/","name":"Au moins deux personnes dans chaque camion blind\u00e9, dit la Section locale 927 des Teamsters | Teamsters Canada","isPartOf":{"@id":"https:\/\/teamsters.ca\/fr\/#website"},"primaryImageOfPage":{"@id":"https:\/\/teamsters.ca\/fr\/blog\/2022\/10\/19\/au-moins-deux-personnes-dans-chaque-camion-blinde-dit-la-section-locale-927-des-teamsters\/#primaryimage"},"image":{"@id":"https:\/\/teamsters.ca\/fr\/blog\/2022\/10\/19\/au-moins-deux-personnes-dans-chaque-camion-blinde-dit-la-section-locale-927-des-teamsters\/#primaryimage"},"thumbnailUrl":"https:\/\/teamsters.ca\/wp-content\/uploads\/2022\/10\/927-GardaWorld-Strike.jpg","datePublished":"2022-10-19T20:19:13+00:00","dateModified":"2022-10-19T20:19:14+00:00","breadcrumb":{"@id":"https:\/\/teamsters.ca\/fr\/blog\/2022\/10\/19\/au-moins-deux-personnes-dans-chaque-camion-blinde-dit-la-section-locale-927-des-teamsters\/#breadcrumb"},"inLanguage":"fr-CA","potentialAction":[{"@type":"ReadAction","target":["https:\/\/teamsters.ca\/fr\/blog\/2022\/10\/19\/au-moins-deux-personnes-dans-chaque-camion-blinde-dit-la-section-locale-927-des-teamsters\/"]}]},{"@type":"ImageObject","inLanguage":"fr-CA","@id":"https:\/\/teamsters.ca\/fr\/blog\/2022\/10\/19\/au-moins-deux-personnes-dans-chaque-camion-blinde-dit-la-section-locale-927-des-teamsters\/#primaryimage","url":"https:\/\/teamsters.ca\/wp-content\/uploads\/2022\/10\/927-GardaWorld-Strike.jpg","contentUrl":"https:\/\/teamsters.ca\/wp-content\/uploads\/2022\/10\/927-GardaWorld-Strike.jpg","width":720,"height":540},{"@type":"BreadcrumbList","@id":"https:\/\/teamsters.ca\/fr\/blog\/2022\/10\/19\/au-moins-deux-personnes-dans-chaque-camion-blinde-dit-la-section-locale-927-des-teamsters\/#breadcrumb","itemListElement":[{"@type":"ListItem","position":1,"name":"Home","item":"https:\/\/teamsters.ca\/fr\/"},{"@type":"ListItem","position":2,"name":"Au moins deux personnes dans chaque camion blind\u00e9, dit la Section locale 927 des Teamsters"}]},{"@type":"WebSite","@id":"https:\/\/teamsters.ca\/fr\/#website","url":"https:\/\/teamsters.ca\/fr\/","name":"Teamsters Canada","description":"A Canadian union representing over 125 000 members","publisher":{"@id":"https:\/\/teamsters.ca\/fr\/#organization"},"potentialAction":[{"@type":"SearchAction","target":{"@type":"EntryPoint","urlTemplate":"https:\/\/teamsters.ca\/fr\/?s={search_term_string}"},"query-input":{"@type":"PropertyValueSpecification","valueRequired":true,"valueName":"search_term_string"}}],"inLanguage":"fr-CA"},{"@type":"Organization","@id":"https:\/\/teamsters.ca\/fr\/#organization","name":"Teamsters Canada","url":"https:\/\/teamsters.ca\/fr\/","logo":{"@type":"ImageObject","inLanguage":"fr-CA","@id":"https:\/\/teamsters.ca\/fr\/#\/schema\/logo\/image\/","url":"https:\/\/teamsters.ca\/wp-content\/uploads\/2019\/08\/TeamstersCanada.png","contentUrl":"https:\/\/teamsters.ca\/wp-content\/uploads\/2019\/08\/TeamstersCanada.png","width":545,"height":181,"caption":"Teamsters Canada"},"image":{"@id":"https:\/\/teamsters.ca\/fr\/#\/schema\/logo\/image\/"},"sameAs":["https:\/\/www.facebook.com\/Teamsterscanada\/","https:\/\/x.com\/TeamstersCanada"]},{"@type":"Person","@id":"https:\/\/teamsters.ca\/fr\/#\/schema\/person\/3e6ffefc39fe2f212400b7d8d0a4a0c1","name":"St\u00e9phanie Meunier","image":{"@type":"ImageObject","inLanguage":"fr-CA","@id":"https:\/\/teamsters.ca\/fr\/#\/schema\/person\/image\/","url":"https:\/\/secure.gravatar.com\/avatar\/e4e8404e91ed71cb473fa2708849669810cf083c89825a3d2dd0d47dd6b2be77?s=96&d=mm&r=g","contentUrl":"https:\/\/secure.gravatar.com\/avatar\/e4e8404e91ed71cb473fa2708849669810cf083c89825a3d2dd0d47dd6b2be77?s=96&d=mm&r=g","caption":"St\u00e9phanie Meunier"},"url":"https:\/\/teamsters.ca\/fr\/blog\/author\/smeunier\/"}]}},"_links":{"self":[{"href":"https:\/\/teamsters.ca\/fr\/wp-json\/wp\/v2\/posts\/24056","targetHints":{"allow":["GET"]}}],"collection":[{"href":"https:\/\/teamsters.ca\/fr\/wp-json\/wp\/v2\/posts"}],"about":[{"href":"https:\/\/teamsters.ca\/fr\/wp-json\/wp\/v2\/types\/post"}],"author":[{"embeddable":true,"href":"https:\/\/teamsters.ca\/fr\/wp-json\/wp\/v2\/users\/8"}],"replies":[{"embeddable":true,"href":"https:\/\/teamsters.ca\/fr\/wp-json\/wp\/v2\/comments?post=24056"}],"version-history":[{"count":1,"href":"https:\/\/teamsters.ca\/fr\/wp-json\/wp\/v2\/posts\/24056\/revisions"}],"predecessor-version":[{"id":24057,"href":"https:\/\/teamsters.ca\/fr\/wp-json\/wp\/v2\/posts\/24056\/revisions\/24057"}],"wp:featuredmedia":[{"embeddable":true,"href":"https:\/\/teamsters.ca\/fr\/wp-json\/wp\/v2\/media\/24050"}],"wp:attachment":[{"href":"https:\/\/teamsters.ca\/fr\/wp-json\/wp\/v2\/media?parent=24056"}],"wp:term":[{"taxonomy":"category","embeddable":true,"href":"https:\/\/teamsters.ca\/fr\/wp-json\/wp\/v2\/categories?post=24056"},{"taxonomy":"post_tag","embeddable":true,"href":"https:\/\/teamsters.ca\/fr\/wp-json\/wp\/v2\/tags?post=24056"}],"curies":[{"name":"wp","href":"https:\/\/api.w.org\/{rel}","templated":true}]}}