{"id":24023,"date":"2022-10-07T12:12:16","date_gmt":"2022-10-07T16:12:16","guid":{"rendered":"https:\/\/teamsters.ca\/?p=24023"},"modified":"2022-10-07T12:12:33","modified_gmt":"2022-10-07T16:12:33","slug":"journee-mondiale-pour-le-travail-decent","status":"publish","type":"post","link":"https:\/\/teamsters.ca\/fr\/blog\/2022\/10\/07\/journee-mondiale-pour-le-travail-decent\/","title":{"rendered":"Journ\u00e9e mondiale pour le travail d\u00e9cent"},"content":{"rendered":"\n<p>Consoeurs,\u00a0<br \/>Confr\u00e8res,<br \/>Ami\u00b7e\u00b7s,<\/p>\n\n\n\n<p>Le th\u00e8me cette ann\u00e9e de la Journ\u00e9e mondiale pour le travail d\u00e9cent, le 7 octobre, est la justice salariale.&nbsp;<\/p>\n\n\n\n<p>L\u2019inflation fait des ravages, les prix de l\u2019immobilier sont hors de contr\u00f4le et la croissance salariale stagne au moment m\u00eame que les PDG gagnent plus de 200 fois le salaire moyen canadien. L\u2019enjeu du droit \u00e0 un salaire \u00e9quitable n\u2019a jamais \u00e9t\u00e9 aussi important.&nbsp;<\/p>\n\n\n\n<p>Chaque travailleur m\u00e9rite un salaire \u00e9quitable\u00a0pour\u00a0sa journ\u00e9e de travail. C\u2019est un principe de base qui n\u2019est pourtant pas donn\u00e9.\u00a0M\u00eame aujourd\u2019hui, c\u2019est un combat qui se poursuit.<\/p>\n\n\n\n<p>Ne cherchez pas plus loin qu\u2019Amazon, la plus grande entreprise de logistique au monde. Les travailleuses et travailleurs des entrep\u00f4ts d\u2019Amazon au Canada commencent \u00e0 16 $ ou 17 $ de l\u2019heure. Mais tandis que le salaire chez Amazon demeure autour de ces niveaux, leurs homologues des entrep\u00f4ts syndiqu\u00e9s par les Teamsters voient leur r\u00e9mun\u00e9ration sur cinq ans progresser jusqu&rsquo;\u00e0 entre 24,50 $ et 31,93 $ de l\u2019heure, selon l\u2019industrie.&nbsp;<\/p>\n\n\n\n<p>L\u2019\u00e9cart salarial entre Amazon et les entrep\u00f4ts syndiqu\u00e9s contribue \u00e0 expliquer pourquoi, en 2020, le fondateur de l\u2019entreprise, Jeff Bezos, a empoch\u00e9 plus de 75 milliards de dollars.&nbsp;<\/p>\n\n\n\n<p>Est-ce juste ? Les travailleuses et travailleurs d\u2019Amazon doivent faire face \u00e0 des demandes intenses. On leur demande de cueillir un article toutes les 9 \u00e0 12 secondes. Ceux et celles qui prennent du retard s\u2019exposent \u00e0 des mesures disciplinaires de la part de l\u2019entreprise. D\u2019autres se blessent en essayant de suivre le rythme.&nbsp;<\/p>\n\n\n\n<p>Les travailleuses et travailleurs d\u2019Amazon m\u00e9ritent d\u2019\u00eatre pay\u00e9s au moins autant que leurs confr\u00e8res et consoeurs des Teamsters dans les entrep\u00f4ts syndiqu\u00e9s. Et ils m\u00e9ritent d\u2019\u00eatre trait\u00e9s avec respect et dignit\u00e9.&nbsp;<\/p>\n\n\n\n<p>Les Teamsters \u00e0 travers le pays m\u00e8nent une campagne pour amener la dignit\u00e9 et le respect chez Amazon. Cela signifie \u00e9tablir des liens avec les travailleuses et travailleurs d\u2019Amazon et les aider \u00e0 rejoindre notre grand syndicat.&nbsp;<\/p>\n\n\n\n<p>Comme je l\u2019ai d\u00e9j\u00e0 dit, Amazon ne changera pas sans syndicat. Qu\u2019il s\u2019agisse de la s\u00e9curit\u00e9 d\u2019emploi, du rythme de travail, de la discrimination, de sant\u00e9 et s\u00e9curit\u00e9, du favoritisme ou des salaires, l\u2019entreprise a prouv\u00e9 qu\u2019elle \u00e9tait profond\u00e9ment hostile aux travailleuses et travailleurs.&nbsp;<\/p>\n\n\n\n<p>Les travailleuses et travailleurs d\u2019Amazon ne sont pas seuls et ont le pouvoir, gr\u00e2ce aux Teamsters, de changer les choses pour le mieux.&nbsp;<\/p>\n\n\n\n<p><a href=\"https:\/\/teamsters.ca\/fr\/?page_id=21394\" data-type=\"URL\" data-id=\"https:\/\/teamsters.ca\/fr\/amazon\/\" target=\"_blank\" rel=\"noreferrer noopener\">Si vous travaillez chez Amazon et vous souhaitez vous impliquer, cliquez ici pour contacter un recruteur syndical.\u00a0<\/a><\/p>\n\n\n\n<p>Solidairement,<\/p>\n\n\n\n<p><strong>Fran\u00e7ois Laporte<\/strong><br \/>Pr\u00e9sident de Teamsters Canada<br \/>Vice-pr\u00e9sident de la Fraternit\u00e9 internationale des Teamsters<\/p>\n","protected":false},"excerpt":{"rendered":"<p>Le th\u00e8me cette ann\u00e9e de la Journ\u00e9e mondiale pour le travail d\u00e9cent, le 7 octobre, est la justice salariale.\u00a0<\/p>\n","protected":false},"author":8,"featured_media":24021,"comment_status":"closed","ping_status":"closed","sticky":false,"template":"","format":"standard","meta":{"ngg_post_thumbnail":0,"mc4wp_mailchimp_campaign":[],"footnotes":""},"categories":[6702,1114],"tags":[6863],"class_list":{"0":"post-24023","1":"post","2":"type-post","3":"status-publish","4":"format-standard","5":"has-post-thumbnail","7":"category-amazon","8":"category-nouvelles","9":"tag-travail-decent"},"yoast_head":"<!-- This site is optimized with the Yoast SEO Premium plugin v25.5 (Yoast SEO v25.5) - https:\/\/yoast.com\/wordpress\/plugins\/seo\/ -->\n<title>Journ\u00e9e mondiale pour le travail d\u00e9cent | Teamsters Canada<\/title>\n<meta name=\"robots\" content=\"index, follow, max-snippet:-1, max-image-preview:large, max-video-preview:-1\" \/>\n<link rel=\"canonical\" href=\"https:\/\/teamsters.ca\/fr\/blog\/2022\/10\/07\/journee-mondiale-pour-le-travail-decent\/\" \/>\n<meta property=\"og:locale\" content=\"fr_CA\" \/>\n<meta property=\"og:type\" content=\"article\" \/>\n<meta property=\"og:title\" content=\"Journ\u00e9e mondiale pour le travail d\u00e9cent\" \/>\n<meta property=\"og:description\" content=\"Le th\u00e8me cette ann\u00e9e de la Journ\u00e9e mondiale pour le travail d\u00e9cent, le 7 octobre, est la justice salariale.\u00a0\" \/>\n<meta property=\"og:url\" content=\"https:\/\/teamsters.ca\/fr\/blog\/2022\/10\/07\/journee-mondiale-pour-le-travail-decent\/\" \/>\n<meta property=\"og:site_name\" content=\"Teamsters Canada\" \/>\n<meta property=\"article:publisher\" content=\"https:\/\/www.facebook.com\/Teamsterscanada\/\" \/>\n<meta property=\"article:published_time\" content=\"2022-10-07T16:12:16+00:00\" \/>\n<meta property=\"article:modified_time\" content=\"2022-10-07T16:12:33+00:00\" \/>\n<meta property=\"og:image\" content=\"https:\/\/teamsters.ca\/wp-content\/uploads\/2022\/10\/wage_FR.jpg\" \/>\n\t<meta property=\"og:image:width\" content=\"1166\" \/>\n\t<meta property=\"og:image:height\" content=\"768\" \/>\n\t<meta property=\"og:image:type\" content=\"image\/jpeg\" \/>\n<meta name=\"author\" content=\"St\u00e9phanie Meunier\" \/>\n<meta name=\"twitter:card\" content=\"summary_large_image\" \/>\n<meta name=\"twitter:creator\" content=\"@TeamstersCanada\" \/>\n<meta name=\"twitter:site\" content=\"@TeamstersCanada\" \/>\n<meta name=\"twitter:label1\" content=\"\u00c9crit par\" \/>\n\t<meta name=\"twitter:data1\" content=\"St\u00e9phanie Meunier\" \/>\n\t<meta name=\"twitter:label2\" content=\"Estimation du temps de lecture\" \/>\n\t<meta name=\"twitter:data2\" content=\"2 minutes\" \/>\n<script type=\"application\/ld+json\" class=\"yoast-schema-graph\">{\"@context\":\"https:\/\/schema.org\",\"@graph\":[{\"@type\":\"Article\",\"@id\":\"https:\/\/teamsters.ca\/fr\/blog\/2022\/10\/07\/journee-mondiale-pour-le-travail-decent\/#article\",\"isPartOf\":{\"@id\":\"https:\/\/teamsters.ca\/fr\/blog\/2022\/10\/07\/journee-mondiale-pour-le-travail-decent\/\"},\"author\":{\"name\":\"St\u00e9phanie Meunier\",\"@id\":\"https:\/\/teamsters.ca\/fr\/#\/schema\/person\/3e6ffefc39fe2f212400b7d8d0a4a0c1\"},\"headline\":\"Journ\u00e9e mondiale pour le travail d\u00e9cent\",\"datePublished\":\"2022-10-07T16:12:16+00:00\",\"dateModified\":\"2022-10-07T16:12:33+00:00\",\"mainEntityOfPage\":{\"@id\":\"https:\/\/teamsters.ca\/fr\/blog\/2022\/10\/07\/journee-mondiale-pour-le-travail-decent\/\"},\"wordCount\":456,\"publisher\":{\"@id\":\"https:\/\/teamsters.ca\/fr\/#organization\"},\"image\":{\"@id\":\"https:\/\/teamsters.ca\/fr\/blog\/2022\/10\/07\/journee-mondiale-pour-le-travail-decent\/#primaryimage\"},\"thumbnailUrl\":\"https:\/\/teamsters.ca\/wp-content\/uploads\/2022\/10\/wage_FR.jpg\",\"keywords\":[\"travail d\u00e9cent\"],\"articleSection\":[\"AMAZON\",\"Nouvelles\"],\"inLanguage\":\"fr-CA\"},{\"@type\":\"WebPage\",\"@id\":\"https:\/\/teamsters.ca\/fr\/blog\/2022\/10\/07\/journee-mondiale-pour-le-travail-decent\/\",\"url\":\"https:\/\/teamsters.ca\/fr\/blog\/2022\/10\/07\/journee-mondiale-pour-le-travail-decent\/\",\"name\":\"Journ\u00e9e mondiale pour le travail d\u00e9cent | Teamsters Canada\",\"isPartOf\":{\"@id\":\"https:\/\/teamsters.ca\/fr\/#website\"},\"primaryImageOfPage\":{\"@id\":\"https:\/\/teamsters.ca\/fr\/blog\/2022\/10\/07\/journee-mondiale-pour-le-travail-decent\/#primaryimage\"},\"image\":{\"@id\":\"https:\/\/teamsters.ca\/fr\/blog\/2022\/10\/07\/journee-mondiale-pour-le-travail-decent\/#primaryimage\"},\"thumbnailUrl\":\"https:\/\/teamsters.ca\/wp-content\/uploads\/2022\/10\/wage_FR.jpg\",\"datePublished\":\"2022-10-07T16:12:16+00:00\",\"dateModified\":\"2022-10-07T16:12:33+00:00\",\"breadcrumb\":{\"@id\":\"https:\/\/teamsters.ca\/fr\/blog\/2022\/10\/07\/journee-mondiale-pour-le-travail-decent\/#breadcrumb\"},\"inLanguage\":\"fr-CA\",\"potentialAction\":[{\"@type\":\"ReadAction\",\"target\":[\"https:\/\/teamsters.ca\/fr\/blog\/2022\/10\/07\/journee-mondiale-pour-le-travail-decent\/\"]}]},{\"@type\":\"ImageObject\",\"inLanguage\":\"fr-CA\",\"@id\":\"https:\/\/teamsters.ca\/fr\/blog\/2022\/10\/07\/journee-mondiale-pour-le-travail-decent\/#primaryimage\",\"url\":\"https:\/\/teamsters.ca\/wp-content\/uploads\/2022\/10\/wage_FR.jpg\",\"contentUrl\":\"https:\/\/teamsters.ca\/wp-content\/uploads\/2022\/10\/wage_FR.jpg\",\"width\":1166,\"height\":768},{\"@type\":\"BreadcrumbList\",\"@id\":\"https:\/\/teamsters.ca\/fr\/blog\/2022\/10\/07\/journee-mondiale-pour-le-travail-decent\/#breadcrumb\",\"itemListElement\":[{\"@type\":\"ListItem\",\"position\":1,\"name\":\"Home\",\"item\":\"https:\/\/teamsters.ca\/fr\/\"},{\"@type\":\"ListItem\",\"position\":2,\"name\":\"Journ\u00e9e mondiale pour le travail d\u00e9cent\"}]},{\"@type\":\"WebSite\",\"@id\":\"https:\/\/teamsters.ca\/fr\/#website\",\"url\":\"https:\/\/teamsters.ca\/fr\/\",\"name\":\"Teamsters Canada\",\"description\":\"A Canadian union representing over 125 000 members\",\"publisher\":{\"@id\":\"https:\/\/teamsters.ca\/fr\/#organization\"},\"potentialAction\":[{\"@type\":\"SearchAction\",\"target\":{\"@type\":\"EntryPoint\",\"urlTemplate\":\"https:\/\/teamsters.ca\/fr\/?s={search_term_string}\"},\"query-input\":{\"@type\":\"PropertyValueSpecification\",\"valueRequired\":true,\"valueName\":\"search_term_string\"}}],\"inLanguage\":\"fr-CA\"},{\"@type\":\"Organization\",\"@id\":\"https:\/\/teamsters.ca\/fr\/#organization\",\"name\":\"Teamsters Canada\",\"url\":\"https:\/\/teamsters.ca\/fr\/\",\"logo\":{\"@type\":\"ImageObject\",\"inLanguage\":\"fr-CA\",\"@id\":\"https:\/\/teamsters.ca\/fr\/#\/schema\/logo\/image\/\",\"url\":\"https:\/\/teamsters.ca\/wp-content\/uploads\/2019\/08\/TeamstersCanada.png\",\"contentUrl\":\"https:\/\/teamsters.ca\/wp-content\/uploads\/2019\/08\/TeamstersCanada.png\",\"width\":545,\"height\":181,\"caption\":\"Teamsters Canada\"},\"image\":{\"@id\":\"https:\/\/teamsters.ca\/fr\/#\/schema\/logo\/image\/\"},\"sameAs\":[\"https:\/\/www.facebook.com\/Teamsterscanada\/\",\"https:\/\/x.com\/TeamstersCanada\"]},{\"@type\":\"Person\",\"@id\":\"https:\/\/teamsters.ca\/fr\/#\/schema\/person\/3e6ffefc39fe2f212400b7d8d0a4a0c1\",\"name\":\"St\u00e9phanie Meunier\",\"image\":{\"@type\":\"ImageObject\",\"inLanguage\":\"fr-CA\",\"@id\":\"https:\/\/teamsters.ca\/fr\/#\/schema\/person\/image\/\",\"url\":\"https:\/\/secure.gravatar.com\/avatar\/e4e8404e91ed71cb473fa2708849669810cf083c89825a3d2dd0d47dd6b2be77?s=96&d=mm&r=g\",\"contentUrl\":\"https:\/\/secure.gravatar.com\/avatar\/e4e8404e91ed71cb473fa2708849669810cf083c89825a3d2dd0d47dd6b2be77?s=96&d=mm&r=g\",\"caption\":\"St\u00e9phanie Meunier\"},\"url\":\"https:\/\/teamsters.ca\/fr\/blog\/author\/smeunier\/\"}]}<\/script>\n<!-- \/ Yoast SEO Premium plugin. -->","yoast_head_json":{"title":"Journ\u00e9e mondiale pour le travail d\u00e9cent | Teamsters Canada","robots":{"index":"index","follow":"follow","max-snippet":"max-snippet:-1","max-image-preview":"max-image-preview:large","max-video-preview":"max-video-preview:-1"},"canonical":"https:\/\/teamsters.ca\/fr\/blog\/2022\/10\/07\/journee-mondiale-pour-le-travail-decent\/","og_locale":"fr_CA","og_type":"article","og_title":"Journ\u00e9e mondiale pour le travail d\u00e9cent","og_description":"Le th\u00e8me cette ann\u00e9e de la Journ\u00e9e mondiale pour le travail d\u00e9cent, le 7 octobre, est la justice salariale.\u00a0","og_url":"https:\/\/teamsters.ca\/fr\/blog\/2022\/10\/07\/journee-mondiale-pour-le-travail-decent\/","og_site_name":"Teamsters Canada","article_publisher":"https:\/\/www.facebook.com\/Teamsterscanada\/","article_published_time":"2022-10-07T16:12:16+00:00","article_modified_time":"2022-10-07T16:12:33+00:00","og_image":[{"width":1166,"height":768,"url":"https:\/\/teamsters.ca\/wp-content\/uploads\/2022\/10\/wage_FR.jpg","type":"image\/jpeg"}],"author":"St\u00e9phanie Meunier","twitter_card":"summary_large_image","twitter_creator":"@TeamstersCanada","twitter_site":"@TeamstersCanada","twitter_misc":{"\u00c9crit par":"St\u00e9phanie Meunier","Estimation du temps de lecture":"2 minutes"},"schema":{"@context":"https:\/\/schema.org","@graph":[{"@type":"Article","@id":"https:\/\/teamsters.ca\/fr\/blog\/2022\/10\/07\/journee-mondiale-pour-le-travail-decent\/#article","isPartOf":{"@id":"https:\/\/teamsters.ca\/fr\/blog\/2022\/10\/07\/journee-mondiale-pour-le-travail-decent\/"},"author":{"name":"St\u00e9phanie Meunier","@id":"https:\/\/teamsters.ca\/fr\/#\/schema\/person\/3e6ffefc39fe2f212400b7d8d0a4a0c1"},"headline":"Journ\u00e9e mondiale pour le travail d\u00e9cent","datePublished":"2022-10-07T16:12:16+00:00","dateModified":"2022-10-07T16:12:33+00:00","mainEntityOfPage":{"@id":"https:\/\/teamsters.ca\/fr\/blog\/2022\/10\/07\/journee-mondiale-pour-le-travail-decent\/"},"wordCount":456,"publisher":{"@id":"https:\/\/teamsters.ca\/fr\/#organization"},"image":{"@id":"https:\/\/teamsters.ca\/fr\/blog\/2022\/10\/07\/journee-mondiale-pour-le-travail-decent\/#primaryimage"},"thumbnailUrl":"https:\/\/teamsters.ca\/wp-content\/uploads\/2022\/10\/wage_FR.jpg","keywords":["travail d\u00e9cent"],"articleSection":["AMAZON","Nouvelles"],"inLanguage":"fr-CA"},{"@type":"WebPage","@id":"https:\/\/teamsters.ca\/fr\/blog\/2022\/10\/07\/journee-mondiale-pour-le-travail-decent\/","url":"https:\/\/teamsters.ca\/fr\/blog\/2022\/10\/07\/journee-mondiale-pour-le-travail-decent\/","name":"Journ\u00e9e mondiale pour le travail d\u00e9cent | Teamsters Canada","isPartOf":{"@id":"https:\/\/teamsters.ca\/fr\/#website"},"primaryImageOfPage":{"@id":"https:\/\/teamsters.ca\/fr\/blog\/2022\/10\/07\/journee-mondiale-pour-le-travail-decent\/#primaryimage"},"image":{"@id":"https:\/\/teamsters.ca\/fr\/blog\/2022\/10\/07\/journee-mondiale-pour-le-travail-decent\/#primaryimage"},"thumbnailUrl":"https:\/\/teamsters.ca\/wp-content\/uploads\/2022\/10\/wage_FR.jpg","datePublished":"2022-10-07T16:12:16+00:00","dateModified":"2022-10-07T16:12:33+00:00","breadcrumb":{"@id":"https:\/\/teamsters.ca\/fr\/blog\/2022\/10\/07\/journee-mondiale-pour-le-travail-decent\/#breadcrumb"},"inLanguage":"fr-CA","potentialAction":[{"@type":"ReadAction","target":["https:\/\/teamsters.ca\/fr\/blog\/2022\/10\/07\/journee-mondiale-pour-le-travail-decent\/"]}]},{"@type":"ImageObject","inLanguage":"fr-CA","@id":"https:\/\/teamsters.ca\/fr\/blog\/2022\/10\/07\/journee-mondiale-pour-le-travail-decent\/#primaryimage","url":"https:\/\/teamsters.ca\/wp-content\/uploads\/2022\/10\/wage_FR.jpg","contentUrl":"https:\/\/teamsters.ca\/wp-content\/uploads\/2022\/10\/wage_FR.jpg","width":1166,"height":768},{"@type":"BreadcrumbList","@id":"https:\/\/teamsters.ca\/fr\/blog\/2022\/10\/07\/journee-mondiale-pour-le-travail-decent\/#breadcrumb","itemListElement":[{"@type":"ListItem","position":1,"name":"Home","item":"https:\/\/teamsters.ca\/fr\/"},{"@type":"ListItem","position":2,"name":"Journ\u00e9e mondiale pour le travail d\u00e9cent"}]},{"@type":"WebSite","@id":"https:\/\/teamsters.ca\/fr\/#website","url":"https:\/\/teamsters.ca\/fr\/","name":"Teamsters Canada","description":"A Canadian union representing over 125 000 members","publisher":{"@id":"https:\/\/teamsters.ca\/fr\/#organization"},"potentialAction":[{"@type":"SearchAction","target":{"@type":"EntryPoint","urlTemplate":"https:\/\/teamsters.ca\/fr\/?s={search_term_string}"},"query-input":{"@type":"PropertyValueSpecification","valueRequired":true,"valueName":"search_term_string"}}],"inLanguage":"fr-CA"},{"@type":"Organization","@id":"https:\/\/teamsters.ca\/fr\/#organization","name":"Teamsters Canada","url":"https:\/\/teamsters.ca\/fr\/","logo":{"@type":"ImageObject","inLanguage":"fr-CA","@id":"https:\/\/teamsters.ca\/fr\/#\/schema\/logo\/image\/","url":"https:\/\/teamsters.ca\/wp-content\/uploads\/2019\/08\/TeamstersCanada.png","contentUrl":"https:\/\/teamsters.ca\/wp-content\/uploads\/2019\/08\/TeamstersCanada.png","width":545,"height":181,"caption":"Teamsters Canada"},"image":{"@id":"https:\/\/teamsters.ca\/fr\/#\/schema\/logo\/image\/"},"sameAs":["https:\/\/www.facebook.com\/Teamsterscanada\/","https:\/\/x.com\/TeamstersCanada"]},{"@type":"Person","@id":"https:\/\/teamsters.ca\/fr\/#\/schema\/person\/3e6ffefc39fe2f212400b7d8d0a4a0c1","name":"St\u00e9phanie Meunier","image":{"@type":"ImageObject","inLanguage":"fr-CA","@id":"https:\/\/teamsters.ca\/fr\/#\/schema\/person\/image\/","url":"https:\/\/secure.gravatar.com\/avatar\/e4e8404e91ed71cb473fa2708849669810cf083c89825a3d2dd0d47dd6b2be77?s=96&d=mm&r=g","contentUrl":"https:\/\/secure.gravatar.com\/avatar\/e4e8404e91ed71cb473fa2708849669810cf083c89825a3d2dd0d47dd6b2be77?s=96&d=mm&r=g","caption":"St\u00e9phanie Meunier"},"url":"https:\/\/teamsters.ca\/fr\/blog\/author\/smeunier\/"}]}},"_links":{"self":[{"href":"https:\/\/teamsters.ca\/fr\/wp-json\/wp\/v2\/posts\/24023","targetHints":{"allow":["GET"]}}],"collection":[{"href":"https:\/\/teamsters.ca\/fr\/wp-json\/wp\/v2\/posts"}],"about":[{"href":"https:\/\/teamsters.ca\/fr\/wp-json\/wp\/v2\/types\/post"}],"author":[{"embeddable":true,"href":"https:\/\/teamsters.ca\/fr\/wp-json\/wp\/v2\/users\/8"}],"replies":[{"embeddable":true,"href":"https:\/\/teamsters.ca\/fr\/wp-json\/wp\/v2\/comments?post=24023"}],"version-history":[{"count":8,"href":"https:\/\/teamsters.ca\/fr\/wp-json\/wp\/v2\/posts\/24023\/revisions"}],"predecessor-version":[{"id":24031,"href":"https:\/\/teamsters.ca\/fr\/wp-json\/wp\/v2\/posts\/24023\/revisions\/24031"}],"wp:featuredmedia":[{"embeddable":true,"href":"https:\/\/teamsters.ca\/fr\/wp-json\/wp\/v2\/media\/24021"}],"wp:attachment":[{"href":"https:\/\/teamsters.ca\/fr\/wp-json\/wp\/v2\/media?parent=24023"}],"wp:term":[{"taxonomy":"category","embeddable":true,"href":"https:\/\/teamsters.ca\/fr\/wp-json\/wp\/v2\/categories?post=24023"},{"taxonomy":"post_tag","embeddable":true,"href":"https:\/\/teamsters.ca\/fr\/wp-json\/wp\/v2\/tags?post=24023"}],"curies":[{"name":"wp","href":"https:\/\/api.w.org\/{rel}","templated":true}]}}