{"id":23881,"date":"2022-09-14T15:33:13","date_gmt":"2022-09-14T19:33:13","guid":{"rendered":"https:\/\/teamsters.ca\/?p=23881"},"modified":"2022-09-14T17:10:15","modified_gmt":"2022-09-14T21:10:15","slug":"les-salaries%c2%b7es-dunifirst-obtiennent-une-augmentation-de-15-et-mettent-fin-a-la-greve","status":"publish","type":"post","link":"https:\/\/teamsters.ca\/fr\/blog\/2022\/09\/14\/les-salaries%c2%b7es-dunifirst-obtiennent-une-augmentation-de-15-et-mettent-fin-a-la-greve\/","title":{"rendered":"Les salari\u00e9s\u00b7es d\u2019Unifirst obtiennent une augmentation de 15 % et mettent fin \u00e0 la gr\u00e8ve"},"content":{"rendered":"\n<p>Les travailleuses\u00b7eurs d\u2019Unifirst Canada \u00e0 Langley, en Colombie-Britannique, ont vot\u00e9 \u00e0 93 % plus t\u00f4t cette semaine pour mettre fin \u00e0 une gr\u00e8ve de quatre semaines et ratifier un nouveau contrat de trois ans. Ils ont obtenu une augmentation de 10 % la premi\u00e8re ann\u00e9e, une augmentation de 2 % la deuxi\u00e8me ann\u00e9e et une augmentation de 3 % la troisi\u00e8me ann\u00e9e. Les chauffeurs de l\u2019entreprise ont \u00e9galement obtenu des primes.&nbsp;&nbsp;<\/p>\n\n\n\n<p>\u00ab\u2009Je tiens \u00e0 f\u00e9liciter les travailleurs et travailleuses d\u2019Unifirst, leur comit\u00e9 de n\u00e9gociation ainsi que leur section locale pour cette nouvelle convention collective. Leur victoire d\u00e9montre l\u2019importance de la solidarit\u00e9 et de l\u2019unit\u00e9 pour faire face \u00e0 un d\u00e9fi comme l\u2019inflation\u2009\u00bb, a d\u00e9clar\u00e9 le pr\u00e9sident de Teamsters Canada, Fran\u00e7ois Laporte.&nbsp;<\/p>\n\n\n\n<p>Les employ\u00e9es\u00b7s de l\u2019entreprise sont membres de la Section locale&nbsp;213 du syndicat des Teamsters. Ils nettoient les uniformes et les v\u00eatements de travail dans une installation o\u00f9 la temp\u00e9rature peut parfois atteindre 40&nbsp;\u00b0C. Les chauffeurs\u00b7euses les livrent ensuite \u00e0 de grandes compagnies comme Costco, le Canadien Pacifique, Pepsi, BC Hydro et plus encore.<\/p>\n\n\n\n<p>La plupart des travailleuses\u00b7eurs de l\u2019unit\u00e9 de n\u00e9gociation sont issus de l\u2019immigration, et presque tout le personnel non-livreur est compos\u00e9 de femmes racis\u00e9es. Fortes\u00b7s et unies\u00b7s en tant que membres du syndicat des Teamsters, elles et ils n\u2019ont pas eu peur de se battre pour obtenir un accord \u00e9quitable.&nbsp;&nbsp;&nbsp;&nbsp;<\/p>\n\n\n\n<p>\u00ab\u2009Il a fallu rappeler \u00e0 Unifirst que nos membres travaillent fort, font des sacrifices et font beaucoup pour cette entreprise. Nous avons simplement demand\u00e9 d\u2019\u00eatre trait\u00e9s avec respect et \u00e9quit\u00e9 en retour. Lorsque cela n\u2019a pas \u00e9t\u00e9 le cas, nous avons fait la gr\u00e8ve et obtenu une augmentation \u00e9quitable\u2009\u00bb, a d\u00e9clar\u00e9 le secr\u00e9taire-tr\u00e9sorier de la section&nbsp;213 du syndicat des Teamsters, Tony Santavenere.&nbsp;<\/p>\n\n\n","protected":false},"excerpt":{"rendered":"<p>Les travailleuses\u00b7eurs d\u2019Unifirst Canada \u00e0 Langley, en Colombie-Britannique, ont vot\u00e9 \u00e0 93 % plus t\u00f4t cette semaine pour mettre fin \u00e0 une gr\u00e8ve de quatre semaines et ratifier un nouveau contrat de trois ans. Ils ont obtenu une augmentation de 10 % la premi\u00e8re ann\u00e9e, une augmentation de 2 % la deuxi\u00e8me ann\u00e9e et une augmentation de 3 % la troisi\u00e8me ann\u00e9e. Les chauffeurs de l\u2019entreprise ont \u00e9galement obtenu des primes.\u00a0\u00a0<\/p>\n","protected":false},"author":8,"featured_media":23894,"comment_status":"closed","ping_status":"closed","sticky":false,"template":"","format":"standard","meta":{"ngg_post_thumbnail":0,"mc4wp_mailchimp_campaign":[],"footnotes":""},"categories":[1139,1114],"tags":[6845,6844],"class_list":{"0":"post-23881","1":"post","2":"type-post","3":"status-publish","4":"format-standard","5":"has-post-thumbnail","7":"category-colombie-britannique","8":"category-nouvelles","9":"tag-section-locale-213","10":"tag-unifirst-canada"},"yoast_head":"<!-- This site is optimized with the Yoast SEO Premium plugin v25.5 (Yoast SEO v25.5) - https:\/\/yoast.com\/wordpress\/plugins\/seo\/ -->\n<title>Les salari\u00e9s\u00b7es d\u2019Unifirst obtiennent une augmentation de 15 % et mettent fin \u00e0 la gr\u00e8ve | Teamsters Canada<\/title>\n<meta name=\"robots\" content=\"index, follow, max-snippet:-1, max-image-preview:large, max-video-preview:-1\" \/>\n<link rel=\"canonical\" href=\"https:\/\/teamsters.ca\/fr\/blog\/2022\/09\/14\/les-salaries%c2%b7es-dunifirst-obtiennent-une-augmentation-de-15-et-mettent-fin-a-la-greve\/\" \/>\n<meta property=\"og:locale\" content=\"fr_CA\" \/>\n<meta property=\"og:type\" content=\"article\" \/>\n<meta property=\"og:title\" content=\"Les salari\u00e9s\u00b7es d\u2019Unifirst obtiennent une augmentation de 15 % et mettent fin \u00e0 la gr\u00e8ve\" \/>\n<meta property=\"og:description\" content=\"Les travailleuses\u00b7eurs d\u2019Unifirst Canada \u00e0 Langley, en Colombie-Britannique, ont vot\u00e9 \u00e0 93 % plus t\u00f4t cette semaine pour mettre fin \u00e0 une gr\u00e8ve de quatre semaines et ratifier un nouveau contrat de trois ans. Ils ont obtenu une augmentation de 10 % la premi\u00e8re ann\u00e9e, une augmentation de 2 % la deuxi\u00e8me ann\u00e9e et une augmentation de 3 % la troisi\u00e8me ann\u00e9e. Les chauffeurs de l\u2019entreprise ont \u00e9galement obtenu des primes.\u00a0\u00a0\" \/>\n<meta property=\"og:url\" content=\"https:\/\/teamsters.ca\/fr\/blog\/2022\/09\/14\/les-salaries%c2%b7es-dunifirst-obtiennent-une-augmentation-de-15-et-mettent-fin-a-la-greve\/\" \/>\n<meta property=\"og:site_name\" content=\"Teamsters Canada\" \/>\n<meta property=\"article:publisher\" content=\"https:\/\/www.facebook.com\/Teamsterscanada\/\" \/>\n<meta property=\"article:published_time\" content=\"2022-09-14T19:33:13+00:00\" \/>\n<meta property=\"article:modified_time\" content=\"2022-09-14T21:10:15+00:00\" \/>\n<meta property=\"og:image\" content=\"https:\/\/teamsters.ca\/wp-content\/uploads\/2022\/09\/unifirst.png\" \/>\n\t<meta property=\"og:image:width\" content=\"1166\" \/>\n\t<meta property=\"og:image:height\" content=\"768\" \/>\n\t<meta property=\"og:image:type\" content=\"image\/png\" \/>\n<meta name=\"author\" content=\"St\u00e9phanie Meunier\" \/>\n<meta name=\"twitter:card\" content=\"summary_large_image\" \/>\n<meta name=\"twitter:creator\" content=\"@TeamstersCanada\" \/>\n<meta name=\"twitter:site\" content=\"@TeamstersCanada\" \/>\n<meta name=\"twitter:label1\" content=\"\u00c9crit par\" \/>\n\t<meta name=\"twitter:data1\" content=\"St\u00e9phanie Meunier\" \/>\n\t<meta name=\"twitter:label2\" content=\"Estimation du temps de lecture\" \/>\n\t<meta name=\"twitter:data2\" content=\"2 minutes\" \/>\n<script type=\"application\/ld+json\" class=\"yoast-schema-graph\">{\"@context\":\"https:\/\/schema.org\",\"@graph\":[{\"@type\":\"Article\",\"@id\":\"https:\/\/teamsters.ca\/fr\/blog\/2022\/09\/14\/les-salaries%c2%b7es-dunifirst-obtiennent-une-augmentation-de-15-et-mettent-fin-a-la-greve\/#article\",\"isPartOf\":{\"@id\":\"https:\/\/teamsters.ca\/fr\/blog\/2022\/09\/14\/les-salaries%c2%b7es-dunifirst-obtiennent-une-augmentation-de-15-et-mettent-fin-a-la-greve\/\"},\"author\":{\"name\":\"St\u00e9phanie Meunier\",\"@id\":\"https:\/\/teamsters.ca\/fr\/#\/schema\/person\/3e6ffefc39fe2f212400b7d8d0a4a0c1\"},\"headline\":\"Les salari\u00e9s\u00b7es d\u2019Unifirst obtiennent une augmentation de 15 % et mettent fin \u00e0 la gr\u00e8ve\",\"datePublished\":\"2022-09-14T19:33:13+00:00\",\"dateModified\":\"2022-09-14T21:10:15+00:00\",\"mainEntityOfPage\":{\"@id\":\"https:\/\/teamsters.ca\/fr\/blog\/2022\/09\/14\/les-salaries%c2%b7es-dunifirst-obtiennent-une-augmentation-de-15-et-mettent-fin-a-la-greve\/\"},\"wordCount\":340,\"publisher\":{\"@id\":\"https:\/\/teamsters.ca\/fr\/#organization\"},\"image\":{\"@id\":\"https:\/\/teamsters.ca\/fr\/blog\/2022\/09\/14\/les-salaries%c2%b7es-dunifirst-obtiennent-une-augmentation-de-15-et-mettent-fin-a-la-greve\/#primaryimage\"},\"thumbnailUrl\":\"https:\/\/teamsters.ca\/wp-content\/uploads\/2022\/09\/unifirst.png\",\"keywords\":[\"Section locale\u00a0213\",\"Unifirst Canada\"],\"articleSection\":[\"Colombie-Britannique\",\"Nouvelles\"],\"inLanguage\":\"fr-CA\"},{\"@type\":\"WebPage\",\"@id\":\"https:\/\/teamsters.ca\/fr\/blog\/2022\/09\/14\/les-salaries%c2%b7es-dunifirst-obtiennent-une-augmentation-de-15-et-mettent-fin-a-la-greve\/\",\"url\":\"https:\/\/teamsters.ca\/fr\/blog\/2022\/09\/14\/les-salaries%c2%b7es-dunifirst-obtiennent-une-augmentation-de-15-et-mettent-fin-a-la-greve\/\",\"name\":\"Les salari\u00e9s\u00b7es d\u2019Unifirst obtiennent une augmentation de 15 % et mettent fin \u00e0 la gr\u00e8ve | Teamsters Canada\",\"isPartOf\":{\"@id\":\"https:\/\/teamsters.ca\/fr\/#website\"},\"primaryImageOfPage\":{\"@id\":\"https:\/\/teamsters.ca\/fr\/blog\/2022\/09\/14\/les-salaries%c2%b7es-dunifirst-obtiennent-une-augmentation-de-15-et-mettent-fin-a-la-greve\/#primaryimage\"},\"image\":{\"@id\":\"https:\/\/teamsters.ca\/fr\/blog\/2022\/09\/14\/les-salaries%c2%b7es-dunifirst-obtiennent-une-augmentation-de-15-et-mettent-fin-a-la-greve\/#primaryimage\"},\"thumbnailUrl\":\"https:\/\/teamsters.ca\/wp-content\/uploads\/2022\/09\/unifirst.png\",\"datePublished\":\"2022-09-14T19:33:13+00:00\",\"dateModified\":\"2022-09-14T21:10:15+00:00\",\"breadcrumb\":{\"@id\":\"https:\/\/teamsters.ca\/fr\/blog\/2022\/09\/14\/les-salaries%c2%b7es-dunifirst-obtiennent-une-augmentation-de-15-et-mettent-fin-a-la-greve\/#breadcrumb\"},\"inLanguage\":\"fr-CA\",\"potentialAction\":[{\"@type\":\"ReadAction\",\"target\":[\"https:\/\/teamsters.ca\/fr\/blog\/2022\/09\/14\/les-salaries%c2%b7es-dunifirst-obtiennent-une-augmentation-de-15-et-mettent-fin-a-la-greve\/\"]}]},{\"@type\":\"ImageObject\",\"inLanguage\":\"fr-CA\",\"@id\":\"https:\/\/teamsters.ca\/fr\/blog\/2022\/09\/14\/les-salaries%c2%b7es-dunifirst-obtiennent-une-augmentation-de-15-et-mettent-fin-a-la-greve\/#primaryimage\",\"url\":\"https:\/\/teamsters.ca\/wp-content\/uploads\/2022\/09\/unifirst.png\",\"contentUrl\":\"https:\/\/teamsters.ca\/wp-content\/uploads\/2022\/09\/unifirst.png\",\"width\":1166,\"height\":768},{\"@type\":\"BreadcrumbList\",\"@id\":\"https:\/\/teamsters.ca\/fr\/blog\/2022\/09\/14\/les-salaries%c2%b7es-dunifirst-obtiennent-une-augmentation-de-15-et-mettent-fin-a-la-greve\/#breadcrumb\",\"itemListElement\":[{\"@type\":\"ListItem\",\"position\":1,\"name\":\"Home\",\"item\":\"https:\/\/teamsters.ca\/fr\/\"},{\"@type\":\"ListItem\",\"position\":2,\"name\":\"Les salari\u00e9s\u00b7es d\u2019Unifirst obtiennent une augmentation de 15 % et mettent fin \u00e0 la gr\u00e8ve\"}]},{\"@type\":\"WebSite\",\"@id\":\"https:\/\/teamsters.ca\/fr\/#website\",\"url\":\"https:\/\/teamsters.ca\/fr\/\",\"name\":\"Teamsters Canada\",\"description\":\"A Canadian union representing over 125 000 members\",\"publisher\":{\"@id\":\"https:\/\/teamsters.ca\/fr\/#organization\"},\"potentialAction\":[{\"@type\":\"SearchAction\",\"target\":{\"@type\":\"EntryPoint\",\"urlTemplate\":\"https:\/\/teamsters.ca\/fr\/?s={search_term_string}\"},\"query-input\":{\"@type\":\"PropertyValueSpecification\",\"valueRequired\":true,\"valueName\":\"search_term_string\"}}],\"inLanguage\":\"fr-CA\"},{\"@type\":\"Organization\",\"@id\":\"https:\/\/teamsters.ca\/fr\/#organization\",\"name\":\"Teamsters Canada\",\"url\":\"https:\/\/teamsters.ca\/fr\/\",\"logo\":{\"@type\":\"ImageObject\",\"inLanguage\":\"fr-CA\",\"@id\":\"https:\/\/teamsters.ca\/fr\/#\/schema\/logo\/image\/\",\"url\":\"https:\/\/teamsters.ca\/wp-content\/uploads\/2019\/08\/TeamstersCanada.png\",\"contentUrl\":\"https:\/\/teamsters.ca\/wp-content\/uploads\/2019\/08\/TeamstersCanada.png\",\"width\":545,\"height\":181,\"caption\":\"Teamsters Canada\"},\"image\":{\"@id\":\"https:\/\/teamsters.ca\/fr\/#\/schema\/logo\/image\/\"},\"sameAs\":[\"https:\/\/www.facebook.com\/Teamsterscanada\/\",\"https:\/\/x.com\/TeamstersCanada\"]},{\"@type\":\"Person\",\"@id\":\"https:\/\/teamsters.ca\/fr\/#\/schema\/person\/3e6ffefc39fe2f212400b7d8d0a4a0c1\",\"name\":\"St\u00e9phanie Meunier\",\"image\":{\"@type\":\"ImageObject\",\"inLanguage\":\"fr-CA\",\"@id\":\"https:\/\/teamsters.ca\/fr\/#\/schema\/person\/image\/\",\"url\":\"https:\/\/secure.gravatar.com\/avatar\/e4e8404e91ed71cb473fa2708849669810cf083c89825a3d2dd0d47dd6b2be77?s=96&d=mm&r=g\",\"contentUrl\":\"https:\/\/secure.gravatar.com\/avatar\/e4e8404e91ed71cb473fa2708849669810cf083c89825a3d2dd0d47dd6b2be77?s=96&d=mm&r=g\",\"caption\":\"St\u00e9phanie Meunier\"},\"url\":\"https:\/\/teamsters.ca\/fr\/blog\/author\/smeunier\/\"}]}<\/script>\n<!-- \/ Yoast SEO Premium plugin. -->","yoast_head_json":{"title":"Les salari\u00e9s\u00b7es d\u2019Unifirst obtiennent une augmentation de 15 % et mettent fin \u00e0 la gr\u00e8ve | Teamsters Canada","robots":{"index":"index","follow":"follow","max-snippet":"max-snippet:-1","max-image-preview":"max-image-preview:large","max-video-preview":"max-video-preview:-1"},"canonical":"https:\/\/teamsters.ca\/fr\/blog\/2022\/09\/14\/les-salaries%c2%b7es-dunifirst-obtiennent-une-augmentation-de-15-et-mettent-fin-a-la-greve\/","og_locale":"fr_CA","og_type":"article","og_title":"Les salari\u00e9s\u00b7es d\u2019Unifirst obtiennent une augmentation de 15 % et mettent fin \u00e0 la gr\u00e8ve","og_description":"Les travailleuses\u00b7eurs d\u2019Unifirst Canada \u00e0 Langley, en Colombie-Britannique, ont vot\u00e9 \u00e0 93 % plus t\u00f4t cette semaine pour mettre fin \u00e0 une gr\u00e8ve de quatre semaines et ratifier un nouveau contrat de trois ans. Ils ont obtenu une augmentation de 10 % la premi\u00e8re ann\u00e9e, une augmentation de 2 % la deuxi\u00e8me ann\u00e9e et une augmentation de 3 % la troisi\u00e8me ann\u00e9e. Les chauffeurs de l\u2019entreprise ont \u00e9galement obtenu des primes.\u00a0\u00a0","og_url":"https:\/\/teamsters.ca\/fr\/blog\/2022\/09\/14\/les-salaries%c2%b7es-dunifirst-obtiennent-une-augmentation-de-15-et-mettent-fin-a-la-greve\/","og_site_name":"Teamsters Canada","article_publisher":"https:\/\/www.facebook.com\/Teamsterscanada\/","article_published_time":"2022-09-14T19:33:13+00:00","article_modified_time":"2022-09-14T21:10:15+00:00","og_image":[{"width":1166,"height":768,"url":"https:\/\/teamsters.ca\/wp-content\/uploads\/2022\/09\/unifirst.png","type":"image\/png"}],"author":"St\u00e9phanie Meunier","twitter_card":"summary_large_image","twitter_creator":"@TeamstersCanada","twitter_site":"@TeamstersCanada","twitter_misc":{"\u00c9crit par":"St\u00e9phanie Meunier","Estimation du temps de lecture":"2 minutes"},"schema":{"@context":"https:\/\/schema.org","@graph":[{"@type":"Article","@id":"https:\/\/teamsters.ca\/fr\/blog\/2022\/09\/14\/les-salaries%c2%b7es-dunifirst-obtiennent-une-augmentation-de-15-et-mettent-fin-a-la-greve\/#article","isPartOf":{"@id":"https:\/\/teamsters.ca\/fr\/blog\/2022\/09\/14\/les-salaries%c2%b7es-dunifirst-obtiennent-une-augmentation-de-15-et-mettent-fin-a-la-greve\/"},"author":{"name":"St\u00e9phanie Meunier","@id":"https:\/\/teamsters.ca\/fr\/#\/schema\/person\/3e6ffefc39fe2f212400b7d8d0a4a0c1"},"headline":"Les salari\u00e9s\u00b7es d\u2019Unifirst obtiennent une augmentation de 15 % et mettent fin \u00e0 la gr\u00e8ve","datePublished":"2022-09-14T19:33:13+00:00","dateModified":"2022-09-14T21:10:15+00:00","mainEntityOfPage":{"@id":"https:\/\/teamsters.ca\/fr\/blog\/2022\/09\/14\/les-salaries%c2%b7es-dunifirst-obtiennent-une-augmentation-de-15-et-mettent-fin-a-la-greve\/"},"wordCount":340,"publisher":{"@id":"https:\/\/teamsters.ca\/fr\/#organization"},"image":{"@id":"https:\/\/teamsters.ca\/fr\/blog\/2022\/09\/14\/les-salaries%c2%b7es-dunifirst-obtiennent-une-augmentation-de-15-et-mettent-fin-a-la-greve\/#primaryimage"},"thumbnailUrl":"https:\/\/teamsters.ca\/wp-content\/uploads\/2022\/09\/unifirst.png","keywords":["Section locale\u00a0213","Unifirst Canada"],"articleSection":["Colombie-Britannique","Nouvelles"],"inLanguage":"fr-CA"},{"@type":"WebPage","@id":"https:\/\/teamsters.ca\/fr\/blog\/2022\/09\/14\/les-salaries%c2%b7es-dunifirst-obtiennent-une-augmentation-de-15-et-mettent-fin-a-la-greve\/","url":"https:\/\/teamsters.ca\/fr\/blog\/2022\/09\/14\/les-salaries%c2%b7es-dunifirst-obtiennent-une-augmentation-de-15-et-mettent-fin-a-la-greve\/","name":"Les salari\u00e9s\u00b7es d\u2019Unifirst obtiennent une augmentation de 15 % et mettent fin \u00e0 la gr\u00e8ve | Teamsters Canada","isPartOf":{"@id":"https:\/\/teamsters.ca\/fr\/#website"},"primaryImageOfPage":{"@id":"https:\/\/teamsters.ca\/fr\/blog\/2022\/09\/14\/les-salaries%c2%b7es-dunifirst-obtiennent-une-augmentation-de-15-et-mettent-fin-a-la-greve\/#primaryimage"},"image":{"@id":"https:\/\/teamsters.ca\/fr\/blog\/2022\/09\/14\/les-salaries%c2%b7es-dunifirst-obtiennent-une-augmentation-de-15-et-mettent-fin-a-la-greve\/#primaryimage"},"thumbnailUrl":"https:\/\/teamsters.ca\/wp-content\/uploads\/2022\/09\/unifirst.png","datePublished":"2022-09-14T19:33:13+00:00","dateModified":"2022-09-14T21:10:15+00:00","breadcrumb":{"@id":"https:\/\/teamsters.ca\/fr\/blog\/2022\/09\/14\/les-salaries%c2%b7es-dunifirst-obtiennent-une-augmentation-de-15-et-mettent-fin-a-la-greve\/#breadcrumb"},"inLanguage":"fr-CA","potentialAction":[{"@type":"ReadAction","target":["https:\/\/teamsters.ca\/fr\/blog\/2022\/09\/14\/les-salaries%c2%b7es-dunifirst-obtiennent-une-augmentation-de-15-et-mettent-fin-a-la-greve\/"]}]},{"@type":"ImageObject","inLanguage":"fr-CA","@id":"https:\/\/teamsters.ca\/fr\/blog\/2022\/09\/14\/les-salaries%c2%b7es-dunifirst-obtiennent-une-augmentation-de-15-et-mettent-fin-a-la-greve\/#primaryimage","url":"https:\/\/teamsters.ca\/wp-content\/uploads\/2022\/09\/unifirst.png","contentUrl":"https:\/\/teamsters.ca\/wp-content\/uploads\/2022\/09\/unifirst.png","width":1166,"height":768},{"@type":"BreadcrumbList","@id":"https:\/\/teamsters.ca\/fr\/blog\/2022\/09\/14\/les-salaries%c2%b7es-dunifirst-obtiennent-une-augmentation-de-15-et-mettent-fin-a-la-greve\/#breadcrumb","itemListElement":[{"@type":"ListItem","position":1,"name":"Home","item":"https:\/\/teamsters.ca\/fr\/"},{"@type":"ListItem","position":2,"name":"Les salari\u00e9s\u00b7es d\u2019Unifirst obtiennent une augmentation de 15 % et mettent fin \u00e0 la gr\u00e8ve"}]},{"@type":"WebSite","@id":"https:\/\/teamsters.ca\/fr\/#website","url":"https:\/\/teamsters.ca\/fr\/","name":"Teamsters Canada","description":"A Canadian union representing over 125 000 members","publisher":{"@id":"https:\/\/teamsters.ca\/fr\/#organization"},"potentialAction":[{"@type":"SearchAction","target":{"@type":"EntryPoint","urlTemplate":"https:\/\/teamsters.ca\/fr\/?s={search_term_string}"},"query-input":{"@type":"PropertyValueSpecification","valueRequired":true,"valueName":"search_term_string"}}],"inLanguage":"fr-CA"},{"@type":"Organization","@id":"https:\/\/teamsters.ca\/fr\/#organization","name":"Teamsters Canada","url":"https:\/\/teamsters.ca\/fr\/","logo":{"@type":"ImageObject","inLanguage":"fr-CA","@id":"https:\/\/teamsters.ca\/fr\/#\/schema\/logo\/image\/","url":"https:\/\/teamsters.ca\/wp-content\/uploads\/2019\/08\/TeamstersCanada.png","contentUrl":"https:\/\/teamsters.ca\/wp-content\/uploads\/2019\/08\/TeamstersCanada.png","width":545,"height":181,"caption":"Teamsters Canada"},"image":{"@id":"https:\/\/teamsters.ca\/fr\/#\/schema\/logo\/image\/"},"sameAs":["https:\/\/www.facebook.com\/Teamsterscanada\/","https:\/\/x.com\/TeamstersCanada"]},{"@type":"Person","@id":"https:\/\/teamsters.ca\/fr\/#\/schema\/person\/3e6ffefc39fe2f212400b7d8d0a4a0c1","name":"St\u00e9phanie Meunier","image":{"@type":"ImageObject","inLanguage":"fr-CA","@id":"https:\/\/teamsters.ca\/fr\/#\/schema\/person\/image\/","url":"https:\/\/secure.gravatar.com\/avatar\/e4e8404e91ed71cb473fa2708849669810cf083c89825a3d2dd0d47dd6b2be77?s=96&d=mm&r=g","contentUrl":"https:\/\/secure.gravatar.com\/avatar\/e4e8404e91ed71cb473fa2708849669810cf083c89825a3d2dd0d47dd6b2be77?s=96&d=mm&r=g","caption":"St\u00e9phanie Meunier"},"url":"https:\/\/teamsters.ca\/fr\/blog\/author\/smeunier\/"}]}},"_links":{"self":[{"href":"https:\/\/teamsters.ca\/fr\/wp-json\/wp\/v2\/posts\/23881","targetHints":{"allow":["GET"]}}],"collection":[{"href":"https:\/\/teamsters.ca\/fr\/wp-json\/wp\/v2\/posts"}],"about":[{"href":"https:\/\/teamsters.ca\/fr\/wp-json\/wp\/v2\/types\/post"}],"author":[{"embeddable":true,"href":"https:\/\/teamsters.ca\/fr\/wp-json\/wp\/v2\/users\/8"}],"replies":[{"embeddable":true,"href":"https:\/\/teamsters.ca\/fr\/wp-json\/wp\/v2\/comments?post=23881"}],"version-history":[{"count":4,"href":"https:\/\/teamsters.ca\/fr\/wp-json\/wp\/v2\/posts\/23881\/revisions"}],"predecessor-version":[{"id":23891,"href":"https:\/\/teamsters.ca\/fr\/wp-json\/wp\/v2\/posts\/23881\/revisions\/23891"}],"wp:featuredmedia":[{"embeddable":true,"href":"https:\/\/teamsters.ca\/fr\/wp-json\/wp\/v2\/media\/23894"}],"wp:attachment":[{"href":"https:\/\/teamsters.ca\/fr\/wp-json\/wp\/v2\/media?parent=23881"}],"wp:term":[{"taxonomy":"category","embeddable":true,"href":"https:\/\/teamsters.ca\/fr\/wp-json\/wp\/v2\/categories?post=23881"},{"taxonomy":"post_tag","embeddable":true,"href":"https:\/\/teamsters.ca\/fr\/wp-json\/wp\/v2\/tags?post=23881"}],"curies":[{"name":"wp","href":"https:\/\/api.w.org\/{rel}","templated":true}]}}