{"id":23875,"date":"2022-09-14T11:56:53","date_gmt":"2022-09-14T15:56:53","guid":{"rendered":"https:\/\/teamsters.ca\/?p=23875"},"modified":"2022-09-14T11:56:57","modified_gmt":"2022-09-14T15:56:57","slug":"gains-significatifs-pour-les-travailleurs-et-travailleuses-dolymel-anjou","status":"publish","type":"post","link":"https:\/\/teamsters.ca\/fr\/blog\/2022\/09\/14\/gains-significatifs-pour-les-travailleurs-et-travailleuses-dolymel-anjou\/","title":{"rendered":"Gains significatifs pour les travailleurs et travailleuses d\u2019Olymel Anjou"},"content":{"rendered":"\n<p>Montr\u00e9al, 14 septembre 2022&nbsp;\u2014&nbsp;Une nouvelle convention collective d&rsquo;une dur\u00e9e de six ans a \u00e9t\u00e9&nbsp;sign\u00e9e le 9 septembre 2022 pour les salari\u00e9\u00b7es d\u2019Olymel Anjou. Ces travailleurs et travailleuses sont repr\u00e9sent\u00e9s par la Section locale 931 du syndicat des Teamsters du Qu\u00e9bec.<\/p>\n\n\n\n<p>Des gains&nbsp;importants ont \u00e9t\u00e9 obtenus par le comit\u00e9 de n\u00e9gociation&nbsp;compos\u00e9&nbsp;de Michel Aubin,&nbsp;de la Section locale 931, ainsi que de Willington Ulysse, Natacha Ntetu, Richard McGraw et Jean-G\u00e9rard Florestal.<\/p>\n\n\n\n<p>\u00ab&nbsp;Ce contrat de travail va avoir un impact majeur sur l\u2019ensemble des travailleurs et travailleuses qui \u0153uvrent dans cette industrie, mais d\u2019abord et avant tout sur les familles des 135 membres que nous repr\u00e9sentons au sein de cette entreprise&nbsp;\u00bb, souligne le pr\u00e9sident de la Section locale 931, Pierre-Andr\u00e9&nbsp;Blanchard.&nbsp;\u00ab&nbsp;C\u2019est une belle histoire qui m\u00e9rite d\u2019\u00eatre racont\u00e9e.&nbsp;\u00bb&nbsp;<\/p>\n\n\n\n<p>En effet, les salaires des travailleurs et des travailleuses ont \u00e9t\u00e9 hauss\u00e9s pour la premi\u00e8re ann\u00e9e d\u2019un minimum&nbsp;de 3$\/h, puis, pour le restant du contrat de travail, l\u2019augmentation totalisera 18 %. Un r\u00e9gime de retraite a \u00e9t\u00e9 ajout\u00e9, de m\u00eame que des jours f\u00e9ri\u00e9s et une journ\u00e9e mobile.&nbsp;Bref, il s\u2019agit d\u2019une belle victoire pour les gens d\u2019Olymel.<\/p>\n\n\n\n<p>\u00ab&nbsp;Il est important de dire que c\u2019est par la solidarit\u00e9 des membres et par le bon travail du comit\u00e9 de n\u00e9gociations qu\u2019on peut am\u00e9liorer les conditions des travailleurs et des travailleuses.&nbsp;\u00bb<\/p>\n\n\n\n<p><em>Le syndicat des Teamsters repr\u00e9sente les int\u00e9<\/em><em>r\u00ea<\/em><em>ts de 125 000 membres au Canada. Ils et elles sont affili\u00e9<\/em><em>s<\/em><em>-\u00e9es \u00e0 la Fraternit\u00e9 internationale des Teamsters, dont l<\/em><em>\u2019<\/em><em>effectif syndical est de 1,4 million de membres en Am\u00e9rique du Nord.<\/em><em><\/em><\/p>\n\n\n\n<p class=\"has-text-align-center\">-30-<\/p>\n\n\n\n<p>St\u00e9phane Lacroix, directeur des Communications et des Affaires publiques<br \/>Portable : 514 609-5101<br \/><a rel=\"noreferrer noopener\" href=\"mailto:slacroix@teamsters.ca\" target=\"_blank\">slacroix@teamsters.ca<\/a><\/p>\n","protected":false},"excerpt":{"rendered":"<p>Une nouvelle convention collective d&rsquo;une dur\u00e9e de six ans a \u00e9t\u00e9\u00a0sign\u00e9e le 9 septembre 2022 pour les salari\u00e9\u00b7es d\u2019Olymel Anjou. Ces travailleurs et travailleuses sont repr\u00e9sent\u00e9s par la Section locale 931 du syndicat des Teamsters du Qu\u00e9bec.<\/p>\n","protected":false},"author":8,"featured_media":23876,"comment_status":"closed","ping_status":"closed","sticky":false,"template":"","format":"standard","meta":{"ngg_post_thumbnail":0,"mc4wp_mailchimp_campaign":[],"footnotes":""},"categories":[4995,1114],"tags":[6842],"class_list":{"0":"post-23875","1":"post","2":"type-post","3":"status-publish","4":"format-standard","5":"has-post-thumbnail","7":"category-convention-collective","8":"category-nouvelles","9":"tag-olymel-anjou"},"yoast_head":"<!-- This site is optimized with the Yoast SEO Premium plugin v25.5 (Yoast SEO v25.5) - https:\/\/yoast.com\/wordpress\/plugins\/seo\/ -->\n<title>Gains significatifs pour les travailleurs et travailleuses d\u2019Olymel Anjou | Teamsters Canada<\/title>\n<meta name=\"robots\" content=\"index, follow, max-snippet:-1, max-image-preview:large, max-video-preview:-1\" \/>\n<link rel=\"canonical\" href=\"https:\/\/teamsters.ca\/fr\/blog\/2022\/09\/14\/gains-significatifs-pour-les-travailleurs-et-travailleuses-dolymel-anjou\/\" \/>\n<meta property=\"og:locale\" content=\"fr_CA\" \/>\n<meta property=\"og:type\" content=\"article\" \/>\n<meta property=\"og:title\" content=\"Gains significatifs pour les travailleurs et travailleuses d\u2019Olymel Anjou\" \/>\n<meta property=\"og:description\" content=\"Une nouvelle convention collective d&#039;une dur\u00e9e de six ans a \u00e9t\u00e9\u00a0sign\u00e9e le 9 septembre 2022 pour les salari\u00e9\u00b7es d\u2019Olymel Anjou. Ces travailleurs et travailleuses sont repr\u00e9sent\u00e9s par la Section locale 931 du syndicat des Teamsters du Qu\u00e9bec.\" \/>\n<meta property=\"og:url\" content=\"https:\/\/teamsters.ca\/fr\/blog\/2022\/09\/14\/gains-significatifs-pour-les-travailleurs-et-travailleuses-dolymel-anjou\/\" \/>\n<meta property=\"og:site_name\" content=\"Teamsters Canada\" \/>\n<meta property=\"article:publisher\" content=\"https:\/\/www.facebook.com\/Teamsterscanada\/\" \/>\n<meta property=\"article:published_time\" content=\"2022-09-14T15:56:53+00:00\" \/>\n<meta property=\"article:modified_time\" content=\"2022-09-14T15:56:57+00:00\" \/>\n<meta property=\"og:image\" content=\"https:\/\/teamsters.ca\/wp-content\/uploads\/2022\/09\/TeamstersCanOly.png\" \/>\n\t<meta property=\"og:image:width\" content=\"1166\" \/>\n\t<meta property=\"og:image:height\" content=\"768\" \/>\n\t<meta property=\"og:image:type\" content=\"image\/png\" \/>\n<meta name=\"author\" content=\"St\u00e9phanie Meunier\" \/>\n<meta name=\"twitter:card\" content=\"summary_large_image\" \/>\n<meta name=\"twitter:creator\" content=\"@TeamstersCanada\" \/>\n<meta name=\"twitter:site\" content=\"@TeamstersCanada\" \/>\n<meta name=\"twitter:label1\" content=\"\u00c9crit par\" \/>\n\t<meta name=\"twitter:data1\" content=\"St\u00e9phanie Meunier\" \/>\n\t<meta name=\"twitter:label2\" content=\"Estimation du temps de lecture\" \/>\n\t<meta name=\"twitter:data2\" content=\"2 minutes\" \/>\n<script type=\"application\/ld+json\" class=\"yoast-schema-graph\">{\"@context\":\"https:\/\/schema.org\",\"@graph\":[{\"@type\":\"Article\",\"@id\":\"https:\/\/teamsters.ca\/fr\/blog\/2022\/09\/14\/gains-significatifs-pour-les-travailleurs-et-travailleuses-dolymel-anjou\/#article\",\"isPartOf\":{\"@id\":\"https:\/\/teamsters.ca\/fr\/blog\/2022\/09\/14\/gains-significatifs-pour-les-travailleurs-et-travailleuses-dolymel-anjou\/\"},\"author\":{\"name\":\"St\u00e9phanie Meunier\",\"@id\":\"https:\/\/teamsters.ca\/fr\/#\/schema\/person\/3e6ffefc39fe2f212400b7d8d0a4a0c1\"},\"headline\":\"Gains significatifs pour les travailleurs et travailleuses d\u2019Olymel Anjou\",\"datePublished\":\"2022-09-14T15:56:53+00:00\",\"dateModified\":\"2022-09-14T15:56:57+00:00\",\"mainEntityOfPage\":{\"@id\":\"https:\/\/teamsters.ca\/fr\/blog\/2022\/09\/14\/gains-significatifs-pour-les-travailleurs-et-travailleuses-dolymel-anjou\/\"},\"wordCount\":316,\"publisher\":{\"@id\":\"https:\/\/teamsters.ca\/fr\/#organization\"},\"image\":{\"@id\":\"https:\/\/teamsters.ca\/fr\/blog\/2022\/09\/14\/gains-significatifs-pour-les-travailleurs-et-travailleuses-dolymel-anjou\/#primaryimage\"},\"thumbnailUrl\":\"https:\/\/teamsters.ca\/wp-content\/uploads\/2022\/09\/TeamstersCanOly.png\",\"keywords\":[\"Olymel Anjou\"],\"articleSection\":[\"Convention collective\",\"Nouvelles\"],\"inLanguage\":\"fr-CA\"},{\"@type\":\"WebPage\",\"@id\":\"https:\/\/teamsters.ca\/fr\/blog\/2022\/09\/14\/gains-significatifs-pour-les-travailleurs-et-travailleuses-dolymel-anjou\/\",\"url\":\"https:\/\/teamsters.ca\/fr\/blog\/2022\/09\/14\/gains-significatifs-pour-les-travailleurs-et-travailleuses-dolymel-anjou\/\",\"name\":\"Gains significatifs pour les travailleurs et travailleuses d\u2019Olymel Anjou | Teamsters Canada\",\"isPartOf\":{\"@id\":\"https:\/\/teamsters.ca\/fr\/#website\"},\"primaryImageOfPage\":{\"@id\":\"https:\/\/teamsters.ca\/fr\/blog\/2022\/09\/14\/gains-significatifs-pour-les-travailleurs-et-travailleuses-dolymel-anjou\/#primaryimage\"},\"image\":{\"@id\":\"https:\/\/teamsters.ca\/fr\/blog\/2022\/09\/14\/gains-significatifs-pour-les-travailleurs-et-travailleuses-dolymel-anjou\/#primaryimage\"},\"thumbnailUrl\":\"https:\/\/teamsters.ca\/wp-content\/uploads\/2022\/09\/TeamstersCanOly.png\",\"datePublished\":\"2022-09-14T15:56:53+00:00\",\"dateModified\":\"2022-09-14T15:56:57+00:00\",\"breadcrumb\":{\"@id\":\"https:\/\/teamsters.ca\/fr\/blog\/2022\/09\/14\/gains-significatifs-pour-les-travailleurs-et-travailleuses-dolymel-anjou\/#breadcrumb\"},\"inLanguage\":\"fr-CA\",\"potentialAction\":[{\"@type\":\"ReadAction\",\"target\":[\"https:\/\/teamsters.ca\/fr\/blog\/2022\/09\/14\/gains-significatifs-pour-les-travailleurs-et-travailleuses-dolymel-anjou\/\"]}]},{\"@type\":\"ImageObject\",\"inLanguage\":\"fr-CA\",\"@id\":\"https:\/\/teamsters.ca\/fr\/blog\/2022\/09\/14\/gains-significatifs-pour-les-travailleurs-et-travailleuses-dolymel-anjou\/#primaryimage\",\"url\":\"https:\/\/teamsters.ca\/wp-content\/uploads\/2022\/09\/TeamstersCanOly.png\",\"contentUrl\":\"https:\/\/teamsters.ca\/wp-content\/uploads\/2022\/09\/TeamstersCanOly.png\",\"width\":1166,\"height\":768},{\"@type\":\"BreadcrumbList\",\"@id\":\"https:\/\/teamsters.ca\/fr\/blog\/2022\/09\/14\/gains-significatifs-pour-les-travailleurs-et-travailleuses-dolymel-anjou\/#breadcrumb\",\"itemListElement\":[{\"@type\":\"ListItem\",\"position\":1,\"name\":\"Home\",\"item\":\"https:\/\/teamsters.ca\/fr\/\"},{\"@type\":\"ListItem\",\"position\":2,\"name\":\"Gains significatifs pour les travailleurs et travailleuses d\u2019Olymel Anjou\"}]},{\"@type\":\"WebSite\",\"@id\":\"https:\/\/teamsters.ca\/fr\/#website\",\"url\":\"https:\/\/teamsters.ca\/fr\/\",\"name\":\"Teamsters Canada\",\"description\":\"A Canadian union representing over 125 000 members\",\"publisher\":{\"@id\":\"https:\/\/teamsters.ca\/fr\/#organization\"},\"potentialAction\":[{\"@type\":\"SearchAction\",\"target\":{\"@type\":\"EntryPoint\",\"urlTemplate\":\"https:\/\/teamsters.ca\/fr\/?s={search_term_string}\"},\"query-input\":{\"@type\":\"PropertyValueSpecification\",\"valueRequired\":true,\"valueName\":\"search_term_string\"}}],\"inLanguage\":\"fr-CA\"},{\"@type\":\"Organization\",\"@id\":\"https:\/\/teamsters.ca\/fr\/#organization\",\"name\":\"Teamsters Canada\",\"url\":\"https:\/\/teamsters.ca\/fr\/\",\"logo\":{\"@type\":\"ImageObject\",\"inLanguage\":\"fr-CA\",\"@id\":\"https:\/\/teamsters.ca\/fr\/#\/schema\/logo\/image\/\",\"url\":\"https:\/\/teamsters.ca\/wp-content\/uploads\/2019\/08\/TeamstersCanada.png\",\"contentUrl\":\"https:\/\/teamsters.ca\/wp-content\/uploads\/2019\/08\/TeamstersCanada.png\",\"width\":545,\"height\":181,\"caption\":\"Teamsters Canada\"},\"image\":{\"@id\":\"https:\/\/teamsters.ca\/fr\/#\/schema\/logo\/image\/\"},\"sameAs\":[\"https:\/\/www.facebook.com\/Teamsterscanada\/\",\"https:\/\/x.com\/TeamstersCanada\"]},{\"@type\":\"Person\",\"@id\":\"https:\/\/teamsters.ca\/fr\/#\/schema\/person\/3e6ffefc39fe2f212400b7d8d0a4a0c1\",\"name\":\"St\u00e9phanie Meunier\",\"image\":{\"@type\":\"ImageObject\",\"inLanguage\":\"fr-CA\",\"@id\":\"https:\/\/teamsters.ca\/fr\/#\/schema\/person\/image\/\",\"url\":\"https:\/\/secure.gravatar.com\/avatar\/e4e8404e91ed71cb473fa2708849669810cf083c89825a3d2dd0d47dd6b2be77?s=96&d=mm&r=g\",\"contentUrl\":\"https:\/\/secure.gravatar.com\/avatar\/e4e8404e91ed71cb473fa2708849669810cf083c89825a3d2dd0d47dd6b2be77?s=96&d=mm&r=g\",\"caption\":\"St\u00e9phanie Meunier\"},\"url\":\"https:\/\/teamsters.ca\/fr\/blog\/author\/smeunier\/\"}]}<\/script>\n<!-- \/ Yoast SEO Premium plugin. -->","yoast_head_json":{"title":"Gains significatifs pour les travailleurs et travailleuses d\u2019Olymel Anjou | Teamsters Canada","robots":{"index":"index","follow":"follow","max-snippet":"max-snippet:-1","max-image-preview":"max-image-preview:large","max-video-preview":"max-video-preview:-1"},"canonical":"https:\/\/teamsters.ca\/fr\/blog\/2022\/09\/14\/gains-significatifs-pour-les-travailleurs-et-travailleuses-dolymel-anjou\/","og_locale":"fr_CA","og_type":"article","og_title":"Gains significatifs pour les travailleurs et travailleuses d\u2019Olymel Anjou","og_description":"Une nouvelle convention collective d'une dur\u00e9e de six ans a \u00e9t\u00e9\u00a0sign\u00e9e le 9 septembre 2022 pour les salari\u00e9\u00b7es d\u2019Olymel Anjou. Ces travailleurs et travailleuses sont repr\u00e9sent\u00e9s par la Section locale 931 du syndicat des Teamsters du Qu\u00e9bec.","og_url":"https:\/\/teamsters.ca\/fr\/blog\/2022\/09\/14\/gains-significatifs-pour-les-travailleurs-et-travailleuses-dolymel-anjou\/","og_site_name":"Teamsters Canada","article_publisher":"https:\/\/www.facebook.com\/Teamsterscanada\/","article_published_time":"2022-09-14T15:56:53+00:00","article_modified_time":"2022-09-14T15:56:57+00:00","og_image":[{"width":1166,"height":768,"url":"https:\/\/teamsters.ca\/wp-content\/uploads\/2022\/09\/TeamstersCanOly.png","type":"image\/png"}],"author":"St\u00e9phanie Meunier","twitter_card":"summary_large_image","twitter_creator":"@TeamstersCanada","twitter_site":"@TeamstersCanada","twitter_misc":{"\u00c9crit par":"St\u00e9phanie Meunier","Estimation du temps de lecture":"2 minutes"},"schema":{"@context":"https:\/\/schema.org","@graph":[{"@type":"Article","@id":"https:\/\/teamsters.ca\/fr\/blog\/2022\/09\/14\/gains-significatifs-pour-les-travailleurs-et-travailleuses-dolymel-anjou\/#article","isPartOf":{"@id":"https:\/\/teamsters.ca\/fr\/blog\/2022\/09\/14\/gains-significatifs-pour-les-travailleurs-et-travailleuses-dolymel-anjou\/"},"author":{"name":"St\u00e9phanie Meunier","@id":"https:\/\/teamsters.ca\/fr\/#\/schema\/person\/3e6ffefc39fe2f212400b7d8d0a4a0c1"},"headline":"Gains significatifs pour les travailleurs et travailleuses d\u2019Olymel Anjou","datePublished":"2022-09-14T15:56:53+00:00","dateModified":"2022-09-14T15:56:57+00:00","mainEntityOfPage":{"@id":"https:\/\/teamsters.ca\/fr\/blog\/2022\/09\/14\/gains-significatifs-pour-les-travailleurs-et-travailleuses-dolymel-anjou\/"},"wordCount":316,"publisher":{"@id":"https:\/\/teamsters.ca\/fr\/#organization"},"image":{"@id":"https:\/\/teamsters.ca\/fr\/blog\/2022\/09\/14\/gains-significatifs-pour-les-travailleurs-et-travailleuses-dolymel-anjou\/#primaryimage"},"thumbnailUrl":"https:\/\/teamsters.ca\/wp-content\/uploads\/2022\/09\/TeamstersCanOly.png","keywords":["Olymel Anjou"],"articleSection":["Convention collective","Nouvelles"],"inLanguage":"fr-CA"},{"@type":"WebPage","@id":"https:\/\/teamsters.ca\/fr\/blog\/2022\/09\/14\/gains-significatifs-pour-les-travailleurs-et-travailleuses-dolymel-anjou\/","url":"https:\/\/teamsters.ca\/fr\/blog\/2022\/09\/14\/gains-significatifs-pour-les-travailleurs-et-travailleuses-dolymel-anjou\/","name":"Gains significatifs pour les travailleurs et travailleuses d\u2019Olymel Anjou | Teamsters Canada","isPartOf":{"@id":"https:\/\/teamsters.ca\/fr\/#website"},"primaryImageOfPage":{"@id":"https:\/\/teamsters.ca\/fr\/blog\/2022\/09\/14\/gains-significatifs-pour-les-travailleurs-et-travailleuses-dolymel-anjou\/#primaryimage"},"image":{"@id":"https:\/\/teamsters.ca\/fr\/blog\/2022\/09\/14\/gains-significatifs-pour-les-travailleurs-et-travailleuses-dolymel-anjou\/#primaryimage"},"thumbnailUrl":"https:\/\/teamsters.ca\/wp-content\/uploads\/2022\/09\/TeamstersCanOly.png","datePublished":"2022-09-14T15:56:53+00:00","dateModified":"2022-09-14T15:56:57+00:00","breadcrumb":{"@id":"https:\/\/teamsters.ca\/fr\/blog\/2022\/09\/14\/gains-significatifs-pour-les-travailleurs-et-travailleuses-dolymel-anjou\/#breadcrumb"},"inLanguage":"fr-CA","potentialAction":[{"@type":"ReadAction","target":["https:\/\/teamsters.ca\/fr\/blog\/2022\/09\/14\/gains-significatifs-pour-les-travailleurs-et-travailleuses-dolymel-anjou\/"]}]},{"@type":"ImageObject","inLanguage":"fr-CA","@id":"https:\/\/teamsters.ca\/fr\/blog\/2022\/09\/14\/gains-significatifs-pour-les-travailleurs-et-travailleuses-dolymel-anjou\/#primaryimage","url":"https:\/\/teamsters.ca\/wp-content\/uploads\/2022\/09\/TeamstersCanOly.png","contentUrl":"https:\/\/teamsters.ca\/wp-content\/uploads\/2022\/09\/TeamstersCanOly.png","width":1166,"height":768},{"@type":"BreadcrumbList","@id":"https:\/\/teamsters.ca\/fr\/blog\/2022\/09\/14\/gains-significatifs-pour-les-travailleurs-et-travailleuses-dolymel-anjou\/#breadcrumb","itemListElement":[{"@type":"ListItem","position":1,"name":"Home","item":"https:\/\/teamsters.ca\/fr\/"},{"@type":"ListItem","position":2,"name":"Gains significatifs pour les travailleurs et travailleuses d\u2019Olymel Anjou"}]},{"@type":"WebSite","@id":"https:\/\/teamsters.ca\/fr\/#website","url":"https:\/\/teamsters.ca\/fr\/","name":"Teamsters Canada","description":"A Canadian union representing over 125 000 members","publisher":{"@id":"https:\/\/teamsters.ca\/fr\/#organization"},"potentialAction":[{"@type":"SearchAction","target":{"@type":"EntryPoint","urlTemplate":"https:\/\/teamsters.ca\/fr\/?s={search_term_string}"},"query-input":{"@type":"PropertyValueSpecification","valueRequired":true,"valueName":"search_term_string"}}],"inLanguage":"fr-CA"},{"@type":"Organization","@id":"https:\/\/teamsters.ca\/fr\/#organization","name":"Teamsters Canada","url":"https:\/\/teamsters.ca\/fr\/","logo":{"@type":"ImageObject","inLanguage":"fr-CA","@id":"https:\/\/teamsters.ca\/fr\/#\/schema\/logo\/image\/","url":"https:\/\/teamsters.ca\/wp-content\/uploads\/2019\/08\/TeamstersCanada.png","contentUrl":"https:\/\/teamsters.ca\/wp-content\/uploads\/2019\/08\/TeamstersCanada.png","width":545,"height":181,"caption":"Teamsters Canada"},"image":{"@id":"https:\/\/teamsters.ca\/fr\/#\/schema\/logo\/image\/"},"sameAs":["https:\/\/www.facebook.com\/Teamsterscanada\/","https:\/\/x.com\/TeamstersCanada"]},{"@type":"Person","@id":"https:\/\/teamsters.ca\/fr\/#\/schema\/person\/3e6ffefc39fe2f212400b7d8d0a4a0c1","name":"St\u00e9phanie Meunier","image":{"@type":"ImageObject","inLanguage":"fr-CA","@id":"https:\/\/teamsters.ca\/fr\/#\/schema\/person\/image\/","url":"https:\/\/secure.gravatar.com\/avatar\/e4e8404e91ed71cb473fa2708849669810cf083c89825a3d2dd0d47dd6b2be77?s=96&d=mm&r=g","contentUrl":"https:\/\/secure.gravatar.com\/avatar\/e4e8404e91ed71cb473fa2708849669810cf083c89825a3d2dd0d47dd6b2be77?s=96&d=mm&r=g","caption":"St\u00e9phanie Meunier"},"url":"https:\/\/teamsters.ca\/fr\/blog\/author\/smeunier\/"}]}},"_links":{"self":[{"href":"https:\/\/teamsters.ca\/fr\/wp-json\/wp\/v2\/posts\/23875","targetHints":{"allow":["GET"]}}],"collection":[{"href":"https:\/\/teamsters.ca\/fr\/wp-json\/wp\/v2\/posts"}],"about":[{"href":"https:\/\/teamsters.ca\/fr\/wp-json\/wp\/v2\/types\/post"}],"author":[{"embeddable":true,"href":"https:\/\/teamsters.ca\/fr\/wp-json\/wp\/v2\/users\/8"}],"replies":[{"embeddable":true,"href":"https:\/\/teamsters.ca\/fr\/wp-json\/wp\/v2\/comments?post=23875"}],"version-history":[{"count":1,"href":"https:\/\/teamsters.ca\/fr\/wp-json\/wp\/v2\/posts\/23875\/revisions"}],"predecessor-version":[{"id":23878,"href":"https:\/\/teamsters.ca\/fr\/wp-json\/wp\/v2\/posts\/23875\/revisions\/23878"}],"wp:featuredmedia":[{"embeddable":true,"href":"https:\/\/teamsters.ca\/fr\/wp-json\/wp\/v2\/media\/23876"}],"wp:attachment":[{"href":"https:\/\/teamsters.ca\/fr\/wp-json\/wp\/v2\/media?parent=23875"}],"wp:term":[{"taxonomy":"category","embeddable":true,"href":"https:\/\/teamsters.ca\/fr\/wp-json\/wp\/v2\/categories?post=23875"},{"taxonomy":"post_tag","embeddable":true,"href":"https:\/\/teamsters.ca\/fr\/wp-json\/wp\/v2\/tags?post=23875"}],"curies":[{"name":"wp","href":"https:\/\/api.w.org\/{rel}","templated":true}]}}