{"id":23789,"date":"2022-08-17T15:48:30","date_gmt":"2022-08-17T19:48:30","guid":{"rendered":"https:\/\/teamsters.ca\/?p=23789"},"modified":"2022-08-17T15:48:32","modified_gmt":"2022-08-17T19:48:32","slug":"colombie-britannique-greve-a-unifirst-canada","status":"publish","type":"post","link":"https:\/\/teamsters.ca\/fr\/blog\/2022\/08\/17\/colombie-britannique-greve-a-unifirst-canada\/","title":{"rendered":"Colombie-Britannique :  Gr\u00e8ve \u00e0 Unifirst Canada !"},"content":{"rendered":"\n<p>Environ 75 travailleuses\u00b7eurs d&rsquo;Unfirst Canada ont d\u00e9bray\u00e9 cette semaine \u00e0 Langley, en Colombie-Britannique. Au lieu d&rsquo;aider son personnel \u00e0 composer avec l&rsquo;augmentation du cout de la vie, l&rsquo;entreprise offre des augmentations inf\u00e9rieures aux normes du secteur et bien en de\u00e7\u00e0 du taux d&rsquo;inflation actuel.<\/p>\n\n\n\n<p>Les travailleuses\u00b7eurs sont membres de la Section locale 213 du syndicat des Teamsters. Ils nettoient des uniformes et des v\u00eatements de travail et les livrent \u00e0 de grandes entreprises comme Costco, Canadien Pacifique, Pepsi, BC Hydro et plus encore. L&rsquo;entreprise est rentable et son \u00e9tablissement de Langley est extr\u00eamement occup\u00e9.<\/p>\n\n\n\n<p>La plupart des travailleurs de l&rsquo;unit\u00e9 de n\u00e9gociation sont issus de l&rsquo;immigration, et presque tout le personnel non-livreur est compos\u00e9 de femmes racis\u00e9es. Forts et unis en tant que membres du syndicat des Teamsters, ils n&rsquo;ont pas peur de se battre pour obtenir un contrat de travail \u00e9quitable.&nbsp;&nbsp;&nbsp;<\/p>\n\n\n\n<p>\u00ab&nbsp;Dans ce monde chaotique o\u00f9 le cout de la vie ne cesse d\u2019augmenter, tout ce que nous voulons, c&rsquo;est un salaire \u00e9quitable. Ce n&rsquo;est pas une chose pour laquelle les Canadiens devraient avoir \u00e0 se battre, et ce n&rsquo;est pas une chose sur laquelle nous allons faire de compromis, a d\u00e9clar\u00e9 le pr\u00e9sident de Teamsters Canada, Fran\u00e7ois Laporte. Les travailleurs d&rsquo;Unifirst peuvent compter sur l&rsquo;appui total de leurs plus de 125 000 cons\u0153urs et confr\u00e8res Teamsters d&rsquo;un oc\u00e9an \u00e0 l&rsquo;autre.&nbsp;\u00bb<\/p>\n\n\n\n<p>Malheureusement, l&rsquo;entreprise a commenc\u00e9 \u00e0 faire appel \u00e0 des gestionnaires et \u00e0 des briseurs de gr\u00e8ve pour tenter de livrer \u00e0 certains de ses plus gros clients. C&rsquo;est un probl\u00e8me auquel Tony Santavenere, secr\u00e9taire-tr\u00e9sorier de la Section locale 213, va s&rsquo;attaquer de front.&nbsp;<\/p>\n\n\n\n<p>\u00ab&nbsp;Unifirst pense qu&rsquo;il peut nous briser. Ils vont devoir y repenser. Nous allons mettre en place des piquets de gr\u00e8ve flottants \u00e0 chaque fois que ces livraisons de briseurs de gr\u00e8ve seront effectu\u00e9es. Les travailleurs d&rsquo;Unifirst en ont assez et nous ne reculerons pas tant que cette entreprise ne donnera pas \u00e0 ses travailleurs une augmentation qui a de l\u2019allure,&nbsp;\u00bb a d\u00e9clar\u00e9 le dirigeant de la section locale.&nbsp;<\/p>\n","protected":false},"excerpt":{"rendered":"<p>Environ 75 travailleuses\u00b7eurs d&rsquo;Unfirst Canada ont d\u00e9bray\u00e9 cette semaine \u00e0 Langley, en Colombie-Britannique. Au lieu d&rsquo;aider son personnel \u00e0 composer avec l&rsquo;augmentation du cout de la vie, l&rsquo;entreprise offre des augmentations inf\u00e9rieures aux normes du secteur et bien en de\u00e7\u00e0 du taux d&rsquo;inflation actuel. Les travailleuses\u00b7eurs sont membres de la Section locale 213 du syndicat [&hellip;]<\/p>\n","protected":false},"author":8,"featured_media":23787,"comment_status":"closed","ping_status":"closed","sticky":false,"template":"","format":"standard","meta":{"ngg_post_thumbnail":0,"mc4wp_mailchimp_campaign":[],"footnotes":""},"categories":[1139,1123,1114,1137],"tags":[],"class_list":{"0":"post-23789","1":"post","2":"type-post","3":"status-publish","4":"format-standard","5":"has-post-thumbnail","7":"category-colombie-britannique","8":"category-nettoyage","9":"category-nouvelles","10":"category-region-fr"},"yoast_head":"<!-- This site is optimized with the Yoast SEO Premium plugin v25.5 (Yoast SEO v25.5) - https:\/\/yoast.com\/wordpress\/plugins\/seo\/ -->\n<title>Colombie-Britannique : Gr\u00e8ve \u00e0 Unifirst Canada ! | Teamsters Canada<\/title>\n<meta name=\"robots\" content=\"index, follow, max-snippet:-1, max-image-preview:large, max-video-preview:-1\" \/>\n<link rel=\"canonical\" href=\"https:\/\/teamsters.ca\/fr\/blog\/2022\/08\/17\/colombie-britannique-greve-a-unifirst-canada\/\" \/>\n<meta property=\"og:locale\" content=\"fr_CA\" \/>\n<meta property=\"og:type\" content=\"article\" \/>\n<meta property=\"og:title\" content=\"Colombie-Britannique : Gr\u00e8ve \u00e0 Unifirst Canada !\" \/>\n<meta property=\"og:description\" content=\"Environ 75 travailleuses\u00b7eurs d&rsquo;Unfirst Canada ont d\u00e9bray\u00e9 cette semaine \u00e0 Langley, en Colombie-Britannique. Au lieu d&rsquo;aider son personnel \u00e0 composer avec l&rsquo;augmentation du cout de la vie, l&rsquo;entreprise offre des augmentations inf\u00e9rieures aux normes du secteur et bien en de\u00e7\u00e0 du taux d&rsquo;inflation actuel. Les travailleuses\u00b7eurs sont membres de la Section locale 213 du syndicat [&hellip;]\" \/>\n<meta property=\"og:url\" content=\"https:\/\/teamsters.ca\/fr\/blog\/2022\/08\/17\/colombie-britannique-greve-a-unifirst-canada\/\" \/>\n<meta property=\"og:site_name\" content=\"Teamsters Canada\" \/>\n<meta property=\"article:publisher\" content=\"https:\/\/www.facebook.com\/Teamsterscanada\/\" \/>\n<meta property=\"article:published_time\" content=\"2022-08-17T19:48:30+00:00\" \/>\n<meta property=\"article:modified_time\" content=\"2022-08-17T19:48:32+00:00\" \/>\n<meta property=\"og:image\" content=\"https:\/\/teamsters.ca\/wp-content\/uploads\/2022\/08\/Strike-at-Unifirst-Canada-Langley-BC_edited-scaled.jpg\" \/>\n\t<meta property=\"og:image:width\" content=\"2560\" \/>\n\t<meta property=\"og:image:height\" content=\"1921\" \/>\n\t<meta property=\"og:image:type\" content=\"image\/jpeg\" \/>\n<meta name=\"author\" content=\"St\u00e9phanie Meunier\" \/>\n<meta name=\"twitter:card\" content=\"summary_large_image\" \/>\n<meta name=\"twitter:creator\" content=\"@TeamstersCanada\" \/>\n<meta name=\"twitter:site\" content=\"@TeamstersCanada\" \/>\n<meta name=\"twitter:label1\" content=\"\u00c9crit par\" \/>\n\t<meta name=\"twitter:data1\" content=\"St\u00e9phanie Meunier\" \/>\n\t<meta name=\"twitter:label2\" content=\"Estimation du temps de lecture\" \/>\n\t<meta name=\"twitter:data2\" content=\"2 minutes\" \/>\n<script type=\"application\/ld+json\" class=\"yoast-schema-graph\">{\"@context\":\"https:\/\/schema.org\",\"@graph\":[{\"@type\":\"Article\",\"@id\":\"https:\/\/teamsters.ca\/fr\/blog\/2022\/08\/17\/colombie-britannique-greve-a-unifirst-canada\/#article\",\"isPartOf\":{\"@id\":\"https:\/\/teamsters.ca\/fr\/blog\/2022\/08\/17\/colombie-britannique-greve-a-unifirst-canada\/\"},\"author\":{\"name\":\"St\u00e9phanie Meunier\",\"@id\":\"https:\/\/teamsters.ca\/fr\/#\/schema\/person\/3e6ffefc39fe2f212400b7d8d0a4a0c1\"},\"headline\":\"Colombie-Britannique : Gr\u00e8ve \u00e0 Unifirst Canada !\",\"datePublished\":\"2022-08-17T19:48:30+00:00\",\"dateModified\":\"2022-08-17T19:48:32+00:00\",\"mainEntityOfPage\":{\"@id\":\"https:\/\/teamsters.ca\/fr\/blog\/2022\/08\/17\/colombie-britannique-greve-a-unifirst-canada\/\"},\"wordCount\":355,\"publisher\":{\"@id\":\"https:\/\/teamsters.ca\/fr\/#organization\"},\"image\":{\"@id\":\"https:\/\/teamsters.ca\/fr\/blog\/2022\/08\/17\/colombie-britannique-greve-a-unifirst-canada\/#primaryimage\"},\"thumbnailUrl\":\"https:\/\/teamsters.ca\/wp-content\/uploads\/2022\/08\/Strike-at-Unifirst-Canada-Langley-BC_edited-scaled.jpg\",\"articleSection\":[\"Colombie-Britannique\",\"Nettoyage\",\"Nouvelles\",\"R\u00e9gion\"],\"inLanguage\":\"fr-CA\"},{\"@type\":\"WebPage\",\"@id\":\"https:\/\/teamsters.ca\/fr\/blog\/2022\/08\/17\/colombie-britannique-greve-a-unifirst-canada\/\",\"url\":\"https:\/\/teamsters.ca\/fr\/blog\/2022\/08\/17\/colombie-britannique-greve-a-unifirst-canada\/\",\"name\":\"Colombie-Britannique : Gr\u00e8ve \u00e0 Unifirst Canada ! | Teamsters Canada\",\"isPartOf\":{\"@id\":\"https:\/\/teamsters.ca\/fr\/#website\"},\"primaryImageOfPage\":{\"@id\":\"https:\/\/teamsters.ca\/fr\/blog\/2022\/08\/17\/colombie-britannique-greve-a-unifirst-canada\/#primaryimage\"},\"image\":{\"@id\":\"https:\/\/teamsters.ca\/fr\/blog\/2022\/08\/17\/colombie-britannique-greve-a-unifirst-canada\/#primaryimage\"},\"thumbnailUrl\":\"https:\/\/teamsters.ca\/wp-content\/uploads\/2022\/08\/Strike-at-Unifirst-Canada-Langley-BC_edited-scaled.jpg\",\"datePublished\":\"2022-08-17T19:48:30+00:00\",\"dateModified\":\"2022-08-17T19:48:32+00:00\",\"breadcrumb\":{\"@id\":\"https:\/\/teamsters.ca\/fr\/blog\/2022\/08\/17\/colombie-britannique-greve-a-unifirst-canada\/#breadcrumb\"},\"inLanguage\":\"fr-CA\",\"potentialAction\":[{\"@type\":\"ReadAction\",\"target\":[\"https:\/\/teamsters.ca\/fr\/blog\/2022\/08\/17\/colombie-britannique-greve-a-unifirst-canada\/\"]}]},{\"@type\":\"ImageObject\",\"inLanguage\":\"fr-CA\",\"@id\":\"https:\/\/teamsters.ca\/fr\/blog\/2022\/08\/17\/colombie-britannique-greve-a-unifirst-canada\/#primaryimage\",\"url\":\"https:\/\/teamsters.ca\/wp-content\/uploads\/2022\/08\/Strike-at-Unifirst-Canada-Langley-BC_edited-scaled.jpg\",\"contentUrl\":\"https:\/\/teamsters.ca\/wp-content\/uploads\/2022\/08\/Strike-at-Unifirst-Canada-Langley-BC_edited-scaled.jpg\",\"width\":2560,\"height\":1921},{\"@type\":\"BreadcrumbList\",\"@id\":\"https:\/\/teamsters.ca\/fr\/blog\/2022\/08\/17\/colombie-britannique-greve-a-unifirst-canada\/#breadcrumb\",\"itemListElement\":[{\"@type\":\"ListItem\",\"position\":1,\"name\":\"Home\",\"item\":\"https:\/\/teamsters.ca\/fr\/\"},{\"@type\":\"ListItem\",\"position\":2,\"name\":\"Colombie-Britannique : Gr\u00e8ve \u00e0 Unifirst Canada !\"}]},{\"@type\":\"WebSite\",\"@id\":\"https:\/\/teamsters.ca\/fr\/#website\",\"url\":\"https:\/\/teamsters.ca\/fr\/\",\"name\":\"Teamsters Canada\",\"description\":\"A Canadian union representing over 125 000 members\",\"publisher\":{\"@id\":\"https:\/\/teamsters.ca\/fr\/#organization\"},\"potentialAction\":[{\"@type\":\"SearchAction\",\"target\":{\"@type\":\"EntryPoint\",\"urlTemplate\":\"https:\/\/teamsters.ca\/fr\/?s={search_term_string}\"},\"query-input\":{\"@type\":\"PropertyValueSpecification\",\"valueRequired\":true,\"valueName\":\"search_term_string\"}}],\"inLanguage\":\"fr-CA\"},{\"@type\":\"Organization\",\"@id\":\"https:\/\/teamsters.ca\/fr\/#organization\",\"name\":\"Teamsters Canada\",\"url\":\"https:\/\/teamsters.ca\/fr\/\",\"logo\":{\"@type\":\"ImageObject\",\"inLanguage\":\"fr-CA\",\"@id\":\"https:\/\/teamsters.ca\/fr\/#\/schema\/logo\/image\/\",\"url\":\"https:\/\/teamsters.ca\/wp-content\/uploads\/2019\/08\/TeamstersCanada.png\",\"contentUrl\":\"https:\/\/teamsters.ca\/wp-content\/uploads\/2019\/08\/TeamstersCanada.png\",\"width\":545,\"height\":181,\"caption\":\"Teamsters Canada\"},\"image\":{\"@id\":\"https:\/\/teamsters.ca\/fr\/#\/schema\/logo\/image\/\"},\"sameAs\":[\"https:\/\/www.facebook.com\/Teamsterscanada\/\",\"https:\/\/x.com\/TeamstersCanada\"]},{\"@type\":\"Person\",\"@id\":\"https:\/\/teamsters.ca\/fr\/#\/schema\/person\/3e6ffefc39fe2f212400b7d8d0a4a0c1\",\"name\":\"St\u00e9phanie Meunier\",\"image\":{\"@type\":\"ImageObject\",\"inLanguage\":\"fr-CA\",\"@id\":\"https:\/\/teamsters.ca\/fr\/#\/schema\/person\/image\/\",\"url\":\"https:\/\/secure.gravatar.com\/avatar\/e4e8404e91ed71cb473fa2708849669810cf083c89825a3d2dd0d47dd6b2be77?s=96&d=mm&r=g\",\"contentUrl\":\"https:\/\/secure.gravatar.com\/avatar\/e4e8404e91ed71cb473fa2708849669810cf083c89825a3d2dd0d47dd6b2be77?s=96&d=mm&r=g\",\"caption\":\"St\u00e9phanie Meunier\"},\"url\":\"https:\/\/teamsters.ca\/fr\/blog\/author\/smeunier\/\"}]}<\/script>\n<!-- \/ Yoast SEO Premium plugin. -->","yoast_head_json":{"title":"Colombie-Britannique : Gr\u00e8ve \u00e0 Unifirst Canada ! | Teamsters Canada","robots":{"index":"index","follow":"follow","max-snippet":"max-snippet:-1","max-image-preview":"max-image-preview:large","max-video-preview":"max-video-preview:-1"},"canonical":"https:\/\/teamsters.ca\/fr\/blog\/2022\/08\/17\/colombie-britannique-greve-a-unifirst-canada\/","og_locale":"fr_CA","og_type":"article","og_title":"Colombie-Britannique : Gr\u00e8ve \u00e0 Unifirst Canada !","og_description":"Environ 75 travailleuses\u00b7eurs d&rsquo;Unfirst Canada ont d\u00e9bray\u00e9 cette semaine \u00e0 Langley, en Colombie-Britannique. Au lieu d&rsquo;aider son personnel \u00e0 composer avec l&rsquo;augmentation du cout de la vie, l&rsquo;entreprise offre des augmentations inf\u00e9rieures aux normes du secteur et bien en de\u00e7\u00e0 du taux d&rsquo;inflation actuel. Les travailleuses\u00b7eurs sont membres de la Section locale 213 du syndicat [&hellip;]","og_url":"https:\/\/teamsters.ca\/fr\/blog\/2022\/08\/17\/colombie-britannique-greve-a-unifirst-canada\/","og_site_name":"Teamsters Canada","article_publisher":"https:\/\/www.facebook.com\/Teamsterscanada\/","article_published_time":"2022-08-17T19:48:30+00:00","article_modified_time":"2022-08-17T19:48:32+00:00","og_image":[{"width":2560,"height":1921,"url":"https:\/\/teamsters.ca\/wp-content\/uploads\/2022\/08\/Strike-at-Unifirst-Canada-Langley-BC_edited-scaled.jpg","type":"image\/jpeg"}],"author":"St\u00e9phanie Meunier","twitter_card":"summary_large_image","twitter_creator":"@TeamstersCanada","twitter_site":"@TeamstersCanada","twitter_misc":{"\u00c9crit par":"St\u00e9phanie Meunier","Estimation du temps de lecture":"2 minutes"},"schema":{"@context":"https:\/\/schema.org","@graph":[{"@type":"Article","@id":"https:\/\/teamsters.ca\/fr\/blog\/2022\/08\/17\/colombie-britannique-greve-a-unifirst-canada\/#article","isPartOf":{"@id":"https:\/\/teamsters.ca\/fr\/blog\/2022\/08\/17\/colombie-britannique-greve-a-unifirst-canada\/"},"author":{"name":"St\u00e9phanie Meunier","@id":"https:\/\/teamsters.ca\/fr\/#\/schema\/person\/3e6ffefc39fe2f212400b7d8d0a4a0c1"},"headline":"Colombie-Britannique : Gr\u00e8ve \u00e0 Unifirst Canada !","datePublished":"2022-08-17T19:48:30+00:00","dateModified":"2022-08-17T19:48:32+00:00","mainEntityOfPage":{"@id":"https:\/\/teamsters.ca\/fr\/blog\/2022\/08\/17\/colombie-britannique-greve-a-unifirst-canada\/"},"wordCount":355,"publisher":{"@id":"https:\/\/teamsters.ca\/fr\/#organization"},"image":{"@id":"https:\/\/teamsters.ca\/fr\/blog\/2022\/08\/17\/colombie-britannique-greve-a-unifirst-canada\/#primaryimage"},"thumbnailUrl":"https:\/\/teamsters.ca\/wp-content\/uploads\/2022\/08\/Strike-at-Unifirst-Canada-Langley-BC_edited-scaled.jpg","articleSection":["Colombie-Britannique","Nettoyage","Nouvelles","R\u00e9gion"],"inLanguage":"fr-CA"},{"@type":"WebPage","@id":"https:\/\/teamsters.ca\/fr\/blog\/2022\/08\/17\/colombie-britannique-greve-a-unifirst-canada\/","url":"https:\/\/teamsters.ca\/fr\/blog\/2022\/08\/17\/colombie-britannique-greve-a-unifirst-canada\/","name":"Colombie-Britannique : Gr\u00e8ve \u00e0 Unifirst Canada ! | Teamsters Canada","isPartOf":{"@id":"https:\/\/teamsters.ca\/fr\/#website"},"primaryImageOfPage":{"@id":"https:\/\/teamsters.ca\/fr\/blog\/2022\/08\/17\/colombie-britannique-greve-a-unifirst-canada\/#primaryimage"},"image":{"@id":"https:\/\/teamsters.ca\/fr\/blog\/2022\/08\/17\/colombie-britannique-greve-a-unifirst-canada\/#primaryimage"},"thumbnailUrl":"https:\/\/teamsters.ca\/wp-content\/uploads\/2022\/08\/Strike-at-Unifirst-Canada-Langley-BC_edited-scaled.jpg","datePublished":"2022-08-17T19:48:30+00:00","dateModified":"2022-08-17T19:48:32+00:00","breadcrumb":{"@id":"https:\/\/teamsters.ca\/fr\/blog\/2022\/08\/17\/colombie-britannique-greve-a-unifirst-canada\/#breadcrumb"},"inLanguage":"fr-CA","potentialAction":[{"@type":"ReadAction","target":["https:\/\/teamsters.ca\/fr\/blog\/2022\/08\/17\/colombie-britannique-greve-a-unifirst-canada\/"]}]},{"@type":"ImageObject","inLanguage":"fr-CA","@id":"https:\/\/teamsters.ca\/fr\/blog\/2022\/08\/17\/colombie-britannique-greve-a-unifirst-canada\/#primaryimage","url":"https:\/\/teamsters.ca\/wp-content\/uploads\/2022\/08\/Strike-at-Unifirst-Canada-Langley-BC_edited-scaled.jpg","contentUrl":"https:\/\/teamsters.ca\/wp-content\/uploads\/2022\/08\/Strike-at-Unifirst-Canada-Langley-BC_edited-scaled.jpg","width":2560,"height":1921},{"@type":"BreadcrumbList","@id":"https:\/\/teamsters.ca\/fr\/blog\/2022\/08\/17\/colombie-britannique-greve-a-unifirst-canada\/#breadcrumb","itemListElement":[{"@type":"ListItem","position":1,"name":"Home","item":"https:\/\/teamsters.ca\/fr\/"},{"@type":"ListItem","position":2,"name":"Colombie-Britannique : Gr\u00e8ve \u00e0 Unifirst Canada !"}]},{"@type":"WebSite","@id":"https:\/\/teamsters.ca\/fr\/#website","url":"https:\/\/teamsters.ca\/fr\/","name":"Teamsters Canada","description":"A Canadian union representing over 125 000 members","publisher":{"@id":"https:\/\/teamsters.ca\/fr\/#organization"},"potentialAction":[{"@type":"SearchAction","target":{"@type":"EntryPoint","urlTemplate":"https:\/\/teamsters.ca\/fr\/?s={search_term_string}"},"query-input":{"@type":"PropertyValueSpecification","valueRequired":true,"valueName":"search_term_string"}}],"inLanguage":"fr-CA"},{"@type":"Organization","@id":"https:\/\/teamsters.ca\/fr\/#organization","name":"Teamsters Canada","url":"https:\/\/teamsters.ca\/fr\/","logo":{"@type":"ImageObject","inLanguage":"fr-CA","@id":"https:\/\/teamsters.ca\/fr\/#\/schema\/logo\/image\/","url":"https:\/\/teamsters.ca\/wp-content\/uploads\/2019\/08\/TeamstersCanada.png","contentUrl":"https:\/\/teamsters.ca\/wp-content\/uploads\/2019\/08\/TeamstersCanada.png","width":545,"height":181,"caption":"Teamsters Canada"},"image":{"@id":"https:\/\/teamsters.ca\/fr\/#\/schema\/logo\/image\/"},"sameAs":["https:\/\/www.facebook.com\/Teamsterscanada\/","https:\/\/x.com\/TeamstersCanada"]},{"@type":"Person","@id":"https:\/\/teamsters.ca\/fr\/#\/schema\/person\/3e6ffefc39fe2f212400b7d8d0a4a0c1","name":"St\u00e9phanie Meunier","image":{"@type":"ImageObject","inLanguage":"fr-CA","@id":"https:\/\/teamsters.ca\/fr\/#\/schema\/person\/image\/","url":"https:\/\/secure.gravatar.com\/avatar\/e4e8404e91ed71cb473fa2708849669810cf083c89825a3d2dd0d47dd6b2be77?s=96&d=mm&r=g","contentUrl":"https:\/\/secure.gravatar.com\/avatar\/e4e8404e91ed71cb473fa2708849669810cf083c89825a3d2dd0d47dd6b2be77?s=96&d=mm&r=g","caption":"St\u00e9phanie Meunier"},"url":"https:\/\/teamsters.ca\/fr\/blog\/author\/smeunier\/"}]}},"_links":{"self":[{"href":"https:\/\/teamsters.ca\/fr\/wp-json\/wp\/v2\/posts\/23789","targetHints":{"allow":["GET"]}}],"collection":[{"href":"https:\/\/teamsters.ca\/fr\/wp-json\/wp\/v2\/posts"}],"about":[{"href":"https:\/\/teamsters.ca\/fr\/wp-json\/wp\/v2\/types\/post"}],"author":[{"embeddable":true,"href":"https:\/\/teamsters.ca\/fr\/wp-json\/wp\/v2\/users\/8"}],"replies":[{"embeddable":true,"href":"https:\/\/teamsters.ca\/fr\/wp-json\/wp\/v2\/comments?post=23789"}],"version-history":[{"count":1,"href":"https:\/\/teamsters.ca\/fr\/wp-json\/wp\/v2\/posts\/23789\/revisions"}],"predecessor-version":[{"id":23790,"href":"https:\/\/teamsters.ca\/fr\/wp-json\/wp\/v2\/posts\/23789\/revisions\/23790"}],"wp:featuredmedia":[{"embeddable":true,"href":"https:\/\/teamsters.ca\/fr\/wp-json\/wp\/v2\/media\/23787"}],"wp:attachment":[{"href":"https:\/\/teamsters.ca\/fr\/wp-json\/wp\/v2\/media?parent=23789"}],"wp:term":[{"taxonomy":"category","embeddable":true,"href":"https:\/\/teamsters.ca\/fr\/wp-json\/wp\/v2\/categories?post=23789"},{"taxonomy":"post_tag","embeddable":true,"href":"https:\/\/teamsters.ca\/fr\/wp-json\/wp\/v2\/tags?post=23789"}],"curies":[{"name":"wp","href":"https:\/\/api.w.org\/{rel}","templated":true}]}}