{"id":23770,"date":"2022-08-17T09:48:38","date_gmt":"2022-08-17T13:48:38","guid":{"rendered":"https:\/\/teamsters.ca\/?p=23770"},"modified":"2022-08-17T09:48:40","modified_gmt":"2022-08-17T13:48:40","slug":"des-dizaines-de-milliers-detudiant%c2%b7es-pourraient-etre-prive%c2%b7es-de-transport-scolaire-cet-automne","status":"publish","type":"post","link":"https:\/\/teamsters.ca\/fr\/blog\/2022\/08\/17\/des-dizaines-de-milliers-detudiant%c2%b7es-pourraient-etre-prive%c2%b7es-de-transport-scolaire-cet-automne\/","title":{"rendered":"Des dizaines de milliers d\u2019\u00e9tudiant\u00b7es pourraient \u00eatre priv\u00e9\u00b7es de transport scolaire cet automne"},"content":{"rendered":"\n<p><em>L<\/em><em>\u2019<\/em><em>absence de contrats entre les transporteurs et les centres de services scolaires signifie que les services pourraient ne pas \u00eatre assur\u00e9s sur des dizaines, voire des centaines de circuits scolaires partout au Qu\u00e9bec\u2026<\/em><em><\/em><\/p>\n\n\n\n<p>Laval, 16 ao\u00fbt 2022 \u2014 Le transport scolaire risque fort d\u2019\u00eatre perturb\u00e9 cet automne. Des contrats qui n\u2019ont pas encore \u00e9t\u00e9 sign\u00e9s entre les centres de services scolaires et les transporteurs pourraient priver des dizaines de milliers d\u2019\u00e9l\u00e8ves et d\u2019\u00e9tudiant\u00b7es d\u2019un moyen pour se rendre \u00e0 l\u2019\u00e9cole.<\/p>\n\n\n\n<p>Selon les transporteurs, la raison qui explique cette situation est que l\u2019enveloppe mon\u00e9taire d\u00e9di\u00e9e au transport scolaire est insuffisante pour faire face aux augmentations consid\u00e9rables de leurs co\u00fbts d\u2019op\u00e9ration. Mais ce litige n\u2019est que la pointe de l\u2019iceberg puisqu\u2019un autre enjeu tout aussi grave menace ce secteur d\u2019activit\u00e9 depuis des ann\u00e9es.<\/p>\n\n\n\n<p>\u00ab&nbsp;Il est de notori\u00e9t\u00e9 publique que cette industrie a du mal \u00e0 recruter et \u00e0 retenir ses travailleurs et travailleuses parce que les conditions de travail, plus particuli\u00e8rement les salaires, sont insuffisantes, fait remarquer le pr\u00e9sident de Teamsters Canada, Fran\u00e7ois Laporte. Il y a donc une p\u00e9nurie de main-d\u2019\u0153uvre qui s\u2019est install\u00e9e au fil du temps et qui a \u00e9t\u00e9 exacerb\u00e9e par la pand\u00e9mie.&nbsp;\u00bb<\/p>\n\n\n\n<p><strong>Des d\u00e9missions massives \u00e0 pr\u00e9voir?<\/strong><\/p>\n\n\n\n<p>Bien que le syndicat des Teamsters ait mis en garde le gouvernement et les transporteurs scolaires il y a plusieurs ann\u00e9es en ce qui a trait \u00e0 la difficult\u00e9 de recruter et de retenir la main-d\u2019\u0153uvre, rien n\u2019a \u00e9t\u00e9 fait pour faire face \u00e0 cet enjeu.<\/p>\n\n\n\n<p>Mais le litige entre les centres de services scolaires et les transporteurs est un probl\u00e8me qui risque d\u2019avoir bien des cons\u00e9quences impr\u00e9vues.<\/p>\n\n\n\n<p>\u00ab Tout porte \u00e0 croire que&nbsp;le transport scolaire sur des dizaines, voire des centaines de circuits pourraient ne pas \u00eatre assur\u00e9 si les contrats ne sont pas sign\u00e9s entre les centres de services scolaires et les transporteurs, ajoute le pr\u00e9sident de la Section locale 106 des Teamsters, Jean Chartrand. Ce qui veut dire automatiquement que des centaines ou m\u00eame des milliers de chauffeurs et chauffeuses pourraient se retrouver \u00e9ventuellement sans emploi.&nbsp;\u00bb<\/p>\n\n\n\n<p>Cela pourrait entra\u00eener des d\u00e9missions massives des salari\u00e9\u00b7es qui sont, dans la majorit\u00e9 des cas, pr\u00e9retrait\u00e9s ou m\u00eame retrait\u00e9s. Il faut donc s\u2019attendre \u00e0 ce que la situation devienne encore plus critique au cours des prochaines semaines et des prochains mois.<\/p>\n\n\n\n<p>\u00ab&nbsp;Recruter et retenir des travailleurs et des travailleuses dans le transport scolaire ne se fait pas en claquant des doigts, analyse Jean Chartrand. Pour y arriver, il faut revaloriser cette profession et augmenter substantiellement les salaires des chauffeurs et chauffeuses. Plusieurs nous demandent des am\u00e9liorations de leurs conditions de travail de l\u2019ordre de 30%.&nbsp;\u00bb<\/p>\n\n\n\n<p>\u00ab&nbsp;Par cons\u00e9quent, le gouvernement doit augmenter de mani\u00e8re substantielle et de fa\u00e7on permanente l\u2019enveloppe mon\u00e9taire d\u00e9di\u00e9e aux salaires. C\u2019est le seul moyen de sortir de la crise de mani\u00e8re durable.&nbsp;\u00bb<\/p>\n\n\n\n<p>En attendant, la situation reste tr\u00e8s confuse. C\u2019est la raison pour laquelle la FTQ et ses syndicats affili\u00e9s, dont les Teamsters, r\u00e9clament de toute urgence et pour la 2e fois en moins de 30 jours une rencontre avec le ministre de l\u2019\u00c9ducation, Jean-Fran\u00e7ois Roberge.<\/p>\n\n\n\n<p>\u00ab&nbsp;Il est r\u00e9ellement minuit moins une, monsieur le ministre, interpelle Jean Chartrand. Je ne crois pas que le gouvernement veut se retrouver avec un chaos g\u00e9n\u00e9ralis\u00e9 dans le transport scolaire peu de temps avant les \u00e9lections provinciales.&nbsp;\u00bb<\/p>\n\n\n\n<p><em>Le syndicat des Teamsters repr\u00e9sente les int\u00e9r\u00eats de 125 000 membres au Canada. Ils et elles sont affili\u00e9s-\u00e9es \u00e0 la Fraternit\u00e9 internationale des Teamsters, dont l<\/em><em>\u2019<\/em><em>effectif syndical est de 1,4 million de membres en Am\u00e9rique du Nord.<\/em><em><\/em><\/p>\n\n\n\n<p class=\"has-text-align-center\">-30-<\/p>\n\n\n\n<p>Renseignements pour les m\u00e9dias :<\/p>\n\n\n\n<p>St\u00e9phane Lacroix, directeur des Communications et des Affaires publiques<br \/>Portable : 514 609-5101<br \/><a href=\"mailto:slacroix@teamsters.ca\">slacroix@teamsters.ca<\/a><\/p>\n","protected":false},"excerpt":{"rendered":"<p>L\u2019absence de contrats entre les transporteurs et les centres de services scolaires signifie que les services pourraient ne pas \u00eatre assur\u00e9s sur des dizaines, voire des centaines de circuits scolaires partout au Qu\u00e9bec\u2026 Laval, 16 ao\u00fbt 2022 \u2014 Le transport scolaire risque fort d\u2019\u00eatre perturb\u00e9 cet automne. Des contrats qui n\u2019ont pas encore \u00e9t\u00e9 sign\u00e9s [&hellip;]<\/p>\n","protected":false},"author":8,"featured_media":23767,"comment_status":"closed","ping_status":"closed","sticky":false,"template":"","format":"standard","meta":{"ngg_post_thumbnail":0,"mc4wp_mailchimp_campaign":[],"footnotes":""},"categories":[1114,1145,1137,1133],"tags":[],"class_list":{"0":"post-23770","1":"post","2":"type-post","3":"status-publish","4":"format-standard","5":"has-post-thumbnail","7":"category-nouvelles","8":"category-quebec-fr","9":"category-region-fr","10":"category-transport-scolaire"},"yoast_head":"<!-- This site is optimized with the Yoast SEO Premium plugin v25.5 (Yoast SEO v25.5) - https:\/\/yoast.com\/wordpress\/plugins\/seo\/ -->\n<title>Des dizaines de milliers d\u2019\u00e9tudiant\u00b7es pourraient \u00eatre priv\u00e9\u00b7es de transport scolaire cet automne | Teamsters Canada<\/title>\n<meta name=\"robots\" content=\"index, follow, max-snippet:-1, max-image-preview:large, max-video-preview:-1\" \/>\n<link rel=\"canonical\" href=\"https:\/\/teamsters.ca\/fr\/blog\/2022\/08\/17\/des-dizaines-de-milliers-detudiant%c2%b7es-pourraient-etre-prive%c2%b7es-de-transport-scolaire-cet-automne\/\" \/>\n<meta property=\"og:locale\" content=\"fr_CA\" \/>\n<meta property=\"og:type\" content=\"article\" \/>\n<meta property=\"og:title\" content=\"Des dizaines de milliers d\u2019\u00e9tudiant\u00b7es pourraient \u00eatre priv\u00e9\u00b7es de transport scolaire cet automne\" \/>\n<meta property=\"og:description\" content=\"L\u2019absence de contrats entre les transporteurs et les centres de services scolaires signifie que les services pourraient ne pas \u00eatre assur\u00e9s sur des dizaines, voire des centaines de circuits scolaires partout au Qu\u00e9bec\u2026 Laval, 16 ao\u00fbt 2022 \u2014 Le transport scolaire risque fort d\u2019\u00eatre perturb\u00e9 cet automne. Des contrats qui n\u2019ont pas encore \u00e9t\u00e9 sign\u00e9s [&hellip;]\" \/>\n<meta property=\"og:url\" content=\"https:\/\/teamsters.ca\/fr\/blog\/2022\/08\/17\/des-dizaines-de-milliers-detudiant%c2%b7es-pourraient-etre-prive%c2%b7es-de-transport-scolaire-cet-automne\/\" \/>\n<meta property=\"og:site_name\" content=\"Teamsters Canada\" \/>\n<meta property=\"article:publisher\" content=\"https:\/\/www.facebook.com\/Teamsterscanada\/\" \/>\n<meta property=\"article:published_time\" content=\"2022-08-17T13:48:38+00:00\" \/>\n<meta property=\"article:modified_time\" content=\"2022-08-17T13:48:40+00:00\" \/>\n<meta property=\"og:image\" content=\"https:\/\/teamsters.ca\/wp-content\/uploads\/2022\/08\/school-bus.jpg\" \/>\n\t<meta property=\"og:image:width\" content=\"640\" \/>\n\t<meta property=\"og:image:height\" content=\"480\" \/>\n\t<meta property=\"og:image:type\" content=\"image\/jpeg\" \/>\n<meta name=\"author\" content=\"St\u00e9phanie Meunier\" \/>\n<meta name=\"twitter:card\" content=\"summary_large_image\" \/>\n<meta name=\"twitter:creator\" content=\"@TeamstersCanada\" \/>\n<meta name=\"twitter:site\" content=\"@TeamstersCanada\" \/>\n<meta name=\"twitter:label1\" content=\"\u00c9crit par\" \/>\n\t<meta name=\"twitter:data1\" content=\"St\u00e9phanie Meunier\" \/>\n\t<meta name=\"twitter:label2\" content=\"Estimation du temps de lecture\" \/>\n\t<meta name=\"twitter:data2\" content=\"3 minutes\" \/>\n<script type=\"application\/ld+json\" class=\"yoast-schema-graph\">{\"@context\":\"https:\/\/schema.org\",\"@graph\":[{\"@type\":\"Article\",\"@id\":\"https:\/\/teamsters.ca\/fr\/blog\/2022\/08\/17\/des-dizaines-de-milliers-detudiant%c2%b7es-pourraient-etre-prive%c2%b7es-de-transport-scolaire-cet-automne\/#article\",\"isPartOf\":{\"@id\":\"https:\/\/teamsters.ca\/fr\/blog\/2022\/08\/17\/des-dizaines-de-milliers-detudiant%c2%b7es-pourraient-etre-prive%c2%b7es-de-transport-scolaire-cet-automne\/\"},\"author\":{\"name\":\"St\u00e9phanie Meunier\",\"@id\":\"https:\/\/teamsters.ca\/fr\/#\/schema\/person\/3e6ffefc39fe2f212400b7d8d0a4a0c1\"},\"headline\":\"Des dizaines de milliers d\u2019\u00e9tudiant\u00b7es pourraient \u00eatre priv\u00e9\u00b7es de transport scolaire cet automne\",\"datePublished\":\"2022-08-17T13:48:38+00:00\",\"dateModified\":\"2022-08-17T13:48:40+00:00\",\"mainEntityOfPage\":{\"@id\":\"https:\/\/teamsters.ca\/fr\/blog\/2022\/08\/17\/des-dizaines-de-milliers-detudiant%c2%b7es-pourraient-etre-prive%c2%b7es-de-transport-scolaire-cet-automne\/\"},\"wordCount\":694,\"publisher\":{\"@id\":\"https:\/\/teamsters.ca\/fr\/#organization\"},\"image\":{\"@id\":\"https:\/\/teamsters.ca\/fr\/blog\/2022\/08\/17\/des-dizaines-de-milliers-detudiant%c2%b7es-pourraient-etre-prive%c2%b7es-de-transport-scolaire-cet-automne\/#primaryimage\"},\"thumbnailUrl\":\"https:\/\/teamsters.ca\/wp-content\/uploads\/2022\/08\/school-bus.jpg\",\"articleSection\":[\"Nouvelles\",\"Qu\u00e9bec\",\"R\u00e9gion\",\"Transport scolaire\"],\"inLanguage\":\"fr-CA\"},{\"@type\":\"WebPage\",\"@id\":\"https:\/\/teamsters.ca\/fr\/blog\/2022\/08\/17\/des-dizaines-de-milliers-detudiant%c2%b7es-pourraient-etre-prive%c2%b7es-de-transport-scolaire-cet-automne\/\",\"url\":\"https:\/\/teamsters.ca\/fr\/blog\/2022\/08\/17\/des-dizaines-de-milliers-detudiant%c2%b7es-pourraient-etre-prive%c2%b7es-de-transport-scolaire-cet-automne\/\",\"name\":\"Des dizaines de milliers d\u2019\u00e9tudiant\u00b7es pourraient \u00eatre priv\u00e9\u00b7es de transport scolaire cet automne | Teamsters Canada\",\"isPartOf\":{\"@id\":\"https:\/\/teamsters.ca\/fr\/#website\"},\"primaryImageOfPage\":{\"@id\":\"https:\/\/teamsters.ca\/fr\/blog\/2022\/08\/17\/des-dizaines-de-milliers-detudiant%c2%b7es-pourraient-etre-prive%c2%b7es-de-transport-scolaire-cet-automne\/#primaryimage\"},\"image\":{\"@id\":\"https:\/\/teamsters.ca\/fr\/blog\/2022\/08\/17\/des-dizaines-de-milliers-detudiant%c2%b7es-pourraient-etre-prive%c2%b7es-de-transport-scolaire-cet-automne\/#primaryimage\"},\"thumbnailUrl\":\"https:\/\/teamsters.ca\/wp-content\/uploads\/2022\/08\/school-bus.jpg\",\"datePublished\":\"2022-08-17T13:48:38+00:00\",\"dateModified\":\"2022-08-17T13:48:40+00:00\",\"breadcrumb\":{\"@id\":\"https:\/\/teamsters.ca\/fr\/blog\/2022\/08\/17\/des-dizaines-de-milliers-detudiant%c2%b7es-pourraient-etre-prive%c2%b7es-de-transport-scolaire-cet-automne\/#breadcrumb\"},\"inLanguage\":\"fr-CA\",\"potentialAction\":[{\"@type\":\"ReadAction\",\"target\":[\"https:\/\/teamsters.ca\/fr\/blog\/2022\/08\/17\/des-dizaines-de-milliers-detudiant%c2%b7es-pourraient-etre-prive%c2%b7es-de-transport-scolaire-cet-automne\/\"]}]},{\"@type\":\"ImageObject\",\"inLanguage\":\"fr-CA\",\"@id\":\"https:\/\/teamsters.ca\/fr\/blog\/2022\/08\/17\/des-dizaines-de-milliers-detudiant%c2%b7es-pourraient-etre-prive%c2%b7es-de-transport-scolaire-cet-automne\/#primaryimage\",\"url\":\"https:\/\/teamsters.ca\/wp-content\/uploads\/2022\/08\/school-bus.jpg\",\"contentUrl\":\"https:\/\/teamsters.ca\/wp-content\/uploads\/2022\/08\/school-bus.jpg\",\"width\":640,\"height\":480},{\"@type\":\"BreadcrumbList\",\"@id\":\"https:\/\/teamsters.ca\/fr\/blog\/2022\/08\/17\/des-dizaines-de-milliers-detudiant%c2%b7es-pourraient-etre-prive%c2%b7es-de-transport-scolaire-cet-automne\/#breadcrumb\",\"itemListElement\":[{\"@type\":\"ListItem\",\"position\":1,\"name\":\"Home\",\"item\":\"https:\/\/teamsters.ca\/fr\/\"},{\"@type\":\"ListItem\",\"position\":2,\"name\":\"Des dizaines de milliers d\u2019\u00e9tudiant\u00b7es pourraient \u00eatre priv\u00e9\u00b7es de transport scolaire cet automne\"}]},{\"@type\":\"WebSite\",\"@id\":\"https:\/\/teamsters.ca\/fr\/#website\",\"url\":\"https:\/\/teamsters.ca\/fr\/\",\"name\":\"Teamsters Canada\",\"description\":\"A Canadian union representing over 125 000 members\",\"publisher\":{\"@id\":\"https:\/\/teamsters.ca\/fr\/#organization\"},\"potentialAction\":[{\"@type\":\"SearchAction\",\"target\":{\"@type\":\"EntryPoint\",\"urlTemplate\":\"https:\/\/teamsters.ca\/fr\/?s={search_term_string}\"},\"query-input\":{\"@type\":\"PropertyValueSpecification\",\"valueRequired\":true,\"valueName\":\"search_term_string\"}}],\"inLanguage\":\"fr-CA\"},{\"@type\":\"Organization\",\"@id\":\"https:\/\/teamsters.ca\/fr\/#organization\",\"name\":\"Teamsters Canada\",\"url\":\"https:\/\/teamsters.ca\/fr\/\",\"logo\":{\"@type\":\"ImageObject\",\"inLanguage\":\"fr-CA\",\"@id\":\"https:\/\/teamsters.ca\/fr\/#\/schema\/logo\/image\/\",\"url\":\"https:\/\/teamsters.ca\/wp-content\/uploads\/2019\/08\/TeamstersCanada.png\",\"contentUrl\":\"https:\/\/teamsters.ca\/wp-content\/uploads\/2019\/08\/TeamstersCanada.png\",\"width\":545,\"height\":181,\"caption\":\"Teamsters Canada\"},\"image\":{\"@id\":\"https:\/\/teamsters.ca\/fr\/#\/schema\/logo\/image\/\"},\"sameAs\":[\"https:\/\/www.facebook.com\/Teamsterscanada\/\",\"https:\/\/x.com\/TeamstersCanada\"]},{\"@type\":\"Person\",\"@id\":\"https:\/\/teamsters.ca\/fr\/#\/schema\/person\/3e6ffefc39fe2f212400b7d8d0a4a0c1\",\"name\":\"St\u00e9phanie Meunier\",\"image\":{\"@type\":\"ImageObject\",\"inLanguage\":\"fr-CA\",\"@id\":\"https:\/\/teamsters.ca\/fr\/#\/schema\/person\/image\/\",\"url\":\"https:\/\/secure.gravatar.com\/avatar\/e4e8404e91ed71cb473fa2708849669810cf083c89825a3d2dd0d47dd6b2be77?s=96&d=mm&r=g\",\"contentUrl\":\"https:\/\/secure.gravatar.com\/avatar\/e4e8404e91ed71cb473fa2708849669810cf083c89825a3d2dd0d47dd6b2be77?s=96&d=mm&r=g\",\"caption\":\"St\u00e9phanie Meunier\"},\"url\":\"https:\/\/teamsters.ca\/fr\/blog\/author\/smeunier\/\"}]}<\/script>\n<!-- \/ Yoast SEO Premium plugin. -->","yoast_head_json":{"title":"Des dizaines de milliers d\u2019\u00e9tudiant\u00b7es pourraient \u00eatre priv\u00e9\u00b7es de transport scolaire cet automne | Teamsters Canada","robots":{"index":"index","follow":"follow","max-snippet":"max-snippet:-1","max-image-preview":"max-image-preview:large","max-video-preview":"max-video-preview:-1"},"canonical":"https:\/\/teamsters.ca\/fr\/blog\/2022\/08\/17\/des-dizaines-de-milliers-detudiant%c2%b7es-pourraient-etre-prive%c2%b7es-de-transport-scolaire-cet-automne\/","og_locale":"fr_CA","og_type":"article","og_title":"Des dizaines de milliers d\u2019\u00e9tudiant\u00b7es pourraient \u00eatre priv\u00e9\u00b7es de transport scolaire cet automne","og_description":"L\u2019absence de contrats entre les transporteurs et les centres de services scolaires signifie que les services pourraient ne pas \u00eatre assur\u00e9s sur des dizaines, voire des centaines de circuits scolaires partout au Qu\u00e9bec\u2026 Laval, 16 ao\u00fbt 2022 \u2014 Le transport scolaire risque fort d\u2019\u00eatre perturb\u00e9 cet automne. Des contrats qui n\u2019ont pas encore \u00e9t\u00e9 sign\u00e9s [&hellip;]","og_url":"https:\/\/teamsters.ca\/fr\/blog\/2022\/08\/17\/des-dizaines-de-milliers-detudiant%c2%b7es-pourraient-etre-prive%c2%b7es-de-transport-scolaire-cet-automne\/","og_site_name":"Teamsters Canada","article_publisher":"https:\/\/www.facebook.com\/Teamsterscanada\/","article_published_time":"2022-08-17T13:48:38+00:00","article_modified_time":"2022-08-17T13:48:40+00:00","og_image":[{"width":640,"height":480,"url":"https:\/\/teamsters.ca\/wp-content\/uploads\/2022\/08\/school-bus.jpg","type":"image\/jpeg"}],"author":"St\u00e9phanie Meunier","twitter_card":"summary_large_image","twitter_creator":"@TeamstersCanada","twitter_site":"@TeamstersCanada","twitter_misc":{"\u00c9crit par":"St\u00e9phanie Meunier","Estimation du temps de lecture":"3 minutes"},"schema":{"@context":"https:\/\/schema.org","@graph":[{"@type":"Article","@id":"https:\/\/teamsters.ca\/fr\/blog\/2022\/08\/17\/des-dizaines-de-milliers-detudiant%c2%b7es-pourraient-etre-prive%c2%b7es-de-transport-scolaire-cet-automne\/#article","isPartOf":{"@id":"https:\/\/teamsters.ca\/fr\/blog\/2022\/08\/17\/des-dizaines-de-milliers-detudiant%c2%b7es-pourraient-etre-prive%c2%b7es-de-transport-scolaire-cet-automne\/"},"author":{"name":"St\u00e9phanie Meunier","@id":"https:\/\/teamsters.ca\/fr\/#\/schema\/person\/3e6ffefc39fe2f212400b7d8d0a4a0c1"},"headline":"Des dizaines de milliers d\u2019\u00e9tudiant\u00b7es pourraient \u00eatre priv\u00e9\u00b7es de transport scolaire cet automne","datePublished":"2022-08-17T13:48:38+00:00","dateModified":"2022-08-17T13:48:40+00:00","mainEntityOfPage":{"@id":"https:\/\/teamsters.ca\/fr\/blog\/2022\/08\/17\/des-dizaines-de-milliers-detudiant%c2%b7es-pourraient-etre-prive%c2%b7es-de-transport-scolaire-cet-automne\/"},"wordCount":694,"publisher":{"@id":"https:\/\/teamsters.ca\/fr\/#organization"},"image":{"@id":"https:\/\/teamsters.ca\/fr\/blog\/2022\/08\/17\/des-dizaines-de-milliers-detudiant%c2%b7es-pourraient-etre-prive%c2%b7es-de-transport-scolaire-cet-automne\/#primaryimage"},"thumbnailUrl":"https:\/\/teamsters.ca\/wp-content\/uploads\/2022\/08\/school-bus.jpg","articleSection":["Nouvelles","Qu\u00e9bec","R\u00e9gion","Transport scolaire"],"inLanguage":"fr-CA"},{"@type":"WebPage","@id":"https:\/\/teamsters.ca\/fr\/blog\/2022\/08\/17\/des-dizaines-de-milliers-detudiant%c2%b7es-pourraient-etre-prive%c2%b7es-de-transport-scolaire-cet-automne\/","url":"https:\/\/teamsters.ca\/fr\/blog\/2022\/08\/17\/des-dizaines-de-milliers-detudiant%c2%b7es-pourraient-etre-prive%c2%b7es-de-transport-scolaire-cet-automne\/","name":"Des dizaines de milliers d\u2019\u00e9tudiant\u00b7es pourraient \u00eatre priv\u00e9\u00b7es de transport scolaire cet automne | Teamsters Canada","isPartOf":{"@id":"https:\/\/teamsters.ca\/fr\/#website"},"primaryImageOfPage":{"@id":"https:\/\/teamsters.ca\/fr\/blog\/2022\/08\/17\/des-dizaines-de-milliers-detudiant%c2%b7es-pourraient-etre-prive%c2%b7es-de-transport-scolaire-cet-automne\/#primaryimage"},"image":{"@id":"https:\/\/teamsters.ca\/fr\/blog\/2022\/08\/17\/des-dizaines-de-milliers-detudiant%c2%b7es-pourraient-etre-prive%c2%b7es-de-transport-scolaire-cet-automne\/#primaryimage"},"thumbnailUrl":"https:\/\/teamsters.ca\/wp-content\/uploads\/2022\/08\/school-bus.jpg","datePublished":"2022-08-17T13:48:38+00:00","dateModified":"2022-08-17T13:48:40+00:00","breadcrumb":{"@id":"https:\/\/teamsters.ca\/fr\/blog\/2022\/08\/17\/des-dizaines-de-milliers-detudiant%c2%b7es-pourraient-etre-prive%c2%b7es-de-transport-scolaire-cet-automne\/#breadcrumb"},"inLanguage":"fr-CA","potentialAction":[{"@type":"ReadAction","target":["https:\/\/teamsters.ca\/fr\/blog\/2022\/08\/17\/des-dizaines-de-milliers-detudiant%c2%b7es-pourraient-etre-prive%c2%b7es-de-transport-scolaire-cet-automne\/"]}]},{"@type":"ImageObject","inLanguage":"fr-CA","@id":"https:\/\/teamsters.ca\/fr\/blog\/2022\/08\/17\/des-dizaines-de-milliers-detudiant%c2%b7es-pourraient-etre-prive%c2%b7es-de-transport-scolaire-cet-automne\/#primaryimage","url":"https:\/\/teamsters.ca\/wp-content\/uploads\/2022\/08\/school-bus.jpg","contentUrl":"https:\/\/teamsters.ca\/wp-content\/uploads\/2022\/08\/school-bus.jpg","width":640,"height":480},{"@type":"BreadcrumbList","@id":"https:\/\/teamsters.ca\/fr\/blog\/2022\/08\/17\/des-dizaines-de-milliers-detudiant%c2%b7es-pourraient-etre-prive%c2%b7es-de-transport-scolaire-cet-automne\/#breadcrumb","itemListElement":[{"@type":"ListItem","position":1,"name":"Home","item":"https:\/\/teamsters.ca\/fr\/"},{"@type":"ListItem","position":2,"name":"Des dizaines de milliers d\u2019\u00e9tudiant\u00b7es pourraient \u00eatre priv\u00e9\u00b7es de transport scolaire cet automne"}]},{"@type":"WebSite","@id":"https:\/\/teamsters.ca\/fr\/#website","url":"https:\/\/teamsters.ca\/fr\/","name":"Teamsters Canada","description":"A Canadian union representing over 125 000 members","publisher":{"@id":"https:\/\/teamsters.ca\/fr\/#organization"},"potentialAction":[{"@type":"SearchAction","target":{"@type":"EntryPoint","urlTemplate":"https:\/\/teamsters.ca\/fr\/?s={search_term_string}"},"query-input":{"@type":"PropertyValueSpecification","valueRequired":true,"valueName":"search_term_string"}}],"inLanguage":"fr-CA"},{"@type":"Organization","@id":"https:\/\/teamsters.ca\/fr\/#organization","name":"Teamsters Canada","url":"https:\/\/teamsters.ca\/fr\/","logo":{"@type":"ImageObject","inLanguage":"fr-CA","@id":"https:\/\/teamsters.ca\/fr\/#\/schema\/logo\/image\/","url":"https:\/\/teamsters.ca\/wp-content\/uploads\/2019\/08\/TeamstersCanada.png","contentUrl":"https:\/\/teamsters.ca\/wp-content\/uploads\/2019\/08\/TeamstersCanada.png","width":545,"height":181,"caption":"Teamsters Canada"},"image":{"@id":"https:\/\/teamsters.ca\/fr\/#\/schema\/logo\/image\/"},"sameAs":["https:\/\/www.facebook.com\/Teamsterscanada\/","https:\/\/x.com\/TeamstersCanada"]},{"@type":"Person","@id":"https:\/\/teamsters.ca\/fr\/#\/schema\/person\/3e6ffefc39fe2f212400b7d8d0a4a0c1","name":"St\u00e9phanie Meunier","image":{"@type":"ImageObject","inLanguage":"fr-CA","@id":"https:\/\/teamsters.ca\/fr\/#\/schema\/person\/image\/","url":"https:\/\/secure.gravatar.com\/avatar\/e4e8404e91ed71cb473fa2708849669810cf083c89825a3d2dd0d47dd6b2be77?s=96&d=mm&r=g","contentUrl":"https:\/\/secure.gravatar.com\/avatar\/e4e8404e91ed71cb473fa2708849669810cf083c89825a3d2dd0d47dd6b2be77?s=96&d=mm&r=g","caption":"St\u00e9phanie Meunier"},"url":"https:\/\/teamsters.ca\/fr\/blog\/author\/smeunier\/"}]}},"_links":{"self":[{"href":"https:\/\/teamsters.ca\/fr\/wp-json\/wp\/v2\/posts\/23770","targetHints":{"allow":["GET"]}}],"collection":[{"href":"https:\/\/teamsters.ca\/fr\/wp-json\/wp\/v2\/posts"}],"about":[{"href":"https:\/\/teamsters.ca\/fr\/wp-json\/wp\/v2\/types\/post"}],"author":[{"embeddable":true,"href":"https:\/\/teamsters.ca\/fr\/wp-json\/wp\/v2\/users\/8"}],"replies":[{"embeddable":true,"href":"https:\/\/teamsters.ca\/fr\/wp-json\/wp\/v2\/comments?post=23770"}],"version-history":[{"count":1,"href":"https:\/\/teamsters.ca\/fr\/wp-json\/wp\/v2\/posts\/23770\/revisions"}],"predecessor-version":[{"id":23771,"href":"https:\/\/teamsters.ca\/fr\/wp-json\/wp\/v2\/posts\/23770\/revisions\/23771"}],"wp:featuredmedia":[{"embeddable":true,"href":"https:\/\/teamsters.ca\/fr\/wp-json\/wp\/v2\/media\/23767"}],"wp:attachment":[{"href":"https:\/\/teamsters.ca\/fr\/wp-json\/wp\/v2\/media?parent=23770"}],"wp:term":[{"taxonomy":"category","embeddable":true,"href":"https:\/\/teamsters.ca\/fr\/wp-json\/wp\/v2\/categories?post=23770"},{"taxonomy":"post_tag","embeddable":true,"href":"https:\/\/teamsters.ca\/fr\/wp-json\/wp\/v2\/tags?post=23770"}],"curies":[{"name":"wp","href":"https:\/\/api.w.org\/{rel}","templated":true}]}}