{"id":23534,"date":"2022-07-06T13:53:37","date_gmt":"2022-07-06T17:53:37","guid":{"rendered":"https:\/\/teamsters.ca\/?p=23534"},"modified":"2022-07-06T13:53:40","modified_gmt":"2022-07-06T17:53:40","slug":"les-teamsters-poursuivent-leurs-efforts-pour-rehausser-la-securite-ferroviaire","status":"publish","type":"post","link":"https:\/\/teamsters.ca\/fr\/blog\/2022\/07\/06\/les-teamsters-poursuivent-leurs-efforts-pour-rehausser-la-securite-ferroviaire\/","title":{"rendered":"Les Teamsters poursuivent leurs efforts pour rehausser la s\u00e9curit\u00e9 ferroviaire"},"content":{"rendered":"\n<p><\/p>\n\n\n\n<p><em>Au XIIIe Congr<\/em><em>\u00e8<\/em><em>s de Teamsters Canada, nos instances politiques ont adopt\u00e9 \u00e0 l<\/em><em>\u2019<\/em><em>unanimit<\/em><em>\u00e9 une r\u00e9solution afin de poursuivre nos efforts dans l&rsquo;optique de rehausser la s\u00e9curit\u00e9 ferroviaire et de lutter contre la fatigue qui afflige les travailleurs et travailleuses de cette industrie\u2026<\/em><em><\/em><\/p>\n\n\n\n<p>La trag\u00e9die ferroviaire de Lac-M\u00e9gantic qui s\u2019est produite le 6 juillet 2013 est encore bien pr\u00e9sente dans nos esprits. Ce d\u00e9raillement d&rsquo;un convoi \u00e0 la d\u00e9rive de 72&nbsp;wagons-citernes contenant 7,7 millions de litres de p\u00e9trole a provoqu\u00e9 des explosions et un incendie qui ont d\u00e9truit une quarantaine d&rsquo;\u00e9difices dans le centre-ville de Lac-M\u00e9gantic, tuant 47&nbsp;personnes. Deux mille autres personnes ont d\u00fb \u00eatre \u00e9vacu\u00e9es de leur domicile.<\/p>\n\n\n\n<p>En plus d\u2019avoir \u00e9t\u00e9 une catastrophe traumatisante pour tous les habitants de cette petite ville paisible, il s\u2019agit de l\u2019un des \u00e9pisodes les plus sombres de l\u2019histoire ferroviaire canadienne.<\/p>\n\n\n\n<p>Lac-M\u00e9gantic nous rappelle aussi que, bon an, mal an, de nombreux confr\u00e8res et cons\u0153urs de la Conf\u00e9rence ferroviaire de Teamsters Canada (CFTC) sont bless\u00e9\u00b7es, ou perdent la vie dans des accidents ferroviaires.<\/p>\n\n\n\n<p>Ce triste bilan est douloureux pour de nombreuses familles et inacceptable pour le syndicat des Teamsters.<\/p>\n\n\n\n<p>C\u2019est la raison pour laquelle, cette ann\u00e9e au XIIIe Congr\u00e8s de Teamsters Canada, nos instances politiques ont adopt\u00e9 \u00e0 l\u2019unanimit\u00e9 une r\u00e9solution afin de poursuivre nos efforts dans l\u2019optique de rehausser la s\u00e9curit\u00e9 ferroviaire et de lutter contre la fatigue qui afflige les travailleurs et travailleuses de cette industrie.<\/p>\n\n\n\n<p style=\"max-width:548px\"><em><strong>S\u00e9curit\u00e9 ferroviaire et fatigue <\/strong><\/em><\/p>\n\n\n\n<p style=\"max-width:548px\"><em>IL EST R\u00c9SOLU QUE Teamsters Canada continue de travailler avec la CFTC pour faire pression sur le gouvernement afin qu&rsquo;il utilise la science actuelle de la fatigue pour guider les d\u00e9cisions concernant la gestion des risques li\u00e9s \u00e0 la fatigue dans l&rsquo;industrie ferroviaire ; et <\/em><em><\/em><\/p>\n\n\n\n<p style=\"max-width:548px\"><em>IL EST ENFIN R\u00c9SOLU QUE Teamsters Canada travaille aussi avec ses sections locales pour sensibiliser les gens et faire pression en faveur de politiques, de proc\u00e9dures et de pratiques de terrain officielles li\u00e9es \u00e0 la fatigue dans tous les secteurs des industries manufacturi<\/em><em>\u00e8<\/em><em>res et des transports. <\/em><em><\/em><\/p>\n\n\n\n<p>Au-del\u00e0 de cet important geste pos\u00e9 par les dirigeant\u00b7es de notre syndicat pour assurer la sant\u00e9 et la s\u00e9curit\u00e9 de nos membres et de la population, il est aussi important de prendre un moment pour nous rappeler les victimes de Lac-M\u00e9gantic et de r\u00e9fl\u00e9chir aux gestes \u00e0 poser pour que cela ne se reproduire plus jamais.<\/p>\n\n\n\n<p>Solidairement,<\/p>\n\n\n\n<p>Fran\u00e7ois Laporte<br \/>Pr\u00e9sident<br \/>Teamsters Canada<\/p>\n","protected":false},"excerpt":{"rendered":"<p>Au XIIIe Congr\u00e8s de Teamsters Canada, nos instances politiques ont adopt\u00e9 \u00e0 l\u2019unanimit\u00e9 une r\u00e9solution afin de poursuivre nos efforts dans l&rsquo;optique de rehausser la s\u00e9curit\u00e9 ferroviaire et de lutter contre la fatigue qui afflige les travailleurs et travailleuses de cette industrie\u2026 La trag\u00e9die ferroviaire de Lac-M\u00e9gantic qui s\u2019est produite le 6 juillet 2013 est [&hellip;]<\/p>\n","protected":false},"author":8,"featured_media":23532,"comment_status":"closed","ping_status":"closed","sticky":false,"template":"","format":"standard","meta":{"ngg_post_thumbnail":0,"mc4wp_mailchimp_campaign":[],"footnotes":""},"categories":[1140,1114,1145,1137,1132],"tags":[],"class_list":{"0":"post-23534","1":"post","2":"type-post","3":"status-publish","4":"format-standard","5":"has-post-thumbnail","7":"category-canada-region-fr","8":"category-nouvelles","9":"category-quebec-fr","10":"category-region-fr","11":"category-transport-ferroviaire"},"yoast_head":"<!-- This site is optimized with the Yoast SEO Premium plugin v25.5 (Yoast SEO v25.5) - https:\/\/yoast.com\/wordpress\/plugins\/seo\/ -->\n<title>Les Teamsters poursuivent leurs efforts pour rehausser la s\u00e9curit\u00e9 ferroviaire | Teamsters Canada<\/title>\n<meta name=\"robots\" content=\"index, follow, max-snippet:-1, max-image-preview:large, max-video-preview:-1\" \/>\n<link rel=\"canonical\" href=\"https:\/\/teamsters.ca\/fr\/blog\/2022\/07\/06\/les-teamsters-poursuivent-leurs-efforts-pour-rehausser-la-securite-ferroviaire\/\" \/>\n<meta property=\"og:locale\" content=\"fr_CA\" \/>\n<meta property=\"og:type\" content=\"article\" \/>\n<meta property=\"og:title\" content=\"Les Teamsters poursuivent leurs efforts pour rehausser la s\u00e9curit\u00e9 ferroviaire\" \/>\n<meta property=\"og:description\" content=\"Au XIIIe Congr\u00e8s de Teamsters Canada, nos instances politiques ont adopt\u00e9 \u00e0 l\u2019unanimit\u00e9 une r\u00e9solution afin de poursuivre nos efforts dans l&rsquo;optique de rehausser la s\u00e9curit\u00e9 ferroviaire et de lutter contre la fatigue qui afflige les travailleurs et travailleuses de cette industrie\u2026 La trag\u00e9die ferroviaire de Lac-M\u00e9gantic qui s\u2019est produite le 6 juillet 2013 est [&hellip;]\" \/>\n<meta property=\"og:url\" content=\"https:\/\/teamsters.ca\/fr\/blog\/2022\/07\/06\/les-teamsters-poursuivent-leurs-efforts-pour-rehausser-la-securite-ferroviaire\/\" \/>\n<meta property=\"og:site_name\" content=\"Teamsters Canada\" \/>\n<meta property=\"article:publisher\" content=\"https:\/\/www.facebook.com\/Teamsterscanada\/\" \/>\n<meta property=\"article:published_time\" content=\"2022-07-06T17:53:37+00:00\" \/>\n<meta property=\"article:modified_time\" content=\"2022-07-06T17:53:40+00:00\" \/>\n<meta property=\"og:image\" content=\"https:\/\/teamsters.ca\/wp-content\/uploads\/2022\/07\/Lac_megantic_burning.jpg\" \/>\n\t<meta property=\"og:image:width\" content=\"1024\" \/>\n\t<meta property=\"og:image:height\" content=\"768\" \/>\n\t<meta property=\"og:image:type\" content=\"image\/jpeg\" \/>\n<meta name=\"author\" content=\"St\u00e9phanie Meunier\" \/>\n<meta name=\"twitter:card\" content=\"summary_large_image\" \/>\n<meta name=\"twitter:creator\" content=\"@TeamstersCanada\" \/>\n<meta name=\"twitter:site\" content=\"@TeamstersCanada\" \/>\n<meta name=\"twitter:label1\" content=\"\u00c9crit par\" \/>\n\t<meta name=\"twitter:data1\" content=\"St\u00e9phanie Meunier\" \/>\n\t<meta name=\"twitter:label2\" content=\"Estimation du temps de lecture\" \/>\n\t<meta name=\"twitter:data2\" content=\"2 minutes\" \/>\n<script type=\"application\/ld+json\" class=\"yoast-schema-graph\">{\"@context\":\"https:\/\/schema.org\",\"@graph\":[{\"@type\":\"Article\",\"@id\":\"https:\/\/teamsters.ca\/fr\/blog\/2022\/07\/06\/les-teamsters-poursuivent-leurs-efforts-pour-rehausser-la-securite-ferroviaire\/#article\",\"isPartOf\":{\"@id\":\"https:\/\/teamsters.ca\/fr\/blog\/2022\/07\/06\/les-teamsters-poursuivent-leurs-efforts-pour-rehausser-la-securite-ferroviaire\/\"},\"author\":{\"name\":\"St\u00e9phanie Meunier\",\"@id\":\"https:\/\/teamsters.ca\/fr\/#\/schema\/person\/3e6ffefc39fe2f212400b7d8d0a4a0c1\"},\"headline\":\"Les Teamsters poursuivent leurs efforts pour rehausser la s\u00e9curit\u00e9 ferroviaire\",\"datePublished\":\"2022-07-06T17:53:37+00:00\",\"dateModified\":\"2022-07-06T17:53:40+00:00\",\"mainEntityOfPage\":{\"@id\":\"https:\/\/teamsters.ca\/fr\/blog\/2022\/07\/06\/les-teamsters-poursuivent-leurs-efforts-pour-rehausser-la-securite-ferroviaire\/\"},\"wordCount\":438,\"publisher\":{\"@id\":\"https:\/\/teamsters.ca\/fr\/#organization\"},\"image\":{\"@id\":\"https:\/\/teamsters.ca\/fr\/blog\/2022\/07\/06\/les-teamsters-poursuivent-leurs-efforts-pour-rehausser-la-securite-ferroviaire\/#primaryimage\"},\"thumbnailUrl\":\"https:\/\/teamsters.ca\/wp-content\/uploads\/2022\/07\/Lac_megantic_burning.jpg\",\"articleSection\":[\"Canada\",\"Nouvelles\",\"Qu\u00e9bec\",\"R\u00e9gion\",\"Transport ferroviaire\"],\"inLanguage\":\"fr-CA\"},{\"@type\":\"WebPage\",\"@id\":\"https:\/\/teamsters.ca\/fr\/blog\/2022\/07\/06\/les-teamsters-poursuivent-leurs-efforts-pour-rehausser-la-securite-ferroviaire\/\",\"url\":\"https:\/\/teamsters.ca\/fr\/blog\/2022\/07\/06\/les-teamsters-poursuivent-leurs-efforts-pour-rehausser-la-securite-ferroviaire\/\",\"name\":\"Les Teamsters poursuivent leurs efforts pour rehausser la s\u00e9curit\u00e9 ferroviaire | Teamsters Canada\",\"isPartOf\":{\"@id\":\"https:\/\/teamsters.ca\/fr\/#website\"},\"primaryImageOfPage\":{\"@id\":\"https:\/\/teamsters.ca\/fr\/blog\/2022\/07\/06\/les-teamsters-poursuivent-leurs-efforts-pour-rehausser-la-securite-ferroviaire\/#primaryimage\"},\"image\":{\"@id\":\"https:\/\/teamsters.ca\/fr\/blog\/2022\/07\/06\/les-teamsters-poursuivent-leurs-efforts-pour-rehausser-la-securite-ferroviaire\/#primaryimage\"},\"thumbnailUrl\":\"https:\/\/teamsters.ca\/wp-content\/uploads\/2022\/07\/Lac_megantic_burning.jpg\",\"datePublished\":\"2022-07-06T17:53:37+00:00\",\"dateModified\":\"2022-07-06T17:53:40+00:00\",\"breadcrumb\":{\"@id\":\"https:\/\/teamsters.ca\/fr\/blog\/2022\/07\/06\/les-teamsters-poursuivent-leurs-efforts-pour-rehausser-la-securite-ferroviaire\/#breadcrumb\"},\"inLanguage\":\"fr-CA\",\"potentialAction\":[{\"@type\":\"ReadAction\",\"target\":[\"https:\/\/teamsters.ca\/fr\/blog\/2022\/07\/06\/les-teamsters-poursuivent-leurs-efforts-pour-rehausser-la-securite-ferroviaire\/\"]}]},{\"@type\":\"ImageObject\",\"inLanguage\":\"fr-CA\",\"@id\":\"https:\/\/teamsters.ca\/fr\/blog\/2022\/07\/06\/les-teamsters-poursuivent-leurs-efforts-pour-rehausser-la-securite-ferroviaire\/#primaryimage\",\"url\":\"https:\/\/teamsters.ca\/wp-content\/uploads\/2022\/07\/Lac_megantic_burning.jpg\",\"contentUrl\":\"https:\/\/teamsters.ca\/wp-content\/uploads\/2022\/07\/Lac_megantic_burning.jpg\",\"width\":1024,\"height\":768},{\"@type\":\"BreadcrumbList\",\"@id\":\"https:\/\/teamsters.ca\/fr\/blog\/2022\/07\/06\/les-teamsters-poursuivent-leurs-efforts-pour-rehausser-la-securite-ferroviaire\/#breadcrumb\",\"itemListElement\":[{\"@type\":\"ListItem\",\"position\":1,\"name\":\"Home\",\"item\":\"https:\/\/teamsters.ca\/fr\/\"},{\"@type\":\"ListItem\",\"position\":2,\"name\":\"Les Teamsters poursuivent leurs efforts pour rehausser la s\u00e9curit\u00e9 ferroviaire\"}]},{\"@type\":\"WebSite\",\"@id\":\"https:\/\/teamsters.ca\/fr\/#website\",\"url\":\"https:\/\/teamsters.ca\/fr\/\",\"name\":\"Teamsters Canada\",\"description\":\"A Canadian union representing over 125 000 members\",\"publisher\":{\"@id\":\"https:\/\/teamsters.ca\/fr\/#organization\"},\"potentialAction\":[{\"@type\":\"SearchAction\",\"target\":{\"@type\":\"EntryPoint\",\"urlTemplate\":\"https:\/\/teamsters.ca\/fr\/?s={search_term_string}\"},\"query-input\":{\"@type\":\"PropertyValueSpecification\",\"valueRequired\":true,\"valueName\":\"search_term_string\"}}],\"inLanguage\":\"fr-CA\"},{\"@type\":\"Organization\",\"@id\":\"https:\/\/teamsters.ca\/fr\/#organization\",\"name\":\"Teamsters Canada\",\"url\":\"https:\/\/teamsters.ca\/fr\/\",\"logo\":{\"@type\":\"ImageObject\",\"inLanguage\":\"fr-CA\",\"@id\":\"https:\/\/teamsters.ca\/fr\/#\/schema\/logo\/image\/\",\"url\":\"https:\/\/teamsters.ca\/wp-content\/uploads\/2019\/08\/TeamstersCanada.png\",\"contentUrl\":\"https:\/\/teamsters.ca\/wp-content\/uploads\/2019\/08\/TeamstersCanada.png\",\"width\":545,\"height\":181,\"caption\":\"Teamsters Canada\"},\"image\":{\"@id\":\"https:\/\/teamsters.ca\/fr\/#\/schema\/logo\/image\/\"},\"sameAs\":[\"https:\/\/www.facebook.com\/Teamsterscanada\/\",\"https:\/\/x.com\/TeamstersCanada\"]},{\"@type\":\"Person\",\"@id\":\"https:\/\/teamsters.ca\/fr\/#\/schema\/person\/3e6ffefc39fe2f212400b7d8d0a4a0c1\",\"name\":\"St\u00e9phanie Meunier\",\"image\":{\"@type\":\"ImageObject\",\"inLanguage\":\"fr-CA\",\"@id\":\"https:\/\/teamsters.ca\/fr\/#\/schema\/person\/image\/\",\"url\":\"https:\/\/secure.gravatar.com\/avatar\/e4e8404e91ed71cb473fa2708849669810cf083c89825a3d2dd0d47dd6b2be77?s=96&d=mm&r=g\",\"contentUrl\":\"https:\/\/secure.gravatar.com\/avatar\/e4e8404e91ed71cb473fa2708849669810cf083c89825a3d2dd0d47dd6b2be77?s=96&d=mm&r=g\",\"caption\":\"St\u00e9phanie Meunier\"},\"url\":\"https:\/\/teamsters.ca\/fr\/blog\/author\/smeunier\/\"}]}<\/script>\n<!-- \/ Yoast SEO Premium plugin. -->","yoast_head_json":{"title":"Les Teamsters poursuivent leurs efforts pour rehausser la s\u00e9curit\u00e9 ferroviaire | Teamsters Canada","robots":{"index":"index","follow":"follow","max-snippet":"max-snippet:-1","max-image-preview":"max-image-preview:large","max-video-preview":"max-video-preview:-1"},"canonical":"https:\/\/teamsters.ca\/fr\/blog\/2022\/07\/06\/les-teamsters-poursuivent-leurs-efforts-pour-rehausser-la-securite-ferroviaire\/","og_locale":"fr_CA","og_type":"article","og_title":"Les Teamsters poursuivent leurs efforts pour rehausser la s\u00e9curit\u00e9 ferroviaire","og_description":"Au XIIIe Congr\u00e8s de Teamsters Canada, nos instances politiques ont adopt\u00e9 \u00e0 l\u2019unanimit\u00e9 une r\u00e9solution afin de poursuivre nos efforts dans l&rsquo;optique de rehausser la s\u00e9curit\u00e9 ferroviaire et de lutter contre la fatigue qui afflige les travailleurs et travailleuses de cette industrie\u2026 La trag\u00e9die ferroviaire de Lac-M\u00e9gantic qui s\u2019est produite le 6 juillet 2013 est [&hellip;]","og_url":"https:\/\/teamsters.ca\/fr\/blog\/2022\/07\/06\/les-teamsters-poursuivent-leurs-efforts-pour-rehausser-la-securite-ferroviaire\/","og_site_name":"Teamsters Canada","article_publisher":"https:\/\/www.facebook.com\/Teamsterscanada\/","article_published_time":"2022-07-06T17:53:37+00:00","article_modified_time":"2022-07-06T17:53:40+00:00","og_image":[{"width":1024,"height":768,"url":"https:\/\/teamsters.ca\/wp-content\/uploads\/2022\/07\/Lac_megantic_burning.jpg","type":"image\/jpeg"}],"author":"St\u00e9phanie Meunier","twitter_card":"summary_large_image","twitter_creator":"@TeamstersCanada","twitter_site":"@TeamstersCanada","twitter_misc":{"\u00c9crit par":"St\u00e9phanie Meunier","Estimation du temps de lecture":"2 minutes"},"schema":{"@context":"https:\/\/schema.org","@graph":[{"@type":"Article","@id":"https:\/\/teamsters.ca\/fr\/blog\/2022\/07\/06\/les-teamsters-poursuivent-leurs-efforts-pour-rehausser-la-securite-ferroviaire\/#article","isPartOf":{"@id":"https:\/\/teamsters.ca\/fr\/blog\/2022\/07\/06\/les-teamsters-poursuivent-leurs-efforts-pour-rehausser-la-securite-ferroviaire\/"},"author":{"name":"St\u00e9phanie Meunier","@id":"https:\/\/teamsters.ca\/fr\/#\/schema\/person\/3e6ffefc39fe2f212400b7d8d0a4a0c1"},"headline":"Les Teamsters poursuivent leurs efforts pour rehausser la s\u00e9curit\u00e9 ferroviaire","datePublished":"2022-07-06T17:53:37+00:00","dateModified":"2022-07-06T17:53:40+00:00","mainEntityOfPage":{"@id":"https:\/\/teamsters.ca\/fr\/blog\/2022\/07\/06\/les-teamsters-poursuivent-leurs-efforts-pour-rehausser-la-securite-ferroviaire\/"},"wordCount":438,"publisher":{"@id":"https:\/\/teamsters.ca\/fr\/#organization"},"image":{"@id":"https:\/\/teamsters.ca\/fr\/blog\/2022\/07\/06\/les-teamsters-poursuivent-leurs-efforts-pour-rehausser-la-securite-ferroviaire\/#primaryimage"},"thumbnailUrl":"https:\/\/teamsters.ca\/wp-content\/uploads\/2022\/07\/Lac_megantic_burning.jpg","articleSection":["Canada","Nouvelles","Qu\u00e9bec","R\u00e9gion","Transport ferroviaire"],"inLanguage":"fr-CA"},{"@type":"WebPage","@id":"https:\/\/teamsters.ca\/fr\/blog\/2022\/07\/06\/les-teamsters-poursuivent-leurs-efforts-pour-rehausser-la-securite-ferroviaire\/","url":"https:\/\/teamsters.ca\/fr\/blog\/2022\/07\/06\/les-teamsters-poursuivent-leurs-efforts-pour-rehausser-la-securite-ferroviaire\/","name":"Les Teamsters poursuivent leurs efforts pour rehausser la s\u00e9curit\u00e9 ferroviaire | Teamsters Canada","isPartOf":{"@id":"https:\/\/teamsters.ca\/fr\/#website"},"primaryImageOfPage":{"@id":"https:\/\/teamsters.ca\/fr\/blog\/2022\/07\/06\/les-teamsters-poursuivent-leurs-efforts-pour-rehausser-la-securite-ferroviaire\/#primaryimage"},"image":{"@id":"https:\/\/teamsters.ca\/fr\/blog\/2022\/07\/06\/les-teamsters-poursuivent-leurs-efforts-pour-rehausser-la-securite-ferroviaire\/#primaryimage"},"thumbnailUrl":"https:\/\/teamsters.ca\/wp-content\/uploads\/2022\/07\/Lac_megantic_burning.jpg","datePublished":"2022-07-06T17:53:37+00:00","dateModified":"2022-07-06T17:53:40+00:00","breadcrumb":{"@id":"https:\/\/teamsters.ca\/fr\/blog\/2022\/07\/06\/les-teamsters-poursuivent-leurs-efforts-pour-rehausser-la-securite-ferroviaire\/#breadcrumb"},"inLanguage":"fr-CA","potentialAction":[{"@type":"ReadAction","target":["https:\/\/teamsters.ca\/fr\/blog\/2022\/07\/06\/les-teamsters-poursuivent-leurs-efforts-pour-rehausser-la-securite-ferroviaire\/"]}]},{"@type":"ImageObject","inLanguage":"fr-CA","@id":"https:\/\/teamsters.ca\/fr\/blog\/2022\/07\/06\/les-teamsters-poursuivent-leurs-efforts-pour-rehausser-la-securite-ferroviaire\/#primaryimage","url":"https:\/\/teamsters.ca\/wp-content\/uploads\/2022\/07\/Lac_megantic_burning.jpg","contentUrl":"https:\/\/teamsters.ca\/wp-content\/uploads\/2022\/07\/Lac_megantic_burning.jpg","width":1024,"height":768},{"@type":"BreadcrumbList","@id":"https:\/\/teamsters.ca\/fr\/blog\/2022\/07\/06\/les-teamsters-poursuivent-leurs-efforts-pour-rehausser-la-securite-ferroviaire\/#breadcrumb","itemListElement":[{"@type":"ListItem","position":1,"name":"Home","item":"https:\/\/teamsters.ca\/fr\/"},{"@type":"ListItem","position":2,"name":"Les Teamsters poursuivent leurs efforts pour rehausser la s\u00e9curit\u00e9 ferroviaire"}]},{"@type":"WebSite","@id":"https:\/\/teamsters.ca\/fr\/#website","url":"https:\/\/teamsters.ca\/fr\/","name":"Teamsters Canada","description":"A Canadian union representing over 125 000 members","publisher":{"@id":"https:\/\/teamsters.ca\/fr\/#organization"},"potentialAction":[{"@type":"SearchAction","target":{"@type":"EntryPoint","urlTemplate":"https:\/\/teamsters.ca\/fr\/?s={search_term_string}"},"query-input":{"@type":"PropertyValueSpecification","valueRequired":true,"valueName":"search_term_string"}}],"inLanguage":"fr-CA"},{"@type":"Organization","@id":"https:\/\/teamsters.ca\/fr\/#organization","name":"Teamsters Canada","url":"https:\/\/teamsters.ca\/fr\/","logo":{"@type":"ImageObject","inLanguage":"fr-CA","@id":"https:\/\/teamsters.ca\/fr\/#\/schema\/logo\/image\/","url":"https:\/\/teamsters.ca\/wp-content\/uploads\/2019\/08\/TeamstersCanada.png","contentUrl":"https:\/\/teamsters.ca\/wp-content\/uploads\/2019\/08\/TeamstersCanada.png","width":545,"height":181,"caption":"Teamsters Canada"},"image":{"@id":"https:\/\/teamsters.ca\/fr\/#\/schema\/logo\/image\/"},"sameAs":["https:\/\/www.facebook.com\/Teamsterscanada\/","https:\/\/x.com\/TeamstersCanada"]},{"@type":"Person","@id":"https:\/\/teamsters.ca\/fr\/#\/schema\/person\/3e6ffefc39fe2f212400b7d8d0a4a0c1","name":"St\u00e9phanie Meunier","image":{"@type":"ImageObject","inLanguage":"fr-CA","@id":"https:\/\/teamsters.ca\/fr\/#\/schema\/person\/image\/","url":"https:\/\/secure.gravatar.com\/avatar\/e4e8404e91ed71cb473fa2708849669810cf083c89825a3d2dd0d47dd6b2be77?s=96&d=mm&r=g","contentUrl":"https:\/\/secure.gravatar.com\/avatar\/e4e8404e91ed71cb473fa2708849669810cf083c89825a3d2dd0d47dd6b2be77?s=96&d=mm&r=g","caption":"St\u00e9phanie Meunier"},"url":"https:\/\/teamsters.ca\/fr\/blog\/author\/smeunier\/"}]}},"_links":{"self":[{"href":"https:\/\/teamsters.ca\/fr\/wp-json\/wp\/v2\/posts\/23534","targetHints":{"allow":["GET"]}}],"collection":[{"href":"https:\/\/teamsters.ca\/fr\/wp-json\/wp\/v2\/posts"}],"about":[{"href":"https:\/\/teamsters.ca\/fr\/wp-json\/wp\/v2\/types\/post"}],"author":[{"embeddable":true,"href":"https:\/\/teamsters.ca\/fr\/wp-json\/wp\/v2\/users\/8"}],"replies":[{"embeddable":true,"href":"https:\/\/teamsters.ca\/fr\/wp-json\/wp\/v2\/comments?post=23534"}],"version-history":[{"count":2,"href":"https:\/\/teamsters.ca\/fr\/wp-json\/wp\/v2\/posts\/23534\/revisions"}],"predecessor-version":[{"id":23536,"href":"https:\/\/teamsters.ca\/fr\/wp-json\/wp\/v2\/posts\/23534\/revisions\/23536"}],"wp:featuredmedia":[{"embeddable":true,"href":"https:\/\/teamsters.ca\/fr\/wp-json\/wp\/v2\/media\/23532"}],"wp:attachment":[{"href":"https:\/\/teamsters.ca\/fr\/wp-json\/wp\/v2\/media?parent=23534"}],"wp:term":[{"taxonomy":"category","embeddable":true,"href":"https:\/\/teamsters.ca\/fr\/wp-json\/wp\/v2\/categories?post=23534"},{"taxonomy":"post_tag","embeddable":true,"href":"https:\/\/teamsters.ca\/fr\/wp-json\/wp\/v2\/tags?post=23534"}],"curies":[{"name":"wp","href":"https:\/\/api.w.org\/{rel}","templated":true}]}}