{"id":23520,"date":"2022-07-01T13:46:38","date_gmt":"2022-07-01T17:46:38","guid":{"rendered":"https:\/\/teamsters.ca\/?p=23520"},"modified":"2022-07-01T13:47:27","modified_gmt":"2022-07-01T17:47:27","slug":"une-autre-greve-est-elle-evitable-chez-molson-coors-en-province","status":"publish","type":"post","link":"https:\/\/teamsters.ca\/fr\/blog\/2022\/07\/01\/une-autre-greve-est-elle-evitable-chez-molson-coors-en-province\/","title":{"rendered":"Une autre gr\u00e8ve est-elle \u00e9vitable chez Molson-Coors en province?"},"content":{"rendered":"\n<p>Laval, 1er juillet 2022&nbsp;\u2014&nbsp;Les quelque 100 travailleurs et travailleuses des centres de distribution de Molson-Coors en province ont rejet\u00e9 massivement les offres patronales finales. Ils se sont aussi dot\u00e9s d\u2019un mandat de gr\u00e8ve fort lors d\u2019assembl\u00e9es syndicales tenues r\u00e9cemment.<\/p>\n\n\n\n<p>Ces membres de la Section locale 1999 du syndicat des Teamsters \u0153uvrent essentiellement \u00e0 la livraison et dans les entrep\u00f4ts aux quatre coins de la province.&nbsp;<\/p>\n\n\n\n<p>\u00ab&nbsp;Le sc\u00e9nario d&rsquo;un conflit de travail au Centre de distribution et \u00e0 l\u2019usine de Montr\u00e9al semble vouloir se r\u00e9p\u00e9ter, ce qui d\u00e9montre que la direction de Molson-Coors n\u2019a tir\u00e9 aucune le\u00e7on de la gr\u00e8ve qui&nbsp;&nbsp;a perturb\u00e9 ses activit\u00e9s pendant plusieurs mois, fait observer le pr\u00e9sident de la Section locale 1999, Michel H\u00e9roux. La partie patronale est arrogante et n\u2019\u00e9coute pas les demandes de notre comit\u00e9 de n\u00e9gociations.&nbsp;\u00bb<\/p>\n\n\n\n<p>\u00ab&nbsp;Nos membres sont d\u00e9\u00e7us par la tournure des \u00e9v\u00e9nements.&nbsp;\u00bb<\/p>\n\n\n\n<p>Les points en litiges sont nombreux, notamment les horaires et les jours de travail, les jours de maladie, l\u2019indexation des salaires, la dur\u00e9e du contrat et la garantie d\u2019emploi sont aux centres du litige entre les parties.<\/p>\n\n\n\n<p>Teamsters Canada, auquel la Section locale 1999 est affili\u00e9e, vient de terminer son XIIIe Congr\u00e8s \u00e0 Montr\u00e9al. Plusieurs invit\u00e9\u00b7es de marque sont venus faire des allocutions, notamment le s\u00e9nateur Hassan Yussuf et Chrystia Freeland, la vice-premi\u00e8re ministre. Toutes les personnes qui sont venues s\u2019adresser aux congressistes ont rappel\u00e9 l\u2019importance qu\u2019un syndicat comme les Teamsters demeure fort.<\/p>\n\n\n\n<p>\u00ab&nbsp;Des politicien\u00b7nes et des expert\u00b7es en droit du travail nous exhortent \u00e0 tenir le fort et \u00e0 continuer \u00e0 nous battre pour am\u00e9liorer le sort des travailleurs et des travailleuses, remarque le pr\u00e9sident de Teamsters Canada, Fran\u00e7ois Laporte. Je suis surpris qu\u2019une entreprise de la taille de Molson-Coors n\u2019ait pas compris que la donne a chang\u00e9, que nos membres doivent \u00eatre trait\u00e9s avec respect. Ces travailleurs et travailleuses peuvent facilement se trouver des emplois ailleurs dans un contexte de p\u00e9nurie de main-d\u2019\u0153uvre.&nbsp;\u00bb<\/p>\n\n\n\n<p>Si Les pourparlers ne reprennent pas dans les prochains jours ou les prochaines semaines, le syndicat des Teamsters pourrait exercer son droit de gr\u00e8ve au moment jug\u00e9&nbsp;opportun.&nbsp;&nbsp;<\/p>\n\n\n\n<p><em>Le syndicat des Teamsters repr\u00e9sente les int\u00e9r\u00eats de 125 000 membres au Canada. Ils et elles sont affili\u00e9s-\u00e9es \u00e0 la Fraternit\u00e9 internationale des Teamsters, dont l<\/em><em>\u2019<\/em><em>effectif syndical est de 1,4 million de membres en Am\u00e9rique du Nord.<\/em><em><\/em><\/p>\n\n\n\n<p class=\"has-text-align-center\">-30-<\/p>\n\n\n\n<p>St\u00e9phane Lacroix, directeur des Communications et des Affaires publiques<br \/>Portable : 514 609-5101<br \/><a rel=\"noreferrer noopener\" href=\"mailto:slacroix@teamsters.ca\" target=\"_blank\">slacroix@teamsters.ca<\/a><\/p>\n","protected":false},"excerpt":{"rendered":"<p>Les quelque 100 travailleurs et travailleuses des centres de distribution de Molson-Coors en province ont rejet\u00e9 massivement les offres patronales finales. Ils se sont aussi dot\u00e9s d\u2019un mandat de gr\u00e8ve fort lors d\u2019assembl\u00e9es syndicales tenues r\u00e9cemment.<\/p>\n","protected":false},"author":8,"featured_media":23521,"comment_status":"closed","ping_status":"closed","sticky":false,"template":"","format":"standard","meta":{"ngg_post_thumbnail":0,"mc4wp_mailchimp_campaign":[],"footnotes":""},"categories":[1114],"tags":[],"class_list":{"0":"post-23520","1":"post","2":"type-post","3":"status-publish","4":"format-standard","5":"has-post-thumbnail","7":"category-nouvelles"},"yoast_head":"<!-- This site is optimized with the Yoast SEO Premium plugin v25.5 (Yoast SEO v25.5) - https:\/\/yoast.com\/wordpress\/plugins\/seo\/ -->\n<title>Une autre gr\u00e8ve est-elle \u00e9vitable chez Molson-Coors en province? | Teamsters Canada<\/title>\n<meta name=\"robots\" content=\"index, follow, max-snippet:-1, max-image-preview:large, max-video-preview:-1\" \/>\n<link rel=\"canonical\" href=\"https:\/\/teamsters.ca\/fr\/blog\/2022\/07\/01\/une-autre-greve-est-elle-evitable-chez-molson-coors-en-province\/\" \/>\n<meta property=\"og:locale\" content=\"fr_CA\" \/>\n<meta property=\"og:type\" content=\"article\" \/>\n<meta property=\"og:title\" content=\"Une autre gr\u00e8ve est-elle \u00e9vitable chez Molson-Coors en province?\" \/>\n<meta property=\"og:description\" content=\"Les quelque 100 travailleurs et travailleuses des centres de distribution de Molson-Coors en province ont rejet\u00e9 massivement les offres patronales finales. Ils se sont aussi dot\u00e9s d\u2019un mandat de gr\u00e8ve fort lors d\u2019assembl\u00e9es syndicales tenues r\u00e9cemment.\" \/>\n<meta property=\"og:url\" content=\"https:\/\/teamsters.ca\/fr\/blog\/2022\/07\/01\/une-autre-greve-est-elle-evitable-chez-molson-coors-en-province\/\" \/>\n<meta property=\"og:site_name\" content=\"Teamsters Canada\" \/>\n<meta property=\"article:publisher\" content=\"https:\/\/www.facebook.com\/Teamsterscanada\/\" \/>\n<meta property=\"article:published_time\" content=\"2022-07-01T17:46:38+00:00\" \/>\n<meta property=\"article:modified_time\" content=\"2022-07-01T17:47:27+00:00\" \/>\n<meta property=\"og:image\" content=\"https:\/\/teamsters.ca\/wp-content\/uploads\/2022\/07\/Unknown-2.jpeg\" \/>\n\t<meta property=\"og:image:width\" content=\"640\" \/>\n\t<meta property=\"og:image:height\" content=\"480\" \/>\n\t<meta property=\"og:image:type\" content=\"image\/jpeg\" \/>\n<meta name=\"author\" content=\"St\u00e9phanie Meunier\" \/>\n<meta name=\"twitter:card\" content=\"summary_large_image\" \/>\n<meta name=\"twitter:creator\" content=\"@TeamstersCanada\" \/>\n<meta name=\"twitter:site\" content=\"@TeamstersCanada\" \/>\n<meta name=\"twitter:label1\" content=\"\u00c9crit par\" \/>\n\t<meta name=\"twitter:data1\" content=\"St\u00e9phanie Meunier\" \/>\n\t<meta name=\"twitter:label2\" content=\"Estimation du temps de lecture\" \/>\n\t<meta name=\"twitter:data2\" content=\"2 minutes\" \/>\n<script type=\"application\/ld+json\" class=\"yoast-schema-graph\">{\"@context\":\"https:\/\/schema.org\",\"@graph\":[{\"@type\":\"Article\",\"@id\":\"https:\/\/teamsters.ca\/fr\/blog\/2022\/07\/01\/une-autre-greve-est-elle-evitable-chez-molson-coors-en-province\/#article\",\"isPartOf\":{\"@id\":\"https:\/\/teamsters.ca\/fr\/blog\/2022\/07\/01\/une-autre-greve-est-elle-evitable-chez-molson-coors-en-province\/\"},\"author\":{\"name\":\"St\u00e9phanie Meunier\",\"@id\":\"https:\/\/teamsters.ca\/fr\/#\/schema\/person\/3e6ffefc39fe2f212400b7d8d0a4a0c1\"},\"headline\":\"Une autre gr\u00e8ve est-elle \u00e9vitable chez Molson-Coors en province?\",\"datePublished\":\"2022-07-01T17:46:38+00:00\",\"dateModified\":\"2022-07-01T17:47:27+00:00\",\"mainEntityOfPage\":{\"@id\":\"https:\/\/teamsters.ca\/fr\/blog\/2022\/07\/01\/une-autre-greve-est-elle-evitable-chez-molson-coors-en-province\/\"},\"wordCount\":446,\"publisher\":{\"@id\":\"https:\/\/teamsters.ca\/fr\/#organization\"},\"image\":{\"@id\":\"https:\/\/teamsters.ca\/fr\/blog\/2022\/07\/01\/une-autre-greve-est-elle-evitable-chez-molson-coors-en-province\/#primaryimage\"},\"thumbnailUrl\":\"https:\/\/teamsters.ca\/wp-content\/uploads\/2022\/07\/Unknown-2.jpeg\",\"articleSection\":[\"Nouvelles\"],\"inLanguage\":\"fr-CA\"},{\"@type\":\"WebPage\",\"@id\":\"https:\/\/teamsters.ca\/fr\/blog\/2022\/07\/01\/une-autre-greve-est-elle-evitable-chez-molson-coors-en-province\/\",\"url\":\"https:\/\/teamsters.ca\/fr\/blog\/2022\/07\/01\/une-autre-greve-est-elle-evitable-chez-molson-coors-en-province\/\",\"name\":\"Une autre gr\u00e8ve est-elle \u00e9vitable chez Molson-Coors en province? | Teamsters Canada\",\"isPartOf\":{\"@id\":\"https:\/\/teamsters.ca\/fr\/#website\"},\"primaryImageOfPage\":{\"@id\":\"https:\/\/teamsters.ca\/fr\/blog\/2022\/07\/01\/une-autre-greve-est-elle-evitable-chez-molson-coors-en-province\/#primaryimage\"},\"image\":{\"@id\":\"https:\/\/teamsters.ca\/fr\/blog\/2022\/07\/01\/une-autre-greve-est-elle-evitable-chez-molson-coors-en-province\/#primaryimage\"},\"thumbnailUrl\":\"https:\/\/teamsters.ca\/wp-content\/uploads\/2022\/07\/Unknown-2.jpeg\",\"datePublished\":\"2022-07-01T17:46:38+00:00\",\"dateModified\":\"2022-07-01T17:47:27+00:00\",\"breadcrumb\":{\"@id\":\"https:\/\/teamsters.ca\/fr\/blog\/2022\/07\/01\/une-autre-greve-est-elle-evitable-chez-molson-coors-en-province\/#breadcrumb\"},\"inLanguage\":\"fr-CA\",\"potentialAction\":[{\"@type\":\"ReadAction\",\"target\":[\"https:\/\/teamsters.ca\/fr\/blog\/2022\/07\/01\/une-autre-greve-est-elle-evitable-chez-molson-coors-en-province\/\"]}]},{\"@type\":\"ImageObject\",\"inLanguage\":\"fr-CA\",\"@id\":\"https:\/\/teamsters.ca\/fr\/blog\/2022\/07\/01\/une-autre-greve-est-elle-evitable-chez-molson-coors-en-province\/#primaryimage\",\"url\":\"https:\/\/teamsters.ca\/wp-content\/uploads\/2022\/07\/Unknown-2.jpeg\",\"contentUrl\":\"https:\/\/teamsters.ca\/wp-content\/uploads\/2022\/07\/Unknown-2.jpeg\",\"width\":640,\"height\":480},{\"@type\":\"BreadcrumbList\",\"@id\":\"https:\/\/teamsters.ca\/fr\/blog\/2022\/07\/01\/une-autre-greve-est-elle-evitable-chez-molson-coors-en-province\/#breadcrumb\",\"itemListElement\":[{\"@type\":\"ListItem\",\"position\":1,\"name\":\"Home\",\"item\":\"https:\/\/teamsters.ca\/fr\/\"},{\"@type\":\"ListItem\",\"position\":2,\"name\":\"Une autre gr\u00e8ve est-elle \u00e9vitable chez Molson-Coors en province?\"}]},{\"@type\":\"WebSite\",\"@id\":\"https:\/\/teamsters.ca\/fr\/#website\",\"url\":\"https:\/\/teamsters.ca\/fr\/\",\"name\":\"Teamsters Canada\",\"description\":\"A Canadian union representing over 125 000 members\",\"publisher\":{\"@id\":\"https:\/\/teamsters.ca\/fr\/#organization\"},\"potentialAction\":[{\"@type\":\"SearchAction\",\"target\":{\"@type\":\"EntryPoint\",\"urlTemplate\":\"https:\/\/teamsters.ca\/fr\/?s={search_term_string}\"},\"query-input\":{\"@type\":\"PropertyValueSpecification\",\"valueRequired\":true,\"valueName\":\"search_term_string\"}}],\"inLanguage\":\"fr-CA\"},{\"@type\":\"Organization\",\"@id\":\"https:\/\/teamsters.ca\/fr\/#organization\",\"name\":\"Teamsters Canada\",\"url\":\"https:\/\/teamsters.ca\/fr\/\",\"logo\":{\"@type\":\"ImageObject\",\"inLanguage\":\"fr-CA\",\"@id\":\"https:\/\/teamsters.ca\/fr\/#\/schema\/logo\/image\/\",\"url\":\"https:\/\/teamsters.ca\/wp-content\/uploads\/2019\/08\/TeamstersCanada.png\",\"contentUrl\":\"https:\/\/teamsters.ca\/wp-content\/uploads\/2019\/08\/TeamstersCanada.png\",\"width\":545,\"height\":181,\"caption\":\"Teamsters Canada\"},\"image\":{\"@id\":\"https:\/\/teamsters.ca\/fr\/#\/schema\/logo\/image\/\"},\"sameAs\":[\"https:\/\/www.facebook.com\/Teamsterscanada\/\",\"https:\/\/x.com\/TeamstersCanada\"]},{\"@type\":\"Person\",\"@id\":\"https:\/\/teamsters.ca\/fr\/#\/schema\/person\/3e6ffefc39fe2f212400b7d8d0a4a0c1\",\"name\":\"St\u00e9phanie Meunier\",\"image\":{\"@type\":\"ImageObject\",\"inLanguage\":\"fr-CA\",\"@id\":\"https:\/\/teamsters.ca\/fr\/#\/schema\/person\/image\/\",\"url\":\"https:\/\/secure.gravatar.com\/avatar\/e4e8404e91ed71cb473fa2708849669810cf083c89825a3d2dd0d47dd6b2be77?s=96&d=mm&r=g\",\"contentUrl\":\"https:\/\/secure.gravatar.com\/avatar\/e4e8404e91ed71cb473fa2708849669810cf083c89825a3d2dd0d47dd6b2be77?s=96&d=mm&r=g\",\"caption\":\"St\u00e9phanie Meunier\"},\"url\":\"https:\/\/teamsters.ca\/fr\/blog\/author\/smeunier\/\"}]}<\/script>\n<!-- \/ Yoast SEO Premium plugin. -->","yoast_head_json":{"title":"Une autre gr\u00e8ve est-elle \u00e9vitable chez Molson-Coors en province? | Teamsters Canada","robots":{"index":"index","follow":"follow","max-snippet":"max-snippet:-1","max-image-preview":"max-image-preview:large","max-video-preview":"max-video-preview:-1"},"canonical":"https:\/\/teamsters.ca\/fr\/blog\/2022\/07\/01\/une-autre-greve-est-elle-evitable-chez-molson-coors-en-province\/","og_locale":"fr_CA","og_type":"article","og_title":"Une autre gr\u00e8ve est-elle \u00e9vitable chez Molson-Coors en province?","og_description":"Les quelque 100 travailleurs et travailleuses des centres de distribution de Molson-Coors en province ont rejet\u00e9 massivement les offres patronales finales. Ils se sont aussi dot\u00e9s d\u2019un mandat de gr\u00e8ve fort lors d\u2019assembl\u00e9es syndicales tenues r\u00e9cemment.","og_url":"https:\/\/teamsters.ca\/fr\/blog\/2022\/07\/01\/une-autre-greve-est-elle-evitable-chez-molson-coors-en-province\/","og_site_name":"Teamsters Canada","article_publisher":"https:\/\/www.facebook.com\/Teamsterscanada\/","article_published_time":"2022-07-01T17:46:38+00:00","article_modified_time":"2022-07-01T17:47:27+00:00","og_image":[{"width":640,"height":480,"url":"https:\/\/teamsters.ca\/wp-content\/uploads\/2022\/07\/Unknown-2.jpeg","type":"image\/jpeg"}],"author":"St\u00e9phanie Meunier","twitter_card":"summary_large_image","twitter_creator":"@TeamstersCanada","twitter_site":"@TeamstersCanada","twitter_misc":{"\u00c9crit par":"St\u00e9phanie Meunier","Estimation du temps de lecture":"2 minutes"},"schema":{"@context":"https:\/\/schema.org","@graph":[{"@type":"Article","@id":"https:\/\/teamsters.ca\/fr\/blog\/2022\/07\/01\/une-autre-greve-est-elle-evitable-chez-molson-coors-en-province\/#article","isPartOf":{"@id":"https:\/\/teamsters.ca\/fr\/blog\/2022\/07\/01\/une-autre-greve-est-elle-evitable-chez-molson-coors-en-province\/"},"author":{"name":"St\u00e9phanie Meunier","@id":"https:\/\/teamsters.ca\/fr\/#\/schema\/person\/3e6ffefc39fe2f212400b7d8d0a4a0c1"},"headline":"Une autre gr\u00e8ve est-elle \u00e9vitable chez Molson-Coors en province?","datePublished":"2022-07-01T17:46:38+00:00","dateModified":"2022-07-01T17:47:27+00:00","mainEntityOfPage":{"@id":"https:\/\/teamsters.ca\/fr\/blog\/2022\/07\/01\/une-autre-greve-est-elle-evitable-chez-molson-coors-en-province\/"},"wordCount":446,"publisher":{"@id":"https:\/\/teamsters.ca\/fr\/#organization"},"image":{"@id":"https:\/\/teamsters.ca\/fr\/blog\/2022\/07\/01\/une-autre-greve-est-elle-evitable-chez-molson-coors-en-province\/#primaryimage"},"thumbnailUrl":"https:\/\/teamsters.ca\/wp-content\/uploads\/2022\/07\/Unknown-2.jpeg","articleSection":["Nouvelles"],"inLanguage":"fr-CA"},{"@type":"WebPage","@id":"https:\/\/teamsters.ca\/fr\/blog\/2022\/07\/01\/une-autre-greve-est-elle-evitable-chez-molson-coors-en-province\/","url":"https:\/\/teamsters.ca\/fr\/blog\/2022\/07\/01\/une-autre-greve-est-elle-evitable-chez-molson-coors-en-province\/","name":"Une autre gr\u00e8ve est-elle \u00e9vitable chez Molson-Coors en province? | Teamsters Canada","isPartOf":{"@id":"https:\/\/teamsters.ca\/fr\/#website"},"primaryImageOfPage":{"@id":"https:\/\/teamsters.ca\/fr\/blog\/2022\/07\/01\/une-autre-greve-est-elle-evitable-chez-molson-coors-en-province\/#primaryimage"},"image":{"@id":"https:\/\/teamsters.ca\/fr\/blog\/2022\/07\/01\/une-autre-greve-est-elle-evitable-chez-molson-coors-en-province\/#primaryimage"},"thumbnailUrl":"https:\/\/teamsters.ca\/wp-content\/uploads\/2022\/07\/Unknown-2.jpeg","datePublished":"2022-07-01T17:46:38+00:00","dateModified":"2022-07-01T17:47:27+00:00","breadcrumb":{"@id":"https:\/\/teamsters.ca\/fr\/blog\/2022\/07\/01\/une-autre-greve-est-elle-evitable-chez-molson-coors-en-province\/#breadcrumb"},"inLanguage":"fr-CA","potentialAction":[{"@type":"ReadAction","target":["https:\/\/teamsters.ca\/fr\/blog\/2022\/07\/01\/une-autre-greve-est-elle-evitable-chez-molson-coors-en-province\/"]}]},{"@type":"ImageObject","inLanguage":"fr-CA","@id":"https:\/\/teamsters.ca\/fr\/blog\/2022\/07\/01\/une-autre-greve-est-elle-evitable-chez-molson-coors-en-province\/#primaryimage","url":"https:\/\/teamsters.ca\/wp-content\/uploads\/2022\/07\/Unknown-2.jpeg","contentUrl":"https:\/\/teamsters.ca\/wp-content\/uploads\/2022\/07\/Unknown-2.jpeg","width":640,"height":480},{"@type":"BreadcrumbList","@id":"https:\/\/teamsters.ca\/fr\/blog\/2022\/07\/01\/une-autre-greve-est-elle-evitable-chez-molson-coors-en-province\/#breadcrumb","itemListElement":[{"@type":"ListItem","position":1,"name":"Home","item":"https:\/\/teamsters.ca\/fr\/"},{"@type":"ListItem","position":2,"name":"Une autre gr\u00e8ve est-elle \u00e9vitable chez Molson-Coors en province?"}]},{"@type":"WebSite","@id":"https:\/\/teamsters.ca\/fr\/#website","url":"https:\/\/teamsters.ca\/fr\/","name":"Teamsters Canada","description":"A Canadian union representing over 125 000 members","publisher":{"@id":"https:\/\/teamsters.ca\/fr\/#organization"},"potentialAction":[{"@type":"SearchAction","target":{"@type":"EntryPoint","urlTemplate":"https:\/\/teamsters.ca\/fr\/?s={search_term_string}"},"query-input":{"@type":"PropertyValueSpecification","valueRequired":true,"valueName":"search_term_string"}}],"inLanguage":"fr-CA"},{"@type":"Organization","@id":"https:\/\/teamsters.ca\/fr\/#organization","name":"Teamsters Canada","url":"https:\/\/teamsters.ca\/fr\/","logo":{"@type":"ImageObject","inLanguage":"fr-CA","@id":"https:\/\/teamsters.ca\/fr\/#\/schema\/logo\/image\/","url":"https:\/\/teamsters.ca\/wp-content\/uploads\/2019\/08\/TeamstersCanada.png","contentUrl":"https:\/\/teamsters.ca\/wp-content\/uploads\/2019\/08\/TeamstersCanada.png","width":545,"height":181,"caption":"Teamsters Canada"},"image":{"@id":"https:\/\/teamsters.ca\/fr\/#\/schema\/logo\/image\/"},"sameAs":["https:\/\/www.facebook.com\/Teamsterscanada\/","https:\/\/x.com\/TeamstersCanada"]},{"@type":"Person","@id":"https:\/\/teamsters.ca\/fr\/#\/schema\/person\/3e6ffefc39fe2f212400b7d8d0a4a0c1","name":"St\u00e9phanie Meunier","image":{"@type":"ImageObject","inLanguage":"fr-CA","@id":"https:\/\/teamsters.ca\/fr\/#\/schema\/person\/image\/","url":"https:\/\/secure.gravatar.com\/avatar\/e4e8404e91ed71cb473fa2708849669810cf083c89825a3d2dd0d47dd6b2be77?s=96&d=mm&r=g","contentUrl":"https:\/\/secure.gravatar.com\/avatar\/e4e8404e91ed71cb473fa2708849669810cf083c89825a3d2dd0d47dd6b2be77?s=96&d=mm&r=g","caption":"St\u00e9phanie Meunier"},"url":"https:\/\/teamsters.ca\/fr\/blog\/author\/smeunier\/"}]}},"_links":{"self":[{"href":"https:\/\/teamsters.ca\/fr\/wp-json\/wp\/v2\/posts\/23520","targetHints":{"allow":["GET"]}}],"collection":[{"href":"https:\/\/teamsters.ca\/fr\/wp-json\/wp\/v2\/posts"}],"about":[{"href":"https:\/\/teamsters.ca\/fr\/wp-json\/wp\/v2\/types\/post"}],"author":[{"embeddable":true,"href":"https:\/\/teamsters.ca\/fr\/wp-json\/wp\/v2\/users\/8"}],"replies":[{"embeddable":true,"href":"https:\/\/teamsters.ca\/fr\/wp-json\/wp\/v2\/comments?post=23520"}],"version-history":[{"count":1,"href":"https:\/\/teamsters.ca\/fr\/wp-json\/wp\/v2\/posts\/23520\/revisions"}],"predecessor-version":[{"id":23525,"href":"https:\/\/teamsters.ca\/fr\/wp-json\/wp\/v2\/posts\/23520\/revisions\/23525"}],"wp:featuredmedia":[{"embeddable":true,"href":"https:\/\/teamsters.ca\/fr\/wp-json\/wp\/v2\/media\/23521"}],"wp:attachment":[{"href":"https:\/\/teamsters.ca\/fr\/wp-json\/wp\/v2\/media?parent=23520"}],"wp:term":[{"taxonomy":"category","embeddable":true,"href":"https:\/\/teamsters.ca\/fr\/wp-json\/wp\/v2\/categories?post=23520"},{"taxonomy":"post_tag","embeddable":true,"href":"https:\/\/teamsters.ca\/fr\/wp-json\/wp\/v2\/tags?post=23520"}],"curies":[{"name":"wp","href":"https:\/\/api.w.org\/{rel}","templated":true}]}}