{"id":23432,"date":"2022-05-31T06:00:51","date_gmt":"2022-05-31T10:00:51","guid":{"rendered":"https:\/\/teamsters.ca\/?p=23432"},"modified":"2022-05-31T06:00:58","modified_gmt":"2022-05-31T10:00:58","slug":"greve-delpharm-a-boucherville-linaction-de-lemployeur-met-a-risque-la-quietude-de-milliers-de-patient%c2%b7es-a-travers-le-canada","status":"publish","type":"post","link":"https:\/\/teamsters.ca\/fr\/blog\/2022\/05\/31\/greve-delpharm-a-boucherville-linaction-de-lemployeur-met-a-risque-la-quietude-de-milliers-de-patient%c2%b7es-a-travers-le-canada\/","title":{"rendered":"Gr\u00e8ve Delpharm \u00e0 Boucherville : L\u2019inaction de l\u2019employeur met \u00e0 risque la qui\u00e9tude de milliers de patient\u00b7es \u00e0 travers le Canada"},"content":{"rendered":"\n<p>Laval,&nbsp;31&nbsp;mai 2022 \u2014 Cinq jours se sont maintenant \u00e9coul\u00e9s depuis le d\u00e9p\u00f4t d\u2019une offre par les repr\u00e9sentants syndicaux de la Section locale 1999 de Teamsters Qu\u00e9bec, dans le cadre des n\u00e9gociations de la convention collective avec la compagnie Pharmaceutique Delpharm \u00e0 Boucherville. Il s\u2019agit de la plus grande installation de fabrication de produits injectables au Canada.&nbsp;<\/p>\n\n\n\n<p>\u00ab&nbsp;Malgr\u00e9 la gr\u00e8ve, nous sommes demeur\u00e9s \u00e0 la table des n\u00e9gociations, car nous prenons les besoins des patient\u00b7es au s\u00e9rieux, explique Jean-Fran\u00e7ois Pelletier de la Section locale 1999.&nbsp;\u00bb<\/p>\n\n\n\n<p>Rappelons qu\u2019une gr\u00e8ve g\u00e9n\u00e9rale a \u00e9t\u00e9 d\u00e9clench\u00e9e le 25 mai dernier. Une offre a \u00e9t\u00e9 pr\u00e9sent\u00e9e par les repr\u00e9sentants syndicaux \u00e0 l\u2019employeur le 26 mai, toujours sans r\u00e9ponse. Les salaires, le r\u00e9gime de retraite et l\u2019horaire de travail sont au c\u0153ur du litige entre les parties.<\/p>\n\n\n\n<p>L\u2019usine, acquise par le sous-traitant europ\u00e9en Delpharm de Sandoz Canada en mars 2022, fabrique des produits injectables essentiels pour les patient\u00b7es dans les h\u00f4pitaux du Qu\u00e9bec et du restant du pays. Les Teamsters repr\u00e9sentent les quelque 227 salari\u00e9\u00b7es de l\u2019usine, d\u2019ailleurs jug\u00e9s travailleurs essentiels pendant la pand\u00e9mie.<\/p>\n\n\n\n<p>\u00ab&nbsp;Notre entendement \u00e9tait que la nouvelle direction investirait dans l\u2019usine et dans les occasions de d\u00e9veloppement commercial pour assurer sa croissance, analyse Michel H\u00e9roux, pr\u00e9sident de la Section locale 1999 des Teamsters. Il semblerait que leur strat\u00e9gie est plut\u00f4t de couper dans le gagne-pain de ces travailleurs essentiels qui en ont fait le succ\u00e8s, alors que le pouvoir d\u2019achat de nos membres s\u2019effrite de jour en jour. \u00bb&nbsp;<\/p>\n\n\n\n<p>Les n\u00e9gociations sont dans un cul-de-sac depuis un certain temps. Lors d\u2019une assembl\u00e9e syndicale tenue le 19 mars dernier, les travailleurs et les travailleuses de Delpharm ont vot\u00e9 en faveur d\u2019une gr\u00e8ve \u00e0 97 % apr\u00e8s avoir refus\u00e9 les derni\u00e8res offres patronales \u00e0 99,4 %. La demande de conciliation d\u00e9pos\u00e9e au minist\u00e8re du Travail par la Section locale 1999 du syndicat des Teamsters en avril dernier n\u2019a pas donn\u00e9 de r\u00e9sultats.<\/p>\n\n\n\n<p>\u00ab&nbsp;Ce conflit de travail pourrait \u00eatre r\u00e9gl\u00e9 rapidement par l\u2019employeur en faisant preuve de s\u00e9rieux, ajoute le pr\u00e9sident de Teamsters Canada, Fran\u00e7ois Laporte. Il faut reconna\u00eetre que ce n\u2019est pas aux travailleurs et travailleuses d\u2019essuyer les co\u00fbts d\u2019exploitation, alors que de surcroit, le Qu\u00e9bec est en situation de plein emploi, et qu\u2019il est de plus en plus difficile d\u2019attirer des travailleurs et travailleuses qualifi\u00e9s. \u00bb<\/p>\n\n\n\n<p>La prochaine s\u00e9ance de n\u00e9gociation est pr\u00e9vue le&nbsp;vendredi 3 juin 2022 en pr\u00e9sence de la conciliatrice au Tribunal administratif du travail.<\/p>\n\n\n\n<p>Le syndicat des Teamsters repr\u00e9sente les int\u00e9r\u00eats de&nbsp; 125 000 membres au Canada. Ils et elles sont affili\u00e9s-\u00e9es \u00e0 la Fraternit\u00e9 internationale des Teamsters, dont l\u2019effectif syndical est de 1,4 million de membres en Am\u00e9rique du Nord.<\/p>\n\n\n\n<p class=\"has-text-align-center\">-30-<\/p>\n\n\n\n<p><strong>Renseignements pour les m\u00e9dias :<\/strong><\/p>\n\n\n\n<p><strong>Catherine Cosgrove<\/strong>, directrice des Affaires publiques et Communications\u00a0<br \/>Portable :\u00a0514 618-2541\u00a0<br \/><a href=\"mailto:ccosgrove@teamsters.ca\">ccosgrove@teamsters.ca<\/a><\/p>\n","protected":false},"excerpt":{"rendered":"<p>Laval, 30 mai 2022 \u2014 Cinq jours se sont maintenant \u00e9coul\u00e9s depuis le d\u00e9p\u00f4t d\u2019une offre par les repr\u00e9sentants syndicaux de la Section locale 1999 de Teamsters Qu\u00e9bec, dans le cadre des n\u00e9gociations de la convention collective avec la compagnie Pharmaceutique Delpharm \u00e0 Boucherville. Il s\u2019agit de la plus grande installation de fabrication de produits injectables au Canada.\u00a0<\/p>\n","protected":false},"author":8,"featured_media":23443,"comment_status":"closed","ping_status":"closed","sticky":false,"template":"","format":"standard","meta":{"ngg_post_thumbnail":0,"mc4wp_mailchimp_campaign":[],"footnotes":""},"categories":[1114],"tags":[],"class_list":{"0":"post-23432","1":"post","2":"type-post","3":"status-publish","4":"format-standard","5":"has-post-thumbnail","7":"category-nouvelles"},"yoast_head":"<!-- This site is optimized with the Yoast SEO Premium plugin v25.5 (Yoast SEO v25.5) - https:\/\/yoast.com\/wordpress\/plugins\/seo\/ -->\n<title>Gr\u00e8ve Delpharm \u00e0 Boucherville : L\u2019inaction de l\u2019employeur met \u00e0 risque la qui\u00e9tude de milliers de patient\u00b7es \u00e0 travers le Canada | Teamsters Canada<\/title>\n<meta name=\"robots\" content=\"index, follow, max-snippet:-1, max-image-preview:large, max-video-preview:-1\" \/>\n<link rel=\"canonical\" href=\"https:\/\/teamsters.ca\/fr\/blog\/2022\/05\/31\/greve-delpharm-a-boucherville-linaction-de-lemployeur-met-a-risque-la-quietude-de-milliers-de-patient%c2%b7es-a-travers-le-canada\/\" \/>\n<meta property=\"og:locale\" content=\"fr_CA\" \/>\n<meta property=\"og:type\" content=\"article\" \/>\n<meta property=\"og:title\" content=\"Gr\u00e8ve Delpharm \u00e0 Boucherville : L\u2019inaction de l\u2019employeur met \u00e0 risque la qui\u00e9tude de milliers de patient\u00b7es \u00e0 travers le Canada\" \/>\n<meta property=\"og:description\" content=\"Laval, 30 mai 2022 \u2014 Cinq jours se sont maintenant \u00e9coul\u00e9s depuis le d\u00e9p\u00f4t d\u2019une offre par les repr\u00e9sentants syndicaux de la Section locale 1999 de Teamsters Qu\u00e9bec, dans le cadre des n\u00e9gociations de la convention collective avec la compagnie Pharmaceutique Delpharm \u00e0 Boucherville. Il s\u2019agit de la plus grande installation de fabrication de produits injectables au Canada.\u00a0\" \/>\n<meta property=\"og:url\" content=\"https:\/\/teamsters.ca\/fr\/blog\/2022\/05\/31\/greve-delpharm-a-boucherville-linaction-de-lemployeur-met-a-risque-la-quietude-de-milliers-de-patient%c2%b7es-a-travers-le-canada\/\" \/>\n<meta property=\"og:site_name\" content=\"Teamsters Canada\" \/>\n<meta property=\"article:publisher\" content=\"https:\/\/www.facebook.com\/Teamsterscanada\/\" \/>\n<meta property=\"article:published_time\" content=\"2022-05-31T10:00:51+00:00\" \/>\n<meta property=\"article:modified_time\" content=\"2022-05-31T10:00:58+00:00\" \/>\n<meta property=\"og:image\" content=\"https:\/\/teamsters.ca\/wp-content\/uploads\/2022\/05\/Delpharm31_FR.jpg\" \/>\n\t<meta property=\"og:image:width\" content=\"1166\" \/>\n\t<meta property=\"og:image:height\" content=\"768\" \/>\n\t<meta property=\"og:image:type\" content=\"image\/jpeg\" \/>\n<meta name=\"author\" content=\"St\u00e9phanie Meunier\" \/>\n<meta name=\"twitter:card\" content=\"summary_large_image\" \/>\n<meta name=\"twitter:creator\" content=\"@TeamstersCanada\" \/>\n<meta name=\"twitter:site\" content=\"@TeamstersCanada\" \/>\n<meta name=\"twitter:label1\" content=\"\u00c9crit par\" \/>\n\t<meta name=\"twitter:data1\" content=\"St\u00e9phanie Meunier\" \/>\n\t<meta name=\"twitter:label2\" content=\"Estimation du temps de lecture\" \/>\n\t<meta name=\"twitter:data2\" content=\"3 minutes\" \/>\n<script type=\"application\/ld+json\" class=\"yoast-schema-graph\">{\"@context\":\"https:\/\/schema.org\",\"@graph\":[{\"@type\":\"Article\",\"@id\":\"https:\/\/teamsters.ca\/fr\/blog\/2022\/05\/31\/greve-delpharm-a-boucherville-linaction-de-lemployeur-met-a-risque-la-quietude-de-milliers-de-patient%c2%b7es-a-travers-le-canada\/#article\",\"isPartOf\":{\"@id\":\"https:\/\/teamsters.ca\/fr\/blog\/2022\/05\/31\/greve-delpharm-a-boucherville-linaction-de-lemployeur-met-a-risque-la-quietude-de-milliers-de-patient%c2%b7es-a-travers-le-canada\/\"},\"author\":{\"name\":\"St\u00e9phanie Meunier\",\"@id\":\"https:\/\/teamsters.ca\/fr\/#\/schema\/person\/3e6ffefc39fe2f212400b7d8d0a4a0c1\"},\"headline\":\"Gr\u00e8ve Delpharm \u00e0 Boucherville : L\u2019inaction de l\u2019employeur met \u00e0 risque la qui\u00e9tude de milliers de patient\u00b7es \u00e0 travers le Canada\",\"datePublished\":\"2022-05-31T10:00:51+00:00\",\"dateModified\":\"2022-05-31T10:00:58+00:00\",\"mainEntityOfPage\":{\"@id\":\"https:\/\/teamsters.ca\/fr\/blog\/2022\/05\/31\/greve-delpharm-a-boucherville-linaction-de-lemployeur-met-a-risque-la-quietude-de-milliers-de-patient%c2%b7es-a-travers-le-canada\/\"},\"wordCount\":537,\"publisher\":{\"@id\":\"https:\/\/teamsters.ca\/fr\/#organization\"},\"image\":{\"@id\":\"https:\/\/teamsters.ca\/fr\/blog\/2022\/05\/31\/greve-delpharm-a-boucherville-linaction-de-lemployeur-met-a-risque-la-quietude-de-milliers-de-patient%c2%b7es-a-travers-le-canada\/#primaryimage\"},\"thumbnailUrl\":\"https:\/\/teamsters.ca\/wp-content\/uploads\/2022\/05\/Delpharm31_FR.jpg\",\"articleSection\":[\"Nouvelles\"],\"inLanguage\":\"fr-CA\"},{\"@type\":\"WebPage\",\"@id\":\"https:\/\/teamsters.ca\/fr\/blog\/2022\/05\/31\/greve-delpharm-a-boucherville-linaction-de-lemployeur-met-a-risque-la-quietude-de-milliers-de-patient%c2%b7es-a-travers-le-canada\/\",\"url\":\"https:\/\/teamsters.ca\/fr\/blog\/2022\/05\/31\/greve-delpharm-a-boucherville-linaction-de-lemployeur-met-a-risque-la-quietude-de-milliers-de-patient%c2%b7es-a-travers-le-canada\/\",\"name\":\"Gr\u00e8ve Delpharm \u00e0 Boucherville : L\u2019inaction de l\u2019employeur met \u00e0 risque la qui\u00e9tude de milliers de patient\u00b7es \u00e0 travers le Canada | Teamsters Canada\",\"isPartOf\":{\"@id\":\"https:\/\/teamsters.ca\/fr\/#website\"},\"primaryImageOfPage\":{\"@id\":\"https:\/\/teamsters.ca\/fr\/blog\/2022\/05\/31\/greve-delpharm-a-boucherville-linaction-de-lemployeur-met-a-risque-la-quietude-de-milliers-de-patient%c2%b7es-a-travers-le-canada\/#primaryimage\"},\"image\":{\"@id\":\"https:\/\/teamsters.ca\/fr\/blog\/2022\/05\/31\/greve-delpharm-a-boucherville-linaction-de-lemployeur-met-a-risque-la-quietude-de-milliers-de-patient%c2%b7es-a-travers-le-canada\/#primaryimage\"},\"thumbnailUrl\":\"https:\/\/teamsters.ca\/wp-content\/uploads\/2022\/05\/Delpharm31_FR.jpg\",\"datePublished\":\"2022-05-31T10:00:51+00:00\",\"dateModified\":\"2022-05-31T10:00:58+00:00\",\"breadcrumb\":{\"@id\":\"https:\/\/teamsters.ca\/fr\/blog\/2022\/05\/31\/greve-delpharm-a-boucherville-linaction-de-lemployeur-met-a-risque-la-quietude-de-milliers-de-patient%c2%b7es-a-travers-le-canada\/#breadcrumb\"},\"inLanguage\":\"fr-CA\",\"potentialAction\":[{\"@type\":\"ReadAction\",\"target\":[\"https:\/\/teamsters.ca\/fr\/blog\/2022\/05\/31\/greve-delpharm-a-boucherville-linaction-de-lemployeur-met-a-risque-la-quietude-de-milliers-de-patient%c2%b7es-a-travers-le-canada\/\"]}]},{\"@type\":\"ImageObject\",\"inLanguage\":\"fr-CA\",\"@id\":\"https:\/\/teamsters.ca\/fr\/blog\/2022\/05\/31\/greve-delpharm-a-boucherville-linaction-de-lemployeur-met-a-risque-la-quietude-de-milliers-de-patient%c2%b7es-a-travers-le-canada\/#primaryimage\",\"url\":\"https:\/\/teamsters.ca\/wp-content\/uploads\/2022\/05\/Delpharm31_FR.jpg\",\"contentUrl\":\"https:\/\/teamsters.ca\/wp-content\/uploads\/2022\/05\/Delpharm31_FR.jpg\",\"width\":1166,\"height\":768},{\"@type\":\"BreadcrumbList\",\"@id\":\"https:\/\/teamsters.ca\/fr\/blog\/2022\/05\/31\/greve-delpharm-a-boucherville-linaction-de-lemployeur-met-a-risque-la-quietude-de-milliers-de-patient%c2%b7es-a-travers-le-canada\/#breadcrumb\",\"itemListElement\":[{\"@type\":\"ListItem\",\"position\":1,\"name\":\"Home\",\"item\":\"https:\/\/teamsters.ca\/fr\/\"},{\"@type\":\"ListItem\",\"position\":2,\"name\":\"Gr\u00e8ve Delpharm \u00e0 Boucherville : L\u2019inaction de l\u2019employeur met \u00e0 risque la qui\u00e9tude de milliers de patient\u00b7es \u00e0 travers le Canada\"}]},{\"@type\":\"WebSite\",\"@id\":\"https:\/\/teamsters.ca\/fr\/#website\",\"url\":\"https:\/\/teamsters.ca\/fr\/\",\"name\":\"Teamsters Canada\",\"description\":\"A Canadian union representing over 125 000 members\",\"publisher\":{\"@id\":\"https:\/\/teamsters.ca\/fr\/#organization\"},\"potentialAction\":[{\"@type\":\"SearchAction\",\"target\":{\"@type\":\"EntryPoint\",\"urlTemplate\":\"https:\/\/teamsters.ca\/fr\/?s={search_term_string}\"},\"query-input\":{\"@type\":\"PropertyValueSpecification\",\"valueRequired\":true,\"valueName\":\"search_term_string\"}}],\"inLanguage\":\"fr-CA\"},{\"@type\":\"Organization\",\"@id\":\"https:\/\/teamsters.ca\/fr\/#organization\",\"name\":\"Teamsters Canada\",\"url\":\"https:\/\/teamsters.ca\/fr\/\",\"logo\":{\"@type\":\"ImageObject\",\"inLanguage\":\"fr-CA\",\"@id\":\"https:\/\/teamsters.ca\/fr\/#\/schema\/logo\/image\/\",\"url\":\"https:\/\/teamsters.ca\/wp-content\/uploads\/2019\/08\/TeamstersCanada.png\",\"contentUrl\":\"https:\/\/teamsters.ca\/wp-content\/uploads\/2019\/08\/TeamstersCanada.png\",\"width\":545,\"height\":181,\"caption\":\"Teamsters Canada\"},\"image\":{\"@id\":\"https:\/\/teamsters.ca\/fr\/#\/schema\/logo\/image\/\"},\"sameAs\":[\"https:\/\/www.facebook.com\/Teamsterscanada\/\",\"https:\/\/x.com\/TeamstersCanada\"]},{\"@type\":\"Person\",\"@id\":\"https:\/\/teamsters.ca\/fr\/#\/schema\/person\/3e6ffefc39fe2f212400b7d8d0a4a0c1\",\"name\":\"St\u00e9phanie Meunier\",\"image\":{\"@type\":\"ImageObject\",\"inLanguage\":\"fr-CA\",\"@id\":\"https:\/\/teamsters.ca\/fr\/#\/schema\/person\/image\/\",\"url\":\"https:\/\/secure.gravatar.com\/avatar\/e4e8404e91ed71cb473fa2708849669810cf083c89825a3d2dd0d47dd6b2be77?s=96&d=mm&r=g\",\"contentUrl\":\"https:\/\/secure.gravatar.com\/avatar\/e4e8404e91ed71cb473fa2708849669810cf083c89825a3d2dd0d47dd6b2be77?s=96&d=mm&r=g\",\"caption\":\"St\u00e9phanie Meunier\"},\"url\":\"https:\/\/teamsters.ca\/fr\/blog\/author\/smeunier\/\"}]}<\/script>\n<!-- \/ Yoast SEO Premium plugin. -->","yoast_head_json":{"title":"Gr\u00e8ve Delpharm \u00e0 Boucherville : L\u2019inaction de l\u2019employeur met \u00e0 risque la qui\u00e9tude de milliers de patient\u00b7es \u00e0 travers le Canada | Teamsters Canada","robots":{"index":"index","follow":"follow","max-snippet":"max-snippet:-1","max-image-preview":"max-image-preview:large","max-video-preview":"max-video-preview:-1"},"canonical":"https:\/\/teamsters.ca\/fr\/blog\/2022\/05\/31\/greve-delpharm-a-boucherville-linaction-de-lemployeur-met-a-risque-la-quietude-de-milliers-de-patient%c2%b7es-a-travers-le-canada\/","og_locale":"fr_CA","og_type":"article","og_title":"Gr\u00e8ve Delpharm \u00e0 Boucherville : L\u2019inaction de l\u2019employeur met \u00e0 risque la qui\u00e9tude de milliers de patient\u00b7es \u00e0 travers le Canada","og_description":"Laval, 30 mai 2022 \u2014 Cinq jours se sont maintenant \u00e9coul\u00e9s depuis le d\u00e9p\u00f4t d\u2019une offre par les repr\u00e9sentants syndicaux de la Section locale 1999 de Teamsters Qu\u00e9bec, dans le cadre des n\u00e9gociations de la convention collective avec la compagnie Pharmaceutique Delpharm \u00e0 Boucherville. Il s\u2019agit de la plus grande installation de fabrication de produits injectables au Canada.\u00a0","og_url":"https:\/\/teamsters.ca\/fr\/blog\/2022\/05\/31\/greve-delpharm-a-boucherville-linaction-de-lemployeur-met-a-risque-la-quietude-de-milliers-de-patient%c2%b7es-a-travers-le-canada\/","og_site_name":"Teamsters Canada","article_publisher":"https:\/\/www.facebook.com\/Teamsterscanada\/","article_published_time":"2022-05-31T10:00:51+00:00","article_modified_time":"2022-05-31T10:00:58+00:00","og_image":[{"width":1166,"height":768,"url":"https:\/\/teamsters.ca\/wp-content\/uploads\/2022\/05\/Delpharm31_FR.jpg","type":"image\/jpeg"}],"author":"St\u00e9phanie Meunier","twitter_card":"summary_large_image","twitter_creator":"@TeamstersCanada","twitter_site":"@TeamstersCanada","twitter_misc":{"\u00c9crit par":"St\u00e9phanie Meunier","Estimation du temps de lecture":"3 minutes"},"schema":{"@context":"https:\/\/schema.org","@graph":[{"@type":"Article","@id":"https:\/\/teamsters.ca\/fr\/blog\/2022\/05\/31\/greve-delpharm-a-boucherville-linaction-de-lemployeur-met-a-risque-la-quietude-de-milliers-de-patient%c2%b7es-a-travers-le-canada\/#article","isPartOf":{"@id":"https:\/\/teamsters.ca\/fr\/blog\/2022\/05\/31\/greve-delpharm-a-boucherville-linaction-de-lemployeur-met-a-risque-la-quietude-de-milliers-de-patient%c2%b7es-a-travers-le-canada\/"},"author":{"name":"St\u00e9phanie Meunier","@id":"https:\/\/teamsters.ca\/fr\/#\/schema\/person\/3e6ffefc39fe2f212400b7d8d0a4a0c1"},"headline":"Gr\u00e8ve Delpharm \u00e0 Boucherville : L\u2019inaction de l\u2019employeur met \u00e0 risque la qui\u00e9tude de milliers de patient\u00b7es \u00e0 travers le Canada","datePublished":"2022-05-31T10:00:51+00:00","dateModified":"2022-05-31T10:00:58+00:00","mainEntityOfPage":{"@id":"https:\/\/teamsters.ca\/fr\/blog\/2022\/05\/31\/greve-delpharm-a-boucherville-linaction-de-lemployeur-met-a-risque-la-quietude-de-milliers-de-patient%c2%b7es-a-travers-le-canada\/"},"wordCount":537,"publisher":{"@id":"https:\/\/teamsters.ca\/fr\/#organization"},"image":{"@id":"https:\/\/teamsters.ca\/fr\/blog\/2022\/05\/31\/greve-delpharm-a-boucherville-linaction-de-lemployeur-met-a-risque-la-quietude-de-milliers-de-patient%c2%b7es-a-travers-le-canada\/#primaryimage"},"thumbnailUrl":"https:\/\/teamsters.ca\/wp-content\/uploads\/2022\/05\/Delpharm31_FR.jpg","articleSection":["Nouvelles"],"inLanguage":"fr-CA"},{"@type":"WebPage","@id":"https:\/\/teamsters.ca\/fr\/blog\/2022\/05\/31\/greve-delpharm-a-boucherville-linaction-de-lemployeur-met-a-risque-la-quietude-de-milliers-de-patient%c2%b7es-a-travers-le-canada\/","url":"https:\/\/teamsters.ca\/fr\/blog\/2022\/05\/31\/greve-delpharm-a-boucherville-linaction-de-lemployeur-met-a-risque-la-quietude-de-milliers-de-patient%c2%b7es-a-travers-le-canada\/","name":"Gr\u00e8ve Delpharm \u00e0 Boucherville : L\u2019inaction de l\u2019employeur met \u00e0 risque la qui\u00e9tude de milliers de patient\u00b7es \u00e0 travers le Canada | Teamsters Canada","isPartOf":{"@id":"https:\/\/teamsters.ca\/fr\/#website"},"primaryImageOfPage":{"@id":"https:\/\/teamsters.ca\/fr\/blog\/2022\/05\/31\/greve-delpharm-a-boucherville-linaction-de-lemployeur-met-a-risque-la-quietude-de-milliers-de-patient%c2%b7es-a-travers-le-canada\/#primaryimage"},"image":{"@id":"https:\/\/teamsters.ca\/fr\/blog\/2022\/05\/31\/greve-delpharm-a-boucherville-linaction-de-lemployeur-met-a-risque-la-quietude-de-milliers-de-patient%c2%b7es-a-travers-le-canada\/#primaryimage"},"thumbnailUrl":"https:\/\/teamsters.ca\/wp-content\/uploads\/2022\/05\/Delpharm31_FR.jpg","datePublished":"2022-05-31T10:00:51+00:00","dateModified":"2022-05-31T10:00:58+00:00","breadcrumb":{"@id":"https:\/\/teamsters.ca\/fr\/blog\/2022\/05\/31\/greve-delpharm-a-boucherville-linaction-de-lemployeur-met-a-risque-la-quietude-de-milliers-de-patient%c2%b7es-a-travers-le-canada\/#breadcrumb"},"inLanguage":"fr-CA","potentialAction":[{"@type":"ReadAction","target":["https:\/\/teamsters.ca\/fr\/blog\/2022\/05\/31\/greve-delpharm-a-boucherville-linaction-de-lemployeur-met-a-risque-la-quietude-de-milliers-de-patient%c2%b7es-a-travers-le-canada\/"]}]},{"@type":"ImageObject","inLanguage":"fr-CA","@id":"https:\/\/teamsters.ca\/fr\/blog\/2022\/05\/31\/greve-delpharm-a-boucherville-linaction-de-lemployeur-met-a-risque-la-quietude-de-milliers-de-patient%c2%b7es-a-travers-le-canada\/#primaryimage","url":"https:\/\/teamsters.ca\/wp-content\/uploads\/2022\/05\/Delpharm31_FR.jpg","contentUrl":"https:\/\/teamsters.ca\/wp-content\/uploads\/2022\/05\/Delpharm31_FR.jpg","width":1166,"height":768},{"@type":"BreadcrumbList","@id":"https:\/\/teamsters.ca\/fr\/blog\/2022\/05\/31\/greve-delpharm-a-boucherville-linaction-de-lemployeur-met-a-risque-la-quietude-de-milliers-de-patient%c2%b7es-a-travers-le-canada\/#breadcrumb","itemListElement":[{"@type":"ListItem","position":1,"name":"Home","item":"https:\/\/teamsters.ca\/fr\/"},{"@type":"ListItem","position":2,"name":"Gr\u00e8ve Delpharm \u00e0 Boucherville : L\u2019inaction de l\u2019employeur met \u00e0 risque la qui\u00e9tude de milliers de patient\u00b7es \u00e0 travers le Canada"}]},{"@type":"WebSite","@id":"https:\/\/teamsters.ca\/fr\/#website","url":"https:\/\/teamsters.ca\/fr\/","name":"Teamsters Canada","description":"A Canadian union representing over 125 000 members","publisher":{"@id":"https:\/\/teamsters.ca\/fr\/#organization"},"potentialAction":[{"@type":"SearchAction","target":{"@type":"EntryPoint","urlTemplate":"https:\/\/teamsters.ca\/fr\/?s={search_term_string}"},"query-input":{"@type":"PropertyValueSpecification","valueRequired":true,"valueName":"search_term_string"}}],"inLanguage":"fr-CA"},{"@type":"Organization","@id":"https:\/\/teamsters.ca\/fr\/#organization","name":"Teamsters Canada","url":"https:\/\/teamsters.ca\/fr\/","logo":{"@type":"ImageObject","inLanguage":"fr-CA","@id":"https:\/\/teamsters.ca\/fr\/#\/schema\/logo\/image\/","url":"https:\/\/teamsters.ca\/wp-content\/uploads\/2019\/08\/TeamstersCanada.png","contentUrl":"https:\/\/teamsters.ca\/wp-content\/uploads\/2019\/08\/TeamstersCanada.png","width":545,"height":181,"caption":"Teamsters Canada"},"image":{"@id":"https:\/\/teamsters.ca\/fr\/#\/schema\/logo\/image\/"},"sameAs":["https:\/\/www.facebook.com\/Teamsterscanada\/","https:\/\/x.com\/TeamstersCanada"]},{"@type":"Person","@id":"https:\/\/teamsters.ca\/fr\/#\/schema\/person\/3e6ffefc39fe2f212400b7d8d0a4a0c1","name":"St\u00e9phanie Meunier","image":{"@type":"ImageObject","inLanguage":"fr-CA","@id":"https:\/\/teamsters.ca\/fr\/#\/schema\/person\/image\/","url":"https:\/\/secure.gravatar.com\/avatar\/e4e8404e91ed71cb473fa2708849669810cf083c89825a3d2dd0d47dd6b2be77?s=96&d=mm&r=g","contentUrl":"https:\/\/secure.gravatar.com\/avatar\/e4e8404e91ed71cb473fa2708849669810cf083c89825a3d2dd0d47dd6b2be77?s=96&d=mm&r=g","caption":"St\u00e9phanie Meunier"},"url":"https:\/\/teamsters.ca\/fr\/blog\/author\/smeunier\/"}]}},"_links":{"self":[{"href":"https:\/\/teamsters.ca\/fr\/wp-json\/wp\/v2\/posts\/23432","targetHints":{"allow":["GET"]}}],"collection":[{"href":"https:\/\/teamsters.ca\/fr\/wp-json\/wp\/v2\/posts"}],"about":[{"href":"https:\/\/teamsters.ca\/fr\/wp-json\/wp\/v2\/types\/post"}],"author":[{"embeddable":true,"href":"https:\/\/teamsters.ca\/fr\/wp-json\/wp\/v2\/users\/8"}],"replies":[{"embeddable":true,"href":"https:\/\/teamsters.ca\/fr\/wp-json\/wp\/v2\/comments?post=23432"}],"version-history":[{"count":6,"href":"https:\/\/teamsters.ca\/fr\/wp-json\/wp\/v2\/posts\/23432\/revisions"}],"predecessor-version":[{"id":23447,"href":"https:\/\/teamsters.ca\/fr\/wp-json\/wp\/v2\/posts\/23432\/revisions\/23447"}],"wp:featuredmedia":[{"embeddable":true,"href":"https:\/\/teamsters.ca\/fr\/wp-json\/wp\/v2\/media\/23443"}],"wp:attachment":[{"href":"https:\/\/teamsters.ca\/fr\/wp-json\/wp\/v2\/media?parent=23432"}],"wp:term":[{"taxonomy":"category","embeddable":true,"href":"https:\/\/teamsters.ca\/fr\/wp-json\/wp\/v2\/categories?post=23432"},{"taxonomy":"post_tag","embeddable":true,"href":"https:\/\/teamsters.ca\/fr\/wp-json\/wp\/v2\/tags?post=23432"}],"curies":[{"name":"wp","href":"https:\/\/api.w.org\/{rel}","templated":true}]}}