{"id":23419,"date":"2022-05-25T07:31:53","date_gmt":"2022-05-25T11:31:53","guid":{"rendered":"https:\/\/teamsters.ca\/?p=23419"},"modified":"2022-05-25T07:31:56","modified_gmt":"2022-05-25T11:31:56","slug":"greve-generale-illimitee-chez-delpharm-a-boucherville","status":"publish","type":"post","link":"https:\/\/teamsters.ca\/fr\/blog\/2022\/05\/25\/greve-generale-illimitee-chez-delpharm-a-boucherville\/","title":{"rendered":"Gr\u00e8ve g\u00e9n\u00e9rale illimit\u00e9e chez Delpharm \u00e0 Boucherville"},"content":{"rendered":"\n<p>Laval, 25 mai 2022 \u2014&nbsp;Les travailleurs et les travailleuses de la compagnie Pharmaceutique Delpharm&nbsp;\u00e0&nbsp;Boucherville sont pass\u00e9s \u00e0 l\u2019action : une gr\u00e8ve g\u00e9n\u00e9rale illimit\u00e9e a&nbsp;\u00e9t\u00e9&nbsp;d\u00e9clench\u00e9e \u00e0&nbsp;3 h ce matin. L\u2019usine fabrique des produits injectables essentiels pour les patient\u00b7es dans les h\u00f4pitaux du Qu\u00e9bec et du restant du pays.<\/p>\n\n\n\n<p>La demande de conciliation d\u00e9pos\u00e9e au minist\u00e8re du Travail par la Section locale 1999 du syndicat des Teamsters en avril dernier n\u2019a pas donn\u00e9&nbsp;de r\u00e9sultats. Rappelons que les Teamsters repr\u00e9sentent les quelque 227 salari\u00e9\u00b7es de l\u2019usine.&nbsp;<\/p>\n\n\n\n<p>\u00ab&nbsp;L\u2019employeur est en train de nous servir de la vieille soupe avec un nom sophistiqu\u00e9, mais&nbsp;\u00e7a reste une vieille soupe et nos membres le savent tr\u00e8s bien, explique Jean-Fran\u00e7ois Pelletier de la Section locale 1999. En clair, ils sont tout simplement insult\u00e9s des offres des dirigeants de Delpharm.&nbsp;\u00bb<\/p>\n\n\n\n<p>Lors d\u2019une assembl\u00e9e syndicale tenue le 19 mars dernier, les travailleurs et les travailleuses de Delpharm ont vot\u00e9 en faveur d\u2019une gr\u00e8ve \u00e0 97 % apr\u00e8s avoir refus\u00e9 les derni\u00e8res offres patronales&nbsp;\u00e0 99,4 %.<\/p>\n\n\n\n<p>Les n\u00e9gociations \u00e9taient dans un cul-de-sac depuis un certain temps. Le d\u00e9brayage&nbsp;\u00e9tait devenu incontournable.<\/p>\n\n\n\n<p>\u00ab&nbsp;Au Qu\u00e9bec, l\u2019augmentation des denr\u00e9es atteignait pr\u00e8s de 10 % en avril, analyse Michel H\u00e9roux, pr\u00e9sident de la Section locale 1999 des Teamsters. L\u2019essence, ainsi que d\u2019autres produits essentiels, augmente tout aussi rapidement. Les travailleurs et les travailleuses ne veulent pas perdre leur pouvoir d\u2019achat, alors ils agissent en cons\u00e9quence.&nbsp;\u00bb<\/p>\n\n\n\n<p>Ces membres de la Section locale 1999 vivent leur deuxi\u00e8me conflit de travail en 6 ans, puisque l\u2019employeur avait d\u00e9cr\u00e9t\u00e9 un lockout en juin 2016. Actuellement, les salaires, le r\u00e9gime de retraite et l\u2019horaire de travail restent au c\u0153ur du litige entre les parties.<\/p>\n\n\n\n<p>\u00ab&nbsp;Ce conflit de travail aurait pu&nbsp;\u00eatre \u00e9vit\u00e9 si les dirigeants de Delpharm avaient fait preuve de s\u00e9rieux lors des pourparlers, ajoute le pr\u00e9sident de Teamsters Canada, Fran\u00e7ois Laporte. Malheureusement, l\u2019\u00e9chec des n\u00e9gociations met des patient\u00b7es qui d\u00e9pendent de leurs m\u00e9dicaments dans une position difficile.&nbsp;\u00bb<\/p>\n\n\n\n<p>Le contrat de travail se terminait le 31 janvier dernier.<\/p>\n\n\n\n<p>\u00ab&nbsp;Nous sommes dispos\u00e9s \u00e0 reprendre les discussions, conclut Jean-Fran\u00e7ois Pelletier. Mais nous exigeons des offres qui r\u00e9pondent aux besoins des salari\u00e9\u00b7es.&nbsp;\u00bb<\/p>\n\n\n\n<p><em>Le syndicat des Teamsters repr\u00e9sente les int\u00e9<\/em><em>r\u00ea<\/em><em>ts de&nbsp;&nbsp;125 000 membres au Canada. Ils et elles sont affili\u00e9<\/em><em>s-<\/em><em>\u00e9es&nbsp;<\/em><em>\u00e0&nbsp;<\/em><em>la Fraternit\u00e9 internationale des Teamsters, dont l<\/em><em>\u2019<\/em><em>effectif syndical est de 1,4 million de membres en Am\u00e9rique du Nord.<\/em><em><\/em><\/p>\n\n\n\n<p class=\"has-text-align-center\">-30-<\/p>\n\n\n\n<p><strong>Renseignements pour les m\u00e9dias :<\/strong><\/p>\n\n\n\n<p>Catherine Cosgrove, directrice des Affaires publiques et Communications\u00a0<br \/>Portable :\u00a0514 618-2541\u00a0<br \/><a href=\"mailto:ccosgrove@teamsters.ca\">ccosgrove@teamsters.ca<\/a><\/p>\n\n\n\n<p>St\u00e9phane Lacroix, directeur des Communications et des Affaires publiques<br \/>Portable : 514 609-5101<br \/><a rel=\"noreferrer noopener\" href=\"mailto:slacroix@teamsters.ca\" target=\"_blank\">slacroix@teamsters.ca<\/a><\/p>\n","protected":false},"excerpt":{"rendered":"<p>Les travailleurs et les travailleuses de la compagnie Pharmaceutique Delpharm\u00a0\u00e0\u00a0Boucherville sont pass\u00e9s \u00e0 l\u2019action : une gr\u00e8ve g\u00e9n\u00e9rale illimit\u00e9e a\u00a0\u00e9t\u00e9\u00a0d\u00e9clench\u00e9e \u00e0\u00a03 h ce matin. L\u2019usine fabrique des produits injectables essentiels pour les patient\u00b7es dans les h\u00f4pitaux du Qu\u00e9bec et du restant du pays.<\/p>\n","protected":false},"author":8,"featured_media":23420,"comment_status":"closed","ping_status":"closed","sticky":false,"template":"","format":"standard","meta":{"ngg_post_thumbnail":0,"mc4wp_mailchimp_campaign":[],"footnotes":""},"categories":[1114],"tags":[],"class_list":{"0":"post-23419","1":"post","2":"type-post","3":"status-publish","4":"format-standard","5":"has-post-thumbnail","7":"category-nouvelles"},"yoast_head":"<!-- This site is optimized with the Yoast SEO Premium plugin v25.5 (Yoast SEO v25.5) - https:\/\/yoast.com\/wordpress\/plugins\/seo\/ -->\n<title>Gr\u00e8ve g\u00e9n\u00e9rale illimit\u00e9e chez Delpharm \u00e0 Boucherville | Teamsters Canada<\/title>\n<meta name=\"robots\" content=\"index, follow, max-snippet:-1, max-image-preview:large, max-video-preview:-1\" \/>\n<link rel=\"canonical\" href=\"https:\/\/teamsters.ca\/fr\/blog\/2022\/05\/25\/greve-generale-illimitee-chez-delpharm-a-boucherville\/\" \/>\n<meta property=\"og:locale\" content=\"fr_CA\" \/>\n<meta property=\"og:type\" content=\"article\" \/>\n<meta property=\"og:title\" content=\"Gr\u00e8ve g\u00e9n\u00e9rale illimit\u00e9e chez Delpharm \u00e0 Boucherville\" \/>\n<meta property=\"og:description\" content=\"Les travailleurs et les travailleuses de la compagnie Pharmaceutique Delpharm\u00a0\u00e0\u00a0Boucherville sont pass\u00e9s \u00e0 l\u2019action : une gr\u00e8ve g\u00e9n\u00e9rale illimit\u00e9e a\u00a0\u00e9t\u00e9\u00a0d\u00e9clench\u00e9e \u00e0\u00a03 h ce matin. L\u2019usine fabrique des produits injectables essentiels pour les patient\u00b7es dans les h\u00f4pitaux du Qu\u00e9bec et du restant du pays.\" \/>\n<meta property=\"og:url\" content=\"https:\/\/teamsters.ca\/fr\/blog\/2022\/05\/25\/greve-generale-illimitee-chez-delpharm-a-boucherville\/\" \/>\n<meta property=\"og:site_name\" content=\"Teamsters Canada\" \/>\n<meta property=\"article:publisher\" content=\"https:\/\/www.facebook.com\/Teamsterscanada\/\" \/>\n<meta property=\"article:published_time\" content=\"2022-05-25T11:31:53+00:00\" \/>\n<meta property=\"article:modified_time\" content=\"2022-05-25T11:31:56+00:00\" \/>\n<meta property=\"og:image\" content=\"https:\/\/teamsters.ca\/wp-content\/uploads\/2022\/05\/imageFRDEL.jpg\" \/>\n\t<meta property=\"og:image:width\" content=\"1166\" \/>\n\t<meta property=\"og:image:height\" content=\"768\" \/>\n\t<meta property=\"og:image:type\" content=\"image\/jpeg\" \/>\n<meta name=\"author\" content=\"St\u00e9phanie Meunier\" \/>\n<meta name=\"twitter:card\" content=\"summary_large_image\" \/>\n<meta name=\"twitter:creator\" content=\"@TeamstersCanada\" \/>\n<meta name=\"twitter:site\" content=\"@TeamstersCanada\" \/>\n<meta name=\"twitter:label1\" content=\"\u00c9crit par\" \/>\n\t<meta name=\"twitter:data1\" content=\"St\u00e9phanie Meunier\" \/>\n\t<meta name=\"twitter:label2\" content=\"Estimation du temps de lecture\" \/>\n\t<meta name=\"twitter:data2\" content=\"2 minutes\" \/>\n<script type=\"application\/ld+json\" class=\"yoast-schema-graph\">{\"@context\":\"https:\/\/schema.org\",\"@graph\":[{\"@type\":\"Article\",\"@id\":\"https:\/\/teamsters.ca\/fr\/blog\/2022\/05\/25\/greve-generale-illimitee-chez-delpharm-a-boucherville\/#article\",\"isPartOf\":{\"@id\":\"https:\/\/teamsters.ca\/fr\/blog\/2022\/05\/25\/greve-generale-illimitee-chez-delpharm-a-boucherville\/\"},\"author\":{\"name\":\"St\u00e9phanie Meunier\",\"@id\":\"https:\/\/teamsters.ca\/fr\/#\/schema\/person\/3e6ffefc39fe2f212400b7d8d0a4a0c1\"},\"headline\":\"Gr\u00e8ve g\u00e9n\u00e9rale illimit\u00e9e chez Delpharm \u00e0 Boucherville\",\"datePublished\":\"2022-05-25T11:31:53+00:00\",\"dateModified\":\"2022-05-25T11:31:56+00:00\",\"mainEntityOfPage\":{\"@id\":\"https:\/\/teamsters.ca\/fr\/blog\/2022\/05\/25\/greve-generale-illimitee-chez-delpharm-a-boucherville\/\"},\"wordCount\":488,\"publisher\":{\"@id\":\"https:\/\/teamsters.ca\/fr\/#organization\"},\"image\":{\"@id\":\"https:\/\/teamsters.ca\/fr\/blog\/2022\/05\/25\/greve-generale-illimitee-chez-delpharm-a-boucherville\/#primaryimage\"},\"thumbnailUrl\":\"https:\/\/teamsters.ca\/wp-content\/uploads\/2022\/05\/imageFRDEL.jpg\",\"articleSection\":[\"Nouvelles\"],\"inLanguage\":\"fr-CA\"},{\"@type\":\"WebPage\",\"@id\":\"https:\/\/teamsters.ca\/fr\/blog\/2022\/05\/25\/greve-generale-illimitee-chez-delpharm-a-boucherville\/\",\"url\":\"https:\/\/teamsters.ca\/fr\/blog\/2022\/05\/25\/greve-generale-illimitee-chez-delpharm-a-boucherville\/\",\"name\":\"Gr\u00e8ve g\u00e9n\u00e9rale illimit\u00e9e chez Delpharm \u00e0 Boucherville | Teamsters Canada\",\"isPartOf\":{\"@id\":\"https:\/\/teamsters.ca\/fr\/#website\"},\"primaryImageOfPage\":{\"@id\":\"https:\/\/teamsters.ca\/fr\/blog\/2022\/05\/25\/greve-generale-illimitee-chez-delpharm-a-boucherville\/#primaryimage\"},\"image\":{\"@id\":\"https:\/\/teamsters.ca\/fr\/blog\/2022\/05\/25\/greve-generale-illimitee-chez-delpharm-a-boucherville\/#primaryimage\"},\"thumbnailUrl\":\"https:\/\/teamsters.ca\/wp-content\/uploads\/2022\/05\/imageFRDEL.jpg\",\"datePublished\":\"2022-05-25T11:31:53+00:00\",\"dateModified\":\"2022-05-25T11:31:56+00:00\",\"breadcrumb\":{\"@id\":\"https:\/\/teamsters.ca\/fr\/blog\/2022\/05\/25\/greve-generale-illimitee-chez-delpharm-a-boucherville\/#breadcrumb\"},\"inLanguage\":\"fr-CA\",\"potentialAction\":[{\"@type\":\"ReadAction\",\"target\":[\"https:\/\/teamsters.ca\/fr\/blog\/2022\/05\/25\/greve-generale-illimitee-chez-delpharm-a-boucherville\/\"]}]},{\"@type\":\"ImageObject\",\"inLanguage\":\"fr-CA\",\"@id\":\"https:\/\/teamsters.ca\/fr\/blog\/2022\/05\/25\/greve-generale-illimitee-chez-delpharm-a-boucherville\/#primaryimage\",\"url\":\"https:\/\/teamsters.ca\/wp-content\/uploads\/2022\/05\/imageFRDEL.jpg\",\"contentUrl\":\"https:\/\/teamsters.ca\/wp-content\/uploads\/2022\/05\/imageFRDEL.jpg\",\"width\":1166,\"height\":768},{\"@type\":\"BreadcrumbList\",\"@id\":\"https:\/\/teamsters.ca\/fr\/blog\/2022\/05\/25\/greve-generale-illimitee-chez-delpharm-a-boucherville\/#breadcrumb\",\"itemListElement\":[{\"@type\":\"ListItem\",\"position\":1,\"name\":\"Home\",\"item\":\"https:\/\/teamsters.ca\/fr\/\"},{\"@type\":\"ListItem\",\"position\":2,\"name\":\"Gr\u00e8ve g\u00e9n\u00e9rale illimit\u00e9e chez Delpharm \u00e0 Boucherville\"}]},{\"@type\":\"WebSite\",\"@id\":\"https:\/\/teamsters.ca\/fr\/#website\",\"url\":\"https:\/\/teamsters.ca\/fr\/\",\"name\":\"Teamsters Canada\",\"description\":\"A Canadian union representing over 125 000 members\",\"publisher\":{\"@id\":\"https:\/\/teamsters.ca\/fr\/#organization\"},\"potentialAction\":[{\"@type\":\"SearchAction\",\"target\":{\"@type\":\"EntryPoint\",\"urlTemplate\":\"https:\/\/teamsters.ca\/fr\/?s={search_term_string}\"},\"query-input\":{\"@type\":\"PropertyValueSpecification\",\"valueRequired\":true,\"valueName\":\"search_term_string\"}}],\"inLanguage\":\"fr-CA\"},{\"@type\":\"Organization\",\"@id\":\"https:\/\/teamsters.ca\/fr\/#organization\",\"name\":\"Teamsters Canada\",\"url\":\"https:\/\/teamsters.ca\/fr\/\",\"logo\":{\"@type\":\"ImageObject\",\"inLanguage\":\"fr-CA\",\"@id\":\"https:\/\/teamsters.ca\/fr\/#\/schema\/logo\/image\/\",\"url\":\"https:\/\/teamsters.ca\/wp-content\/uploads\/2019\/08\/TeamstersCanada.png\",\"contentUrl\":\"https:\/\/teamsters.ca\/wp-content\/uploads\/2019\/08\/TeamstersCanada.png\",\"width\":545,\"height\":181,\"caption\":\"Teamsters Canada\"},\"image\":{\"@id\":\"https:\/\/teamsters.ca\/fr\/#\/schema\/logo\/image\/\"},\"sameAs\":[\"https:\/\/www.facebook.com\/Teamsterscanada\/\",\"https:\/\/x.com\/TeamstersCanada\"]},{\"@type\":\"Person\",\"@id\":\"https:\/\/teamsters.ca\/fr\/#\/schema\/person\/3e6ffefc39fe2f212400b7d8d0a4a0c1\",\"name\":\"St\u00e9phanie Meunier\",\"image\":{\"@type\":\"ImageObject\",\"inLanguage\":\"fr-CA\",\"@id\":\"https:\/\/teamsters.ca\/fr\/#\/schema\/person\/image\/\",\"url\":\"https:\/\/secure.gravatar.com\/avatar\/e4e8404e91ed71cb473fa2708849669810cf083c89825a3d2dd0d47dd6b2be77?s=96&d=mm&r=g\",\"contentUrl\":\"https:\/\/secure.gravatar.com\/avatar\/e4e8404e91ed71cb473fa2708849669810cf083c89825a3d2dd0d47dd6b2be77?s=96&d=mm&r=g\",\"caption\":\"St\u00e9phanie Meunier\"},\"url\":\"https:\/\/teamsters.ca\/fr\/blog\/author\/smeunier\/\"}]}<\/script>\n<!-- \/ Yoast SEO Premium plugin. -->","yoast_head_json":{"title":"Gr\u00e8ve g\u00e9n\u00e9rale illimit\u00e9e chez Delpharm \u00e0 Boucherville | Teamsters Canada","robots":{"index":"index","follow":"follow","max-snippet":"max-snippet:-1","max-image-preview":"max-image-preview:large","max-video-preview":"max-video-preview:-1"},"canonical":"https:\/\/teamsters.ca\/fr\/blog\/2022\/05\/25\/greve-generale-illimitee-chez-delpharm-a-boucherville\/","og_locale":"fr_CA","og_type":"article","og_title":"Gr\u00e8ve g\u00e9n\u00e9rale illimit\u00e9e chez Delpharm \u00e0 Boucherville","og_description":"Les travailleurs et les travailleuses de la compagnie Pharmaceutique Delpharm\u00a0\u00e0\u00a0Boucherville sont pass\u00e9s \u00e0 l\u2019action : une gr\u00e8ve g\u00e9n\u00e9rale illimit\u00e9e a\u00a0\u00e9t\u00e9\u00a0d\u00e9clench\u00e9e \u00e0\u00a03 h ce matin. L\u2019usine fabrique des produits injectables essentiels pour les patient\u00b7es dans les h\u00f4pitaux du Qu\u00e9bec et du restant du pays.","og_url":"https:\/\/teamsters.ca\/fr\/blog\/2022\/05\/25\/greve-generale-illimitee-chez-delpharm-a-boucherville\/","og_site_name":"Teamsters Canada","article_publisher":"https:\/\/www.facebook.com\/Teamsterscanada\/","article_published_time":"2022-05-25T11:31:53+00:00","article_modified_time":"2022-05-25T11:31:56+00:00","og_image":[{"width":1166,"height":768,"url":"https:\/\/teamsters.ca\/wp-content\/uploads\/2022\/05\/imageFRDEL.jpg","type":"image\/jpeg"}],"author":"St\u00e9phanie Meunier","twitter_card":"summary_large_image","twitter_creator":"@TeamstersCanada","twitter_site":"@TeamstersCanada","twitter_misc":{"\u00c9crit par":"St\u00e9phanie Meunier","Estimation du temps de lecture":"2 minutes"},"schema":{"@context":"https:\/\/schema.org","@graph":[{"@type":"Article","@id":"https:\/\/teamsters.ca\/fr\/blog\/2022\/05\/25\/greve-generale-illimitee-chez-delpharm-a-boucherville\/#article","isPartOf":{"@id":"https:\/\/teamsters.ca\/fr\/blog\/2022\/05\/25\/greve-generale-illimitee-chez-delpharm-a-boucherville\/"},"author":{"name":"St\u00e9phanie Meunier","@id":"https:\/\/teamsters.ca\/fr\/#\/schema\/person\/3e6ffefc39fe2f212400b7d8d0a4a0c1"},"headline":"Gr\u00e8ve g\u00e9n\u00e9rale illimit\u00e9e chez Delpharm \u00e0 Boucherville","datePublished":"2022-05-25T11:31:53+00:00","dateModified":"2022-05-25T11:31:56+00:00","mainEntityOfPage":{"@id":"https:\/\/teamsters.ca\/fr\/blog\/2022\/05\/25\/greve-generale-illimitee-chez-delpharm-a-boucherville\/"},"wordCount":488,"publisher":{"@id":"https:\/\/teamsters.ca\/fr\/#organization"},"image":{"@id":"https:\/\/teamsters.ca\/fr\/blog\/2022\/05\/25\/greve-generale-illimitee-chez-delpharm-a-boucherville\/#primaryimage"},"thumbnailUrl":"https:\/\/teamsters.ca\/wp-content\/uploads\/2022\/05\/imageFRDEL.jpg","articleSection":["Nouvelles"],"inLanguage":"fr-CA"},{"@type":"WebPage","@id":"https:\/\/teamsters.ca\/fr\/blog\/2022\/05\/25\/greve-generale-illimitee-chez-delpharm-a-boucherville\/","url":"https:\/\/teamsters.ca\/fr\/blog\/2022\/05\/25\/greve-generale-illimitee-chez-delpharm-a-boucherville\/","name":"Gr\u00e8ve g\u00e9n\u00e9rale illimit\u00e9e chez Delpharm \u00e0 Boucherville | Teamsters Canada","isPartOf":{"@id":"https:\/\/teamsters.ca\/fr\/#website"},"primaryImageOfPage":{"@id":"https:\/\/teamsters.ca\/fr\/blog\/2022\/05\/25\/greve-generale-illimitee-chez-delpharm-a-boucherville\/#primaryimage"},"image":{"@id":"https:\/\/teamsters.ca\/fr\/blog\/2022\/05\/25\/greve-generale-illimitee-chez-delpharm-a-boucherville\/#primaryimage"},"thumbnailUrl":"https:\/\/teamsters.ca\/wp-content\/uploads\/2022\/05\/imageFRDEL.jpg","datePublished":"2022-05-25T11:31:53+00:00","dateModified":"2022-05-25T11:31:56+00:00","breadcrumb":{"@id":"https:\/\/teamsters.ca\/fr\/blog\/2022\/05\/25\/greve-generale-illimitee-chez-delpharm-a-boucherville\/#breadcrumb"},"inLanguage":"fr-CA","potentialAction":[{"@type":"ReadAction","target":["https:\/\/teamsters.ca\/fr\/blog\/2022\/05\/25\/greve-generale-illimitee-chez-delpharm-a-boucherville\/"]}]},{"@type":"ImageObject","inLanguage":"fr-CA","@id":"https:\/\/teamsters.ca\/fr\/blog\/2022\/05\/25\/greve-generale-illimitee-chez-delpharm-a-boucherville\/#primaryimage","url":"https:\/\/teamsters.ca\/wp-content\/uploads\/2022\/05\/imageFRDEL.jpg","contentUrl":"https:\/\/teamsters.ca\/wp-content\/uploads\/2022\/05\/imageFRDEL.jpg","width":1166,"height":768},{"@type":"BreadcrumbList","@id":"https:\/\/teamsters.ca\/fr\/blog\/2022\/05\/25\/greve-generale-illimitee-chez-delpharm-a-boucherville\/#breadcrumb","itemListElement":[{"@type":"ListItem","position":1,"name":"Home","item":"https:\/\/teamsters.ca\/fr\/"},{"@type":"ListItem","position":2,"name":"Gr\u00e8ve g\u00e9n\u00e9rale illimit\u00e9e chez Delpharm \u00e0 Boucherville"}]},{"@type":"WebSite","@id":"https:\/\/teamsters.ca\/fr\/#website","url":"https:\/\/teamsters.ca\/fr\/","name":"Teamsters Canada","description":"A Canadian union representing over 125 000 members","publisher":{"@id":"https:\/\/teamsters.ca\/fr\/#organization"},"potentialAction":[{"@type":"SearchAction","target":{"@type":"EntryPoint","urlTemplate":"https:\/\/teamsters.ca\/fr\/?s={search_term_string}"},"query-input":{"@type":"PropertyValueSpecification","valueRequired":true,"valueName":"search_term_string"}}],"inLanguage":"fr-CA"},{"@type":"Organization","@id":"https:\/\/teamsters.ca\/fr\/#organization","name":"Teamsters Canada","url":"https:\/\/teamsters.ca\/fr\/","logo":{"@type":"ImageObject","inLanguage":"fr-CA","@id":"https:\/\/teamsters.ca\/fr\/#\/schema\/logo\/image\/","url":"https:\/\/teamsters.ca\/wp-content\/uploads\/2019\/08\/TeamstersCanada.png","contentUrl":"https:\/\/teamsters.ca\/wp-content\/uploads\/2019\/08\/TeamstersCanada.png","width":545,"height":181,"caption":"Teamsters Canada"},"image":{"@id":"https:\/\/teamsters.ca\/fr\/#\/schema\/logo\/image\/"},"sameAs":["https:\/\/www.facebook.com\/Teamsterscanada\/","https:\/\/x.com\/TeamstersCanada"]},{"@type":"Person","@id":"https:\/\/teamsters.ca\/fr\/#\/schema\/person\/3e6ffefc39fe2f212400b7d8d0a4a0c1","name":"St\u00e9phanie Meunier","image":{"@type":"ImageObject","inLanguage":"fr-CA","@id":"https:\/\/teamsters.ca\/fr\/#\/schema\/person\/image\/","url":"https:\/\/secure.gravatar.com\/avatar\/e4e8404e91ed71cb473fa2708849669810cf083c89825a3d2dd0d47dd6b2be77?s=96&d=mm&r=g","contentUrl":"https:\/\/secure.gravatar.com\/avatar\/e4e8404e91ed71cb473fa2708849669810cf083c89825a3d2dd0d47dd6b2be77?s=96&d=mm&r=g","caption":"St\u00e9phanie Meunier"},"url":"https:\/\/teamsters.ca\/fr\/blog\/author\/smeunier\/"}]}},"_links":{"self":[{"href":"https:\/\/teamsters.ca\/fr\/wp-json\/wp\/v2\/posts\/23419","targetHints":{"allow":["GET"]}}],"collection":[{"href":"https:\/\/teamsters.ca\/fr\/wp-json\/wp\/v2\/posts"}],"about":[{"href":"https:\/\/teamsters.ca\/fr\/wp-json\/wp\/v2\/types\/post"}],"author":[{"embeddable":true,"href":"https:\/\/teamsters.ca\/fr\/wp-json\/wp\/v2\/users\/8"}],"replies":[{"embeddable":true,"href":"https:\/\/teamsters.ca\/fr\/wp-json\/wp\/v2\/comments?post=23419"}],"version-history":[{"count":1,"href":"https:\/\/teamsters.ca\/fr\/wp-json\/wp\/v2\/posts\/23419\/revisions"}],"predecessor-version":[{"id":23422,"href":"https:\/\/teamsters.ca\/fr\/wp-json\/wp\/v2\/posts\/23419\/revisions\/23422"}],"wp:featuredmedia":[{"embeddable":true,"href":"https:\/\/teamsters.ca\/fr\/wp-json\/wp\/v2\/media\/23420"}],"wp:attachment":[{"href":"https:\/\/teamsters.ca\/fr\/wp-json\/wp\/v2\/media?parent=23419"}],"wp:term":[{"taxonomy":"category","embeddable":true,"href":"https:\/\/teamsters.ca\/fr\/wp-json\/wp\/v2\/categories?post=23419"},{"taxonomy":"post_tag","embeddable":true,"href":"https:\/\/teamsters.ca\/fr\/wp-json\/wp\/v2\/tags?post=23419"}],"curies":[{"name":"wp","href":"https:\/\/api.w.org\/{rel}","templated":true}]}}