{"id":22742,"date":"2022-02-10T11:32:00","date_gmt":"2022-02-10T16:32:00","guid":{"rendered":"https:\/\/teamsters.ca\/?p=22742"},"modified":"2022-02-16T11:37:52","modified_gmt":"2022-02-16T16:37:52","slug":"vote-de-greve-au-canadien-pacifique","status":"publish","type":"post","link":"https:\/\/teamsters.ca\/fr\/blog\/2022\/02\/10\/vote-de-greve-au-canadien-pacifique\/","title":{"rendered":"Vote de gr\u00e8ve au Canadien Pacifique"},"content":{"rendered":"\n<p>Montr\u00e9al, le 10 f\u00e9vrier 2022 \u2014&nbsp;La Conf\u00e9rence ferroviaire de Teamsters Canada (CFTC)&nbsp;a signifi\u00e9 un avis de diff\u00e9rend au ministre du Travail, conform\u00e9ment au Code canadien du travail, concernant ses n\u00e9gociations avec le Canadien Pacifique (CP). Les principaux enjeux dans ces n\u00e9gociations sont les salaires, les avantages sociaux et le r\u00e9gime de retraite.<\/p>\n\n\n\n<p>De plus, la CFTC va prendre un vote de gr\u00e8ve aupr\u00e8s de ses quelque&nbsp;3000 ing\u00e9nieurs de locomotives, chefs de train, agents de train et agents de triage. Les r\u00e9sultats du vote de gr\u00e8ve seront connus d\u2019ici la fin de f\u00e9vrier.<\/p>\n\n\n\n<p>Le ministre du Travail a nomm\u00e9 un conciliateur\/m\u00e9diateur pour appuyer le processus. Des repr\u00e9sentants de la Conf\u00e9rence ferroviaire de Teamsters Canada et du CP se r\u00e9unissent en ce moment en pr\u00e9sence du conciliateur.&nbsp;<\/p>\n\n\n\n<p>Une gr\u00e8ve l\u00e9gale ne peut avoir lieu que 21 jours apr\u00e8s la fin du processus de conciliation.&nbsp;<\/p>\n\n\n\n<p><em>Le syndicat des Teamsters repr\u00e9sente les int\u00e9r\u00eats de 125 000 membres au Canada, dont 16 000 oeuvrent dans le transport ferroviaire. Ils et elles sont affili\u00e9s-\u00e9es \u00e0 la Fraternit\u00e9 internationale des Teamsters, dont l\u2019effectif syndical est de 1,4 million de membres en Am\u00e9rique du Nord.<\/em><\/p>\n\n\n\n<p class=\"has-text-align-center\">-30-<\/p>\n\n\n\n<p>Renseignements :<br \/>St\u00e9phane Lacroix, directeur des Communications et des Affaires publiques<br \/>Portable : <a href=\"tel:514 609-5101\" data-type=\"tel\" data-id=\"tel:514 609-5101\">514 609-5101<\/a><br \/><a href=\"mailto:slacroix@teamsters.ca\">slacroix@teamsters.ca<\/a><\/p>\n","protected":false},"excerpt":{"rendered":"<p>Montr\u00e9al, le 10 f\u00e9vrier 2022 \u2014&nbsp;La Conf\u00e9rence ferroviaire de Teamsters Canada (CFTC)&nbsp;a signifi\u00e9 un avis de diff\u00e9rend au ministre du Travail, conform\u00e9ment au Code canadien du travail, concernant ses n\u00e9gociations avec le Canadien Pacifique (CP). Les principaux enjeux dans ces n\u00e9gociations sont les salaires, les avantages sociaux et le r\u00e9gime de retraite. De plus, la [&hellip;]<\/p>\n","protected":false},"author":8,"featured_media":22743,"comment_status":"closed","ping_status":"closed","sticky":false,"template":"","format":"standard","meta":{"ngg_post_thumbnail":0,"mc4wp_mailchimp_campaign":[],"footnotes":""},"categories":[1114,1132],"tags":[654,360],"class_list":{"0":"post-22742","1":"post","2":"type-post","3":"status-publish","4":"format-standard","5":"has-post-thumbnail","7":"category-nouvelles","8":"category-transport-ferroviaire","9":"tag-cftc","10":"tag-conference-ferroviaire-de-teamsters-canada"},"yoast_head":"<!-- This site is optimized with the Yoast SEO Premium plugin v25.5 (Yoast SEO v25.5) - https:\/\/yoast.com\/wordpress\/plugins\/seo\/ -->\n<title>Vote de gr\u00e8ve au Canadien Pacifique | Teamsters Canada<\/title>\n<meta name=\"robots\" content=\"index, follow, max-snippet:-1, max-image-preview:large, max-video-preview:-1\" \/>\n<link rel=\"canonical\" href=\"https:\/\/teamsters.ca\/fr\/blog\/2022\/02\/10\/vote-de-greve-au-canadien-pacifique\/\" \/>\n<meta property=\"og:locale\" content=\"fr_CA\" \/>\n<meta property=\"og:type\" content=\"article\" \/>\n<meta property=\"og:title\" content=\"Vote de gr\u00e8ve au Canadien Pacifique\" \/>\n<meta property=\"og:description\" content=\"Montr\u00e9al, le 10 f\u00e9vrier 2022 \u2014&nbsp;La Conf\u00e9rence ferroviaire de Teamsters Canada (CFTC)&nbsp;a signifi\u00e9 un avis de diff\u00e9rend au ministre du Travail, conform\u00e9ment au Code canadien du travail, concernant ses n\u00e9gociations avec le Canadien Pacifique (CP). Les principaux enjeux dans ces n\u00e9gociations sont les salaires, les avantages sociaux et le r\u00e9gime de retraite. De plus, la [&hellip;]\" \/>\n<meta property=\"og:url\" content=\"https:\/\/teamsters.ca\/fr\/blog\/2022\/02\/10\/vote-de-greve-au-canadien-pacifique\/\" \/>\n<meta property=\"og:site_name\" content=\"Teamsters Canada\" \/>\n<meta property=\"article:publisher\" content=\"https:\/\/www.facebook.com\/Teamsterscanada\/\" \/>\n<meta property=\"article:published_time\" content=\"2022-02-10T16:32:00+00:00\" \/>\n<meta property=\"article:modified_time\" content=\"2022-02-16T16:37:52+00:00\" \/>\n<meta property=\"og:image\" content=\"https:\/\/teamsters.ca\/wp-content\/uploads\/2022\/02\/VOTEGREVE-1.jpg\" \/>\n\t<meta property=\"og:image:width\" content=\"1166\" \/>\n\t<meta property=\"og:image:height\" content=\"768\" \/>\n\t<meta property=\"og:image:type\" content=\"image\/jpeg\" \/>\n<meta name=\"author\" content=\"St\u00e9phanie Meunier\" \/>\n<meta name=\"twitter:card\" content=\"summary_large_image\" \/>\n<meta name=\"twitter:creator\" content=\"@TeamstersCanada\" \/>\n<meta name=\"twitter:site\" content=\"@TeamstersCanada\" \/>\n<meta name=\"twitter:label1\" content=\"\u00c9crit par\" \/>\n\t<meta name=\"twitter:data1\" content=\"St\u00e9phanie Meunier\" \/>\n\t<meta name=\"twitter:label2\" content=\"Estimation du temps de lecture\" \/>\n\t<meta name=\"twitter:data2\" content=\"1 minute\" \/>\n<script type=\"application\/ld+json\" class=\"yoast-schema-graph\">{\"@context\":\"https:\/\/schema.org\",\"@graph\":[{\"@type\":\"Article\",\"@id\":\"https:\/\/teamsters.ca\/fr\/blog\/2022\/02\/10\/vote-de-greve-au-canadien-pacifique\/#article\",\"isPartOf\":{\"@id\":\"https:\/\/teamsters.ca\/fr\/blog\/2022\/02\/10\/vote-de-greve-au-canadien-pacifique\/\"},\"author\":{\"name\":\"St\u00e9phanie Meunier\",\"@id\":\"https:\/\/teamsters.ca\/fr\/#\/schema\/person\/3e6ffefc39fe2f212400b7d8d0a4a0c1\"},\"headline\":\"Vote de gr\u00e8ve au Canadien Pacifique\",\"datePublished\":\"2022-02-10T16:32:00+00:00\",\"dateModified\":\"2022-02-16T16:37:52+00:00\",\"mainEntityOfPage\":{\"@id\":\"https:\/\/teamsters.ca\/fr\/blog\/2022\/02\/10\/vote-de-greve-au-canadien-pacifique\/\"},\"wordCount\":239,\"publisher\":{\"@id\":\"https:\/\/teamsters.ca\/fr\/#organization\"},\"image\":{\"@id\":\"https:\/\/teamsters.ca\/fr\/blog\/2022\/02\/10\/vote-de-greve-au-canadien-pacifique\/#primaryimage\"},\"thumbnailUrl\":\"https:\/\/teamsters.ca\/wp-content\/uploads\/2022\/02\/VOTEGREVE-1.jpg\",\"keywords\":[\"CFTC\",\"Conf\u00e9rence ferroviaire de Teamsters Canada\"],\"articleSection\":[\"Nouvelles\",\"Transport ferroviaire\"],\"inLanguage\":\"fr-CA\"},{\"@type\":\"WebPage\",\"@id\":\"https:\/\/teamsters.ca\/fr\/blog\/2022\/02\/10\/vote-de-greve-au-canadien-pacifique\/\",\"url\":\"https:\/\/teamsters.ca\/fr\/blog\/2022\/02\/10\/vote-de-greve-au-canadien-pacifique\/\",\"name\":\"Vote de gr\u00e8ve au Canadien Pacifique | Teamsters Canada\",\"isPartOf\":{\"@id\":\"https:\/\/teamsters.ca\/fr\/#website\"},\"primaryImageOfPage\":{\"@id\":\"https:\/\/teamsters.ca\/fr\/blog\/2022\/02\/10\/vote-de-greve-au-canadien-pacifique\/#primaryimage\"},\"image\":{\"@id\":\"https:\/\/teamsters.ca\/fr\/blog\/2022\/02\/10\/vote-de-greve-au-canadien-pacifique\/#primaryimage\"},\"thumbnailUrl\":\"https:\/\/teamsters.ca\/wp-content\/uploads\/2022\/02\/VOTEGREVE-1.jpg\",\"datePublished\":\"2022-02-10T16:32:00+00:00\",\"dateModified\":\"2022-02-16T16:37:52+00:00\",\"breadcrumb\":{\"@id\":\"https:\/\/teamsters.ca\/fr\/blog\/2022\/02\/10\/vote-de-greve-au-canadien-pacifique\/#breadcrumb\"},\"inLanguage\":\"fr-CA\",\"potentialAction\":[{\"@type\":\"ReadAction\",\"target\":[\"https:\/\/teamsters.ca\/fr\/blog\/2022\/02\/10\/vote-de-greve-au-canadien-pacifique\/\"]}]},{\"@type\":\"ImageObject\",\"inLanguage\":\"fr-CA\",\"@id\":\"https:\/\/teamsters.ca\/fr\/blog\/2022\/02\/10\/vote-de-greve-au-canadien-pacifique\/#primaryimage\",\"url\":\"https:\/\/teamsters.ca\/wp-content\/uploads\/2022\/02\/VOTEGREVE-1.jpg\",\"contentUrl\":\"https:\/\/teamsters.ca\/wp-content\/uploads\/2022\/02\/VOTEGREVE-1.jpg\",\"width\":1166,\"height\":768},{\"@type\":\"BreadcrumbList\",\"@id\":\"https:\/\/teamsters.ca\/fr\/blog\/2022\/02\/10\/vote-de-greve-au-canadien-pacifique\/#breadcrumb\",\"itemListElement\":[{\"@type\":\"ListItem\",\"position\":1,\"name\":\"Home\",\"item\":\"https:\/\/teamsters.ca\/fr\/\"},{\"@type\":\"ListItem\",\"position\":2,\"name\":\"Vote de gr\u00e8ve au Canadien Pacifique\"}]},{\"@type\":\"WebSite\",\"@id\":\"https:\/\/teamsters.ca\/fr\/#website\",\"url\":\"https:\/\/teamsters.ca\/fr\/\",\"name\":\"Teamsters Canada\",\"description\":\"A Canadian union representing over 125 000 members\",\"publisher\":{\"@id\":\"https:\/\/teamsters.ca\/fr\/#organization\"},\"potentialAction\":[{\"@type\":\"SearchAction\",\"target\":{\"@type\":\"EntryPoint\",\"urlTemplate\":\"https:\/\/teamsters.ca\/fr\/?s={search_term_string}\"},\"query-input\":{\"@type\":\"PropertyValueSpecification\",\"valueRequired\":true,\"valueName\":\"search_term_string\"}}],\"inLanguage\":\"fr-CA\"},{\"@type\":\"Organization\",\"@id\":\"https:\/\/teamsters.ca\/fr\/#organization\",\"name\":\"Teamsters Canada\",\"url\":\"https:\/\/teamsters.ca\/fr\/\",\"logo\":{\"@type\":\"ImageObject\",\"inLanguage\":\"fr-CA\",\"@id\":\"https:\/\/teamsters.ca\/fr\/#\/schema\/logo\/image\/\",\"url\":\"https:\/\/teamsters.ca\/wp-content\/uploads\/2019\/08\/TeamstersCanada.png\",\"contentUrl\":\"https:\/\/teamsters.ca\/wp-content\/uploads\/2019\/08\/TeamstersCanada.png\",\"width\":545,\"height\":181,\"caption\":\"Teamsters Canada\"},\"image\":{\"@id\":\"https:\/\/teamsters.ca\/fr\/#\/schema\/logo\/image\/\"},\"sameAs\":[\"https:\/\/www.facebook.com\/Teamsterscanada\/\",\"https:\/\/x.com\/TeamstersCanada\"]},{\"@type\":\"Person\",\"@id\":\"https:\/\/teamsters.ca\/fr\/#\/schema\/person\/3e6ffefc39fe2f212400b7d8d0a4a0c1\",\"name\":\"St\u00e9phanie Meunier\",\"image\":{\"@type\":\"ImageObject\",\"inLanguage\":\"fr-CA\",\"@id\":\"https:\/\/teamsters.ca\/fr\/#\/schema\/person\/image\/\",\"url\":\"https:\/\/secure.gravatar.com\/avatar\/e4e8404e91ed71cb473fa2708849669810cf083c89825a3d2dd0d47dd6b2be77?s=96&d=mm&r=g\",\"contentUrl\":\"https:\/\/secure.gravatar.com\/avatar\/e4e8404e91ed71cb473fa2708849669810cf083c89825a3d2dd0d47dd6b2be77?s=96&d=mm&r=g\",\"caption\":\"St\u00e9phanie Meunier\"},\"url\":\"https:\/\/teamsters.ca\/fr\/blog\/author\/smeunier\/\"}]}<\/script>\n<!-- \/ Yoast SEO Premium plugin. -->","yoast_head_json":{"title":"Vote de gr\u00e8ve au Canadien Pacifique | Teamsters Canada","robots":{"index":"index","follow":"follow","max-snippet":"max-snippet:-1","max-image-preview":"max-image-preview:large","max-video-preview":"max-video-preview:-1"},"canonical":"https:\/\/teamsters.ca\/fr\/blog\/2022\/02\/10\/vote-de-greve-au-canadien-pacifique\/","og_locale":"fr_CA","og_type":"article","og_title":"Vote de gr\u00e8ve au Canadien Pacifique","og_description":"Montr\u00e9al, le 10 f\u00e9vrier 2022 \u2014&nbsp;La Conf\u00e9rence ferroviaire de Teamsters Canada (CFTC)&nbsp;a signifi\u00e9 un avis de diff\u00e9rend au ministre du Travail, conform\u00e9ment au Code canadien du travail, concernant ses n\u00e9gociations avec le Canadien Pacifique (CP). Les principaux enjeux dans ces n\u00e9gociations sont les salaires, les avantages sociaux et le r\u00e9gime de retraite. De plus, la [&hellip;]","og_url":"https:\/\/teamsters.ca\/fr\/blog\/2022\/02\/10\/vote-de-greve-au-canadien-pacifique\/","og_site_name":"Teamsters Canada","article_publisher":"https:\/\/www.facebook.com\/Teamsterscanada\/","article_published_time":"2022-02-10T16:32:00+00:00","article_modified_time":"2022-02-16T16:37:52+00:00","og_image":[{"width":1166,"height":768,"url":"https:\/\/teamsters.ca\/wp-content\/uploads\/2022\/02\/VOTEGREVE-1.jpg","type":"image\/jpeg"}],"author":"St\u00e9phanie Meunier","twitter_card":"summary_large_image","twitter_creator":"@TeamstersCanada","twitter_site":"@TeamstersCanada","twitter_misc":{"\u00c9crit par":"St\u00e9phanie Meunier","Estimation du temps de lecture":"1 minute"},"schema":{"@context":"https:\/\/schema.org","@graph":[{"@type":"Article","@id":"https:\/\/teamsters.ca\/fr\/blog\/2022\/02\/10\/vote-de-greve-au-canadien-pacifique\/#article","isPartOf":{"@id":"https:\/\/teamsters.ca\/fr\/blog\/2022\/02\/10\/vote-de-greve-au-canadien-pacifique\/"},"author":{"name":"St\u00e9phanie Meunier","@id":"https:\/\/teamsters.ca\/fr\/#\/schema\/person\/3e6ffefc39fe2f212400b7d8d0a4a0c1"},"headline":"Vote de gr\u00e8ve au Canadien Pacifique","datePublished":"2022-02-10T16:32:00+00:00","dateModified":"2022-02-16T16:37:52+00:00","mainEntityOfPage":{"@id":"https:\/\/teamsters.ca\/fr\/blog\/2022\/02\/10\/vote-de-greve-au-canadien-pacifique\/"},"wordCount":239,"publisher":{"@id":"https:\/\/teamsters.ca\/fr\/#organization"},"image":{"@id":"https:\/\/teamsters.ca\/fr\/blog\/2022\/02\/10\/vote-de-greve-au-canadien-pacifique\/#primaryimage"},"thumbnailUrl":"https:\/\/teamsters.ca\/wp-content\/uploads\/2022\/02\/VOTEGREVE-1.jpg","keywords":["CFTC","Conf\u00e9rence ferroviaire de Teamsters Canada"],"articleSection":["Nouvelles","Transport ferroviaire"],"inLanguage":"fr-CA"},{"@type":"WebPage","@id":"https:\/\/teamsters.ca\/fr\/blog\/2022\/02\/10\/vote-de-greve-au-canadien-pacifique\/","url":"https:\/\/teamsters.ca\/fr\/blog\/2022\/02\/10\/vote-de-greve-au-canadien-pacifique\/","name":"Vote de gr\u00e8ve au Canadien Pacifique | Teamsters Canada","isPartOf":{"@id":"https:\/\/teamsters.ca\/fr\/#website"},"primaryImageOfPage":{"@id":"https:\/\/teamsters.ca\/fr\/blog\/2022\/02\/10\/vote-de-greve-au-canadien-pacifique\/#primaryimage"},"image":{"@id":"https:\/\/teamsters.ca\/fr\/blog\/2022\/02\/10\/vote-de-greve-au-canadien-pacifique\/#primaryimage"},"thumbnailUrl":"https:\/\/teamsters.ca\/wp-content\/uploads\/2022\/02\/VOTEGREVE-1.jpg","datePublished":"2022-02-10T16:32:00+00:00","dateModified":"2022-02-16T16:37:52+00:00","breadcrumb":{"@id":"https:\/\/teamsters.ca\/fr\/blog\/2022\/02\/10\/vote-de-greve-au-canadien-pacifique\/#breadcrumb"},"inLanguage":"fr-CA","potentialAction":[{"@type":"ReadAction","target":["https:\/\/teamsters.ca\/fr\/blog\/2022\/02\/10\/vote-de-greve-au-canadien-pacifique\/"]}]},{"@type":"ImageObject","inLanguage":"fr-CA","@id":"https:\/\/teamsters.ca\/fr\/blog\/2022\/02\/10\/vote-de-greve-au-canadien-pacifique\/#primaryimage","url":"https:\/\/teamsters.ca\/wp-content\/uploads\/2022\/02\/VOTEGREVE-1.jpg","contentUrl":"https:\/\/teamsters.ca\/wp-content\/uploads\/2022\/02\/VOTEGREVE-1.jpg","width":1166,"height":768},{"@type":"BreadcrumbList","@id":"https:\/\/teamsters.ca\/fr\/blog\/2022\/02\/10\/vote-de-greve-au-canadien-pacifique\/#breadcrumb","itemListElement":[{"@type":"ListItem","position":1,"name":"Home","item":"https:\/\/teamsters.ca\/fr\/"},{"@type":"ListItem","position":2,"name":"Vote de gr\u00e8ve au Canadien Pacifique"}]},{"@type":"WebSite","@id":"https:\/\/teamsters.ca\/fr\/#website","url":"https:\/\/teamsters.ca\/fr\/","name":"Teamsters Canada","description":"A Canadian union representing over 125 000 members","publisher":{"@id":"https:\/\/teamsters.ca\/fr\/#organization"},"potentialAction":[{"@type":"SearchAction","target":{"@type":"EntryPoint","urlTemplate":"https:\/\/teamsters.ca\/fr\/?s={search_term_string}"},"query-input":{"@type":"PropertyValueSpecification","valueRequired":true,"valueName":"search_term_string"}}],"inLanguage":"fr-CA"},{"@type":"Organization","@id":"https:\/\/teamsters.ca\/fr\/#organization","name":"Teamsters Canada","url":"https:\/\/teamsters.ca\/fr\/","logo":{"@type":"ImageObject","inLanguage":"fr-CA","@id":"https:\/\/teamsters.ca\/fr\/#\/schema\/logo\/image\/","url":"https:\/\/teamsters.ca\/wp-content\/uploads\/2019\/08\/TeamstersCanada.png","contentUrl":"https:\/\/teamsters.ca\/wp-content\/uploads\/2019\/08\/TeamstersCanada.png","width":545,"height":181,"caption":"Teamsters Canada"},"image":{"@id":"https:\/\/teamsters.ca\/fr\/#\/schema\/logo\/image\/"},"sameAs":["https:\/\/www.facebook.com\/Teamsterscanada\/","https:\/\/x.com\/TeamstersCanada"]},{"@type":"Person","@id":"https:\/\/teamsters.ca\/fr\/#\/schema\/person\/3e6ffefc39fe2f212400b7d8d0a4a0c1","name":"St\u00e9phanie Meunier","image":{"@type":"ImageObject","inLanguage":"fr-CA","@id":"https:\/\/teamsters.ca\/fr\/#\/schema\/person\/image\/","url":"https:\/\/secure.gravatar.com\/avatar\/e4e8404e91ed71cb473fa2708849669810cf083c89825a3d2dd0d47dd6b2be77?s=96&d=mm&r=g","contentUrl":"https:\/\/secure.gravatar.com\/avatar\/e4e8404e91ed71cb473fa2708849669810cf083c89825a3d2dd0d47dd6b2be77?s=96&d=mm&r=g","caption":"St\u00e9phanie Meunier"},"url":"https:\/\/teamsters.ca\/fr\/blog\/author\/smeunier\/"}]}},"_links":{"self":[{"href":"https:\/\/teamsters.ca\/fr\/wp-json\/wp\/v2\/posts\/22742","targetHints":{"allow":["GET"]}}],"collection":[{"href":"https:\/\/teamsters.ca\/fr\/wp-json\/wp\/v2\/posts"}],"about":[{"href":"https:\/\/teamsters.ca\/fr\/wp-json\/wp\/v2\/types\/post"}],"author":[{"embeddable":true,"href":"https:\/\/teamsters.ca\/fr\/wp-json\/wp\/v2\/users\/8"}],"replies":[{"embeddable":true,"href":"https:\/\/teamsters.ca\/fr\/wp-json\/wp\/v2\/comments?post=22742"}],"version-history":[{"count":2,"href":"https:\/\/teamsters.ca\/fr\/wp-json\/wp\/v2\/posts\/22742\/revisions"}],"predecessor-version":[{"id":22747,"href":"https:\/\/teamsters.ca\/fr\/wp-json\/wp\/v2\/posts\/22742\/revisions\/22747"}],"wp:featuredmedia":[{"embeddable":true,"href":"https:\/\/teamsters.ca\/fr\/wp-json\/wp\/v2\/media\/22743"}],"wp:attachment":[{"href":"https:\/\/teamsters.ca\/fr\/wp-json\/wp\/v2\/media?parent=22742"}],"wp:term":[{"taxonomy":"category","embeddable":true,"href":"https:\/\/teamsters.ca\/fr\/wp-json\/wp\/v2\/categories?post=22742"},{"taxonomy":"post_tag","embeddable":true,"href":"https:\/\/teamsters.ca\/fr\/wp-json\/wp\/v2\/tags?post=22742"}],"curies":[{"name":"wp","href":"https:\/\/api.w.org\/{rel}","templated":true}]}}