{"id":22723,"date":"2022-02-11T08:16:32","date_gmt":"2022-02-11T13:16:32","guid":{"rendered":"https:\/\/teamsters.ca\/?p=22723"},"modified":"2022-02-11T09:06:01","modified_gmt":"2022-02-11T14:06:01","slug":"les-teamsters-denoncent-les-convois-de-la-liberte-qui-bloquent-la-frontiere-canadienne","status":"publish","type":"post","link":"https:\/\/teamsters.ca\/fr\/blog\/2022\/02\/11\/les-teamsters-denoncent-les-convois-de-la-liberte-qui-bloquent-la-frontiere-canadienne\/","title":{"rendered":"Les Teamsters d\u00e9noncent les \u00ab convois de la libert\u00e9 \u00bb qui bloquent la fronti\u00e8re canadienne"},"content":{"rendered":"\n<p>Washington &#8211; Voici la d\u00e9claration officielle du pr\u00e9sident-g\u00e9n\u00e9ral du syndicat des Teamsters, Jim Hoffa, concernant le blocage de&nbsp;fronti\u00e8re canado-am\u00e9ricaine par les \u00ab&nbsp;convois de la libert\u00e9&nbsp;\u00bb :<\/p>\n\n\n\n<p><em>Le syndicat des Teamsters d\u00e9nonce les manifestations des \u00ab&nbsp;convois de la libert\u00e9&nbsp;\u00bb \u00e0&nbsp;<\/em><em>la fronti\u00e8<\/em><em>re canadienne, qui continuent de nuire aux travailleurs et travailleuses et d&rsquo;avoir des r\u00e9percussions n\u00e9gatives sur notre \u00e9conomie. Le gagne-pain des citoyennes et citoyens am\u00e9ricains et canadiens des secteurs de l&rsquo;automobile, de l&rsquo;agriculture et de la fabrication est menac\u00e9 par ce blocus.&nbsp;<\/em><em><\/em><\/p>\n\n\n\n<p><em>Notre \u00e9conomie est en croissance sous l&rsquo;administration Biden et cette perturbation du commerce international menace de faire d\u00e9railler les gains que nous avons r\u00e9alis\u00e9s. Nos membres sont parmi les travailleurs et travailleuses les plus acharn\u00e9es du pays et on les emp\u00eache de faire leur travail. Les Teamsters demandent aux organisateurs de cette action de mettre fin \u00e0 cette protestation et de s&rsquo;engager plut\u00f4t dans un discours politique significatif avec le gouvernement canadien pour trouver une solution.<\/em><em><\/em><\/p>\n\n\n\n<p class=\"has-text-align-center\">&#8211; 30 &#8211;<\/p>\n\n\n\n<p>Fond\u00e9e en 1903, la Fraternit\u00e9&nbsp;internationale des Teamsters repr\u00e9sente 1,4 million d&rsquo;hommes et de femmes qui travaillent dur aux \u00c9tats-Unis, au Canada et \u00e0 Porto Rico. Visitez <a href=\"http:\/\/www.teamster.org\" data-type=\"URL\" data-id=\"http:\/\/www.teamster.org\">www.teamster.org<\/a> pour plus d&rsquo;informations. Suivez-nous sur Twitter <a href=\"https:\/\/twitter.com\/Teamsters\" data-type=\"URL\" data-id=\"https:\/\/twitter.com\/Teamsters\" target=\"_blank\" rel=\"noreferrer noopener\">@Teamsters<\/a> et aimez nous sur Facebook \u00e0&nbsp;<a href=\"https:\/\/www.facebook.com\/teamsters\" data-type=\"URL\" data-id=\"https:\/\/www.facebook.com\/teamsters\">www.facebook.<\/a><a href=\"https:\/\/www.facebook.com\/teamsters\" data-type=\"URL\" data-id=\"https:\/\/www.facebook.com\/teamsters\" target=\"_blank\" rel=\"noreferrer noopener\">com\/teamsters.<\/a><\/p>\n\n\n\n<p><strong>Coordonn\u00e9es pour les m\u00e9dias :<\/strong><br \/><a href=\"mailto:pressteam@teamster.org\" data-type=\"mailto\" data-id=\"mailto:pressteam@teamster.org\">pressteam@teamster.org&nbsp;<\/a><\/p>\n","protected":false},"excerpt":{"rendered":"<p>Voici la d\u00e9claration officielle du pr\u00e9sident-g\u00e9n\u00e9ral du syndicat des Teamsters, Jim Hoffa, concernant le blocage de\u00a0fronti\u00e8re canado-am\u00e9ricaine par les \u00ab\u00a0convois de la libert\u00e9\u00a0\u00bb :<\/p>\n","protected":false},"author":8,"featured_media":22726,"comment_status":"closed","ping_status":"closed","sticky":false,"template":"","format":"standard","meta":{"ngg_post_thumbnail":0,"mc4wp_mailchimp_campaign":[],"footnotes":""},"categories":[1114],"tags":[],"class_list":{"0":"post-22723","1":"post","2":"type-post","3":"status-publish","4":"format-standard","5":"has-post-thumbnail","7":"category-nouvelles"},"yoast_head":"<!-- This site is optimized with the Yoast SEO Premium plugin v25.5 (Yoast SEO v25.5) - https:\/\/yoast.com\/wordpress\/plugins\/seo\/ -->\n<title>Les Teamsters d\u00e9noncent les \u00ab convois de la libert\u00e9 \u00bb qui bloquent la fronti\u00e8re canadienne | Teamsters Canada<\/title>\n<meta name=\"robots\" content=\"index, follow, max-snippet:-1, max-image-preview:large, max-video-preview:-1\" \/>\n<link rel=\"canonical\" href=\"https:\/\/teamsters.ca\/fr\/blog\/2022\/02\/11\/les-teamsters-denoncent-les-convois-de-la-liberte-qui-bloquent-la-frontiere-canadienne\/\" \/>\n<meta property=\"og:locale\" content=\"fr_CA\" \/>\n<meta property=\"og:type\" content=\"article\" \/>\n<meta property=\"og:title\" content=\"Les Teamsters d\u00e9noncent les \u00ab convois de la libert\u00e9 \u00bb qui bloquent la fronti\u00e8re canadienne\" \/>\n<meta property=\"og:description\" content=\"Voici la d\u00e9claration officielle du pr\u00e9sident-g\u00e9n\u00e9ral du syndicat des Teamsters, Jim Hoffa, concernant le blocage de\u00a0fronti\u00e8re canado-am\u00e9ricaine par les \u00ab\u00a0convois de la libert\u00e9\u00a0\u00bb :\" \/>\n<meta property=\"og:url\" content=\"https:\/\/teamsters.ca\/fr\/blog\/2022\/02\/11\/les-teamsters-denoncent-les-convois-de-la-liberte-qui-bloquent-la-frontiere-canadienne\/\" \/>\n<meta property=\"og:site_name\" content=\"Teamsters Canada\" \/>\n<meta property=\"article:publisher\" content=\"https:\/\/www.facebook.com\/Teamsterscanada\/\" \/>\n<meta property=\"article:published_time\" content=\"2022-02-11T13:16:32+00:00\" \/>\n<meta property=\"article:modified_time\" content=\"2022-02-11T14:06:01+00:00\" \/>\n<meta property=\"og:image\" content=\"https:\/\/teamsters.ca\/wp-content\/uploads\/2022\/02\/declarationfr.jpg\" \/>\n\t<meta property=\"og:image:width\" content=\"1166\" \/>\n\t<meta property=\"og:image:height\" content=\"768\" \/>\n\t<meta property=\"og:image:type\" content=\"image\/jpeg\" \/>\n<meta name=\"author\" content=\"St\u00e9phanie Meunier\" \/>\n<meta name=\"twitter:card\" content=\"summary_large_image\" \/>\n<meta name=\"twitter:creator\" content=\"@TeamstersCanada\" \/>\n<meta name=\"twitter:site\" content=\"@TeamstersCanada\" \/>\n<meta name=\"twitter:label1\" content=\"\u00c9crit par\" \/>\n\t<meta name=\"twitter:data1\" content=\"St\u00e9phanie Meunier\" \/>\n\t<meta name=\"twitter:label2\" content=\"Estimation du temps de lecture\" \/>\n\t<meta name=\"twitter:data2\" content=\"1 minute\" \/>\n<script type=\"application\/ld+json\" class=\"yoast-schema-graph\">{\"@context\":\"https:\/\/schema.org\",\"@graph\":[{\"@type\":\"Article\",\"@id\":\"https:\/\/teamsters.ca\/fr\/blog\/2022\/02\/11\/les-teamsters-denoncent-les-convois-de-la-liberte-qui-bloquent-la-frontiere-canadienne\/#article\",\"isPartOf\":{\"@id\":\"https:\/\/teamsters.ca\/fr\/blog\/2022\/02\/11\/les-teamsters-denoncent-les-convois-de-la-liberte-qui-bloquent-la-frontiere-canadienne\/\"},\"author\":{\"name\":\"St\u00e9phanie Meunier\",\"@id\":\"https:\/\/teamsters.ca\/fr\/#\/schema\/person\/3e6ffefc39fe2f212400b7d8d0a4a0c1\"},\"headline\":\"Les Teamsters d\u00e9noncent les \u00ab convois de la libert\u00e9 \u00bb qui bloquent la fronti\u00e8re canadienne\",\"datePublished\":\"2022-02-11T13:16:32+00:00\",\"dateModified\":\"2022-02-11T14:06:01+00:00\",\"mainEntityOfPage\":{\"@id\":\"https:\/\/teamsters.ca\/fr\/blog\/2022\/02\/11\/les-teamsters-denoncent-les-convois-de-la-liberte-qui-bloquent-la-frontiere-canadienne\/\"},\"wordCount\":254,\"publisher\":{\"@id\":\"https:\/\/teamsters.ca\/fr\/#organization\"},\"image\":{\"@id\":\"https:\/\/teamsters.ca\/fr\/blog\/2022\/02\/11\/les-teamsters-denoncent-les-convois-de-la-liberte-qui-bloquent-la-frontiere-canadienne\/#primaryimage\"},\"thumbnailUrl\":\"https:\/\/teamsters.ca\/wp-content\/uploads\/2022\/02\/declarationfr.jpg\",\"articleSection\":[\"Nouvelles\"],\"inLanguage\":\"fr-CA\"},{\"@type\":\"WebPage\",\"@id\":\"https:\/\/teamsters.ca\/fr\/blog\/2022\/02\/11\/les-teamsters-denoncent-les-convois-de-la-liberte-qui-bloquent-la-frontiere-canadienne\/\",\"url\":\"https:\/\/teamsters.ca\/fr\/blog\/2022\/02\/11\/les-teamsters-denoncent-les-convois-de-la-liberte-qui-bloquent-la-frontiere-canadienne\/\",\"name\":\"Les Teamsters d\u00e9noncent les \u00ab convois de la libert\u00e9 \u00bb qui bloquent la fronti\u00e8re canadienne | Teamsters Canada\",\"isPartOf\":{\"@id\":\"https:\/\/teamsters.ca\/fr\/#website\"},\"primaryImageOfPage\":{\"@id\":\"https:\/\/teamsters.ca\/fr\/blog\/2022\/02\/11\/les-teamsters-denoncent-les-convois-de-la-liberte-qui-bloquent-la-frontiere-canadienne\/#primaryimage\"},\"image\":{\"@id\":\"https:\/\/teamsters.ca\/fr\/blog\/2022\/02\/11\/les-teamsters-denoncent-les-convois-de-la-liberte-qui-bloquent-la-frontiere-canadienne\/#primaryimage\"},\"thumbnailUrl\":\"https:\/\/teamsters.ca\/wp-content\/uploads\/2022\/02\/declarationfr.jpg\",\"datePublished\":\"2022-02-11T13:16:32+00:00\",\"dateModified\":\"2022-02-11T14:06:01+00:00\",\"breadcrumb\":{\"@id\":\"https:\/\/teamsters.ca\/fr\/blog\/2022\/02\/11\/les-teamsters-denoncent-les-convois-de-la-liberte-qui-bloquent-la-frontiere-canadienne\/#breadcrumb\"},\"inLanguage\":\"fr-CA\",\"potentialAction\":[{\"@type\":\"ReadAction\",\"target\":[\"https:\/\/teamsters.ca\/fr\/blog\/2022\/02\/11\/les-teamsters-denoncent-les-convois-de-la-liberte-qui-bloquent-la-frontiere-canadienne\/\"]}]},{\"@type\":\"ImageObject\",\"inLanguage\":\"fr-CA\",\"@id\":\"https:\/\/teamsters.ca\/fr\/blog\/2022\/02\/11\/les-teamsters-denoncent-les-convois-de-la-liberte-qui-bloquent-la-frontiere-canadienne\/#primaryimage\",\"url\":\"https:\/\/teamsters.ca\/wp-content\/uploads\/2022\/02\/declarationfr.jpg\",\"contentUrl\":\"https:\/\/teamsters.ca\/wp-content\/uploads\/2022\/02\/declarationfr.jpg\",\"width\":1166,\"height\":768},{\"@type\":\"BreadcrumbList\",\"@id\":\"https:\/\/teamsters.ca\/fr\/blog\/2022\/02\/11\/les-teamsters-denoncent-les-convois-de-la-liberte-qui-bloquent-la-frontiere-canadienne\/#breadcrumb\",\"itemListElement\":[{\"@type\":\"ListItem\",\"position\":1,\"name\":\"Home\",\"item\":\"https:\/\/teamsters.ca\/fr\/\"},{\"@type\":\"ListItem\",\"position\":2,\"name\":\"Les Teamsters d\u00e9noncent les \u00ab convois de la libert\u00e9 \u00bb qui bloquent la fronti\u00e8re canadienne\"}]},{\"@type\":\"WebSite\",\"@id\":\"https:\/\/teamsters.ca\/fr\/#website\",\"url\":\"https:\/\/teamsters.ca\/fr\/\",\"name\":\"Teamsters Canada\",\"description\":\"A Canadian union representing over 125 000 members\",\"publisher\":{\"@id\":\"https:\/\/teamsters.ca\/fr\/#organization\"},\"potentialAction\":[{\"@type\":\"SearchAction\",\"target\":{\"@type\":\"EntryPoint\",\"urlTemplate\":\"https:\/\/teamsters.ca\/fr\/?s={search_term_string}\"},\"query-input\":{\"@type\":\"PropertyValueSpecification\",\"valueRequired\":true,\"valueName\":\"search_term_string\"}}],\"inLanguage\":\"fr-CA\"},{\"@type\":\"Organization\",\"@id\":\"https:\/\/teamsters.ca\/fr\/#organization\",\"name\":\"Teamsters Canada\",\"url\":\"https:\/\/teamsters.ca\/fr\/\",\"logo\":{\"@type\":\"ImageObject\",\"inLanguage\":\"fr-CA\",\"@id\":\"https:\/\/teamsters.ca\/fr\/#\/schema\/logo\/image\/\",\"url\":\"https:\/\/teamsters.ca\/wp-content\/uploads\/2019\/08\/TeamstersCanada.png\",\"contentUrl\":\"https:\/\/teamsters.ca\/wp-content\/uploads\/2019\/08\/TeamstersCanada.png\",\"width\":545,\"height\":181,\"caption\":\"Teamsters Canada\"},\"image\":{\"@id\":\"https:\/\/teamsters.ca\/fr\/#\/schema\/logo\/image\/\"},\"sameAs\":[\"https:\/\/www.facebook.com\/Teamsterscanada\/\",\"https:\/\/x.com\/TeamstersCanada\"]},{\"@type\":\"Person\",\"@id\":\"https:\/\/teamsters.ca\/fr\/#\/schema\/person\/3e6ffefc39fe2f212400b7d8d0a4a0c1\",\"name\":\"St\u00e9phanie Meunier\",\"image\":{\"@type\":\"ImageObject\",\"inLanguage\":\"fr-CA\",\"@id\":\"https:\/\/teamsters.ca\/fr\/#\/schema\/person\/image\/\",\"url\":\"https:\/\/secure.gravatar.com\/avatar\/e4e8404e91ed71cb473fa2708849669810cf083c89825a3d2dd0d47dd6b2be77?s=96&d=mm&r=g\",\"contentUrl\":\"https:\/\/secure.gravatar.com\/avatar\/e4e8404e91ed71cb473fa2708849669810cf083c89825a3d2dd0d47dd6b2be77?s=96&d=mm&r=g\",\"caption\":\"St\u00e9phanie Meunier\"},\"url\":\"https:\/\/teamsters.ca\/fr\/blog\/author\/smeunier\/\"}]}<\/script>\n<!-- \/ Yoast SEO Premium plugin. -->","yoast_head_json":{"title":"Les Teamsters d\u00e9noncent les \u00ab convois de la libert\u00e9 \u00bb qui bloquent la fronti\u00e8re canadienne | Teamsters Canada","robots":{"index":"index","follow":"follow","max-snippet":"max-snippet:-1","max-image-preview":"max-image-preview:large","max-video-preview":"max-video-preview:-1"},"canonical":"https:\/\/teamsters.ca\/fr\/blog\/2022\/02\/11\/les-teamsters-denoncent-les-convois-de-la-liberte-qui-bloquent-la-frontiere-canadienne\/","og_locale":"fr_CA","og_type":"article","og_title":"Les Teamsters d\u00e9noncent les \u00ab convois de la libert\u00e9 \u00bb qui bloquent la fronti\u00e8re canadienne","og_description":"Voici la d\u00e9claration officielle du pr\u00e9sident-g\u00e9n\u00e9ral du syndicat des Teamsters, Jim Hoffa, concernant le blocage de\u00a0fronti\u00e8re canado-am\u00e9ricaine par les \u00ab\u00a0convois de la libert\u00e9\u00a0\u00bb :","og_url":"https:\/\/teamsters.ca\/fr\/blog\/2022\/02\/11\/les-teamsters-denoncent-les-convois-de-la-liberte-qui-bloquent-la-frontiere-canadienne\/","og_site_name":"Teamsters Canada","article_publisher":"https:\/\/www.facebook.com\/Teamsterscanada\/","article_published_time":"2022-02-11T13:16:32+00:00","article_modified_time":"2022-02-11T14:06:01+00:00","og_image":[{"width":1166,"height":768,"url":"https:\/\/teamsters.ca\/wp-content\/uploads\/2022\/02\/declarationfr.jpg","type":"image\/jpeg"}],"author":"St\u00e9phanie Meunier","twitter_card":"summary_large_image","twitter_creator":"@TeamstersCanada","twitter_site":"@TeamstersCanada","twitter_misc":{"\u00c9crit par":"St\u00e9phanie Meunier","Estimation du temps de lecture":"1 minute"},"schema":{"@context":"https:\/\/schema.org","@graph":[{"@type":"Article","@id":"https:\/\/teamsters.ca\/fr\/blog\/2022\/02\/11\/les-teamsters-denoncent-les-convois-de-la-liberte-qui-bloquent-la-frontiere-canadienne\/#article","isPartOf":{"@id":"https:\/\/teamsters.ca\/fr\/blog\/2022\/02\/11\/les-teamsters-denoncent-les-convois-de-la-liberte-qui-bloquent-la-frontiere-canadienne\/"},"author":{"name":"St\u00e9phanie Meunier","@id":"https:\/\/teamsters.ca\/fr\/#\/schema\/person\/3e6ffefc39fe2f212400b7d8d0a4a0c1"},"headline":"Les Teamsters d\u00e9noncent les \u00ab convois de la libert\u00e9 \u00bb qui bloquent la fronti\u00e8re canadienne","datePublished":"2022-02-11T13:16:32+00:00","dateModified":"2022-02-11T14:06:01+00:00","mainEntityOfPage":{"@id":"https:\/\/teamsters.ca\/fr\/blog\/2022\/02\/11\/les-teamsters-denoncent-les-convois-de-la-liberte-qui-bloquent-la-frontiere-canadienne\/"},"wordCount":254,"publisher":{"@id":"https:\/\/teamsters.ca\/fr\/#organization"},"image":{"@id":"https:\/\/teamsters.ca\/fr\/blog\/2022\/02\/11\/les-teamsters-denoncent-les-convois-de-la-liberte-qui-bloquent-la-frontiere-canadienne\/#primaryimage"},"thumbnailUrl":"https:\/\/teamsters.ca\/wp-content\/uploads\/2022\/02\/declarationfr.jpg","articleSection":["Nouvelles"],"inLanguage":"fr-CA"},{"@type":"WebPage","@id":"https:\/\/teamsters.ca\/fr\/blog\/2022\/02\/11\/les-teamsters-denoncent-les-convois-de-la-liberte-qui-bloquent-la-frontiere-canadienne\/","url":"https:\/\/teamsters.ca\/fr\/blog\/2022\/02\/11\/les-teamsters-denoncent-les-convois-de-la-liberte-qui-bloquent-la-frontiere-canadienne\/","name":"Les Teamsters d\u00e9noncent les \u00ab convois de la libert\u00e9 \u00bb qui bloquent la fronti\u00e8re canadienne | Teamsters Canada","isPartOf":{"@id":"https:\/\/teamsters.ca\/fr\/#website"},"primaryImageOfPage":{"@id":"https:\/\/teamsters.ca\/fr\/blog\/2022\/02\/11\/les-teamsters-denoncent-les-convois-de-la-liberte-qui-bloquent-la-frontiere-canadienne\/#primaryimage"},"image":{"@id":"https:\/\/teamsters.ca\/fr\/blog\/2022\/02\/11\/les-teamsters-denoncent-les-convois-de-la-liberte-qui-bloquent-la-frontiere-canadienne\/#primaryimage"},"thumbnailUrl":"https:\/\/teamsters.ca\/wp-content\/uploads\/2022\/02\/declarationfr.jpg","datePublished":"2022-02-11T13:16:32+00:00","dateModified":"2022-02-11T14:06:01+00:00","breadcrumb":{"@id":"https:\/\/teamsters.ca\/fr\/blog\/2022\/02\/11\/les-teamsters-denoncent-les-convois-de-la-liberte-qui-bloquent-la-frontiere-canadienne\/#breadcrumb"},"inLanguage":"fr-CA","potentialAction":[{"@type":"ReadAction","target":["https:\/\/teamsters.ca\/fr\/blog\/2022\/02\/11\/les-teamsters-denoncent-les-convois-de-la-liberte-qui-bloquent-la-frontiere-canadienne\/"]}]},{"@type":"ImageObject","inLanguage":"fr-CA","@id":"https:\/\/teamsters.ca\/fr\/blog\/2022\/02\/11\/les-teamsters-denoncent-les-convois-de-la-liberte-qui-bloquent-la-frontiere-canadienne\/#primaryimage","url":"https:\/\/teamsters.ca\/wp-content\/uploads\/2022\/02\/declarationfr.jpg","contentUrl":"https:\/\/teamsters.ca\/wp-content\/uploads\/2022\/02\/declarationfr.jpg","width":1166,"height":768},{"@type":"BreadcrumbList","@id":"https:\/\/teamsters.ca\/fr\/blog\/2022\/02\/11\/les-teamsters-denoncent-les-convois-de-la-liberte-qui-bloquent-la-frontiere-canadienne\/#breadcrumb","itemListElement":[{"@type":"ListItem","position":1,"name":"Home","item":"https:\/\/teamsters.ca\/fr\/"},{"@type":"ListItem","position":2,"name":"Les Teamsters d\u00e9noncent les \u00ab convois de la libert\u00e9 \u00bb qui bloquent la fronti\u00e8re canadienne"}]},{"@type":"WebSite","@id":"https:\/\/teamsters.ca\/fr\/#website","url":"https:\/\/teamsters.ca\/fr\/","name":"Teamsters Canada","description":"A Canadian union representing over 125 000 members","publisher":{"@id":"https:\/\/teamsters.ca\/fr\/#organization"},"potentialAction":[{"@type":"SearchAction","target":{"@type":"EntryPoint","urlTemplate":"https:\/\/teamsters.ca\/fr\/?s={search_term_string}"},"query-input":{"@type":"PropertyValueSpecification","valueRequired":true,"valueName":"search_term_string"}}],"inLanguage":"fr-CA"},{"@type":"Organization","@id":"https:\/\/teamsters.ca\/fr\/#organization","name":"Teamsters Canada","url":"https:\/\/teamsters.ca\/fr\/","logo":{"@type":"ImageObject","inLanguage":"fr-CA","@id":"https:\/\/teamsters.ca\/fr\/#\/schema\/logo\/image\/","url":"https:\/\/teamsters.ca\/wp-content\/uploads\/2019\/08\/TeamstersCanada.png","contentUrl":"https:\/\/teamsters.ca\/wp-content\/uploads\/2019\/08\/TeamstersCanada.png","width":545,"height":181,"caption":"Teamsters Canada"},"image":{"@id":"https:\/\/teamsters.ca\/fr\/#\/schema\/logo\/image\/"},"sameAs":["https:\/\/www.facebook.com\/Teamsterscanada\/","https:\/\/x.com\/TeamstersCanada"]},{"@type":"Person","@id":"https:\/\/teamsters.ca\/fr\/#\/schema\/person\/3e6ffefc39fe2f212400b7d8d0a4a0c1","name":"St\u00e9phanie Meunier","image":{"@type":"ImageObject","inLanguage":"fr-CA","@id":"https:\/\/teamsters.ca\/fr\/#\/schema\/person\/image\/","url":"https:\/\/secure.gravatar.com\/avatar\/e4e8404e91ed71cb473fa2708849669810cf083c89825a3d2dd0d47dd6b2be77?s=96&d=mm&r=g","contentUrl":"https:\/\/secure.gravatar.com\/avatar\/e4e8404e91ed71cb473fa2708849669810cf083c89825a3d2dd0d47dd6b2be77?s=96&d=mm&r=g","caption":"St\u00e9phanie Meunier"},"url":"https:\/\/teamsters.ca\/fr\/blog\/author\/smeunier\/"}]}},"_links":{"self":[{"href":"https:\/\/teamsters.ca\/fr\/wp-json\/wp\/v2\/posts\/22723","targetHints":{"allow":["GET"]}}],"collection":[{"href":"https:\/\/teamsters.ca\/fr\/wp-json\/wp\/v2\/posts"}],"about":[{"href":"https:\/\/teamsters.ca\/fr\/wp-json\/wp\/v2\/types\/post"}],"author":[{"embeddable":true,"href":"https:\/\/teamsters.ca\/fr\/wp-json\/wp\/v2\/users\/8"}],"replies":[{"embeddable":true,"href":"https:\/\/teamsters.ca\/fr\/wp-json\/wp\/v2\/comments?post=22723"}],"version-history":[{"count":3,"href":"https:\/\/teamsters.ca\/fr\/wp-json\/wp\/v2\/posts\/22723\/revisions"}],"predecessor-version":[{"id":22728,"href":"https:\/\/teamsters.ca\/fr\/wp-json\/wp\/v2\/posts\/22723\/revisions\/22728"}],"wp:featuredmedia":[{"embeddable":true,"href":"https:\/\/teamsters.ca\/fr\/wp-json\/wp\/v2\/media\/22726"}],"wp:attachment":[{"href":"https:\/\/teamsters.ca\/fr\/wp-json\/wp\/v2\/media?parent=22723"}],"wp:term":[{"taxonomy":"category","embeddable":true,"href":"https:\/\/teamsters.ca\/fr\/wp-json\/wp\/v2\/categories?post=22723"},{"taxonomy":"post_tag","embeddable":true,"href":"https:\/\/teamsters.ca\/fr\/wp-json\/wp\/v2\/tags?post=22723"}],"curies":[{"name":"wp","href":"https:\/\/api.w.org\/{rel}","templated":true}]}}