{"id":22184,"date":"2021-11-17T10:00:00","date_gmt":"2021-11-17T15:00:00","guid":{"rendered":"https:\/\/teamsters.ca\/?p=22184"},"modified":"2021-11-17T12:01:52","modified_gmt":"2021-11-17T17:01:52","slug":"lalrb-ne-decrete-pas-de-vote-chez-amazon","status":"publish","type":"post","link":"https:\/\/teamsters.ca\/fr\/blog\/2021\/11\/17\/lalrb-ne-decrete-pas-de-vote-chez-amazon\/","title":{"rendered":"L\u2019ALRB ne d\u00e9cr\u00e8te pas de vote chez Amazon"},"content":{"rendered":"\n<p>Laval, 5 novembre 2021 \u2014 La Commission des relations de travail de l\u2019Alberta (ALRB)&nbsp;a examin\u00e9&nbsp;le d\u00e9p\u00f4t de la requ\u00eate en accr\u00e9ditation de la Section locale 987 concernant les travailleurs d\u2019Amazon du centre de traitement YYC1 de Calgary et a d\u00e9cid\u00e9 qu\u2019il n\u2019y aurait pas de vote.<\/p>\n\n\n\n<p>Il s\u2019agissait du deuxi\u00e8me d\u00e9p\u00f4t de requ\u00eate en accr\u00e9ditation fait par le syndicat Teamsters canadiens dans cette entreprise. Le premier a \u00e9t\u00e9 effectu\u00e9e le 13 septembre 2021 par la Section locale 362 des Teamsters pour les salari\u00e9\u00b7es de l\u2019entrep\u00f4t YEG 1 d\u2019Amazon&nbsp;\u00e0&nbsp;Nisku.<\/p>\n\n\n\n<p>\u00ab&nbsp;Nous sommes d\u00e9\u00e7us de la d\u00e9cision de l\u2019ALRB, mais il s\u2019agit d\u2019une \u00e9tape parmi tant d\u2019autres, fait remarquer le pr\u00e9sident de Teamsters Canada, Fran\u00e7ois Laporte. La syndicalisation d\u2019Amazon est une campagne de longue haleine et nos \u00e9quipes sur le terrain continueront \u00e0 approcher ces travailleurs et \u00e0 leur expliquer les avantages de la syndicalisation avec les Teamsters.&nbsp;\u00bb&nbsp;<\/p>\n\n\n\n<p>Pendant la campagne, les&nbsp;salari\u00e9\u00b7es&nbsp;d\u2019Amazon ont&nbsp;expliqu\u00e9 aux repr\u00e9sentants des Teamsters&nbsp;que la s\u00e9curit\u00e9&nbsp;d\u2019emploi, le rythme de travail, la discrimination et le favoritisme sont des enjeux majeurs pour eux.<\/p>\n\n\n\n<p>\u00ab&nbsp;Malgr\u00e9 cette d\u00e9cision d\u00e9cevante, nous allons continuer \u00e0 aider et \u00e0 accompagner les gens d\u2019Amazon, ajoute le secr\u00e9taire-tr\u00e9sorier de la Section locale 987,&nbsp;Jim Haryett. Nous resterons \u00e0 leurs c\u00f4t\u00e9s lorsqu\u2019ils choisiront de joindre le syndicat des Teamsters, que ce soit dans un mois, un an ou plus tard encore.&nbsp;\u00bb<\/p>\n\n\n\n<p>Un vote de l\u2019ALRB remport\u00e9 par les Teamsters lancerait un processus de n\u00e9gociation qui permettrait \u00e9ventuellement de mettre en place un premier contrat de travail entre les parties.<\/p>\n\n\n\n<p>\u00ab&nbsp;Cette campagne \u00e0 grande \u00e9chelle couvre l\u2019Am\u00e9rique du Nord et elle ne fait que commencer, conclut le pr\u00e9sident de Teamsters Canada. Il y aura des succ\u00e8s et des \u00e9checs tout au long du processus, mais je suis d\u2019avis que ce n\u2019est qu\u2019une question de temps avant qu\u2019un groupe de travailleurs d\u2019Amazon joigne les Teamsters.&nbsp;\u00bb<\/p>\n\n\n\n<p class=\"has-black-color has-text-color\">La Section locale 987 du syndicat des Teamsters examine actuellement le rapport de l&rsquo;ALRB et pourrait faire d&rsquo;autres commentaires&nbsp;\u00e0&nbsp;une date ult\u00e9rieure.<\/p>\n\n\n\n<p>Les travailleurs d\u2019Amazon en Alberta ont fait le premier pas vers la syndicalisation. Vous travaillez chez Amazon ?\u00a0<a href=\"https:\/\/teamsters.ca\/fr\/?page_id=21394\" data-type=\"URL\" data-id=\"https:\/\/teamsters.ca\/fr\/amazon\/\" target=\"_blank\" rel=\"noreferrer noopener\">Contactez un recruteur\u00a0des Teamsters ICI<\/a><\/p>\n\n\n\n<p><em>Le syndicat des Teamsters repr\u00e9sente les int\u00e9r\u00eats de 125 000 membres au Canada. Ils et elles sont affili\u00e9s-\u00e9es \u00e0 la Fraternit\u00e9 internationale des Teamsters, dont l\u2019effectif syndical est de 1,4 million de membres en Am\u00e9rique du Nord.<\/em><\/p>\n\n\n\n<p class=\"has-text-align-center\">-30-<\/p>\n\n\n\n<p>St\u00e9phane Lacroix, directeur des Communications et des Affaires publiques<br \/>Portable : 514 609-5101<br \/><a rel=\"noreferrer noopener\" href=\"mailto:slacroix@teamsters.ca\" target=\"_blank\">slacroix@teamsters.ca<\/a><\/p>\n","protected":false},"excerpt":{"rendered":"<p>La Commission des relations de travail de l\u2019Alberta (ALRB) a examin\u00e9 le d\u00e9p\u00f4t de la requ\u00eate en accr\u00e9ditation de la Section locale 987 concernant les travailleurs d\u2019Amazon du centre de traitement YYC1 de Calgary et a d\u00e9cid\u00e9 qu\u2019il n\u2019y aurait pas de vote.<\/p>\n","protected":false},"author":8,"featured_media":22193,"comment_status":"closed","ping_status":"closed","sticky":false,"template":"","format":"standard","meta":{"ngg_post_thumbnail":0,"mc4wp_mailchimp_campaign":[],"footnotes":""},"categories":[6702],"tags":[6703,1422,6755,6704,6756],"class_list":{"0":"post-22184","1":"post","2":"type-post","3":"status-publish","4":"format-standard","5":"has-post-thumbnail","7":"category-amazon","8":"tag-amazon","9":"tag-calgary-2","10":"tag-section-locale-987","11":"tag-travailleurs-amazon","12":"tag-yyc1"},"yoast_head":"<!-- This site is optimized with the Yoast SEO Premium plugin v25.5 (Yoast SEO v25.5) - https:\/\/yoast.com\/wordpress\/plugins\/seo\/ -->\n<title>L\u2019ALRB ne d\u00e9cr\u00e8te pas de vote chez Amazon | Teamsters Canada<\/title>\n<meta name=\"robots\" content=\"index, follow, max-snippet:-1, max-image-preview:large, max-video-preview:-1\" \/>\n<link rel=\"canonical\" href=\"https:\/\/teamsters.ca\/fr\/blog\/2021\/11\/17\/lalrb-ne-decrete-pas-de-vote-chez-amazon\/\" \/>\n<meta property=\"og:locale\" content=\"fr_CA\" \/>\n<meta property=\"og:type\" content=\"article\" \/>\n<meta property=\"og:title\" content=\"L\u2019ALRB ne d\u00e9cr\u00e8te pas de vote chez Amazon\" \/>\n<meta property=\"og:description\" content=\"La Commission des relations de travail de l\u2019Alberta (ALRB) a examin\u00e9 le d\u00e9p\u00f4t de la requ\u00eate en accr\u00e9ditation de la Section locale 987 concernant les travailleurs d\u2019Amazon du centre de traitement YYC1 de Calgary et a d\u00e9cid\u00e9 qu\u2019il n\u2019y aurait pas de vote.\" \/>\n<meta property=\"og:url\" content=\"https:\/\/teamsters.ca\/fr\/blog\/2021\/11\/17\/lalrb-ne-decrete-pas-de-vote-chez-amazon\/\" \/>\n<meta property=\"og:site_name\" content=\"Teamsters Canada\" \/>\n<meta property=\"article:publisher\" content=\"https:\/\/www.facebook.com\/Teamsterscanada\/\" \/>\n<meta property=\"article:published_time\" content=\"2021-11-17T15:00:00+00:00\" \/>\n<meta property=\"article:modified_time\" content=\"2021-11-17T17:01:52+00:00\" \/>\n<meta property=\"og:image\" content=\"https:\/\/teamsters.ca\/wp-content\/uploads\/2021\/11\/Amazon987FR.png\" \/>\n\t<meta property=\"og:image:width\" content=\"1167\" \/>\n\t<meta property=\"og:image:height\" content=\"768\" \/>\n\t<meta property=\"og:image:type\" content=\"image\/png\" \/>\n<meta name=\"author\" content=\"St\u00e9phanie Meunier\" \/>\n<meta name=\"twitter:card\" content=\"summary_large_image\" \/>\n<meta name=\"twitter:creator\" content=\"@TeamstersCanada\" \/>\n<meta name=\"twitter:site\" content=\"@TeamstersCanada\" \/>\n<meta name=\"twitter:label1\" content=\"\u00c9crit par\" \/>\n\t<meta name=\"twitter:data1\" content=\"St\u00e9phanie Meunier\" \/>\n\t<meta name=\"twitter:label2\" content=\"Estimation du temps de lecture\" \/>\n\t<meta name=\"twitter:data2\" content=\"2 minutes\" \/>\n<script type=\"application\/ld+json\" class=\"yoast-schema-graph\">{\"@context\":\"https:\/\/schema.org\",\"@graph\":[{\"@type\":\"Article\",\"@id\":\"https:\/\/teamsters.ca\/fr\/blog\/2021\/11\/17\/lalrb-ne-decrete-pas-de-vote-chez-amazon\/#article\",\"isPartOf\":{\"@id\":\"https:\/\/teamsters.ca\/fr\/blog\/2021\/11\/17\/lalrb-ne-decrete-pas-de-vote-chez-amazon\/\"},\"author\":{\"name\":\"St\u00e9phanie Meunier\",\"@id\":\"https:\/\/teamsters.ca\/fr\/#\/schema\/person\/3e6ffefc39fe2f212400b7d8d0a4a0c1\"},\"headline\":\"L\u2019ALRB ne d\u00e9cr\u00e8te pas de vote chez Amazon\",\"datePublished\":\"2021-11-17T15:00:00+00:00\",\"dateModified\":\"2021-11-17T17:01:52+00:00\",\"mainEntityOfPage\":{\"@id\":\"https:\/\/teamsters.ca\/fr\/blog\/2021\/11\/17\/lalrb-ne-decrete-pas-de-vote-chez-amazon\/\"},\"wordCount\":466,\"publisher\":{\"@id\":\"https:\/\/teamsters.ca\/fr\/#organization\"},\"image\":{\"@id\":\"https:\/\/teamsters.ca\/fr\/blog\/2021\/11\/17\/lalrb-ne-decrete-pas-de-vote-chez-amazon\/#primaryimage\"},\"thumbnailUrl\":\"https:\/\/teamsters.ca\/wp-content\/uploads\/2021\/11\/Amazon987FR.png\",\"keywords\":[\"Amazon\",\"Calgary\",\"Section locale 987\",\"travailleurs amazon\",\"YYC1\"],\"articleSection\":[\"AMAZON\"],\"inLanguage\":\"fr-CA\"},{\"@type\":\"WebPage\",\"@id\":\"https:\/\/teamsters.ca\/fr\/blog\/2021\/11\/17\/lalrb-ne-decrete-pas-de-vote-chez-amazon\/\",\"url\":\"https:\/\/teamsters.ca\/fr\/blog\/2021\/11\/17\/lalrb-ne-decrete-pas-de-vote-chez-amazon\/\",\"name\":\"L\u2019ALRB ne d\u00e9cr\u00e8te pas de vote chez Amazon | Teamsters Canada\",\"isPartOf\":{\"@id\":\"https:\/\/teamsters.ca\/fr\/#website\"},\"primaryImageOfPage\":{\"@id\":\"https:\/\/teamsters.ca\/fr\/blog\/2021\/11\/17\/lalrb-ne-decrete-pas-de-vote-chez-amazon\/#primaryimage\"},\"image\":{\"@id\":\"https:\/\/teamsters.ca\/fr\/blog\/2021\/11\/17\/lalrb-ne-decrete-pas-de-vote-chez-amazon\/#primaryimage\"},\"thumbnailUrl\":\"https:\/\/teamsters.ca\/wp-content\/uploads\/2021\/11\/Amazon987FR.png\",\"datePublished\":\"2021-11-17T15:00:00+00:00\",\"dateModified\":\"2021-11-17T17:01:52+00:00\",\"breadcrumb\":{\"@id\":\"https:\/\/teamsters.ca\/fr\/blog\/2021\/11\/17\/lalrb-ne-decrete-pas-de-vote-chez-amazon\/#breadcrumb\"},\"inLanguage\":\"fr-CA\",\"potentialAction\":[{\"@type\":\"ReadAction\",\"target\":[\"https:\/\/teamsters.ca\/fr\/blog\/2021\/11\/17\/lalrb-ne-decrete-pas-de-vote-chez-amazon\/\"]}]},{\"@type\":\"ImageObject\",\"inLanguage\":\"fr-CA\",\"@id\":\"https:\/\/teamsters.ca\/fr\/blog\/2021\/11\/17\/lalrb-ne-decrete-pas-de-vote-chez-amazon\/#primaryimage\",\"url\":\"https:\/\/teamsters.ca\/wp-content\/uploads\/2021\/11\/Amazon987FR.png\",\"contentUrl\":\"https:\/\/teamsters.ca\/wp-content\/uploads\/2021\/11\/Amazon987FR.png\",\"width\":1167,\"height\":768},{\"@type\":\"BreadcrumbList\",\"@id\":\"https:\/\/teamsters.ca\/fr\/blog\/2021\/11\/17\/lalrb-ne-decrete-pas-de-vote-chez-amazon\/#breadcrumb\",\"itemListElement\":[{\"@type\":\"ListItem\",\"position\":1,\"name\":\"Home\",\"item\":\"https:\/\/teamsters.ca\/fr\/\"},{\"@type\":\"ListItem\",\"position\":2,\"name\":\"L\u2019ALRB ne d\u00e9cr\u00e8te pas de vote chez Amazon\"}]},{\"@type\":\"WebSite\",\"@id\":\"https:\/\/teamsters.ca\/fr\/#website\",\"url\":\"https:\/\/teamsters.ca\/fr\/\",\"name\":\"Teamsters Canada\",\"description\":\"A Canadian union representing over 125 000 members\",\"publisher\":{\"@id\":\"https:\/\/teamsters.ca\/fr\/#organization\"},\"potentialAction\":[{\"@type\":\"SearchAction\",\"target\":{\"@type\":\"EntryPoint\",\"urlTemplate\":\"https:\/\/teamsters.ca\/fr\/?s={search_term_string}\"},\"query-input\":{\"@type\":\"PropertyValueSpecification\",\"valueRequired\":true,\"valueName\":\"search_term_string\"}}],\"inLanguage\":\"fr-CA\"},{\"@type\":\"Organization\",\"@id\":\"https:\/\/teamsters.ca\/fr\/#organization\",\"name\":\"Teamsters Canada\",\"url\":\"https:\/\/teamsters.ca\/fr\/\",\"logo\":{\"@type\":\"ImageObject\",\"inLanguage\":\"fr-CA\",\"@id\":\"https:\/\/teamsters.ca\/fr\/#\/schema\/logo\/image\/\",\"url\":\"https:\/\/teamsters.ca\/wp-content\/uploads\/2019\/08\/TeamstersCanada.png\",\"contentUrl\":\"https:\/\/teamsters.ca\/wp-content\/uploads\/2019\/08\/TeamstersCanada.png\",\"width\":545,\"height\":181,\"caption\":\"Teamsters Canada\"},\"image\":{\"@id\":\"https:\/\/teamsters.ca\/fr\/#\/schema\/logo\/image\/\"},\"sameAs\":[\"https:\/\/www.facebook.com\/Teamsterscanada\/\",\"https:\/\/x.com\/TeamstersCanada\"]},{\"@type\":\"Person\",\"@id\":\"https:\/\/teamsters.ca\/fr\/#\/schema\/person\/3e6ffefc39fe2f212400b7d8d0a4a0c1\",\"name\":\"St\u00e9phanie Meunier\",\"image\":{\"@type\":\"ImageObject\",\"inLanguage\":\"fr-CA\",\"@id\":\"https:\/\/teamsters.ca\/fr\/#\/schema\/person\/image\/\",\"url\":\"https:\/\/secure.gravatar.com\/avatar\/e4e8404e91ed71cb473fa2708849669810cf083c89825a3d2dd0d47dd6b2be77?s=96&d=mm&r=g\",\"contentUrl\":\"https:\/\/secure.gravatar.com\/avatar\/e4e8404e91ed71cb473fa2708849669810cf083c89825a3d2dd0d47dd6b2be77?s=96&d=mm&r=g\",\"caption\":\"St\u00e9phanie Meunier\"},\"url\":\"https:\/\/teamsters.ca\/fr\/blog\/author\/smeunier\/\"}]}<\/script>\n<!-- \/ Yoast SEO Premium plugin. -->","yoast_head_json":{"title":"L\u2019ALRB ne d\u00e9cr\u00e8te pas de vote chez Amazon | Teamsters Canada","robots":{"index":"index","follow":"follow","max-snippet":"max-snippet:-1","max-image-preview":"max-image-preview:large","max-video-preview":"max-video-preview:-1"},"canonical":"https:\/\/teamsters.ca\/fr\/blog\/2021\/11\/17\/lalrb-ne-decrete-pas-de-vote-chez-amazon\/","og_locale":"fr_CA","og_type":"article","og_title":"L\u2019ALRB ne d\u00e9cr\u00e8te pas de vote chez Amazon","og_description":"La Commission des relations de travail de l\u2019Alberta (ALRB) a examin\u00e9 le d\u00e9p\u00f4t de la requ\u00eate en accr\u00e9ditation de la Section locale 987 concernant les travailleurs d\u2019Amazon du centre de traitement YYC1 de Calgary et a d\u00e9cid\u00e9 qu\u2019il n\u2019y aurait pas de vote.","og_url":"https:\/\/teamsters.ca\/fr\/blog\/2021\/11\/17\/lalrb-ne-decrete-pas-de-vote-chez-amazon\/","og_site_name":"Teamsters Canada","article_publisher":"https:\/\/www.facebook.com\/Teamsterscanada\/","article_published_time":"2021-11-17T15:00:00+00:00","article_modified_time":"2021-11-17T17:01:52+00:00","og_image":[{"width":1167,"height":768,"url":"https:\/\/teamsters.ca\/wp-content\/uploads\/2021\/11\/Amazon987FR.png","type":"image\/png"}],"author":"St\u00e9phanie Meunier","twitter_card":"summary_large_image","twitter_creator":"@TeamstersCanada","twitter_site":"@TeamstersCanada","twitter_misc":{"\u00c9crit par":"St\u00e9phanie Meunier","Estimation du temps de lecture":"2 minutes"},"schema":{"@context":"https:\/\/schema.org","@graph":[{"@type":"Article","@id":"https:\/\/teamsters.ca\/fr\/blog\/2021\/11\/17\/lalrb-ne-decrete-pas-de-vote-chez-amazon\/#article","isPartOf":{"@id":"https:\/\/teamsters.ca\/fr\/blog\/2021\/11\/17\/lalrb-ne-decrete-pas-de-vote-chez-amazon\/"},"author":{"name":"St\u00e9phanie Meunier","@id":"https:\/\/teamsters.ca\/fr\/#\/schema\/person\/3e6ffefc39fe2f212400b7d8d0a4a0c1"},"headline":"L\u2019ALRB ne d\u00e9cr\u00e8te pas de vote chez Amazon","datePublished":"2021-11-17T15:00:00+00:00","dateModified":"2021-11-17T17:01:52+00:00","mainEntityOfPage":{"@id":"https:\/\/teamsters.ca\/fr\/blog\/2021\/11\/17\/lalrb-ne-decrete-pas-de-vote-chez-amazon\/"},"wordCount":466,"publisher":{"@id":"https:\/\/teamsters.ca\/fr\/#organization"},"image":{"@id":"https:\/\/teamsters.ca\/fr\/blog\/2021\/11\/17\/lalrb-ne-decrete-pas-de-vote-chez-amazon\/#primaryimage"},"thumbnailUrl":"https:\/\/teamsters.ca\/wp-content\/uploads\/2021\/11\/Amazon987FR.png","keywords":["Amazon","Calgary","Section locale 987","travailleurs amazon","YYC1"],"articleSection":["AMAZON"],"inLanguage":"fr-CA"},{"@type":"WebPage","@id":"https:\/\/teamsters.ca\/fr\/blog\/2021\/11\/17\/lalrb-ne-decrete-pas-de-vote-chez-amazon\/","url":"https:\/\/teamsters.ca\/fr\/blog\/2021\/11\/17\/lalrb-ne-decrete-pas-de-vote-chez-amazon\/","name":"L\u2019ALRB ne d\u00e9cr\u00e8te pas de vote chez Amazon | Teamsters Canada","isPartOf":{"@id":"https:\/\/teamsters.ca\/fr\/#website"},"primaryImageOfPage":{"@id":"https:\/\/teamsters.ca\/fr\/blog\/2021\/11\/17\/lalrb-ne-decrete-pas-de-vote-chez-amazon\/#primaryimage"},"image":{"@id":"https:\/\/teamsters.ca\/fr\/blog\/2021\/11\/17\/lalrb-ne-decrete-pas-de-vote-chez-amazon\/#primaryimage"},"thumbnailUrl":"https:\/\/teamsters.ca\/wp-content\/uploads\/2021\/11\/Amazon987FR.png","datePublished":"2021-11-17T15:00:00+00:00","dateModified":"2021-11-17T17:01:52+00:00","breadcrumb":{"@id":"https:\/\/teamsters.ca\/fr\/blog\/2021\/11\/17\/lalrb-ne-decrete-pas-de-vote-chez-amazon\/#breadcrumb"},"inLanguage":"fr-CA","potentialAction":[{"@type":"ReadAction","target":["https:\/\/teamsters.ca\/fr\/blog\/2021\/11\/17\/lalrb-ne-decrete-pas-de-vote-chez-amazon\/"]}]},{"@type":"ImageObject","inLanguage":"fr-CA","@id":"https:\/\/teamsters.ca\/fr\/blog\/2021\/11\/17\/lalrb-ne-decrete-pas-de-vote-chez-amazon\/#primaryimage","url":"https:\/\/teamsters.ca\/wp-content\/uploads\/2021\/11\/Amazon987FR.png","contentUrl":"https:\/\/teamsters.ca\/wp-content\/uploads\/2021\/11\/Amazon987FR.png","width":1167,"height":768},{"@type":"BreadcrumbList","@id":"https:\/\/teamsters.ca\/fr\/blog\/2021\/11\/17\/lalrb-ne-decrete-pas-de-vote-chez-amazon\/#breadcrumb","itemListElement":[{"@type":"ListItem","position":1,"name":"Home","item":"https:\/\/teamsters.ca\/fr\/"},{"@type":"ListItem","position":2,"name":"L\u2019ALRB ne d\u00e9cr\u00e8te pas de vote chez Amazon"}]},{"@type":"WebSite","@id":"https:\/\/teamsters.ca\/fr\/#website","url":"https:\/\/teamsters.ca\/fr\/","name":"Teamsters Canada","description":"A Canadian union representing over 125 000 members","publisher":{"@id":"https:\/\/teamsters.ca\/fr\/#organization"},"potentialAction":[{"@type":"SearchAction","target":{"@type":"EntryPoint","urlTemplate":"https:\/\/teamsters.ca\/fr\/?s={search_term_string}"},"query-input":{"@type":"PropertyValueSpecification","valueRequired":true,"valueName":"search_term_string"}}],"inLanguage":"fr-CA"},{"@type":"Organization","@id":"https:\/\/teamsters.ca\/fr\/#organization","name":"Teamsters Canada","url":"https:\/\/teamsters.ca\/fr\/","logo":{"@type":"ImageObject","inLanguage":"fr-CA","@id":"https:\/\/teamsters.ca\/fr\/#\/schema\/logo\/image\/","url":"https:\/\/teamsters.ca\/wp-content\/uploads\/2019\/08\/TeamstersCanada.png","contentUrl":"https:\/\/teamsters.ca\/wp-content\/uploads\/2019\/08\/TeamstersCanada.png","width":545,"height":181,"caption":"Teamsters Canada"},"image":{"@id":"https:\/\/teamsters.ca\/fr\/#\/schema\/logo\/image\/"},"sameAs":["https:\/\/www.facebook.com\/Teamsterscanada\/","https:\/\/x.com\/TeamstersCanada"]},{"@type":"Person","@id":"https:\/\/teamsters.ca\/fr\/#\/schema\/person\/3e6ffefc39fe2f212400b7d8d0a4a0c1","name":"St\u00e9phanie Meunier","image":{"@type":"ImageObject","inLanguage":"fr-CA","@id":"https:\/\/teamsters.ca\/fr\/#\/schema\/person\/image\/","url":"https:\/\/secure.gravatar.com\/avatar\/e4e8404e91ed71cb473fa2708849669810cf083c89825a3d2dd0d47dd6b2be77?s=96&d=mm&r=g","contentUrl":"https:\/\/secure.gravatar.com\/avatar\/e4e8404e91ed71cb473fa2708849669810cf083c89825a3d2dd0d47dd6b2be77?s=96&d=mm&r=g","caption":"St\u00e9phanie Meunier"},"url":"https:\/\/teamsters.ca\/fr\/blog\/author\/smeunier\/"}]}},"_links":{"self":[{"href":"https:\/\/teamsters.ca\/fr\/wp-json\/wp\/v2\/posts\/22184","targetHints":{"allow":["GET"]}}],"collection":[{"href":"https:\/\/teamsters.ca\/fr\/wp-json\/wp\/v2\/posts"}],"about":[{"href":"https:\/\/teamsters.ca\/fr\/wp-json\/wp\/v2\/types\/post"}],"author":[{"embeddable":true,"href":"https:\/\/teamsters.ca\/fr\/wp-json\/wp\/v2\/users\/8"}],"replies":[{"embeddable":true,"href":"https:\/\/teamsters.ca\/fr\/wp-json\/wp\/v2\/comments?post=22184"}],"version-history":[{"count":34,"href":"https:\/\/teamsters.ca\/fr\/wp-json\/wp\/v2\/posts\/22184\/revisions"}],"predecessor-version":[{"id":22242,"href":"https:\/\/teamsters.ca\/fr\/wp-json\/wp\/v2\/posts\/22184\/revisions\/22242"}],"wp:featuredmedia":[{"embeddable":true,"href":"https:\/\/teamsters.ca\/fr\/wp-json\/wp\/v2\/media\/22193"}],"wp:attachment":[{"href":"https:\/\/teamsters.ca\/fr\/wp-json\/wp\/v2\/media?parent=22184"}],"wp:term":[{"taxonomy":"category","embeddable":true,"href":"https:\/\/teamsters.ca\/fr\/wp-json\/wp\/v2\/categories?post=22184"},{"taxonomy":"post_tag","embeddable":true,"href":"https:\/\/teamsters.ca\/fr\/wp-json\/wp\/v2\/tags?post=22184"}],"curies":[{"name":"wp","href":"https:\/\/api.w.org\/{rel}","templated":true}]}}