{"id":22143,"date":"2021-11-10T21:05:43","date_gmt":"2021-11-11T02:05:43","guid":{"rendered":"https:\/\/teamsters.ca\/?p=22143"},"modified":"2021-11-10T21:05:45","modified_gmt":"2021-11-11T02:05:45","slug":"fin-de-la-greve-chez-autobus-rive-sud-division-sainte-julie","status":"publish","type":"post","link":"https:\/\/teamsters.ca\/fr\/blog\/2021\/11\/10\/fin-de-la-greve-chez-autobus-rive-sud-division-sainte-julie\/","title":{"rendered":"Fin de la gr\u00e8ve chez Autobus Rive-Sud Division Sainte-Julie"},"content":{"rendered":"\n<p>Laval,&nbsp;10&nbsp;novembre 2021&nbsp;\u2014&nbsp;Les travailleurs et les travailleuses d\u2019Autobus Rive-Sud, Division Sainte-Julie, ont obtenu une entente de principe avec leur employeur lundi dernier. Ces chauffeurs et ces chauffeuses d\u2019autobus scolaires sont affili\u00e9s \u00e0 la Section locale 106 du syndicat des Teamsters.&nbsp;<\/p>\n\n\n\n<p>Les syndiqu\u00e9\u00b7es obtiennent des augmentations de salaire substantielles et un contrat de travail d\u2019une dur\u00e9e de 2 ans avec un paiement r\u00e9troactif la premi\u00e8re ann\u00e9e.<\/p>\n\n\n\n<p>\u00ab&nbsp;Encore une fois, la solidarit\u00e9&nbsp;de nos membres a&nbsp;\u00e9t\u00e9 une strat\u00e9gie gagnante, a dit le pr\u00e9sident de Teamsters Canada, Fran\u00e7ois Laporte. Il s\u2019agit aussi d\u2019un message \u00e0 tous les travailleurs et travailleuses de l\u2019industrie&nbsp;: c\u2019est en se tenant debout qu\u2019on peut am\u00e9liorer&nbsp;son sort.&nbsp;\u00bb&nbsp;<\/p>\n\n\n\n<p>Les n\u00e9gociations chez Autobus Rive-Sud repr\u00e9sentent le coup de d\u00e9part de pas moins de 25 n\u00e9gociations pour le renouvellement de contrats de travail chez les Teamsters dans ce secteur d\u2019activit\u00e9 dans les 12 prochains mois.<\/p>\n\n\n\n<p>\u00ab&nbsp;Nous allons exiger de meilleures conditions de travail \u00e0 tous les employeurs avec lesquels nous ren\u00e9gocierons en 2022, met en garde le pr\u00e9sident de la Section locale 106 des Teamsters, Jean Chartrand. La prime de r\u00e9tention vers\u00e9e par le gouvernement aux chauffeurs et chauffeuses jusqu\u2019en 2024-2025 n\u2019est pas une hausse salariale et les compagnies de transport scolaires doivent en prendre bonne note.&nbsp;\u00bb<\/p>\n\n\n\n<p>Les pr\u00e9sidents de Teamsters Canada et de la Section locale 106 tiennent d\u2019ailleurs \u00e0 f\u00e9liciter la consoeur Sylvie Duval et le comit\u00e9 de n\u00e9gociations pour le travail colossal qu\u2019ils ont accompli.<\/p>\n\n\n\n<p>Cette entente de principe sera recommand\u00e9e aux membres lors d\u2019une assembl\u00e9e syndicale qui se tiendra aujourd\u2019hui.<\/p>\n\n\n\n<p><\/p>\n\n\n\n<figure class=\"wp-block-gallery columns-3 is-cropped wp-block-gallery-1 is-layout-flex wp-block-gallery-is-layout-flex\"><ul class=\"blocks-gallery-grid\"><li class=\"blocks-gallery-item\"><figure><img loading=\"lazy\" decoding=\"async\" width=\"640\" height=\"480\" src=\"https:\/\/teamsters.ca\/wp-content\/uploads\/2021\/11\/Unknown-1.jpeg\" alt=\"\" data-id=\"22148\" data-link=\"https:\/\/teamsters.ca\/fr\/?attachment_id=22148\" class=\"wp-image-22148\" srcset=\"https:\/\/teamsters.ca\/wp-content\/uploads\/2021\/11\/Unknown-1.jpeg 640w, https:\/\/teamsters.ca\/wp-content\/uploads\/2021\/11\/Unknown-1-300x225.jpeg 300w, https:\/\/teamsters.ca\/wp-content\/uploads\/2021\/11\/Unknown-1-150x113.jpeg 150w, https:\/\/teamsters.ca\/wp-content\/uploads\/2021\/11\/Unknown-1-560x420.jpeg 560w, https:\/\/teamsters.ca\/wp-content\/uploads\/2021\/11\/Unknown-1-80x60.jpeg 80w, https:\/\/teamsters.ca\/wp-content\/uploads\/2021\/11\/Unknown-1-265x198.jpeg 265w\" sizes=\"auto, (max-width: 640px) 100vw, 640px\" \/><\/figure><\/li><li class=\"blocks-gallery-item\"><figure><img loading=\"lazy\" decoding=\"async\" width=\"640\" height=\"480\" src=\"https:\/\/teamsters.ca\/wp-content\/uploads\/2021\/11\/Unknown-2.jpeg\" alt=\"\" data-id=\"22150\" data-link=\"https:\/\/teamsters.ca\/fr\/?attachment_id=22150\" class=\"wp-image-22150\" srcset=\"https:\/\/teamsters.ca\/wp-content\/uploads\/2021\/11\/Unknown-2.jpeg 640w, https:\/\/teamsters.ca\/wp-content\/uploads\/2021\/11\/Unknown-2-300x225.jpeg 300w, https:\/\/teamsters.ca\/wp-content\/uploads\/2021\/11\/Unknown-2-150x113.jpeg 150w, https:\/\/teamsters.ca\/wp-content\/uploads\/2021\/11\/Unknown-2-560x420.jpeg 560w, https:\/\/teamsters.ca\/wp-content\/uploads\/2021\/11\/Unknown-2-80x60.jpeg 80w, https:\/\/teamsters.ca\/wp-content\/uploads\/2021\/11\/Unknown-2-265x198.jpeg 265w\" sizes=\"auto, (max-width: 640px) 100vw, 640px\" \/><\/figure><\/li><li class=\"blocks-gallery-item\"><figure><img loading=\"lazy\" decoding=\"async\" width=\"1024\" height=\"768\" src=\"https:\/\/teamsters.ca\/wp-content\/uploads\/2021\/11\/253880960_269958475140521_2299423283626626276_n-1024x768.jpg\" alt=\"\" data-id=\"22155\" data-full-url=\"https:\/\/teamsters.ca\/wp-content\/uploads\/2021\/11\/253880960_269958475140521_2299423283626626276_n.jpg\" data-link=\"https:\/\/teamsters.ca\/fr\/?attachment_id=22155\" class=\"wp-image-22155\" srcset=\"https:\/\/teamsters.ca\/wp-content\/uploads\/2021\/11\/253880960_269958475140521_2299423283626626276_n-1024x768.jpg 1024w, https:\/\/teamsters.ca\/wp-content\/uploads\/2021\/11\/253880960_269958475140521_2299423283626626276_n-300x225.jpg 300w, https:\/\/teamsters.ca\/wp-content\/uploads\/2021\/11\/253880960_269958475140521_2299423283626626276_n-150x113.jpg 150w, https:\/\/teamsters.ca\/wp-content\/uploads\/2021\/11\/253880960_269958475140521_2299423283626626276_n-768x576.jpg 768w, https:\/\/teamsters.ca\/wp-content\/uploads\/2021\/11\/253880960_269958475140521_2299423283626626276_n-1536x1152.jpg 1536w, https:\/\/teamsters.ca\/wp-content\/uploads\/2021\/11\/253880960_269958475140521_2299423283626626276_n-696x522.jpg 696w, https:\/\/teamsters.ca\/wp-content\/uploads\/2021\/11\/253880960_269958475140521_2299423283626626276_n-1068x801.jpg 1068w, https:\/\/teamsters.ca\/wp-content\/uploads\/2021\/11\/253880960_269958475140521_2299423283626626276_n-1920x1440.jpg 1920w, https:\/\/teamsters.ca\/wp-content\/uploads\/2021\/11\/253880960_269958475140521_2299423283626626276_n-560x420.jpg 560w, https:\/\/teamsters.ca\/wp-content\/uploads\/2021\/11\/253880960_269958475140521_2299423283626626276_n-80x60.jpg 80w, https:\/\/teamsters.ca\/wp-content\/uploads\/2021\/11\/253880960_269958475140521_2299423283626626276_n-265x198.jpg 265w, https:\/\/teamsters.ca\/wp-content\/uploads\/2021\/11\/253880960_269958475140521_2299423283626626276_n.jpg 2016w\" sizes=\"auto, (max-width: 1024px) 100vw, 1024px\" \/><\/figure><\/li><li class=\"blocks-gallery-item\"><figure><img loading=\"lazy\" decoding=\"async\" width=\"1024\" height=\"768\" src=\"https:\/\/teamsters.ca\/wp-content\/uploads\/2021\/11\/253591785_270086005127768_527586354430817230_n-1024x768.jpg\" alt=\"\" data-id=\"22153\" data-full-url=\"https:\/\/teamsters.ca\/wp-content\/uploads\/2021\/11\/253591785_270086005127768_527586354430817230_n.jpg\" data-link=\"https:\/\/teamsters.ca\/fr\/?attachment_id=22153\" class=\"wp-image-22153\" srcset=\"https:\/\/teamsters.ca\/wp-content\/uploads\/2021\/11\/253591785_270086005127768_527586354430817230_n-1024x768.jpg 1024w, https:\/\/teamsters.ca\/wp-content\/uploads\/2021\/11\/253591785_270086005127768_527586354430817230_n-300x225.jpg 300w, https:\/\/teamsters.ca\/wp-content\/uploads\/2021\/11\/253591785_270086005127768_527586354430817230_n-150x113.jpg 150w, https:\/\/teamsters.ca\/wp-content\/uploads\/2021\/11\/253591785_270086005127768_527586354430817230_n-768x576.jpg 768w, https:\/\/teamsters.ca\/wp-content\/uploads\/2021\/11\/253591785_270086005127768_527586354430817230_n-1536x1152.jpg 1536w, https:\/\/teamsters.ca\/wp-content\/uploads\/2021\/11\/253591785_270086005127768_527586354430817230_n-696x522.jpg 696w, https:\/\/teamsters.ca\/wp-content\/uploads\/2021\/11\/253591785_270086005127768_527586354430817230_n-1068x801.jpg 1068w, https:\/\/teamsters.ca\/wp-content\/uploads\/2021\/11\/253591785_270086005127768_527586354430817230_n-1920x1440.jpg 1920w, https:\/\/teamsters.ca\/wp-content\/uploads\/2021\/11\/253591785_270086005127768_527586354430817230_n-560x420.jpg 560w, https:\/\/teamsters.ca\/wp-content\/uploads\/2021\/11\/253591785_270086005127768_527586354430817230_n-80x60.jpg 80w, https:\/\/teamsters.ca\/wp-content\/uploads\/2021\/11\/253591785_270086005127768_527586354430817230_n-265x198.jpg 265w, https:\/\/teamsters.ca\/wp-content\/uploads\/2021\/11\/253591785_270086005127768_527586354430817230_n.jpg 2016w\" sizes=\"auto, (max-width: 1024px) 100vw, 1024px\" \/><\/figure><\/li><\/ul><\/figure>\n\n\n\n<p><em>Le syndicat des Teamsters repr\u00e9sente les int\u00e9r\u00eats de 125 000 membres au Canada. Ils et elles sont affili\u00e9s-\u00e9es \u00e0 la Fraternit\u00e9 internationale des Teamsters, dont l<\/em><em>\u2019<\/em><em>effectif syndical est de 1,4 million de membres en Am\u00e9rique du Nord.<\/em><em><\/em><\/p>\n\n\n\n<p class=\"has-text-align-center\">-30-<\/p>\n\n\n\n<p>St\u00e9phane Lacroix, directeur des Communications et des Affaires publiques<br \/>Portable : 514 609-5101<br \/><a rel=\"noreferrer noopener\" href=\"mailto:slacroix@teamsters.ca\" target=\"_blank\">slacroix@teamsters.ca<\/a><\/p>\n","protected":false},"excerpt":{"rendered":"<p>Les travailleurs et les travailleuses d\u2019Autobus Rive-Sud, Division Sainte-Julie, ont obtenu une entente de principe avec leur employeur lundi dernier. Ces chauffeurs et ces chauffeuses d\u2019autobus scolaires sont affili\u00e9s \u00e0 la Section locale 106 du syndicat des Teamsters.<\/p>\n","protected":false},"author":8,"featured_media":22146,"comment_status":"closed","ping_status":"closed","sticky":false,"template":"","format":"standard","meta":{"ngg_post_thumbnail":0,"mc4wp_mailchimp_campaign":[],"footnotes":""},"categories":[1411,1114,1133],"tags":[6727,655],"class_list":{"0":"post-22143","1":"post","2":"type-post","3":"status-publish","4":"format-standard","5":"has-post-thumbnail","7":"category-greve","8":"category-nouvelles","9":"category-transport-scolaire","10":"tag-autobus-rive-sud","11":"tag-greve-transport-scolaire"},"yoast_head":"<!-- This site is optimized with the Yoast SEO Premium plugin v25.5 (Yoast SEO v25.5) - https:\/\/yoast.com\/wordpress\/plugins\/seo\/ -->\n<title>Fin de la gr\u00e8ve chez Autobus Rive-Sud Division Sainte-Julie | Teamsters Canada<\/title>\n<meta name=\"robots\" content=\"index, follow, max-snippet:-1, max-image-preview:large, max-video-preview:-1\" \/>\n<link rel=\"canonical\" href=\"https:\/\/teamsters.ca\/fr\/blog\/2021\/11\/10\/fin-de-la-greve-chez-autobus-rive-sud-division-sainte-julie\/\" \/>\n<meta property=\"og:locale\" content=\"fr_CA\" \/>\n<meta property=\"og:type\" content=\"article\" \/>\n<meta property=\"og:title\" content=\"Fin de la gr\u00e8ve chez Autobus Rive-Sud Division Sainte-Julie\" \/>\n<meta property=\"og:description\" content=\"Les travailleurs et les travailleuses d\u2019Autobus Rive-Sud, Division Sainte-Julie, ont obtenu une entente de principe avec leur employeur lundi dernier. Ces chauffeurs et ces chauffeuses d\u2019autobus scolaires sont affili\u00e9s \u00e0 la Section locale 106 du syndicat des Teamsters.\" \/>\n<meta property=\"og:url\" content=\"https:\/\/teamsters.ca\/fr\/blog\/2021\/11\/10\/fin-de-la-greve-chez-autobus-rive-sud-division-sainte-julie\/\" \/>\n<meta property=\"og:site_name\" content=\"Teamsters Canada\" \/>\n<meta property=\"article:publisher\" content=\"https:\/\/www.facebook.com\/Teamsterscanada\/\" \/>\n<meta property=\"article:published_time\" content=\"2021-11-11T02:05:43+00:00\" \/>\n<meta property=\"article:modified_time\" content=\"2021-11-11T02:05:45+00:00\" \/>\n<meta property=\"og:image\" content=\"https:\/\/teamsters.ca\/wp-content\/uploads\/2021\/11\/sainteJulie.jpg\" \/>\n\t<meta property=\"og:image:width\" content=\"1166\" \/>\n\t<meta property=\"og:image:height\" content=\"768\" \/>\n\t<meta property=\"og:image:type\" content=\"image\/jpeg\" \/>\n<meta name=\"author\" content=\"St\u00e9phanie Meunier\" \/>\n<meta name=\"twitter:card\" content=\"summary_large_image\" \/>\n<meta name=\"twitter:creator\" content=\"@TeamstersCanada\" \/>\n<meta name=\"twitter:site\" content=\"@TeamstersCanada\" \/>\n<meta name=\"twitter:label1\" content=\"\u00c9crit par\" \/>\n\t<meta name=\"twitter:data1\" content=\"St\u00e9phanie Meunier\" \/>\n\t<meta name=\"twitter:label2\" content=\"Estimation du temps de lecture\" \/>\n\t<meta name=\"twitter:data2\" content=\"2 minutes\" \/>\n<script type=\"application\/ld+json\" class=\"yoast-schema-graph\">{\"@context\":\"https:\/\/schema.org\",\"@graph\":[{\"@type\":\"Article\",\"@id\":\"https:\/\/teamsters.ca\/fr\/blog\/2021\/11\/10\/fin-de-la-greve-chez-autobus-rive-sud-division-sainte-julie\/#article\",\"isPartOf\":{\"@id\":\"https:\/\/teamsters.ca\/fr\/blog\/2021\/11\/10\/fin-de-la-greve-chez-autobus-rive-sud-division-sainte-julie\/\"},\"author\":{\"name\":\"St\u00e9phanie Meunier\",\"@id\":\"https:\/\/teamsters.ca\/fr\/#\/schema\/person\/3e6ffefc39fe2f212400b7d8d0a4a0c1\"},\"headline\":\"Fin de la gr\u00e8ve chez Autobus Rive-Sud Division Sainte-Julie\",\"datePublished\":\"2021-11-11T02:05:43+00:00\",\"dateModified\":\"2021-11-11T02:05:45+00:00\",\"mainEntityOfPage\":{\"@id\":\"https:\/\/teamsters.ca\/fr\/blog\/2021\/11\/10\/fin-de-la-greve-chez-autobus-rive-sud-division-sainte-julie\/\"},\"wordCount\":346,\"publisher\":{\"@id\":\"https:\/\/teamsters.ca\/fr\/#organization\"},\"image\":{\"@id\":\"https:\/\/teamsters.ca\/fr\/blog\/2021\/11\/10\/fin-de-la-greve-chez-autobus-rive-sud-division-sainte-julie\/#primaryimage\"},\"thumbnailUrl\":\"https:\/\/teamsters.ca\/wp-content\/uploads\/2021\/11\/sainteJulie.jpg\",\"keywords\":[\"Autobus Rive-Sud\",\"gr\u00e8ve transport scolaire\"],\"articleSection\":[\"Gr\u00e8ve\",\"Nouvelles\",\"Transport scolaire\"],\"inLanguage\":\"fr-CA\"},{\"@type\":\"WebPage\",\"@id\":\"https:\/\/teamsters.ca\/fr\/blog\/2021\/11\/10\/fin-de-la-greve-chez-autobus-rive-sud-division-sainte-julie\/\",\"url\":\"https:\/\/teamsters.ca\/fr\/blog\/2021\/11\/10\/fin-de-la-greve-chez-autobus-rive-sud-division-sainte-julie\/\",\"name\":\"Fin de la gr\u00e8ve chez Autobus Rive-Sud Division Sainte-Julie | Teamsters Canada\",\"isPartOf\":{\"@id\":\"https:\/\/teamsters.ca\/fr\/#website\"},\"primaryImageOfPage\":{\"@id\":\"https:\/\/teamsters.ca\/fr\/blog\/2021\/11\/10\/fin-de-la-greve-chez-autobus-rive-sud-division-sainte-julie\/#primaryimage\"},\"image\":{\"@id\":\"https:\/\/teamsters.ca\/fr\/blog\/2021\/11\/10\/fin-de-la-greve-chez-autobus-rive-sud-division-sainte-julie\/#primaryimage\"},\"thumbnailUrl\":\"https:\/\/teamsters.ca\/wp-content\/uploads\/2021\/11\/sainteJulie.jpg\",\"datePublished\":\"2021-11-11T02:05:43+00:00\",\"dateModified\":\"2021-11-11T02:05:45+00:00\",\"breadcrumb\":{\"@id\":\"https:\/\/teamsters.ca\/fr\/blog\/2021\/11\/10\/fin-de-la-greve-chez-autobus-rive-sud-division-sainte-julie\/#breadcrumb\"},\"inLanguage\":\"fr-CA\",\"potentialAction\":[{\"@type\":\"ReadAction\",\"target\":[\"https:\/\/teamsters.ca\/fr\/blog\/2021\/11\/10\/fin-de-la-greve-chez-autobus-rive-sud-division-sainte-julie\/\"]}]},{\"@type\":\"ImageObject\",\"inLanguage\":\"fr-CA\",\"@id\":\"https:\/\/teamsters.ca\/fr\/blog\/2021\/11\/10\/fin-de-la-greve-chez-autobus-rive-sud-division-sainte-julie\/#primaryimage\",\"url\":\"https:\/\/teamsters.ca\/wp-content\/uploads\/2021\/11\/sainteJulie.jpg\",\"contentUrl\":\"https:\/\/teamsters.ca\/wp-content\/uploads\/2021\/11\/sainteJulie.jpg\",\"width\":1166,\"height\":768,\"caption\":\"Le pr\u00e9sident de Teamsters Canada, Fran\u00e7ois Laporte, avec les gr\u00e9vistes d\u2019Autobus Rive-Sud, Division Ste-Julie.\"},{\"@type\":\"BreadcrumbList\",\"@id\":\"https:\/\/teamsters.ca\/fr\/blog\/2021\/11\/10\/fin-de-la-greve-chez-autobus-rive-sud-division-sainte-julie\/#breadcrumb\",\"itemListElement\":[{\"@type\":\"ListItem\",\"position\":1,\"name\":\"Home\",\"item\":\"https:\/\/teamsters.ca\/fr\/\"},{\"@type\":\"ListItem\",\"position\":2,\"name\":\"Fin de la gr\u00e8ve chez Autobus Rive-Sud Division Sainte-Julie\"}]},{\"@type\":\"WebSite\",\"@id\":\"https:\/\/teamsters.ca\/fr\/#website\",\"url\":\"https:\/\/teamsters.ca\/fr\/\",\"name\":\"Teamsters Canada\",\"description\":\"A Canadian union representing over 125 000 members\",\"publisher\":{\"@id\":\"https:\/\/teamsters.ca\/fr\/#organization\"},\"potentialAction\":[{\"@type\":\"SearchAction\",\"target\":{\"@type\":\"EntryPoint\",\"urlTemplate\":\"https:\/\/teamsters.ca\/fr\/?s={search_term_string}\"},\"query-input\":{\"@type\":\"PropertyValueSpecification\",\"valueRequired\":true,\"valueName\":\"search_term_string\"}}],\"inLanguage\":\"fr-CA\"},{\"@type\":\"Organization\",\"@id\":\"https:\/\/teamsters.ca\/fr\/#organization\",\"name\":\"Teamsters Canada\",\"url\":\"https:\/\/teamsters.ca\/fr\/\",\"logo\":{\"@type\":\"ImageObject\",\"inLanguage\":\"fr-CA\",\"@id\":\"https:\/\/teamsters.ca\/fr\/#\/schema\/logo\/image\/\",\"url\":\"https:\/\/teamsters.ca\/wp-content\/uploads\/2019\/08\/TeamstersCanada.png\",\"contentUrl\":\"https:\/\/teamsters.ca\/wp-content\/uploads\/2019\/08\/TeamstersCanada.png\",\"width\":545,\"height\":181,\"caption\":\"Teamsters Canada\"},\"image\":{\"@id\":\"https:\/\/teamsters.ca\/fr\/#\/schema\/logo\/image\/\"},\"sameAs\":[\"https:\/\/www.facebook.com\/Teamsterscanada\/\",\"https:\/\/x.com\/TeamstersCanada\"]},{\"@type\":\"Person\",\"@id\":\"https:\/\/teamsters.ca\/fr\/#\/schema\/person\/3e6ffefc39fe2f212400b7d8d0a4a0c1\",\"name\":\"St\u00e9phanie Meunier\",\"image\":{\"@type\":\"ImageObject\",\"inLanguage\":\"fr-CA\",\"@id\":\"https:\/\/teamsters.ca\/fr\/#\/schema\/person\/image\/\",\"url\":\"https:\/\/secure.gravatar.com\/avatar\/e4e8404e91ed71cb473fa2708849669810cf083c89825a3d2dd0d47dd6b2be77?s=96&d=mm&r=g\",\"contentUrl\":\"https:\/\/secure.gravatar.com\/avatar\/e4e8404e91ed71cb473fa2708849669810cf083c89825a3d2dd0d47dd6b2be77?s=96&d=mm&r=g\",\"caption\":\"St\u00e9phanie Meunier\"},\"url\":\"https:\/\/teamsters.ca\/fr\/blog\/author\/smeunier\/\"}]}<\/script>\n<!-- \/ Yoast SEO Premium plugin. -->","yoast_head_json":{"title":"Fin de la gr\u00e8ve chez Autobus Rive-Sud Division Sainte-Julie | Teamsters Canada","robots":{"index":"index","follow":"follow","max-snippet":"max-snippet:-1","max-image-preview":"max-image-preview:large","max-video-preview":"max-video-preview:-1"},"canonical":"https:\/\/teamsters.ca\/fr\/blog\/2021\/11\/10\/fin-de-la-greve-chez-autobus-rive-sud-division-sainte-julie\/","og_locale":"fr_CA","og_type":"article","og_title":"Fin de la gr\u00e8ve chez Autobus Rive-Sud Division Sainte-Julie","og_description":"Les travailleurs et les travailleuses d\u2019Autobus Rive-Sud, Division Sainte-Julie, ont obtenu une entente de principe avec leur employeur lundi dernier. Ces chauffeurs et ces chauffeuses d\u2019autobus scolaires sont affili\u00e9s \u00e0 la Section locale 106 du syndicat des Teamsters.","og_url":"https:\/\/teamsters.ca\/fr\/blog\/2021\/11\/10\/fin-de-la-greve-chez-autobus-rive-sud-division-sainte-julie\/","og_site_name":"Teamsters Canada","article_publisher":"https:\/\/www.facebook.com\/Teamsterscanada\/","article_published_time":"2021-11-11T02:05:43+00:00","article_modified_time":"2021-11-11T02:05:45+00:00","og_image":[{"width":1166,"height":768,"url":"https:\/\/teamsters.ca\/wp-content\/uploads\/2021\/11\/sainteJulie.jpg","type":"image\/jpeg"}],"author":"St\u00e9phanie Meunier","twitter_card":"summary_large_image","twitter_creator":"@TeamstersCanada","twitter_site":"@TeamstersCanada","twitter_misc":{"\u00c9crit par":"St\u00e9phanie Meunier","Estimation du temps de lecture":"2 minutes"},"schema":{"@context":"https:\/\/schema.org","@graph":[{"@type":"Article","@id":"https:\/\/teamsters.ca\/fr\/blog\/2021\/11\/10\/fin-de-la-greve-chez-autobus-rive-sud-division-sainte-julie\/#article","isPartOf":{"@id":"https:\/\/teamsters.ca\/fr\/blog\/2021\/11\/10\/fin-de-la-greve-chez-autobus-rive-sud-division-sainte-julie\/"},"author":{"name":"St\u00e9phanie Meunier","@id":"https:\/\/teamsters.ca\/fr\/#\/schema\/person\/3e6ffefc39fe2f212400b7d8d0a4a0c1"},"headline":"Fin de la gr\u00e8ve chez Autobus Rive-Sud Division Sainte-Julie","datePublished":"2021-11-11T02:05:43+00:00","dateModified":"2021-11-11T02:05:45+00:00","mainEntityOfPage":{"@id":"https:\/\/teamsters.ca\/fr\/blog\/2021\/11\/10\/fin-de-la-greve-chez-autobus-rive-sud-division-sainte-julie\/"},"wordCount":346,"publisher":{"@id":"https:\/\/teamsters.ca\/fr\/#organization"},"image":{"@id":"https:\/\/teamsters.ca\/fr\/blog\/2021\/11\/10\/fin-de-la-greve-chez-autobus-rive-sud-division-sainte-julie\/#primaryimage"},"thumbnailUrl":"https:\/\/teamsters.ca\/wp-content\/uploads\/2021\/11\/sainteJulie.jpg","keywords":["Autobus Rive-Sud","gr\u00e8ve transport scolaire"],"articleSection":["Gr\u00e8ve","Nouvelles","Transport scolaire"],"inLanguage":"fr-CA"},{"@type":"WebPage","@id":"https:\/\/teamsters.ca\/fr\/blog\/2021\/11\/10\/fin-de-la-greve-chez-autobus-rive-sud-division-sainte-julie\/","url":"https:\/\/teamsters.ca\/fr\/blog\/2021\/11\/10\/fin-de-la-greve-chez-autobus-rive-sud-division-sainte-julie\/","name":"Fin de la gr\u00e8ve chez Autobus Rive-Sud Division Sainte-Julie | Teamsters Canada","isPartOf":{"@id":"https:\/\/teamsters.ca\/fr\/#website"},"primaryImageOfPage":{"@id":"https:\/\/teamsters.ca\/fr\/blog\/2021\/11\/10\/fin-de-la-greve-chez-autobus-rive-sud-division-sainte-julie\/#primaryimage"},"image":{"@id":"https:\/\/teamsters.ca\/fr\/blog\/2021\/11\/10\/fin-de-la-greve-chez-autobus-rive-sud-division-sainte-julie\/#primaryimage"},"thumbnailUrl":"https:\/\/teamsters.ca\/wp-content\/uploads\/2021\/11\/sainteJulie.jpg","datePublished":"2021-11-11T02:05:43+00:00","dateModified":"2021-11-11T02:05:45+00:00","breadcrumb":{"@id":"https:\/\/teamsters.ca\/fr\/blog\/2021\/11\/10\/fin-de-la-greve-chez-autobus-rive-sud-division-sainte-julie\/#breadcrumb"},"inLanguage":"fr-CA","potentialAction":[{"@type":"ReadAction","target":["https:\/\/teamsters.ca\/fr\/blog\/2021\/11\/10\/fin-de-la-greve-chez-autobus-rive-sud-division-sainte-julie\/"]}]},{"@type":"ImageObject","inLanguage":"fr-CA","@id":"https:\/\/teamsters.ca\/fr\/blog\/2021\/11\/10\/fin-de-la-greve-chez-autobus-rive-sud-division-sainte-julie\/#primaryimage","url":"https:\/\/teamsters.ca\/wp-content\/uploads\/2021\/11\/sainteJulie.jpg","contentUrl":"https:\/\/teamsters.ca\/wp-content\/uploads\/2021\/11\/sainteJulie.jpg","width":1166,"height":768,"caption":"Le pr\u00e9sident de Teamsters Canada, Fran\u00e7ois Laporte, avec les gr\u00e9vistes d\u2019Autobus Rive-Sud, Division Ste-Julie."},{"@type":"BreadcrumbList","@id":"https:\/\/teamsters.ca\/fr\/blog\/2021\/11\/10\/fin-de-la-greve-chez-autobus-rive-sud-division-sainte-julie\/#breadcrumb","itemListElement":[{"@type":"ListItem","position":1,"name":"Home","item":"https:\/\/teamsters.ca\/fr\/"},{"@type":"ListItem","position":2,"name":"Fin de la gr\u00e8ve chez Autobus Rive-Sud Division Sainte-Julie"}]},{"@type":"WebSite","@id":"https:\/\/teamsters.ca\/fr\/#website","url":"https:\/\/teamsters.ca\/fr\/","name":"Teamsters Canada","description":"A Canadian union representing over 125 000 members","publisher":{"@id":"https:\/\/teamsters.ca\/fr\/#organization"},"potentialAction":[{"@type":"SearchAction","target":{"@type":"EntryPoint","urlTemplate":"https:\/\/teamsters.ca\/fr\/?s={search_term_string}"},"query-input":{"@type":"PropertyValueSpecification","valueRequired":true,"valueName":"search_term_string"}}],"inLanguage":"fr-CA"},{"@type":"Organization","@id":"https:\/\/teamsters.ca\/fr\/#organization","name":"Teamsters Canada","url":"https:\/\/teamsters.ca\/fr\/","logo":{"@type":"ImageObject","inLanguage":"fr-CA","@id":"https:\/\/teamsters.ca\/fr\/#\/schema\/logo\/image\/","url":"https:\/\/teamsters.ca\/wp-content\/uploads\/2019\/08\/TeamstersCanada.png","contentUrl":"https:\/\/teamsters.ca\/wp-content\/uploads\/2019\/08\/TeamstersCanada.png","width":545,"height":181,"caption":"Teamsters Canada"},"image":{"@id":"https:\/\/teamsters.ca\/fr\/#\/schema\/logo\/image\/"},"sameAs":["https:\/\/www.facebook.com\/Teamsterscanada\/","https:\/\/x.com\/TeamstersCanada"]},{"@type":"Person","@id":"https:\/\/teamsters.ca\/fr\/#\/schema\/person\/3e6ffefc39fe2f212400b7d8d0a4a0c1","name":"St\u00e9phanie Meunier","image":{"@type":"ImageObject","inLanguage":"fr-CA","@id":"https:\/\/teamsters.ca\/fr\/#\/schema\/person\/image\/","url":"https:\/\/secure.gravatar.com\/avatar\/e4e8404e91ed71cb473fa2708849669810cf083c89825a3d2dd0d47dd6b2be77?s=96&d=mm&r=g","contentUrl":"https:\/\/secure.gravatar.com\/avatar\/e4e8404e91ed71cb473fa2708849669810cf083c89825a3d2dd0d47dd6b2be77?s=96&d=mm&r=g","caption":"St\u00e9phanie Meunier"},"url":"https:\/\/teamsters.ca\/fr\/blog\/author\/smeunier\/"}]}},"_links":{"self":[{"href":"https:\/\/teamsters.ca\/fr\/wp-json\/wp\/v2\/posts\/22143","targetHints":{"allow":["GET"]}}],"collection":[{"href":"https:\/\/teamsters.ca\/fr\/wp-json\/wp\/v2\/posts"}],"about":[{"href":"https:\/\/teamsters.ca\/fr\/wp-json\/wp\/v2\/types\/post"}],"author":[{"embeddable":true,"href":"https:\/\/teamsters.ca\/fr\/wp-json\/wp\/v2\/users\/8"}],"replies":[{"embeddable":true,"href":"https:\/\/teamsters.ca\/fr\/wp-json\/wp\/v2\/comments?post=22143"}],"version-history":[{"count":4,"href":"https:\/\/teamsters.ca\/fr\/wp-json\/wp\/v2\/posts\/22143\/revisions"}],"predecessor-version":[{"id":22157,"href":"https:\/\/teamsters.ca\/fr\/wp-json\/wp\/v2\/posts\/22143\/revisions\/22157"}],"wp:featuredmedia":[{"embeddable":true,"href":"https:\/\/teamsters.ca\/fr\/wp-json\/wp\/v2\/media\/22146"}],"wp:attachment":[{"href":"https:\/\/teamsters.ca\/fr\/wp-json\/wp\/v2\/media?parent=22143"}],"wp:term":[{"taxonomy":"category","embeddable":true,"href":"https:\/\/teamsters.ca\/fr\/wp-json\/wp\/v2\/categories?post=22143"},{"taxonomy":"post_tag","embeddable":true,"href":"https:\/\/teamsters.ca\/fr\/wp-json\/wp\/v2\/tags?post=22143"}],"curies":[{"name":"wp","href":"https:\/\/api.w.org\/{rel}","templated":true}]}}