{"id":21174,"date":"2021-06-06T12:52:00","date_gmt":"2021-06-06T16:52:00","guid":{"rendered":"https:\/\/teamsters.ca\/?p=21174"},"modified":"2021-06-14T12:53:20","modified_gmt":"2021-06-14T16:53:20","slug":"augmentations-de-18-a-25-chez-groupe-beaucage-carrossier","status":"publish","type":"post","link":"https:\/\/teamsters.ca\/fr\/blog\/2021\/06\/06\/augmentations-de-18-a-25-chez-groupe-beaucage-carrossier\/","title":{"rendered":"Augmentations de 18 \u00e0 25 % chez Groupe Beaucage Carrossier"},"content":{"rendered":"\n<p>Laval, 4 juin 2021 \u2014 Les travailleurs et travailleuses de Groupe Beaucage Carrossier ont ratifi\u00e9 un nouveau contrat de travail hier soir. Cette convention collective d\u2019une dur\u00e9e de 6 ans comporte des augmentation allant de 18 \u00e0 25 %. Ils et elles sont affili\u00e9s \u00e0 la Section locale 1791 du syndicat des Teamsters.<\/p>\n\n\n\n<p>En plus des am\u00e9liorations obtenues par les Teamsters aux clauses normatives de la convention collective, l\u2019employeur haussera sa contribution aux REER des salari\u00e9\u00b7e\u00b7s.<\/p>\n\n\n\n<p>On se souviendra que les travailleurs du groupe Beaucage Carrossier ont refus\u00e9 des offres patronales lors d\u2019une assembl\u00e9e syndicale qui a \u00e9t\u00e9 tenue le 15 mars dernier.<\/p>\n\n\n\n<p>Michel Richard, permanent syndical responsable du dossier, tient \u00e0 f\u00e9liciter les membres pour avoir \u00e9t\u00e9 solidaires et le comit\u00e9 de n\u00e9gociations pour avoir obtenu un bon contrat de travail.<\/p>\n\n\n\n<p><em>Les Teamsters repr\u00e9sentent les int\u00e9r\u00eats de quelque 125\u2009000 membres au Canada. La Fraternit\u00e9 internationale des Teamsters, \u00e0 laquelle Teamsters Canada est affili\u00e9e, compte 1,4 million de membres en Am\u00e9rique du Nord. Visitez&nbsp;<\/em><a rel=\"noreferrer noopener\" href=\"http:\/\/teamsters.ca\/\" target=\"_blank\"><em>teamsters.ca<\/em><\/a><em>&nbsp;pour plus de renseignements, suivez-nous sur Twitter&nbsp;<\/em><a rel=\"noreferrer noopener\" href=\"https:\/\/twitter.com\/teamsterscanada\" target=\"_blank\"><em>@TeamstersCanada<\/em><\/a><em>&nbsp;et joignez-vous \u00e0 nos amis sur Facebook \u00e0&nbsp;<\/em><a rel=\"noreferrer noopener\" href=\"http:\/\/www.facebook.com\/TeamstersCanada\" target=\"_blank\"><em>www.facebook.com\/TeamstersCanada<\/em><\/a><em>.&nbsp;<\/em><\/p>\n\n\n\n<p class=\"has-text-align-center\">-30-<\/p>\n\n\n\n<p><strong>Renseignements :<\/strong><br \/>St\u00e9phane Lacroix, directeur des Communications et des Affaires publiques<br \/>Portable : 514 609-5101<br \/><a rel=\"noreferrer noopener\" href=\"mailto:slacroix@teamsters.ca\" target=\"_blank\">slacroix@teamsters.ca<\/a><\/p>\n","protected":false},"excerpt":{"rendered":"<p>Laval, 4 juin 2021 \u2014 Les travailleurs et travailleuses de Groupe Beaucage Carrossier ont ratifi\u00e9 un nouveau contrat de travail hier soir. Cette convention collective d\u2019une dur\u00e9e de 6 ans comporte des augmentation allant de 18 \u00e0 25 %. Ils et elles sont affili\u00e9s \u00e0 la Section locale 1791 du syndicat des Teamsters. En plus [&hellip;]<\/p>\n","protected":false},"author":8,"featured_media":21175,"comment_status":"closed","ping_status":"closed","sticky":false,"template":"","format":"standard","meta":{"ngg_post_thumbnail":0,"mc4wp_mailchimp_campaign":[],"footnotes":""},"categories":[4995,1114],"tags":[6630,813],"class_list":{"0":"post-21174","1":"post","2":"type-post","3":"status-publish","4":"format-standard","5":"has-post-thumbnail","7":"category-convention-collective","8":"category-nouvelles","9":"tag-groupe-beaucage-carrossier","10":"tag-section-locale-1791"},"yoast_head":"<!-- This site is optimized with the Yoast SEO Premium plugin v25.5 (Yoast SEO v25.5) - https:\/\/yoast.com\/wordpress\/plugins\/seo\/ -->\n<title>Augmentations de 18 \u00e0 25 % chez Groupe Beaucage Carrossier | Teamsters Canada<\/title>\n<meta name=\"robots\" content=\"index, follow, max-snippet:-1, max-image-preview:large, max-video-preview:-1\" \/>\n<link rel=\"canonical\" href=\"https:\/\/teamsters.ca\/fr\/blog\/2021\/06\/06\/augmentations-de-18-a-25-chez-groupe-beaucage-carrossier\/\" \/>\n<meta property=\"og:locale\" content=\"fr_CA\" \/>\n<meta property=\"og:type\" content=\"article\" \/>\n<meta property=\"og:title\" content=\"Augmentations de 18 \u00e0 25 % chez Groupe Beaucage Carrossier\" \/>\n<meta property=\"og:description\" content=\"Laval, 4 juin 2021 \u2014 Les travailleurs et travailleuses de Groupe Beaucage Carrossier ont ratifi\u00e9 un nouveau contrat de travail hier soir. Cette convention collective d\u2019une dur\u00e9e de 6 ans comporte des augmentation allant de 18 \u00e0 25 %. Ils et elles sont affili\u00e9s \u00e0 la Section locale 1791 du syndicat des Teamsters. En plus [&hellip;]\" \/>\n<meta property=\"og:url\" content=\"https:\/\/teamsters.ca\/fr\/blog\/2021\/06\/06\/augmentations-de-18-a-25-chez-groupe-beaucage-carrossier\/\" \/>\n<meta property=\"og:site_name\" content=\"Teamsters Canada\" \/>\n<meta property=\"article:publisher\" content=\"https:\/\/www.facebook.com\/Teamsterscanada\/\" \/>\n<meta property=\"article:published_time\" content=\"2021-06-06T16:52:00+00:00\" \/>\n<meta property=\"article:modified_time\" content=\"2021-06-14T16:53:20+00:00\" \/>\n<meta property=\"og:image\" content=\"https:\/\/teamsters.ca\/wp-content\/uploads\/2021\/06\/beaucage-696x458-1.jpg\" \/>\n\t<meta property=\"og:image:width\" content=\"696\" \/>\n\t<meta property=\"og:image:height\" content=\"458\" \/>\n\t<meta property=\"og:image:type\" content=\"image\/jpeg\" \/>\n<meta name=\"author\" content=\"St\u00e9phanie Meunier\" \/>\n<meta name=\"twitter:card\" content=\"summary_large_image\" \/>\n<meta name=\"twitter:creator\" content=\"@TeamstersCanada\" \/>\n<meta name=\"twitter:site\" content=\"@TeamstersCanada\" \/>\n<meta name=\"twitter:label1\" content=\"\u00c9crit par\" \/>\n\t<meta name=\"twitter:data1\" content=\"St\u00e9phanie Meunier\" \/>\n\t<meta name=\"twitter:label2\" content=\"Estimation du temps de lecture\" \/>\n\t<meta name=\"twitter:data2\" content=\"1 minute\" \/>\n<script type=\"application\/ld+json\" class=\"yoast-schema-graph\">{\"@context\":\"https:\/\/schema.org\",\"@graph\":[{\"@type\":\"Article\",\"@id\":\"https:\/\/teamsters.ca\/fr\/blog\/2021\/06\/06\/augmentations-de-18-a-25-chez-groupe-beaucage-carrossier\/#article\",\"isPartOf\":{\"@id\":\"https:\/\/teamsters.ca\/fr\/blog\/2021\/06\/06\/augmentations-de-18-a-25-chez-groupe-beaucage-carrossier\/\"},\"author\":{\"name\":\"St\u00e9phanie Meunier\",\"@id\":\"https:\/\/teamsters.ca\/fr\/#\/schema\/person\/3e6ffefc39fe2f212400b7d8d0a4a0c1\"},\"headline\":\"Augmentations de 18 \u00e0 25 % chez Groupe Beaucage Carrossier\",\"datePublished\":\"2021-06-06T16:52:00+00:00\",\"dateModified\":\"2021-06-14T16:53:20+00:00\",\"mainEntityOfPage\":{\"@id\":\"https:\/\/teamsters.ca\/fr\/blog\/2021\/06\/06\/augmentations-de-18-a-25-chez-groupe-beaucage-carrossier\/\"},\"wordCount\":214,\"publisher\":{\"@id\":\"https:\/\/teamsters.ca\/fr\/#organization\"},\"image\":{\"@id\":\"https:\/\/teamsters.ca\/fr\/blog\/2021\/06\/06\/augmentations-de-18-a-25-chez-groupe-beaucage-carrossier\/#primaryimage\"},\"thumbnailUrl\":\"https:\/\/teamsters.ca\/wp-content\/uploads\/2021\/06\/beaucage-696x458-1.jpg\",\"keywords\":[\"Groupe Beaucage Carrossier\",\"Section locale 1791\"],\"articleSection\":[\"Convention collective\",\"Nouvelles\"],\"inLanguage\":\"fr-CA\"},{\"@type\":\"WebPage\",\"@id\":\"https:\/\/teamsters.ca\/fr\/blog\/2021\/06\/06\/augmentations-de-18-a-25-chez-groupe-beaucage-carrossier\/\",\"url\":\"https:\/\/teamsters.ca\/fr\/blog\/2021\/06\/06\/augmentations-de-18-a-25-chez-groupe-beaucage-carrossier\/\",\"name\":\"Augmentations de 18 \u00e0 25 % chez Groupe Beaucage Carrossier | Teamsters Canada\",\"isPartOf\":{\"@id\":\"https:\/\/teamsters.ca\/fr\/#website\"},\"primaryImageOfPage\":{\"@id\":\"https:\/\/teamsters.ca\/fr\/blog\/2021\/06\/06\/augmentations-de-18-a-25-chez-groupe-beaucage-carrossier\/#primaryimage\"},\"image\":{\"@id\":\"https:\/\/teamsters.ca\/fr\/blog\/2021\/06\/06\/augmentations-de-18-a-25-chez-groupe-beaucage-carrossier\/#primaryimage\"},\"thumbnailUrl\":\"https:\/\/teamsters.ca\/wp-content\/uploads\/2021\/06\/beaucage-696x458-1.jpg\",\"datePublished\":\"2021-06-06T16:52:00+00:00\",\"dateModified\":\"2021-06-14T16:53:20+00:00\",\"breadcrumb\":{\"@id\":\"https:\/\/teamsters.ca\/fr\/blog\/2021\/06\/06\/augmentations-de-18-a-25-chez-groupe-beaucage-carrossier\/#breadcrumb\"},\"inLanguage\":\"fr-CA\",\"potentialAction\":[{\"@type\":\"ReadAction\",\"target\":[\"https:\/\/teamsters.ca\/fr\/blog\/2021\/06\/06\/augmentations-de-18-a-25-chez-groupe-beaucage-carrossier\/\"]}]},{\"@type\":\"ImageObject\",\"inLanguage\":\"fr-CA\",\"@id\":\"https:\/\/teamsters.ca\/fr\/blog\/2021\/06\/06\/augmentations-de-18-a-25-chez-groupe-beaucage-carrossier\/#primaryimage\",\"url\":\"https:\/\/teamsters.ca\/wp-content\/uploads\/2021\/06\/beaucage-696x458-1.jpg\",\"contentUrl\":\"https:\/\/teamsters.ca\/wp-content\/uploads\/2021\/06\/beaucage-696x458-1.jpg\",\"width\":696,\"height\":458},{\"@type\":\"BreadcrumbList\",\"@id\":\"https:\/\/teamsters.ca\/fr\/blog\/2021\/06\/06\/augmentations-de-18-a-25-chez-groupe-beaucage-carrossier\/#breadcrumb\",\"itemListElement\":[{\"@type\":\"ListItem\",\"position\":1,\"name\":\"Home\",\"item\":\"https:\/\/teamsters.ca\/fr\/\"},{\"@type\":\"ListItem\",\"position\":2,\"name\":\"Augmentations de 18 \u00e0 25 % chez Groupe Beaucage Carrossier\"}]},{\"@type\":\"WebSite\",\"@id\":\"https:\/\/teamsters.ca\/fr\/#website\",\"url\":\"https:\/\/teamsters.ca\/fr\/\",\"name\":\"Teamsters Canada\",\"description\":\"A Canadian union representing over 125 000 members\",\"publisher\":{\"@id\":\"https:\/\/teamsters.ca\/fr\/#organization\"},\"potentialAction\":[{\"@type\":\"SearchAction\",\"target\":{\"@type\":\"EntryPoint\",\"urlTemplate\":\"https:\/\/teamsters.ca\/fr\/?s={search_term_string}\"},\"query-input\":{\"@type\":\"PropertyValueSpecification\",\"valueRequired\":true,\"valueName\":\"search_term_string\"}}],\"inLanguage\":\"fr-CA\"},{\"@type\":\"Organization\",\"@id\":\"https:\/\/teamsters.ca\/fr\/#organization\",\"name\":\"Teamsters Canada\",\"url\":\"https:\/\/teamsters.ca\/fr\/\",\"logo\":{\"@type\":\"ImageObject\",\"inLanguage\":\"fr-CA\",\"@id\":\"https:\/\/teamsters.ca\/fr\/#\/schema\/logo\/image\/\",\"url\":\"https:\/\/teamsters.ca\/wp-content\/uploads\/2019\/08\/TeamstersCanada.png\",\"contentUrl\":\"https:\/\/teamsters.ca\/wp-content\/uploads\/2019\/08\/TeamstersCanada.png\",\"width\":545,\"height\":181,\"caption\":\"Teamsters Canada\"},\"image\":{\"@id\":\"https:\/\/teamsters.ca\/fr\/#\/schema\/logo\/image\/\"},\"sameAs\":[\"https:\/\/www.facebook.com\/Teamsterscanada\/\",\"https:\/\/x.com\/TeamstersCanada\"]},{\"@type\":\"Person\",\"@id\":\"https:\/\/teamsters.ca\/fr\/#\/schema\/person\/3e6ffefc39fe2f212400b7d8d0a4a0c1\",\"name\":\"St\u00e9phanie Meunier\",\"image\":{\"@type\":\"ImageObject\",\"inLanguage\":\"fr-CA\",\"@id\":\"https:\/\/teamsters.ca\/fr\/#\/schema\/person\/image\/\",\"url\":\"https:\/\/secure.gravatar.com\/avatar\/e4e8404e91ed71cb473fa2708849669810cf083c89825a3d2dd0d47dd6b2be77?s=96&d=mm&r=g\",\"contentUrl\":\"https:\/\/secure.gravatar.com\/avatar\/e4e8404e91ed71cb473fa2708849669810cf083c89825a3d2dd0d47dd6b2be77?s=96&d=mm&r=g\",\"caption\":\"St\u00e9phanie Meunier\"},\"url\":\"https:\/\/teamsters.ca\/fr\/blog\/author\/smeunier\/\"}]}<\/script>\n<!-- \/ Yoast SEO Premium plugin. -->","yoast_head_json":{"title":"Augmentations de 18 \u00e0 25 % chez Groupe Beaucage Carrossier | Teamsters Canada","robots":{"index":"index","follow":"follow","max-snippet":"max-snippet:-1","max-image-preview":"max-image-preview:large","max-video-preview":"max-video-preview:-1"},"canonical":"https:\/\/teamsters.ca\/fr\/blog\/2021\/06\/06\/augmentations-de-18-a-25-chez-groupe-beaucage-carrossier\/","og_locale":"fr_CA","og_type":"article","og_title":"Augmentations de 18 \u00e0 25 % chez Groupe Beaucage Carrossier","og_description":"Laval, 4 juin 2021 \u2014 Les travailleurs et travailleuses de Groupe Beaucage Carrossier ont ratifi\u00e9 un nouveau contrat de travail hier soir. Cette convention collective d\u2019une dur\u00e9e de 6 ans comporte des augmentation allant de 18 \u00e0 25 %. Ils et elles sont affili\u00e9s \u00e0 la Section locale 1791 du syndicat des Teamsters. En plus [&hellip;]","og_url":"https:\/\/teamsters.ca\/fr\/blog\/2021\/06\/06\/augmentations-de-18-a-25-chez-groupe-beaucage-carrossier\/","og_site_name":"Teamsters Canada","article_publisher":"https:\/\/www.facebook.com\/Teamsterscanada\/","article_published_time":"2021-06-06T16:52:00+00:00","article_modified_time":"2021-06-14T16:53:20+00:00","og_image":[{"width":696,"height":458,"url":"https:\/\/teamsters.ca\/wp-content\/uploads\/2021\/06\/beaucage-696x458-1.jpg","type":"image\/jpeg"}],"author":"St\u00e9phanie Meunier","twitter_card":"summary_large_image","twitter_creator":"@TeamstersCanada","twitter_site":"@TeamstersCanada","twitter_misc":{"\u00c9crit par":"St\u00e9phanie Meunier","Estimation du temps de lecture":"1 minute"},"schema":{"@context":"https:\/\/schema.org","@graph":[{"@type":"Article","@id":"https:\/\/teamsters.ca\/fr\/blog\/2021\/06\/06\/augmentations-de-18-a-25-chez-groupe-beaucage-carrossier\/#article","isPartOf":{"@id":"https:\/\/teamsters.ca\/fr\/blog\/2021\/06\/06\/augmentations-de-18-a-25-chez-groupe-beaucage-carrossier\/"},"author":{"name":"St\u00e9phanie Meunier","@id":"https:\/\/teamsters.ca\/fr\/#\/schema\/person\/3e6ffefc39fe2f212400b7d8d0a4a0c1"},"headline":"Augmentations de 18 \u00e0 25 % chez Groupe Beaucage Carrossier","datePublished":"2021-06-06T16:52:00+00:00","dateModified":"2021-06-14T16:53:20+00:00","mainEntityOfPage":{"@id":"https:\/\/teamsters.ca\/fr\/blog\/2021\/06\/06\/augmentations-de-18-a-25-chez-groupe-beaucage-carrossier\/"},"wordCount":214,"publisher":{"@id":"https:\/\/teamsters.ca\/fr\/#organization"},"image":{"@id":"https:\/\/teamsters.ca\/fr\/blog\/2021\/06\/06\/augmentations-de-18-a-25-chez-groupe-beaucage-carrossier\/#primaryimage"},"thumbnailUrl":"https:\/\/teamsters.ca\/wp-content\/uploads\/2021\/06\/beaucage-696x458-1.jpg","keywords":["Groupe Beaucage Carrossier","Section locale 1791"],"articleSection":["Convention collective","Nouvelles"],"inLanguage":"fr-CA"},{"@type":"WebPage","@id":"https:\/\/teamsters.ca\/fr\/blog\/2021\/06\/06\/augmentations-de-18-a-25-chez-groupe-beaucage-carrossier\/","url":"https:\/\/teamsters.ca\/fr\/blog\/2021\/06\/06\/augmentations-de-18-a-25-chez-groupe-beaucage-carrossier\/","name":"Augmentations de 18 \u00e0 25 % chez Groupe Beaucage Carrossier | Teamsters Canada","isPartOf":{"@id":"https:\/\/teamsters.ca\/fr\/#website"},"primaryImageOfPage":{"@id":"https:\/\/teamsters.ca\/fr\/blog\/2021\/06\/06\/augmentations-de-18-a-25-chez-groupe-beaucage-carrossier\/#primaryimage"},"image":{"@id":"https:\/\/teamsters.ca\/fr\/blog\/2021\/06\/06\/augmentations-de-18-a-25-chez-groupe-beaucage-carrossier\/#primaryimage"},"thumbnailUrl":"https:\/\/teamsters.ca\/wp-content\/uploads\/2021\/06\/beaucage-696x458-1.jpg","datePublished":"2021-06-06T16:52:00+00:00","dateModified":"2021-06-14T16:53:20+00:00","breadcrumb":{"@id":"https:\/\/teamsters.ca\/fr\/blog\/2021\/06\/06\/augmentations-de-18-a-25-chez-groupe-beaucage-carrossier\/#breadcrumb"},"inLanguage":"fr-CA","potentialAction":[{"@type":"ReadAction","target":["https:\/\/teamsters.ca\/fr\/blog\/2021\/06\/06\/augmentations-de-18-a-25-chez-groupe-beaucage-carrossier\/"]}]},{"@type":"ImageObject","inLanguage":"fr-CA","@id":"https:\/\/teamsters.ca\/fr\/blog\/2021\/06\/06\/augmentations-de-18-a-25-chez-groupe-beaucage-carrossier\/#primaryimage","url":"https:\/\/teamsters.ca\/wp-content\/uploads\/2021\/06\/beaucage-696x458-1.jpg","contentUrl":"https:\/\/teamsters.ca\/wp-content\/uploads\/2021\/06\/beaucage-696x458-1.jpg","width":696,"height":458},{"@type":"BreadcrumbList","@id":"https:\/\/teamsters.ca\/fr\/blog\/2021\/06\/06\/augmentations-de-18-a-25-chez-groupe-beaucage-carrossier\/#breadcrumb","itemListElement":[{"@type":"ListItem","position":1,"name":"Home","item":"https:\/\/teamsters.ca\/fr\/"},{"@type":"ListItem","position":2,"name":"Augmentations de 18 \u00e0 25 % chez Groupe Beaucage Carrossier"}]},{"@type":"WebSite","@id":"https:\/\/teamsters.ca\/fr\/#website","url":"https:\/\/teamsters.ca\/fr\/","name":"Teamsters Canada","description":"A Canadian union representing over 125 000 members","publisher":{"@id":"https:\/\/teamsters.ca\/fr\/#organization"},"potentialAction":[{"@type":"SearchAction","target":{"@type":"EntryPoint","urlTemplate":"https:\/\/teamsters.ca\/fr\/?s={search_term_string}"},"query-input":{"@type":"PropertyValueSpecification","valueRequired":true,"valueName":"search_term_string"}}],"inLanguage":"fr-CA"},{"@type":"Organization","@id":"https:\/\/teamsters.ca\/fr\/#organization","name":"Teamsters Canada","url":"https:\/\/teamsters.ca\/fr\/","logo":{"@type":"ImageObject","inLanguage":"fr-CA","@id":"https:\/\/teamsters.ca\/fr\/#\/schema\/logo\/image\/","url":"https:\/\/teamsters.ca\/wp-content\/uploads\/2019\/08\/TeamstersCanada.png","contentUrl":"https:\/\/teamsters.ca\/wp-content\/uploads\/2019\/08\/TeamstersCanada.png","width":545,"height":181,"caption":"Teamsters Canada"},"image":{"@id":"https:\/\/teamsters.ca\/fr\/#\/schema\/logo\/image\/"},"sameAs":["https:\/\/www.facebook.com\/Teamsterscanada\/","https:\/\/x.com\/TeamstersCanada"]},{"@type":"Person","@id":"https:\/\/teamsters.ca\/fr\/#\/schema\/person\/3e6ffefc39fe2f212400b7d8d0a4a0c1","name":"St\u00e9phanie Meunier","image":{"@type":"ImageObject","inLanguage":"fr-CA","@id":"https:\/\/teamsters.ca\/fr\/#\/schema\/person\/image\/","url":"https:\/\/secure.gravatar.com\/avatar\/e4e8404e91ed71cb473fa2708849669810cf083c89825a3d2dd0d47dd6b2be77?s=96&d=mm&r=g","contentUrl":"https:\/\/secure.gravatar.com\/avatar\/e4e8404e91ed71cb473fa2708849669810cf083c89825a3d2dd0d47dd6b2be77?s=96&d=mm&r=g","caption":"St\u00e9phanie Meunier"},"url":"https:\/\/teamsters.ca\/fr\/blog\/author\/smeunier\/"}]}},"_links":{"self":[{"href":"https:\/\/teamsters.ca\/fr\/wp-json\/wp\/v2\/posts\/21174","targetHints":{"allow":["GET"]}}],"collection":[{"href":"https:\/\/teamsters.ca\/fr\/wp-json\/wp\/v2\/posts"}],"about":[{"href":"https:\/\/teamsters.ca\/fr\/wp-json\/wp\/v2\/types\/post"}],"author":[{"embeddable":true,"href":"https:\/\/teamsters.ca\/fr\/wp-json\/wp\/v2\/users\/8"}],"replies":[{"embeddable":true,"href":"https:\/\/teamsters.ca\/fr\/wp-json\/wp\/v2\/comments?post=21174"}],"version-history":[{"count":1,"href":"https:\/\/teamsters.ca\/fr\/wp-json\/wp\/v2\/posts\/21174\/revisions"}],"predecessor-version":[{"id":21177,"href":"https:\/\/teamsters.ca\/fr\/wp-json\/wp\/v2\/posts\/21174\/revisions\/21177"}],"wp:featuredmedia":[{"embeddable":true,"href":"https:\/\/teamsters.ca\/fr\/wp-json\/wp\/v2\/media\/21175"}],"wp:attachment":[{"href":"https:\/\/teamsters.ca\/fr\/wp-json\/wp\/v2\/media?parent=21174"}],"wp:term":[{"taxonomy":"category","embeddable":true,"href":"https:\/\/teamsters.ca\/fr\/wp-json\/wp\/v2\/categories?post=21174"},{"taxonomy":"post_tag","embeddable":true,"href":"https:\/\/teamsters.ca\/fr\/wp-json\/wp\/v2\/tags?post=21174"}],"curies":[{"name":"wp","href":"https:\/\/api.w.org\/{rel}","templated":true}]}}