{"id":20754,"date":"2021-04-01T12:07:40","date_gmt":"2021-04-01T16:07:40","guid":{"rendered":"http:\/\/teamsters.ca\/?p=20754"},"modified":"2021-04-01T12:07:42","modified_gmt":"2021-04-01T16:07:42","slug":"greve-dune-journee-chez-lambert-somec-a-quebec","status":"publish","type":"post","link":"https:\/\/teamsters.ca\/fr\/blog\/2021\/04\/01\/greve-dune-journee-chez-lambert-somec-a-quebec\/","title":{"rendered":"Gr\u00e8ve d\u2019une journ\u00e9e chez Lambert Somec \u00e0 Qu\u00e9bec"},"content":{"rendered":"\n<p>Laval, 1er avril 2021 \u2014 Les travailleurs et travailleuses d\u2019une usine de Qu\u00e9bec de la compagnie Lambert Somec sont en gr\u00e8ve d\u00e8s ce matin pour 24 heures. Cette \u00ab&nbsp;journ\u00e9e d\u2019\u00e9tude&nbsp;\u00bb a pour objectif d\u2019exprimer leur m\u00e9contentement pour des n\u00e9gociations qui avancent \u00e0 pas de tortue depuis mai 2020.<\/p>\n\n\n\n<p>Ces salari\u00e9s-\u00e9es sont affili\u00e9s \u00e0 la Section locale 1791 du syndicat des Teamsters.<\/p>\n\n\n\n<p>\u00ab&nbsp;La pand\u00e9mie ne doit pas servir d\u2019excuses aux employeurs pour ne pas n\u00e9gocier avec assiduit\u00e9, a mis en garde le pr\u00e9sident&nbsp;des Teamsters&nbsp;canadiens, Fran\u00e7ois Laporte. Nos membres contribuent au succ\u00e8s de Lambert Somec; ils devraient pouvoir obtenir rapidement un nouveau contrat de travail qui refl\u00e8te la qualit\u00e9 de leur travail.&nbsp;\u00bb<\/p>\n\n\n\n<p>Des clauses normatives et salariales sont au centre du litige entre les parties, tout comme des enjeux de relations de travail.<\/p>\n\n\n\n<p>\u00ab&nbsp;Le respect est un \u00e9l\u00e9ment fondamental dans les relations entre les salari\u00e9s-\u00e9es et les dirigeants d\u2019une entreprise, fait remarquer le secr\u00e9taire-tr\u00e9sorier de la Section locale 1791, Michel Richard. Les membres nous ont fait savoir qu\u2019ils ne sentent pas estim\u00e9s \u00e0 leur juste valeur; la situation doit changer dans les plus brefs d\u00e9lais.&nbsp;\u00bb<\/p>\n\n\n\n<p>Lambert Somec est une entreprise en construction \u00e9lectrom\u00e9canique qui a d\u00e9velopp\u00e9 une expertise dans des mandats de construction sp\u00e9cifiques.&nbsp;Les travailleurs-euses qui feront un d\u00e9brayage aujourd\u2019hui oeuvrent \u00e0 leur usine sp\u00e9cialis\u00e9e dans la fabrication d&rsquo;\u00e9quipements industriels localis\u00e9e sur l\u2019avenue Dalton \u00e0 Qu\u00e9bec.<\/p>\n\n\n\n<p class=\"has-text-color has-background has-very-light-gray-color has-vivid-red-background-color\"><strong>DERNI\u00c8RE HEURE<\/strong> &#8211; Des offres patronales ont \u00e9t\u00e9 propos\u00e9es au comit\u00e9 de n\u00e9gociation hier soir. Elles seront soumises ce matin lors d\u2019une assembl\u00e9e syndicale. Plus de d\u00e9tails \u00e0 venir.<\/p>\n\n\n\n<figure class=\"wp-block-image\"><img loading=\"lazy\" decoding=\"async\" width=\"1024\" height=\"626\" src=\"https:\/\/teamsters.ca\/wp-content\/uploads\/2021\/04\/image1791-1024x626.jpg\" alt=\"\" class=\"wp-image-20758\" srcset=\"https:\/\/teamsters.ca\/wp-content\/uploads\/2021\/04\/image1791-1024x626.jpg 1024w, https:\/\/teamsters.ca\/wp-content\/uploads\/2021\/04\/image1791-150x92.jpg 150w, https:\/\/teamsters.ca\/wp-content\/uploads\/2021\/04\/image1791-300x183.jpg 300w, https:\/\/teamsters.ca\/wp-content\/uploads\/2021\/04\/image1791-768x469.jpg 768w, https:\/\/teamsters.ca\/wp-content\/uploads\/2021\/04\/image1791-696x425.jpg 696w, https:\/\/teamsters.ca\/wp-content\/uploads\/2021\/04\/image1791-1068x653.jpg 1068w, https:\/\/teamsters.ca\/wp-content\/uploads\/2021\/04\/image1791-687x420.jpg 687w, https:\/\/teamsters.ca\/wp-content\/uploads\/2021\/04\/image1791.jpg 1144w\" sizes=\"auto, (max-width: 1024px) 100vw, 1024px\" \/><\/figure>\n\n\n\n<p><em>Le syndicat des Teamsters repr\u00e9sente les int\u00e9r\u00eats de\u00a0125 000 membres au Canada. Ils et elles sont affili\u00e9s-\u00e9es \u00e0 la Fraternit\u00e9 internationale des Teamsters, dont l\u2019effectif syndical est de 1,4 million de membres en Am\u00e9rique du Nord.<\/em><\/p>\n\n\n\n<p style=\"text-align:center\">-30-<\/p>\n\n\n\n<p>St\u00e9phane Lacroix, directeur des Communications et des Affaires publiques<br \/>Portable : 514 609-5101<br \/><a rel=\"noreferrer noopener\" href=\"mailto:slacroix@teamsters.ca\" target=\"_blank\">slacroix@teamsters.ca<\/a><\/p>\n","protected":false},"excerpt":{"rendered":"<p>Les travailleurs et travailleuses d\u2019une usine de Qu\u00e9bec de la compagnie Lambert Somec sont en gr\u00e8ve d\u00e8s ce matin pour 24 heures. Cette \u00ab journ\u00e9e d\u2019\u00e9tude \u00bb a pour objectif d\u2019exprimer leur m\u00e9contentement pour des n\u00e9gociations qui avancent \u00e0 pas de tortue depuis mai 2020.<\/p>\n","protected":false},"author":8,"featured_media":20756,"comment_status":"closed","ping_status":"closed","sticky":false,"template":"","format":"standard","meta":{"ngg_post_thumbnail":0,"mc4wp_mailchimp_campaign":[],"footnotes":""},"categories":[1411,1114],"tags":[6635],"class_list":{"0":"post-20754","1":"post","2":"type-post","3":"status-publish","4":"format-standard","5":"has-post-thumbnail","7":"category-greve","8":"category-nouvelles","9":"tag-lambert-somec"},"yoast_head":"<!-- This site is optimized with the Yoast SEO Premium plugin v25.5 (Yoast SEO v25.5) - https:\/\/yoast.com\/wordpress\/plugins\/seo\/ -->\n<title>Gr\u00e8ve d\u2019une journ\u00e9e chez Lambert Somec \u00e0 Qu\u00e9bec | Teamsters Canada<\/title>\n<meta name=\"robots\" content=\"index, follow, max-snippet:-1, max-image-preview:large, max-video-preview:-1\" \/>\n<link rel=\"canonical\" href=\"https:\/\/teamsters.ca\/fr\/blog\/2021\/04\/01\/greve-dune-journee-chez-lambert-somec-a-quebec\/\" \/>\n<meta property=\"og:locale\" content=\"fr_CA\" \/>\n<meta property=\"og:type\" content=\"article\" \/>\n<meta property=\"og:title\" content=\"Gr\u00e8ve d\u2019une journ\u00e9e chez Lambert Somec \u00e0 Qu\u00e9bec\" \/>\n<meta property=\"og:description\" content=\"Les travailleurs et travailleuses d\u2019une usine de Qu\u00e9bec de la compagnie Lambert Somec sont en gr\u00e8ve d\u00e8s ce matin pour 24 heures. Cette \u00ab journ\u00e9e d\u2019\u00e9tude \u00bb a pour objectif d\u2019exprimer leur m\u00e9contentement pour des n\u00e9gociations qui avancent \u00e0 pas de tortue depuis mai 2020.\" \/>\n<meta property=\"og:url\" content=\"https:\/\/teamsters.ca\/fr\/blog\/2021\/04\/01\/greve-dune-journee-chez-lambert-somec-a-quebec\/\" \/>\n<meta property=\"og:site_name\" content=\"Teamsters Canada\" \/>\n<meta property=\"article:publisher\" content=\"https:\/\/www.facebook.com\/Teamsterscanada\/\" \/>\n<meta property=\"article:published_time\" content=\"2021-04-01T16:07:40+00:00\" \/>\n<meta property=\"article:modified_time\" content=\"2021-04-01T16:07:42+00:00\" \/>\n<meta property=\"og:image\" content=\"https:\/\/teamsters.ca\/wp-content\/uploads\/2021\/04\/Unknown.jpeg\" \/>\n\t<meta property=\"og:image:width\" content=\"1060\" \/>\n\t<meta property=\"og:image:height\" content=\"728\" \/>\n\t<meta property=\"og:image:type\" content=\"image\/jpeg\" \/>\n<meta name=\"author\" content=\"St\u00e9phanie Meunier\" \/>\n<meta name=\"twitter:card\" content=\"summary_large_image\" \/>\n<meta name=\"twitter:creator\" content=\"@TeamstersCanada\" \/>\n<meta name=\"twitter:site\" content=\"@TeamstersCanada\" \/>\n<meta name=\"twitter:label1\" content=\"\u00c9crit par\" \/>\n\t<meta name=\"twitter:data1\" content=\"St\u00e9phanie Meunier\" \/>\n\t<meta name=\"twitter:label2\" content=\"Estimation du temps de lecture\" \/>\n\t<meta name=\"twitter:data2\" content=\"2 minutes\" \/>\n<script type=\"application\/ld+json\" class=\"yoast-schema-graph\">{\"@context\":\"https:\/\/schema.org\",\"@graph\":[{\"@type\":\"Article\",\"@id\":\"https:\/\/teamsters.ca\/fr\/blog\/2021\/04\/01\/greve-dune-journee-chez-lambert-somec-a-quebec\/#article\",\"isPartOf\":{\"@id\":\"https:\/\/teamsters.ca\/fr\/blog\/2021\/04\/01\/greve-dune-journee-chez-lambert-somec-a-quebec\/\"},\"author\":{\"name\":\"St\u00e9phanie Meunier\",\"@id\":\"https:\/\/teamsters.ca\/fr\/#\/schema\/person\/3e6ffefc39fe2f212400b7d8d0a4a0c1\"},\"headline\":\"Gr\u00e8ve d\u2019une journ\u00e9e chez Lambert Somec \u00e0 Qu\u00e9bec\",\"datePublished\":\"2021-04-01T16:07:40+00:00\",\"dateModified\":\"2021-04-01T16:07:42+00:00\",\"mainEntityOfPage\":{\"@id\":\"https:\/\/teamsters.ca\/fr\/blog\/2021\/04\/01\/greve-dune-journee-chez-lambert-somec-a-quebec\/\"},\"wordCount\":350,\"publisher\":{\"@id\":\"https:\/\/teamsters.ca\/fr\/#organization\"},\"image\":{\"@id\":\"https:\/\/teamsters.ca\/fr\/blog\/2021\/04\/01\/greve-dune-journee-chez-lambert-somec-a-quebec\/#primaryimage\"},\"thumbnailUrl\":\"https:\/\/teamsters.ca\/wp-content\/uploads\/2021\/04\/Unknown.jpeg\",\"keywords\":[\"Lambert Somec\"],\"articleSection\":[\"Gr\u00e8ve\",\"Nouvelles\"],\"inLanguage\":\"fr-CA\"},{\"@type\":\"WebPage\",\"@id\":\"https:\/\/teamsters.ca\/fr\/blog\/2021\/04\/01\/greve-dune-journee-chez-lambert-somec-a-quebec\/\",\"url\":\"https:\/\/teamsters.ca\/fr\/blog\/2021\/04\/01\/greve-dune-journee-chez-lambert-somec-a-quebec\/\",\"name\":\"Gr\u00e8ve d\u2019une journ\u00e9e chez Lambert Somec \u00e0 Qu\u00e9bec | Teamsters Canada\",\"isPartOf\":{\"@id\":\"https:\/\/teamsters.ca\/fr\/#website\"},\"primaryImageOfPage\":{\"@id\":\"https:\/\/teamsters.ca\/fr\/blog\/2021\/04\/01\/greve-dune-journee-chez-lambert-somec-a-quebec\/#primaryimage\"},\"image\":{\"@id\":\"https:\/\/teamsters.ca\/fr\/blog\/2021\/04\/01\/greve-dune-journee-chez-lambert-somec-a-quebec\/#primaryimage\"},\"thumbnailUrl\":\"https:\/\/teamsters.ca\/wp-content\/uploads\/2021\/04\/Unknown.jpeg\",\"datePublished\":\"2021-04-01T16:07:40+00:00\",\"dateModified\":\"2021-04-01T16:07:42+00:00\",\"breadcrumb\":{\"@id\":\"https:\/\/teamsters.ca\/fr\/blog\/2021\/04\/01\/greve-dune-journee-chez-lambert-somec-a-quebec\/#breadcrumb\"},\"inLanguage\":\"fr-CA\",\"potentialAction\":[{\"@type\":\"ReadAction\",\"target\":[\"https:\/\/teamsters.ca\/fr\/blog\/2021\/04\/01\/greve-dune-journee-chez-lambert-somec-a-quebec\/\"]}]},{\"@type\":\"ImageObject\",\"inLanguage\":\"fr-CA\",\"@id\":\"https:\/\/teamsters.ca\/fr\/blog\/2021\/04\/01\/greve-dune-journee-chez-lambert-somec-a-quebec\/#primaryimage\",\"url\":\"https:\/\/teamsters.ca\/wp-content\/uploads\/2021\/04\/Unknown.jpeg\",\"contentUrl\":\"https:\/\/teamsters.ca\/wp-content\/uploads\/2021\/04\/Unknown.jpeg\",\"width\":1060,\"height\":728},{\"@type\":\"BreadcrumbList\",\"@id\":\"https:\/\/teamsters.ca\/fr\/blog\/2021\/04\/01\/greve-dune-journee-chez-lambert-somec-a-quebec\/#breadcrumb\",\"itemListElement\":[{\"@type\":\"ListItem\",\"position\":1,\"name\":\"Home\",\"item\":\"https:\/\/teamsters.ca\/fr\/\"},{\"@type\":\"ListItem\",\"position\":2,\"name\":\"Gr\u00e8ve d\u2019une journ\u00e9e chez Lambert Somec \u00e0 Qu\u00e9bec\"}]},{\"@type\":\"WebSite\",\"@id\":\"https:\/\/teamsters.ca\/fr\/#website\",\"url\":\"https:\/\/teamsters.ca\/fr\/\",\"name\":\"Teamsters Canada\",\"description\":\"A Canadian union representing over 125 000 members\",\"publisher\":{\"@id\":\"https:\/\/teamsters.ca\/fr\/#organization\"},\"potentialAction\":[{\"@type\":\"SearchAction\",\"target\":{\"@type\":\"EntryPoint\",\"urlTemplate\":\"https:\/\/teamsters.ca\/fr\/?s={search_term_string}\"},\"query-input\":{\"@type\":\"PropertyValueSpecification\",\"valueRequired\":true,\"valueName\":\"search_term_string\"}}],\"inLanguage\":\"fr-CA\"},{\"@type\":\"Organization\",\"@id\":\"https:\/\/teamsters.ca\/fr\/#organization\",\"name\":\"Teamsters Canada\",\"url\":\"https:\/\/teamsters.ca\/fr\/\",\"logo\":{\"@type\":\"ImageObject\",\"inLanguage\":\"fr-CA\",\"@id\":\"https:\/\/teamsters.ca\/fr\/#\/schema\/logo\/image\/\",\"url\":\"https:\/\/teamsters.ca\/wp-content\/uploads\/2019\/08\/TeamstersCanada.png\",\"contentUrl\":\"https:\/\/teamsters.ca\/wp-content\/uploads\/2019\/08\/TeamstersCanada.png\",\"width\":545,\"height\":181,\"caption\":\"Teamsters Canada\"},\"image\":{\"@id\":\"https:\/\/teamsters.ca\/fr\/#\/schema\/logo\/image\/\"},\"sameAs\":[\"https:\/\/www.facebook.com\/Teamsterscanada\/\",\"https:\/\/x.com\/TeamstersCanada\"]},{\"@type\":\"Person\",\"@id\":\"https:\/\/teamsters.ca\/fr\/#\/schema\/person\/3e6ffefc39fe2f212400b7d8d0a4a0c1\",\"name\":\"St\u00e9phanie Meunier\",\"image\":{\"@type\":\"ImageObject\",\"inLanguage\":\"fr-CA\",\"@id\":\"https:\/\/teamsters.ca\/fr\/#\/schema\/person\/image\/\",\"url\":\"https:\/\/secure.gravatar.com\/avatar\/e4e8404e91ed71cb473fa2708849669810cf083c89825a3d2dd0d47dd6b2be77?s=96&d=mm&r=g\",\"contentUrl\":\"https:\/\/secure.gravatar.com\/avatar\/e4e8404e91ed71cb473fa2708849669810cf083c89825a3d2dd0d47dd6b2be77?s=96&d=mm&r=g\",\"caption\":\"St\u00e9phanie Meunier\"},\"url\":\"https:\/\/teamsters.ca\/fr\/blog\/author\/smeunier\/\"}]}<\/script>\n<!-- \/ Yoast SEO Premium plugin. -->","yoast_head_json":{"title":"Gr\u00e8ve d\u2019une journ\u00e9e chez Lambert Somec \u00e0 Qu\u00e9bec | Teamsters Canada","robots":{"index":"index","follow":"follow","max-snippet":"max-snippet:-1","max-image-preview":"max-image-preview:large","max-video-preview":"max-video-preview:-1"},"canonical":"https:\/\/teamsters.ca\/fr\/blog\/2021\/04\/01\/greve-dune-journee-chez-lambert-somec-a-quebec\/","og_locale":"fr_CA","og_type":"article","og_title":"Gr\u00e8ve d\u2019une journ\u00e9e chez Lambert Somec \u00e0 Qu\u00e9bec","og_description":"Les travailleurs et travailleuses d\u2019une usine de Qu\u00e9bec de la compagnie Lambert Somec sont en gr\u00e8ve d\u00e8s ce matin pour 24 heures. Cette \u00ab journ\u00e9e d\u2019\u00e9tude \u00bb a pour objectif d\u2019exprimer leur m\u00e9contentement pour des n\u00e9gociations qui avancent \u00e0 pas de tortue depuis mai 2020.","og_url":"https:\/\/teamsters.ca\/fr\/blog\/2021\/04\/01\/greve-dune-journee-chez-lambert-somec-a-quebec\/","og_site_name":"Teamsters Canada","article_publisher":"https:\/\/www.facebook.com\/Teamsterscanada\/","article_published_time":"2021-04-01T16:07:40+00:00","article_modified_time":"2021-04-01T16:07:42+00:00","og_image":[{"width":1060,"height":728,"url":"https:\/\/teamsters.ca\/wp-content\/uploads\/2021\/04\/Unknown.jpeg","type":"image\/jpeg"}],"author":"St\u00e9phanie Meunier","twitter_card":"summary_large_image","twitter_creator":"@TeamstersCanada","twitter_site":"@TeamstersCanada","twitter_misc":{"\u00c9crit par":"St\u00e9phanie Meunier","Estimation du temps de lecture":"2 minutes"},"schema":{"@context":"https:\/\/schema.org","@graph":[{"@type":"Article","@id":"https:\/\/teamsters.ca\/fr\/blog\/2021\/04\/01\/greve-dune-journee-chez-lambert-somec-a-quebec\/#article","isPartOf":{"@id":"https:\/\/teamsters.ca\/fr\/blog\/2021\/04\/01\/greve-dune-journee-chez-lambert-somec-a-quebec\/"},"author":{"name":"St\u00e9phanie Meunier","@id":"https:\/\/teamsters.ca\/fr\/#\/schema\/person\/3e6ffefc39fe2f212400b7d8d0a4a0c1"},"headline":"Gr\u00e8ve d\u2019une journ\u00e9e chez Lambert Somec \u00e0 Qu\u00e9bec","datePublished":"2021-04-01T16:07:40+00:00","dateModified":"2021-04-01T16:07:42+00:00","mainEntityOfPage":{"@id":"https:\/\/teamsters.ca\/fr\/blog\/2021\/04\/01\/greve-dune-journee-chez-lambert-somec-a-quebec\/"},"wordCount":350,"publisher":{"@id":"https:\/\/teamsters.ca\/fr\/#organization"},"image":{"@id":"https:\/\/teamsters.ca\/fr\/blog\/2021\/04\/01\/greve-dune-journee-chez-lambert-somec-a-quebec\/#primaryimage"},"thumbnailUrl":"https:\/\/teamsters.ca\/wp-content\/uploads\/2021\/04\/Unknown.jpeg","keywords":["Lambert Somec"],"articleSection":["Gr\u00e8ve","Nouvelles"],"inLanguage":"fr-CA"},{"@type":"WebPage","@id":"https:\/\/teamsters.ca\/fr\/blog\/2021\/04\/01\/greve-dune-journee-chez-lambert-somec-a-quebec\/","url":"https:\/\/teamsters.ca\/fr\/blog\/2021\/04\/01\/greve-dune-journee-chez-lambert-somec-a-quebec\/","name":"Gr\u00e8ve d\u2019une journ\u00e9e chez Lambert Somec \u00e0 Qu\u00e9bec | Teamsters Canada","isPartOf":{"@id":"https:\/\/teamsters.ca\/fr\/#website"},"primaryImageOfPage":{"@id":"https:\/\/teamsters.ca\/fr\/blog\/2021\/04\/01\/greve-dune-journee-chez-lambert-somec-a-quebec\/#primaryimage"},"image":{"@id":"https:\/\/teamsters.ca\/fr\/blog\/2021\/04\/01\/greve-dune-journee-chez-lambert-somec-a-quebec\/#primaryimage"},"thumbnailUrl":"https:\/\/teamsters.ca\/wp-content\/uploads\/2021\/04\/Unknown.jpeg","datePublished":"2021-04-01T16:07:40+00:00","dateModified":"2021-04-01T16:07:42+00:00","breadcrumb":{"@id":"https:\/\/teamsters.ca\/fr\/blog\/2021\/04\/01\/greve-dune-journee-chez-lambert-somec-a-quebec\/#breadcrumb"},"inLanguage":"fr-CA","potentialAction":[{"@type":"ReadAction","target":["https:\/\/teamsters.ca\/fr\/blog\/2021\/04\/01\/greve-dune-journee-chez-lambert-somec-a-quebec\/"]}]},{"@type":"ImageObject","inLanguage":"fr-CA","@id":"https:\/\/teamsters.ca\/fr\/blog\/2021\/04\/01\/greve-dune-journee-chez-lambert-somec-a-quebec\/#primaryimage","url":"https:\/\/teamsters.ca\/wp-content\/uploads\/2021\/04\/Unknown.jpeg","contentUrl":"https:\/\/teamsters.ca\/wp-content\/uploads\/2021\/04\/Unknown.jpeg","width":1060,"height":728},{"@type":"BreadcrumbList","@id":"https:\/\/teamsters.ca\/fr\/blog\/2021\/04\/01\/greve-dune-journee-chez-lambert-somec-a-quebec\/#breadcrumb","itemListElement":[{"@type":"ListItem","position":1,"name":"Home","item":"https:\/\/teamsters.ca\/fr\/"},{"@type":"ListItem","position":2,"name":"Gr\u00e8ve d\u2019une journ\u00e9e chez Lambert Somec \u00e0 Qu\u00e9bec"}]},{"@type":"WebSite","@id":"https:\/\/teamsters.ca\/fr\/#website","url":"https:\/\/teamsters.ca\/fr\/","name":"Teamsters Canada","description":"A Canadian union representing over 125 000 members","publisher":{"@id":"https:\/\/teamsters.ca\/fr\/#organization"},"potentialAction":[{"@type":"SearchAction","target":{"@type":"EntryPoint","urlTemplate":"https:\/\/teamsters.ca\/fr\/?s={search_term_string}"},"query-input":{"@type":"PropertyValueSpecification","valueRequired":true,"valueName":"search_term_string"}}],"inLanguage":"fr-CA"},{"@type":"Organization","@id":"https:\/\/teamsters.ca\/fr\/#organization","name":"Teamsters Canada","url":"https:\/\/teamsters.ca\/fr\/","logo":{"@type":"ImageObject","inLanguage":"fr-CA","@id":"https:\/\/teamsters.ca\/fr\/#\/schema\/logo\/image\/","url":"https:\/\/teamsters.ca\/wp-content\/uploads\/2019\/08\/TeamstersCanada.png","contentUrl":"https:\/\/teamsters.ca\/wp-content\/uploads\/2019\/08\/TeamstersCanada.png","width":545,"height":181,"caption":"Teamsters Canada"},"image":{"@id":"https:\/\/teamsters.ca\/fr\/#\/schema\/logo\/image\/"},"sameAs":["https:\/\/www.facebook.com\/Teamsterscanada\/","https:\/\/x.com\/TeamstersCanada"]},{"@type":"Person","@id":"https:\/\/teamsters.ca\/fr\/#\/schema\/person\/3e6ffefc39fe2f212400b7d8d0a4a0c1","name":"St\u00e9phanie Meunier","image":{"@type":"ImageObject","inLanguage":"fr-CA","@id":"https:\/\/teamsters.ca\/fr\/#\/schema\/person\/image\/","url":"https:\/\/secure.gravatar.com\/avatar\/e4e8404e91ed71cb473fa2708849669810cf083c89825a3d2dd0d47dd6b2be77?s=96&d=mm&r=g","contentUrl":"https:\/\/secure.gravatar.com\/avatar\/e4e8404e91ed71cb473fa2708849669810cf083c89825a3d2dd0d47dd6b2be77?s=96&d=mm&r=g","caption":"St\u00e9phanie Meunier"},"url":"https:\/\/teamsters.ca\/fr\/blog\/author\/smeunier\/"}]}},"_links":{"self":[{"href":"https:\/\/teamsters.ca\/fr\/wp-json\/wp\/v2\/posts\/20754","targetHints":{"allow":["GET"]}}],"collection":[{"href":"https:\/\/teamsters.ca\/fr\/wp-json\/wp\/v2\/posts"}],"about":[{"href":"https:\/\/teamsters.ca\/fr\/wp-json\/wp\/v2\/types\/post"}],"author":[{"embeddable":true,"href":"https:\/\/teamsters.ca\/fr\/wp-json\/wp\/v2\/users\/8"}],"replies":[{"embeddable":true,"href":"https:\/\/teamsters.ca\/fr\/wp-json\/wp\/v2\/comments?post=20754"}],"version-history":[{"count":2,"href":"https:\/\/teamsters.ca\/fr\/wp-json\/wp\/v2\/posts\/20754\/revisions"}],"predecessor-version":[{"id":20760,"href":"https:\/\/teamsters.ca\/fr\/wp-json\/wp\/v2\/posts\/20754\/revisions\/20760"}],"wp:featuredmedia":[{"embeddable":true,"href":"https:\/\/teamsters.ca\/fr\/wp-json\/wp\/v2\/media\/20756"}],"wp:attachment":[{"href":"https:\/\/teamsters.ca\/fr\/wp-json\/wp\/v2\/media?parent=20754"}],"wp:term":[{"taxonomy":"category","embeddable":true,"href":"https:\/\/teamsters.ca\/fr\/wp-json\/wp\/v2\/categories?post=20754"},{"taxonomy":"post_tag","embeddable":true,"href":"https:\/\/teamsters.ca\/fr\/wp-json\/wp\/v2\/tags?post=20754"}],"curies":[{"name":"wp","href":"https:\/\/api.w.org\/{rel}","templated":true}]}}