{"id":20156,"date":"2021-02-24T19:13:42","date_gmt":"2021-02-25T00:13:42","guid":{"rendered":"http:\/\/teamsters.ca\/?p=20156"},"modified":"2021-02-26T13:42:11","modified_gmt":"2021-02-26T18:42:11","slug":"nathaly-guillemette-elue-vice-presidente-a-la-ftq","status":"publish","type":"post","link":"https:\/\/teamsters.ca\/fr\/blog\/2021\/02\/24\/nathaly-guillemette-elue-vice-presidente-a-la-ftq\/","title":{"rendered":"Nathaly Guillemette \u00e9lue vice-pr\u00e9sidente \u00e0 la FTQ"},"content":{"rendered":"\n<p>Laval, 24 f\u00e9vrier 2021 \u2014 La consoeur Nathaly Guillemette, de Teamsters Canada, a \u00e9t\u00e9 \u00e9lue au poste de vice-pr\u00e9sidente, repr\u00e9sentante des femmes au Comit\u00e9 de direction de la FTQ, plus commun\u00e9ment appel\u00e9 le \u00ab&nbsp;Bureau&nbsp;\u00bb&nbsp;de la F\u00e9d\u00e9ration des travailleuses et travailleurs du Qu\u00e9bec.<\/p>\n\n\n\n<p>Nathaly fait partie des Teamsters depuis pr\u00e8s de 35 ans. Elle a d\u00e9but\u00e9&nbsp;sa carri\u00e8re syndicale comme adjointe au sein de la Section locale 1999. Elle a pu gravir les \u00e9chelons au fil de sa carri\u00e8re, malgr\u00e9 le fait que la profession de syndicaliste est \u00e0 pr\u00e9pond\u00e9rance masculine.<\/p>\n\n\n\n<p>\u00ab&nbsp;Je suis ravi de l\u2019\u00e9lection de Nathaly au poste de vice-pr\u00e9sidente de la FTQ, se r\u00e9jouit le pr\u00e9sident de Teamsters Canada, Fran\u00e7ois Laporte. Son parcours professionnel est impressionnant et je suis convaincu que sa fine connaissance des enjeux en rapport avec les femmes, notamment, sera un avantage consid\u00e9rable pour la centrale syndicale.&nbsp;\u00bb<\/p>\n\n\n\n<p>La consoeur Guillemette est depuis quelques ann\u00e9es coordonnatrice \u00e0&nbsp;Teamsters Canada, responsable de l\u2019\u00e9ducation, du dossier des jeunes et de celui des femmes.&nbsp;<\/p>\n\n\n\n<p>\u00ab&nbsp;Je crois que toutes les consoeurs impliqu\u00e9es \u00e0 la Condition f\u00e9minine de la FTQ, et dans ses syndicats affili\u00e9s, jouent un r\u00f4le essentiel, fait remarquer la nouvelle vice-pr\u00e9sidente. Nous devons nous assurer de promouvoir l\u2019\u00e9galit\u00e9 des genres. Cela veut dire d\u00e9construire les st\u00e9r\u00e9otypes afin d\u2019\u00e9liminer la discrimination.&nbsp;\u00bb&nbsp;<\/p>\n\n\n\n<p>En plus de son r\u00f4le \u00e0 Teamsters Canada, Nathaly est pr\u00e9sidente du <a href=\"https:\/\/teamsters.ca\/fr\/condition-feminine\/\" target=\"_blank\" rel=\"noreferrer noopener\" aria-label=\" (opens in a new tab)\">Caucus condition f\u00e9minine Teamsters Qu\u00e9bec<\/a>. Dans le cadre de son travail dans le dossier des femmes, elle a mis sur pied des \u00e9v\u00e9nements pour les femmes Teamsters, d\u00e9velopp\u00e9 et anim\u00e9 des ateliers ou des formations sur la violence conjugale et autres sujets qui touchent les femmes, en plus de mettre sur pied des webinaires et des \u00e9v\u00e9nements caritatifs.\u00a0<\/p>\n\n\n\n<p>Elle si\u00e8ge&nbsp;\u00e9galement au comit\u00e9 consultatif de la conf\u00e9rence des femmes des Teamsters aux \u00c9tats-Unis, o\u00f9&nbsp;elle a pu organiser en collaboration avec ses cons\u0153urs am\u00e9ricaines, une Conf\u00e9rence internationale des femmes Teamsters. L\u2019\u00e9v\u00e8nement, qui a eu lieu \u00e0 Montr\u00e9al en 2019, a attir\u00e9 plus de 1200 femmes Teamsters de partout en Am\u00e9rique du Nord.<\/p>\n\n\n\n<p>\u00ab&nbsp;Comme syndicalistes, nous devons voir \u00e0 ce que toutes les femmes aient le choix de participer, de mani\u00e8re \u00e9gale et sans condition, \u00e0 la prise de d\u00e9cision dans leur vie, pour leur corps, dans leur travail et dans la soci\u00e9t\u00e9, ajoute la leader syndicale. C\u2019est sur quoi j\u2019ai envie de travailler avec mes consoeurs et nos alli\u00e9s car j\u2019ai la conviction qu\u2019ensemble, nous avons le pouvoir de faire des actions concr\u00e8tes qui feront une diff\u00e9rence dans la vie de toutes les femmes.&nbsp;\u00bb<\/p>\n\n\n\n<p>Femme de coeur et d\u2019actions, la consoeur Guillemette n\u2019a pas fini de contribuer significativement \u00e0 toutes les causes syndicales et \u00e0 celle des femmes en particulier.<\/p>\n\n\n\n<p><em>Le syndicat des Teamsters repr\u00e9sente les int\u00e9r\u00eats de 125 000 membres au Canada. Ils et elles sont affili\u00e9s-\u00e9es \u00e0 la Fraternit\u00e9 internationale des Teamsters, dont l\u2019effectif syndical est de 1,4 million de membres en Am\u00e9rique du Nord.<\/em> <em>Visitez&nbsp;<a href=\"https:\/\/teamsters.ca\/fr\/\" target=\"_blank\" rel=\"noreferrer noopener\" aria-label=\" (opens in a new tab)\">teamsters.ca<\/a>&nbsp;pour plus de renseignements, suivez-nous sur Twitter&nbsp;<a rel=\"noreferrer noopener\" href=\"http:\/\/twitter.com\/teamsterscanada\" target=\"_blank\">@TeamstersCanada<\/a><\/em>&nbsp;<em>et joignez-vous \u00e0 nos amis sur Facebook \u00e0&nbsp;<a rel=\"noreferrer noopener\" aria-label=\"facebook.com\/TeamstersCanada. (opens in a new tab)\" href=\"http:\/\/www.facebook.com\/Teamsterscanada\/\" target=\"_blank\">facebook.com\/TeamstersCanada.<\/a><\/em><\/p>\n\n\n\n<p style=\"text-align:center\">-30-<\/p>\n\n\n\n<p>St\u00e9phane Lacroix, directeur des Communications et des Affaires publiques<br \/>Portable : 514 609-5101<br \/><a rel=\"noreferrer noopener\" href=\"mailto:slacroix@teamsters.ca\" target=\"_blank\">slacroix@teamsters.ca<\/a><\/p>\n","protected":false},"excerpt":{"rendered":"<p>La consoeur Nathaly Guillemette, de Teamsters Canada, a \u00e9t\u00e9 \u00e9lue au poste de vice-pr\u00e9sidente, repr\u00e9sentante des femmes au Comit\u00e9 de direction de la FTQ, plus commun\u00e9ment appel\u00e9 le \u00ab Bureau \u00bb de la F\u00e9d\u00e9ration des travailleuses et travailleurs du Qu\u00e9bec.<\/p>\n","protected":false},"author":8,"featured_media":20171,"comment_status":"closed","ping_status":"closed","sticky":false,"template":"","format":"standard","meta":{"ngg_post_thumbnail":0,"mc4wp_mailchimp_campaign":[],"footnotes":""},"categories":[2222,1114],"tags":[6278,2275],"class_list":{"0":"post-20156","1":"post","2":"type-post","3":"status-publish","4":"format-standard","5":"has-post-thumbnail","7":"category-femmes-teamsters","8":"category-nouvelles","9":"tag-ftq","10":"tag-nathaly-guillemette"},"yoast_head":"<!-- This site is optimized with the Yoast SEO Premium plugin v25.5 (Yoast SEO v25.5) - https:\/\/yoast.com\/wordpress\/plugins\/seo\/ -->\n<title>Nathaly Guillemette \u00e9lue vice-pr\u00e9sidente \u00e0 la FTQ | Teamsters Canada<\/title>\n<meta name=\"robots\" content=\"index, follow, max-snippet:-1, max-image-preview:large, max-video-preview:-1\" \/>\n<link rel=\"canonical\" href=\"https:\/\/teamsters.ca\/fr\/blog\/2021\/02\/24\/nathaly-guillemette-elue-vice-presidente-a-la-ftq\/\" \/>\n<meta property=\"og:locale\" content=\"fr_CA\" \/>\n<meta property=\"og:type\" content=\"article\" \/>\n<meta property=\"og:title\" content=\"Nathaly Guillemette \u00e9lue vice-pr\u00e9sidente \u00e0 la FTQ\" \/>\n<meta property=\"og:description\" content=\"La consoeur Nathaly Guillemette, de Teamsters Canada, a \u00e9t\u00e9 \u00e9lue au poste de vice-pr\u00e9sidente, repr\u00e9sentante des femmes au Comit\u00e9 de direction de la FTQ, plus commun\u00e9ment appel\u00e9 le \u00ab Bureau \u00bb de la F\u00e9d\u00e9ration des travailleuses et travailleurs du Qu\u00e9bec.\" \/>\n<meta property=\"og:url\" content=\"https:\/\/teamsters.ca\/fr\/blog\/2021\/02\/24\/nathaly-guillemette-elue-vice-presidente-a-la-ftq\/\" \/>\n<meta property=\"og:site_name\" content=\"Teamsters Canada\" \/>\n<meta property=\"article:publisher\" content=\"https:\/\/www.facebook.com\/Teamsterscanada\/\" \/>\n<meta property=\"article:published_time\" content=\"2021-02-25T00:13:42+00:00\" \/>\n<meta property=\"article:modified_time\" content=\"2021-02-26T18:42:11+00:00\" \/>\n<meta property=\"og:image\" content=\"https:\/\/teamsters.ca\/wp-content\/uploads\/2021\/02\/nath6.jpg\" \/>\n\t<meta property=\"og:image:width\" content=\"1166\" \/>\n\t<meta property=\"og:image:height\" content=\"768\" \/>\n\t<meta property=\"og:image:type\" content=\"image\/jpeg\" \/>\n<meta name=\"author\" content=\"St\u00e9phanie Meunier\" \/>\n<meta name=\"twitter:card\" content=\"summary_large_image\" \/>\n<meta name=\"twitter:creator\" content=\"@TeamstersCanada\" \/>\n<meta name=\"twitter:site\" content=\"@TeamstersCanada\" \/>\n<meta name=\"twitter:label1\" content=\"\u00c9crit par\" \/>\n\t<meta name=\"twitter:data1\" content=\"St\u00e9phanie Meunier\" \/>\n\t<meta name=\"twitter:label2\" content=\"Estimation du temps de lecture\" \/>\n\t<meta name=\"twitter:data2\" content=\"3 minutes\" \/>\n<script type=\"application\/ld+json\" class=\"yoast-schema-graph\">{\"@context\":\"https:\/\/schema.org\",\"@graph\":[{\"@type\":\"Article\",\"@id\":\"https:\/\/teamsters.ca\/fr\/blog\/2021\/02\/24\/nathaly-guillemette-elue-vice-presidente-a-la-ftq\/#article\",\"isPartOf\":{\"@id\":\"https:\/\/teamsters.ca\/fr\/blog\/2021\/02\/24\/nathaly-guillemette-elue-vice-presidente-a-la-ftq\/\"},\"author\":{\"name\":\"St\u00e9phanie Meunier\",\"@id\":\"https:\/\/teamsters.ca\/fr\/#\/schema\/person\/3e6ffefc39fe2f212400b7d8d0a4a0c1\"},\"headline\":\"Nathaly Guillemette \u00e9lue vice-pr\u00e9sidente \u00e0 la FTQ\",\"datePublished\":\"2021-02-25T00:13:42+00:00\",\"dateModified\":\"2021-02-26T18:42:11+00:00\",\"mainEntityOfPage\":{\"@id\":\"https:\/\/teamsters.ca\/fr\/blog\/2021\/02\/24\/nathaly-guillemette-elue-vice-presidente-a-la-ftq\/\"},\"wordCount\":576,\"publisher\":{\"@id\":\"https:\/\/teamsters.ca\/fr\/#organization\"},\"image\":{\"@id\":\"https:\/\/teamsters.ca\/fr\/blog\/2021\/02\/24\/nathaly-guillemette-elue-vice-presidente-a-la-ftq\/#primaryimage\"},\"thumbnailUrl\":\"https:\/\/teamsters.ca\/wp-content\/uploads\/2021\/02\/nath6.jpg\",\"keywords\":[\"FTQ\",\"Nathaly Guillemette\"],\"articleSection\":[\"Femmes Teamsters\",\"Nouvelles\"],\"inLanguage\":\"fr-CA\"},{\"@type\":\"WebPage\",\"@id\":\"https:\/\/teamsters.ca\/fr\/blog\/2021\/02\/24\/nathaly-guillemette-elue-vice-presidente-a-la-ftq\/\",\"url\":\"https:\/\/teamsters.ca\/fr\/blog\/2021\/02\/24\/nathaly-guillemette-elue-vice-presidente-a-la-ftq\/\",\"name\":\"Nathaly Guillemette \u00e9lue vice-pr\u00e9sidente \u00e0 la FTQ | Teamsters Canada\",\"isPartOf\":{\"@id\":\"https:\/\/teamsters.ca\/fr\/#website\"},\"primaryImageOfPage\":{\"@id\":\"https:\/\/teamsters.ca\/fr\/blog\/2021\/02\/24\/nathaly-guillemette-elue-vice-presidente-a-la-ftq\/#primaryimage\"},\"image\":{\"@id\":\"https:\/\/teamsters.ca\/fr\/blog\/2021\/02\/24\/nathaly-guillemette-elue-vice-presidente-a-la-ftq\/#primaryimage\"},\"thumbnailUrl\":\"https:\/\/teamsters.ca\/wp-content\/uploads\/2021\/02\/nath6.jpg\",\"datePublished\":\"2021-02-25T00:13:42+00:00\",\"dateModified\":\"2021-02-26T18:42:11+00:00\",\"breadcrumb\":{\"@id\":\"https:\/\/teamsters.ca\/fr\/blog\/2021\/02\/24\/nathaly-guillemette-elue-vice-presidente-a-la-ftq\/#breadcrumb\"},\"inLanguage\":\"fr-CA\",\"potentialAction\":[{\"@type\":\"ReadAction\",\"target\":[\"https:\/\/teamsters.ca\/fr\/blog\/2021\/02\/24\/nathaly-guillemette-elue-vice-presidente-a-la-ftq\/\"]}]},{\"@type\":\"ImageObject\",\"inLanguage\":\"fr-CA\",\"@id\":\"https:\/\/teamsters.ca\/fr\/blog\/2021\/02\/24\/nathaly-guillemette-elue-vice-presidente-a-la-ftq\/#primaryimage\",\"url\":\"https:\/\/teamsters.ca\/wp-content\/uploads\/2021\/02\/nath6.jpg\",\"contentUrl\":\"https:\/\/teamsters.ca\/wp-content\/uploads\/2021\/02\/nath6.jpg\",\"width\":1166,\"height\":768},{\"@type\":\"BreadcrumbList\",\"@id\":\"https:\/\/teamsters.ca\/fr\/blog\/2021\/02\/24\/nathaly-guillemette-elue-vice-presidente-a-la-ftq\/#breadcrumb\",\"itemListElement\":[{\"@type\":\"ListItem\",\"position\":1,\"name\":\"Home\",\"item\":\"https:\/\/teamsters.ca\/fr\/\"},{\"@type\":\"ListItem\",\"position\":2,\"name\":\"Nathaly Guillemette \u00e9lue vice-pr\u00e9sidente \u00e0 la FTQ\"}]},{\"@type\":\"WebSite\",\"@id\":\"https:\/\/teamsters.ca\/fr\/#website\",\"url\":\"https:\/\/teamsters.ca\/fr\/\",\"name\":\"Teamsters Canada\",\"description\":\"A Canadian union representing over 125 000 members\",\"publisher\":{\"@id\":\"https:\/\/teamsters.ca\/fr\/#organization\"},\"potentialAction\":[{\"@type\":\"SearchAction\",\"target\":{\"@type\":\"EntryPoint\",\"urlTemplate\":\"https:\/\/teamsters.ca\/fr\/?s={search_term_string}\"},\"query-input\":{\"@type\":\"PropertyValueSpecification\",\"valueRequired\":true,\"valueName\":\"search_term_string\"}}],\"inLanguage\":\"fr-CA\"},{\"@type\":\"Organization\",\"@id\":\"https:\/\/teamsters.ca\/fr\/#organization\",\"name\":\"Teamsters Canada\",\"url\":\"https:\/\/teamsters.ca\/fr\/\",\"logo\":{\"@type\":\"ImageObject\",\"inLanguage\":\"fr-CA\",\"@id\":\"https:\/\/teamsters.ca\/fr\/#\/schema\/logo\/image\/\",\"url\":\"https:\/\/teamsters.ca\/wp-content\/uploads\/2019\/08\/TeamstersCanada.png\",\"contentUrl\":\"https:\/\/teamsters.ca\/wp-content\/uploads\/2019\/08\/TeamstersCanada.png\",\"width\":545,\"height\":181,\"caption\":\"Teamsters Canada\"},\"image\":{\"@id\":\"https:\/\/teamsters.ca\/fr\/#\/schema\/logo\/image\/\"},\"sameAs\":[\"https:\/\/www.facebook.com\/Teamsterscanada\/\",\"https:\/\/x.com\/TeamstersCanada\"]},{\"@type\":\"Person\",\"@id\":\"https:\/\/teamsters.ca\/fr\/#\/schema\/person\/3e6ffefc39fe2f212400b7d8d0a4a0c1\",\"name\":\"St\u00e9phanie Meunier\",\"image\":{\"@type\":\"ImageObject\",\"inLanguage\":\"fr-CA\",\"@id\":\"https:\/\/teamsters.ca\/fr\/#\/schema\/person\/image\/\",\"url\":\"https:\/\/secure.gravatar.com\/avatar\/e4e8404e91ed71cb473fa2708849669810cf083c89825a3d2dd0d47dd6b2be77?s=96&d=mm&r=g\",\"contentUrl\":\"https:\/\/secure.gravatar.com\/avatar\/e4e8404e91ed71cb473fa2708849669810cf083c89825a3d2dd0d47dd6b2be77?s=96&d=mm&r=g\",\"caption\":\"St\u00e9phanie Meunier\"},\"url\":\"https:\/\/teamsters.ca\/fr\/blog\/author\/smeunier\/\"}]}<\/script>\n<!-- \/ Yoast SEO Premium plugin. -->","yoast_head_json":{"title":"Nathaly Guillemette \u00e9lue vice-pr\u00e9sidente \u00e0 la FTQ | Teamsters Canada","robots":{"index":"index","follow":"follow","max-snippet":"max-snippet:-1","max-image-preview":"max-image-preview:large","max-video-preview":"max-video-preview:-1"},"canonical":"https:\/\/teamsters.ca\/fr\/blog\/2021\/02\/24\/nathaly-guillemette-elue-vice-presidente-a-la-ftq\/","og_locale":"fr_CA","og_type":"article","og_title":"Nathaly Guillemette \u00e9lue vice-pr\u00e9sidente \u00e0 la FTQ","og_description":"La consoeur Nathaly Guillemette, de Teamsters Canada, a \u00e9t\u00e9 \u00e9lue au poste de vice-pr\u00e9sidente, repr\u00e9sentante des femmes au Comit\u00e9 de direction de la FTQ, plus commun\u00e9ment appel\u00e9 le \u00ab Bureau \u00bb de la F\u00e9d\u00e9ration des travailleuses et travailleurs du Qu\u00e9bec.","og_url":"https:\/\/teamsters.ca\/fr\/blog\/2021\/02\/24\/nathaly-guillemette-elue-vice-presidente-a-la-ftq\/","og_site_name":"Teamsters Canada","article_publisher":"https:\/\/www.facebook.com\/Teamsterscanada\/","article_published_time":"2021-02-25T00:13:42+00:00","article_modified_time":"2021-02-26T18:42:11+00:00","og_image":[{"width":1166,"height":768,"url":"https:\/\/teamsters.ca\/wp-content\/uploads\/2021\/02\/nath6.jpg","type":"image\/jpeg"}],"author":"St\u00e9phanie Meunier","twitter_card":"summary_large_image","twitter_creator":"@TeamstersCanada","twitter_site":"@TeamstersCanada","twitter_misc":{"\u00c9crit par":"St\u00e9phanie Meunier","Estimation du temps de lecture":"3 minutes"},"schema":{"@context":"https:\/\/schema.org","@graph":[{"@type":"Article","@id":"https:\/\/teamsters.ca\/fr\/blog\/2021\/02\/24\/nathaly-guillemette-elue-vice-presidente-a-la-ftq\/#article","isPartOf":{"@id":"https:\/\/teamsters.ca\/fr\/blog\/2021\/02\/24\/nathaly-guillemette-elue-vice-presidente-a-la-ftq\/"},"author":{"name":"St\u00e9phanie Meunier","@id":"https:\/\/teamsters.ca\/fr\/#\/schema\/person\/3e6ffefc39fe2f212400b7d8d0a4a0c1"},"headline":"Nathaly Guillemette \u00e9lue vice-pr\u00e9sidente \u00e0 la FTQ","datePublished":"2021-02-25T00:13:42+00:00","dateModified":"2021-02-26T18:42:11+00:00","mainEntityOfPage":{"@id":"https:\/\/teamsters.ca\/fr\/blog\/2021\/02\/24\/nathaly-guillemette-elue-vice-presidente-a-la-ftq\/"},"wordCount":576,"publisher":{"@id":"https:\/\/teamsters.ca\/fr\/#organization"},"image":{"@id":"https:\/\/teamsters.ca\/fr\/blog\/2021\/02\/24\/nathaly-guillemette-elue-vice-presidente-a-la-ftq\/#primaryimage"},"thumbnailUrl":"https:\/\/teamsters.ca\/wp-content\/uploads\/2021\/02\/nath6.jpg","keywords":["FTQ","Nathaly Guillemette"],"articleSection":["Femmes Teamsters","Nouvelles"],"inLanguage":"fr-CA"},{"@type":"WebPage","@id":"https:\/\/teamsters.ca\/fr\/blog\/2021\/02\/24\/nathaly-guillemette-elue-vice-presidente-a-la-ftq\/","url":"https:\/\/teamsters.ca\/fr\/blog\/2021\/02\/24\/nathaly-guillemette-elue-vice-presidente-a-la-ftq\/","name":"Nathaly Guillemette \u00e9lue vice-pr\u00e9sidente \u00e0 la FTQ | Teamsters Canada","isPartOf":{"@id":"https:\/\/teamsters.ca\/fr\/#website"},"primaryImageOfPage":{"@id":"https:\/\/teamsters.ca\/fr\/blog\/2021\/02\/24\/nathaly-guillemette-elue-vice-presidente-a-la-ftq\/#primaryimage"},"image":{"@id":"https:\/\/teamsters.ca\/fr\/blog\/2021\/02\/24\/nathaly-guillemette-elue-vice-presidente-a-la-ftq\/#primaryimage"},"thumbnailUrl":"https:\/\/teamsters.ca\/wp-content\/uploads\/2021\/02\/nath6.jpg","datePublished":"2021-02-25T00:13:42+00:00","dateModified":"2021-02-26T18:42:11+00:00","breadcrumb":{"@id":"https:\/\/teamsters.ca\/fr\/blog\/2021\/02\/24\/nathaly-guillemette-elue-vice-presidente-a-la-ftq\/#breadcrumb"},"inLanguage":"fr-CA","potentialAction":[{"@type":"ReadAction","target":["https:\/\/teamsters.ca\/fr\/blog\/2021\/02\/24\/nathaly-guillemette-elue-vice-presidente-a-la-ftq\/"]}]},{"@type":"ImageObject","inLanguage":"fr-CA","@id":"https:\/\/teamsters.ca\/fr\/blog\/2021\/02\/24\/nathaly-guillemette-elue-vice-presidente-a-la-ftq\/#primaryimage","url":"https:\/\/teamsters.ca\/wp-content\/uploads\/2021\/02\/nath6.jpg","contentUrl":"https:\/\/teamsters.ca\/wp-content\/uploads\/2021\/02\/nath6.jpg","width":1166,"height":768},{"@type":"BreadcrumbList","@id":"https:\/\/teamsters.ca\/fr\/blog\/2021\/02\/24\/nathaly-guillemette-elue-vice-presidente-a-la-ftq\/#breadcrumb","itemListElement":[{"@type":"ListItem","position":1,"name":"Home","item":"https:\/\/teamsters.ca\/fr\/"},{"@type":"ListItem","position":2,"name":"Nathaly Guillemette \u00e9lue vice-pr\u00e9sidente \u00e0 la FTQ"}]},{"@type":"WebSite","@id":"https:\/\/teamsters.ca\/fr\/#website","url":"https:\/\/teamsters.ca\/fr\/","name":"Teamsters Canada","description":"A Canadian union representing over 125 000 members","publisher":{"@id":"https:\/\/teamsters.ca\/fr\/#organization"},"potentialAction":[{"@type":"SearchAction","target":{"@type":"EntryPoint","urlTemplate":"https:\/\/teamsters.ca\/fr\/?s={search_term_string}"},"query-input":{"@type":"PropertyValueSpecification","valueRequired":true,"valueName":"search_term_string"}}],"inLanguage":"fr-CA"},{"@type":"Organization","@id":"https:\/\/teamsters.ca\/fr\/#organization","name":"Teamsters Canada","url":"https:\/\/teamsters.ca\/fr\/","logo":{"@type":"ImageObject","inLanguage":"fr-CA","@id":"https:\/\/teamsters.ca\/fr\/#\/schema\/logo\/image\/","url":"https:\/\/teamsters.ca\/wp-content\/uploads\/2019\/08\/TeamstersCanada.png","contentUrl":"https:\/\/teamsters.ca\/wp-content\/uploads\/2019\/08\/TeamstersCanada.png","width":545,"height":181,"caption":"Teamsters Canada"},"image":{"@id":"https:\/\/teamsters.ca\/fr\/#\/schema\/logo\/image\/"},"sameAs":["https:\/\/www.facebook.com\/Teamsterscanada\/","https:\/\/x.com\/TeamstersCanada"]},{"@type":"Person","@id":"https:\/\/teamsters.ca\/fr\/#\/schema\/person\/3e6ffefc39fe2f212400b7d8d0a4a0c1","name":"St\u00e9phanie Meunier","image":{"@type":"ImageObject","inLanguage":"fr-CA","@id":"https:\/\/teamsters.ca\/fr\/#\/schema\/person\/image\/","url":"https:\/\/secure.gravatar.com\/avatar\/e4e8404e91ed71cb473fa2708849669810cf083c89825a3d2dd0d47dd6b2be77?s=96&d=mm&r=g","contentUrl":"https:\/\/secure.gravatar.com\/avatar\/e4e8404e91ed71cb473fa2708849669810cf083c89825a3d2dd0d47dd6b2be77?s=96&d=mm&r=g","caption":"St\u00e9phanie Meunier"},"url":"https:\/\/teamsters.ca\/fr\/blog\/author\/smeunier\/"}]}},"_links":{"self":[{"href":"https:\/\/teamsters.ca\/fr\/wp-json\/wp\/v2\/posts\/20156","targetHints":{"allow":["GET"]}}],"collection":[{"href":"https:\/\/teamsters.ca\/fr\/wp-json\/wp\/v2\/posts"}],"about":[{"href":"https:\/\/teamsters.ca\/fr\/wp-json\/wp\/v2\/types\/post"}],"author":[{"embeddable":true,"href":"https:\/\/teamsters.ca\/fr\/wp-json\/wp\/v2\/users\/8"}],"replies":[{"embeddable":true,"href":"https:\/\/teamsters.ca\/fr\/wp-json\/wp\/v2\/comments?post=20156"}],"version-history":[{"count":8,"href":"https:\/\/teamsters.ca\/fr\/wp-json\/wp\/v2\/posts\/20156\/revisions"}],"predecessor-version":[{"id":20205,"href":"https:\/\/teamsters.ca\/fr\/wp-json\/wp\/v2\/posts\/20156\/revisions\/20205"}],"wp:featuredmedia":[{"embeddable":true,"href":"https:\/\/teamsters.ca\/fr\/wp-json\/wp\/v2\/media\/20171"}],"wp:attachment":[{"href":"https:\/\/teamsters.ca\/fr\/wp-json\/wp\/v2\/media?parent=20156"}],"wp:term":[{"taxonomy":"category","embeddable":true,"href":"https:\/\/teamsters.ca\/fr\/wp-json\/wp\/v2\/categories?post=20156"},{"taxonomy":"post_tag","embeddable":true,"href":"https:\/\/teamsters.ca\/fr\/wp-json\/wp\/v2\/tags?post=20156"}],"curies":[{"name":"wp","href":"https:\/\/api.w.org\/{rel}","templated":true}]}}