{"id":19733,"date":"2020-11-21T15:10:17","date_gmt":"2020-11-21T20:10:17","guid":{"rendered":"http:\/\/teamsters.ca\/?p=19733"},"modified":"2020-11-21T15:10:18","modified_gmt":"2020-11-21T20:10:18","slug":"deces-de-tom-keegel","status":"publish","type":"post","link":"https:\/\/teamsters.ca\/fr\/blog\/2020\/11\/21\/deces-de-tom-keegel\/","title":{"rendered":"D\u00e9c\u00e8s de Tom Keegel"},"content":{"rendered":"\n<p>Le pr\u00e9sident de Teamsters Canada, Fran\u00e7ois Laporte, pleure la perte de Tom Keegel :&nbsp;<\/p>\n\n\n\n<p>\u00ab Le confr\u00e8re Keegel \u00e9tait un homme bon et un ami du Canada. Je me souviendrai toujours de lui comme d&rsquo;un homme charismatique, de sa carri\u00e8re de cinq d\u00e9cennies au service de notre syndicat et de l\u2019un des secr\u00e9taires-tr\u00e9soriers g\u00e9n\u00e9raux les plus appr\u00e9ci\u00e9s dans l&rsquo;histoire des Teamsters. \u00bb<\/p>\n\n\n\n<p>C. Thomas \u00ab\u00a0Tom\u00a0\u00bb Keegel, secr\u00e9taire-tr\u00e9sorier g\u00e9n\u00e9ral \u00e9m\u00e9rite de la Fraternit\u00e9 internationale des Teamsters (FIT), est d\u00e9c\u00e9d\u00e9 le jeudi 19 novembre 2020 des suites d&rsquo;une longue maladie. M. Keegel a occup\u00e9 le poste de secr\u00e9taire-tr\u00e9sorier g\u00e9n\u00e9ral de la FIT syndicat de 1999 \u00e0 2012.<\/p>\n\n\n\n<p>\u00ab&nbsp;Tom Keegel&nbsp;\u00e9tait un partenaire formidable qui a illustr\u00e9&nbsp;ce que signifie&nbsp;\u00eatre un Teamster, a d\u00e9clar\u00e9&nbsp;Jim Hoffa, pr\u00e9sident g\u00e9n\u00e9ral du syndicat des Teamsters. Il manquera beaucoup \u00e0 tous ceux qui l&rsquo;ont connu.&nbsp;\u00bb<\/p>\n\n\n\n<p>Hoffa a fait l&rsquo;\u00e9loge de Keegel en tant que partenaire solide dans leur effort pour reconstruire la force et la puissance du syndicat des Teamsters. Ensemble, ils ont reconstruit les finances du syndicat et ont cr\u00e9\u00e9 un fonds de gr\u00e8ve d\u00e9di\u00e9.<\/p>\n\n\n\n<p>En tant que secr\u00e9taire-tr\u00e9sorier g\u00e9n\u00e9ral, Keegel avait pour objectif de servir ses confr\u00e8res et consoeurs des Teamsters gr\u00e2ce \u00e0 son travail de surveillance fiscale et de gardien de l&rsquo;argent de leurs cotisations durement gagn\u00e9es.<\/p>\n\n\n\n<p>Lorsque Keegel a pris ses fonctions de secr\u00e9taire-tr\u00e9sorier g\u00e9n\u00e9ral le 19 mars 1999, il a instaur\u00e9 des r\u00e9formes radicales dans tous les domaines des finances du syndicat. Il a \u00e9quilibr\u00e9 le budget pour la premi\u00e8re fois en plus de dix ans, a engag\u00e9 des auditeurs et des comptables qualifi\u00e9s et a \u00e9labor\u00e9 des programmes pour \u00e9tendre ces r\u00e9formes aux affili\u00e9s des Teamsters. Il a \u00e9galement charg\u00e9 ses auditeurs d&rsquo;aider les sections locales \u00e0 faire de leurs livres des mod\u00e8les de clart\u00e9 et d&rsquo;\u00e9thique.&nbsp;<\/p>\n\n\n\n<p>N\u00e9 le 27 septembre 1941 \u00e0 Minneapolis, M. Keegel a pris sa retraite en 2012 apr\u00e8s une carri\u00e8re de 52 ans au sein du syndicat des Teamsters. Il a commenc\u00e9 sa carri\u00e8re de Teamster en 1959 en tant que chauffeur pour la Steeling Cartage Co. et membre de la section locale 544 \u00e0 Minneapolis.<\/p>\n\n\n\n<p>Il a gravi les \u00e9chelons du syndicat des Teamsters, passant de d\u00e9l\u00e9gu\u00e9 syndical \u00e0 secr\u00e9taire-tr\u00e9sorier g\u00e9n\u00e9ral. Il a occup\u00e9 plusieurs postes au sein du syndicat, notamment celui de pr\u00e9sident du Conseil conjoint 32 et de la Section locale 120, tous deux situ\u00e9s dans le Minnesota.<\/p>\n\n\n\n<p>\u00ab&nbsp;Mon h\u00e9ritage est dans le mouvement syndical. Je me souviens de la fa\u00e7on dont j&rsquo;ai \u00e9t\u00e9 inspir\u00e9, a d\u00e9clar\u00e9 M. Keegel en 2012,&nbsp;\u00bb&nbsp;en expliquant que ses premiers coll\u00e8gues&nbsp;\u00e9taient des Teamsters forts qui avaient particip\u00e9&nbsp;\u00e0&nbsp;la c\u00e9l\u00e8bre gr\u00e8ve de Minneapolis en 1934.&nbsp;<\/p>\n\n\n\n<p>\u00ab&nbsp;&nbsp;Ces hommes aimaient leur syndicat et m&rsquo;ont appris que les Teamsters n&rsquo;abandonnent jamais, que les Teamsters ne c\u00e8dent jamais et ne fuient jamais un combat.&nbsp;\u00bb<\/p>\n\n\n\n<p>Lorsque Keegel a pris sa retraite, il a dit \u00e0 ses fr\u00e8res et s\u0153urs du syndicat des Teamsters : \u00ab&nbsp;Vous n&rsquo;avez pas&nbsp;\u00e0&nbsp;vous inqui\u00e9ter de savoir o\u00f9 je serai et comment je vais. Je serai partout. Partout o\u00f9 quelqu&rsquo;un se bat pour le respect au travail, je serai l\u00e0. Partout o\u00f9 il y aura une m\u00e8re en gr\u00e8ve pour obtenir une journ\u00e9e de salaire \u00e9quitable, je serai l\u00e0. Partout o\u00f9 il y a des gens qui essaient de s&rsquo;organiser, je serai l\u00e0. Il suffit de les regarder dans les yeux et vous me verrez.&nbsp;\u00bb<\/p>\n\n\n\n<p>Keegel laisse dans le deuil sa femme Patricia et ses trois filles, Holly, Heather et Heidi, ainsi que leurs familles.<\/p>\n","protected":false},"excerpt":{"rendered":"<p>C. Thomas \u00ab\u00a0Tom\u00a0\u00bb Keegel, secr\u00e9taire-tr\u00e9sorier g\u00e9n\u00e9ral \u00e9m\u00e9rite de la Fraternit\u00e9 internationale des Teamsters (FIT), est d\u00e9c\u00e9d\u00e9 le jeudi 19 novembre 2020 des suites d&rsquo;une longue maladie. M. Keegel a occup\u00e9 le poste de secr\u00e9taire-tr\u00e9sorier g\u00e9n\u00e9ral de la FIT syndicat de 1999 \u00e0 2012.<\/p>\n","protected":false},"author":8,"featured_media":19735,"comment_status":"closed","ping_status":"closed","sticky":false,"template":"","format":"standard","meta":{"ngg_post_thumbnail":0,"mc4wp_mailchimp_campaign":[],"footnotes":""},"categories":[1136,5410,1114],"tags":[5942,5941],"class_list":{"0":"post-19733","1":"post","2":"type-post","3":"status-publish","4":"format-standard","5":"has-post-thumbnail","7":"category-deces","8":"category-etats-unis","9":"category-nouvelles","10":"tag-section-locale-544","11":"tag-tom-keegel"},"yoast_head":"<!-- This site is optimized with the Yoast SEO Premium plugin v25.5 (Yoast SEO v25.5) - https:\/\/yoast.com\/wordpress\/plugins\/seo\/ -->\n<title>D\u00e9c\u00e8s de Tom Keegel | Teamsters Canada<\/title>\n<meta name=\"robots\" content=\"index, follow, max-snippet:-1, max-image-preview:large, max-video-preview:-1\" \/>\n<link rel=\"canonical\" href=\"https:\/\/teamsters.ca\/fr\/blog\/2020\/11\/21\/deces-de-tom-keegel\/\" \/>\n<meta property=\"og:locale\" content=\"fr_CA\" \/>\n<meta property=\"og:type\" content=\"article\" \/>\n<meta property=\"og:title\" content=\"D\u00e9c\u00e8s de Tom Keegel\" \/>\n<meta property=\"og:description\" content=\"C. Thomas &quot;Tom&quot; Keegel, secr\u00e9taire-tr\u00e9sorier g\u00e9n\u00e9ral \u00e9m\u00e9rite de la Fraternit\u00e9 internationale des Teamsters (FIT), est d\u00e9c\u00e9d\u00e9 le jeudi 19 novembre 2020 des suites d&#039;une longue maladie. M. Keegel a occup\u00e9 le poste de secr\u00e9taire-tr\u00e9sorier g\u00e9n\u00e9ral de la FIT syndicat de 1999 \u00e0 2012.\" \/>\n<meta property=\"og:url\" content=\"https:\/\/teamsters.ca\/fr\/blog\/2020\/11\/21\/deces-de-tom-keegel\/\" \/>\n<meta property=\"og:site_name\" content=\"Teamsters Canada\" \/>\n<meta property=\"article:publisher\" content=\"https:\/\/www.facebook.com\/Teamsterscanada\/\" \/>\n<meta property=\"article:published_time\" content=\"2020-11-21T20:10:17+00:00\" \/>\n<meta property=\"article:modified_time\" content=\"2020-11-21T20:10:18+00:00\" \/>\n<meta property=\"og:image\" content=\"https:\/\/teamsters.ca\/wp-content\/uploads\/2020\/11\/thumbnail_IMG_0789.jpg\" \/>\n\t<meta property=\"og:image:width\" content=\"1280\" \/>\n\t<meta property=\"og:image:height\" content=\"880\" \/>\n\t<meta property=\"og:image:type\" content=\"image\/jpeg\" \/>\n<meta name=\"author\" content=\"St\u00e9phanie Meunier\" \/>\n<meta name=\"twitter:card\" content=\"summary_large_image\" \/>\n<meta name=\"twitter:creator\" content=\"@TeamstersCanada\" \/>\n<meta name=\"twitter:site\" content=\"@TeamstersCanada\" \/>\n<meta name=\"twitter:label1\" content=\"\u00c9crit par\" \/>\n\t<meta name=\"twitter:data1\" content=\"St\u00e9phanie Meunier\" \/>\n\t<meta name=\"twitter:label2\" content=\"Estimation du temps de lecture\" \/>\n\t<meta name=\"twitter:data2\" content=\"3 minutes\" \/>\n<script type=\"application\/ld+json\" class=\"yoast-schema-graph\">{\"@context\":\"https:\/\/schema.org\",\"@graph\":[{\"@type\":\"Article\",\"@id\":\"https:\/\/teamsters.ca\/fr\/blog\/2020\/11\/21\/deces-de-tom-keegel\/#article\",\"isPartOf\":{\"@id\":\"https:\/\/teamsters.ca\/fr\/blog\/2020\/11\/21\/deces-de-tom-keegel\/\"},\"author\":{\"name\":\"St\u00e9phanie Meunier\",\"@id\":\"https:\/\/teamsters.ca\/fr\/#\/schema\/person\/3e6ffefc39fe2f212400b7d8d0a4a0c1\"},\"headline\":\"D\u00e9c\u00e8s de Tom Keegel\",\"datePublished\":\"2020-11-21T20:10:17+00:00\",\"dateModified\":\"2020-11-21T20:10:18+00:00\",\"mainEntityOfPage\":{\"@id\":\"https:\/\/teamsters.ca\/fr\/blog\/2020\/11\/21\/deces-de-tom-keegel\/\"},\"wordCount\":651,\"publisher\":{\"@id\":\"https:\/\/teamsters.ca\/fr\/#organization\"},\"image\":{\"@id\":\"https:\/\/teamsters.ca\/fr\/blog\/2020\/11\/21\/deces-de-tom-keegel\/#primaryimage\"},\"thumbnailUrl\":\"https:\/\/teamsters.ca\/wp-content\/uploads\/2020\/11\/thumbnail_IMG_0789.jpg\",\"keywords\":[\"section locale 544\",\"Tom Keegel\"],\"articleSection\":[\"D\u00e9c\u00e8s\",\"\u00c9tats-Unis\",\"Nouvelles\"],\"inLanguage\":\"fr-CA\"},{\"@type\":\"WebPage\",\"@id\":\"https:\/\/teamsters.ca\/fr\/blog\/2020\/11\/21\/deces-de-tom-keegel\/\",\"url\":\"https:\/\/teamsters.ca\/fr\/blog\/2020\/11\/21\/deces-de-tom-keegel\/\",\"name\":\"D\u00e9c\u00e8s de Tom Keegel | Teamsters Canada\",\"isPartOf\":{\"@id\":\"https:\/\/teamsters.ca\/fr\/#website\"},\"primaryImageOfPage\":{\"@id\":\"https:\/\/teamsters.ca\/fr\/blog\/2020\/11\/21\/deces-de-tom-keegel\/#primaryimage\"},\"image\":{\"@id\":\"https:\/\/teamsters.ca\/fr\/blog\/2020\/11\/21\/deces-de-tom-keegel\/#primaryimage\"},\"thumbnailUrl\":\"https:\/\/teamsters.ca\/wp-content\/uploads\/2020\/11\/thumbnail_IMG_0789.jpg\",\"datePublished\":\"2020-11-21T20:10:17+00:00\",\"dateModified\":\"2020-11-21T20:10:18+00:00\",\"breadcrumb\":{\"@id\":\"https:\/\/teamsters.ca\/fr\/blog\/2020\/11\/21\/deces-de-tom-keegel\/#breadcrumb\"},\"inLanguage\":\"fr-CA\",\"potentialAction\":[{\"@type\":\"ReadAction\",\"target\":[\"https:\/\/teamsters.ca\/fr\/blog\/2020\/11\/21\/deces-de-tom-keegel\/\"]}]},{\"@type\":\"ImageObject\",\"inLanguage\":\"fr-CA\",\"@id\":\"https:\/\/teamsters.ca\/fr\/blog\/2020\/11\/21\/deces-de-tom-keegel\/#primaryimage\",\"url\":\"https:\/\/teamsters.ca\/wp-content\/uploads\/2020\/11\/thumbnail_IMG_0789.jpg\",\"contentUrl\":\"https:\/\/teamsters.ca\/wp-content\/uploads\/2020\/11\/thumbnail_IMG_0789.jpg\",\"width\":1280,\"height\":880},{\"@type\":\"BreadcrumbList\",\"@id\":\"https:\/\/teamsters.ca\/fr\/blog\/2020\/11\/21\/deces-de-tom-keegel\/#breadcrumb\",\"itemListElement\":[{\"@type\":\"ListItem\",\"position\":1,\"name\":\"Home\",\"item\":\"https:\/\/teamsters.ca\/fr\/\"},{\"@type\":\"ListItem\",\"position\":2,\"name\":\"D\u00e9c\u00e8s de Tom Keegel\"}]},{\"@type\":\"WebSite\",\"@id\":\"https:\/\/teamsters.ca\/fr\/#website\",\"url\":\"https:\/\/teamsters.ca\/fr\/\",\"name\":\"Teamsters Canada\",\"description\":\"A Canadian union representing over 125 000 members\",\"publisher\":{\"@id\":\"https:\/\/teamsters.ca\/fr\/#organization\"},\"potentialAction\":[{\"@type\":\"SearchAction\",\"target\":{\"@type\":\"EntryPoint\",\"urlTemplate\":\"https:\/\/teamsters.ca\/fr\/?s={search_term_string}\"},\"query-input\":{\"@type\":\"PropertyValueSpecification\",\"valueRequired\":true,\"valueName\":\"search_term_string\"}}],\"inLanguage\":\"fr-CA\"},{\"@type\":\"Organization\",\"@id\":\"https:\/\/teamsters.ca\/fr\/#organization\",\"name\":\"Teamsters Canada\",\"url\":\"https:\/\/teamsters.ca\/fr\/\",\"logo\":{\"@type\":\"ImageObject\",\"inLanguage\":\"fr-CA\",\"@id\":\"https:\/\/teamsters.ca\/fr\/#\/schema\/logo\/image\/\",\"url\":\"https:\/\/teamsters.ca\/wp-content\/uploads\/2019\/08\/TeamstersCanada.png\",\"contentUrl\":\"https:\/\/teamsters.ca\/wp-content\/uploads\/2019\/08\/TeamstersCanada.png\",\"width\":545,\"height\":181,\"caption\":\"Teamsters Canada\"},\"image\":{\"@id\":\"https:\/\/teamsters.ca\/fr\/#\/schema\/logo\/image\/\"},\"sameAs\":[\"https:\/\/www.facebook.com\/Teamsterscanada\/\",\"https:\/\/x.com\/TeamstersCanada\"]},{\"@type\":\"Person\",\"@id\":\"https:\/\/teamsters.ca\/fr\/#\/schema\/person\/3e6ffefc39fe2f212400b7d8d0a4a0c1\",\"name\":\"St\u00e9phanie Meunier\",\"image\":{\"@type\":\"ImageObject\",\"inLanguage\":\"fr-CA\",\"@id\":\"https:\/\/teamsters.ca\/fr\/#\/schema\/person\/image\/\",\"url\":\"https:\/\/secure.gravatar.com\/avatar\/e4e8404e91ed71cb473fa2708849669810cf083c89825a3d2dd0d47dd6b2be77?s=96&d=mm&r=g\",\"contentUrl\":\"https:\/\/secure.gravatar.com\/avatar\/e4e8404e91ed71cb473fa2708849669810cf083c89825a3d2dd0d47dd6b2be77?s=96&d=mm&r=g\",\"caption\":\"St\u00e9phanie Meunier\"},\"url\":\"https:\/\/teamsters.ca\/fr\/blog\/author\/smeunier\/\"}]}<\/script>\n<!-- \/ Yoast SEO Premium plugin. -->","yoast_head_json":{"title":"D\u00e9c\u00e8s de Tom Keegel | Teamsters Canada","robots":{"index":"index","follow":"follow","max-snippet":"max-snippet:-1","max-image-preview":"max-image-preview:large","max-video-preview":"max-video-preview:-1"},"canonical":"https:\/\/teamsters.ca\/fr\/blog\/2020\/11\/21\/deces-de-tom-keegel\/","og_locale":"fr_CA","og_type":"article","og_title":"D\u00e9c\u00e8s de Tom Keegel","og_description":"C. Thomas \"Tom\" Keegel, secr\u00e9taire-tr\u00e9sorier g\u00e9n\u00e9ral \u00e9m\u00e9rite de la Fraternit\u00e9 internationale des Teamsters (FIT), est d\u00e9c\u00e9d\u00e9 le jeudi 19 novembre 2020 des suites d'une longue maladie. M. Keegel a occup\u00e9 le poste de secr\u00e9taire-tr\u00e9sorier g\u00e9n\u00e9ral de la FIT syndicat de 1999 \u00e0 2012.","og_url":"https:\/\/teamsters.ca\/fr\/blog\/2020\/11\/21\/deces-de-tom-keegel\/","og_site_name":"Teamsters Canada","article_publisher":"https:\/\/www.facebook.com\/Teamsterscanada\/","article_published_time":"2020-11-21T20:10:17+00:00","article_modified_time":"2020-11-21T20:10:18+00:00","og_image":[{"width":1280,"height":880,"url":"https:\/\/teamsters.ca\/wp-content\/uploads\/2020\/11\/thumbnail_IMG_0789.jpg","type":"image\/jpeg"}],"author":"St\u00e9phanie Meunier","twitter_card":"summary_large_image","twitter_creator":"@TeamstersCanada","twitter_site":"@TeamstersCanada","twitter_misc":{"\u00c9crit par":"St\u00e9phanie Meunier","Estimation du temps de lecture":"3 minutes"},"schema":{"@context":"https:\/\/schema.org","@graph":[{"@type":"Article","@id":"https:\/\/teamsters.ca\/fr\/blog\/2020\/11\/21\/deces-de-tom-keegel\/#article","isPartOf":{"@id":"https:\/\/teamsters.ca\/fr\/blog\/2020\/11\/21\/deces-de-tom-keegel\/"},"author":{"name":"St\u00e9phanie Meunier","@id":"https:\/\/teamsters.ca\/fr\/#\/schema\/person\/3e6ffefc39fe2f212400b7d8d0a4a0c1"},"headline":"D\u00e9c\u00e8s de Tom Keegel","datePublished":"2020-11-21T20:10:17+00:00","dateModified":"2020-11-21T20:10:18+00:00","mainEntityOfPage":{"@id":"https:\/\/teamsters.ca\/fr\/blog\/2020\/11\/21\/deces-de-tom-keegel\/"},"wordCount":651,"publisher":{"@id":"https:\/\/teamsters.ca\/fr\/#organization"},"image":{"@id":"https:\/\/teamsters.ca\/fr\/blog\/2020\/11\/21\/deces-de-tom-keegel\/#primaryimage"},"thumbnailUrl":"https:\/\/teamsters.ca\/wp-content\/uploads\/2020\/11\/thumbnail_IMG_0789.jpg","keywords":["section locale 544","Tom Keegel"],"articleSection":["D\u00e9c\u00e8s","\u00c9tats-Unis","Nouvelles"],"inLanguage":"fr-CA"},{"@type":"WebPage","@id":"https:\/\/teamsters.ca\/fr\/blog\/2020\/11\/21\/deces-de-tom-keegel\/","url":"https:\/\/teamsters.ca\/fr\/blog\/2020\/11\/21\/deces-de-tom-keegel\/","name":"D\u00e9c\u00e8s de Tom Keegel | Teamsters Canada","isPartOf":{"@id":"https:\/\/teamsters.ca\/fr\/#website"},"primaryImageOfPage":{"@id":"https:\/\/teamsters.ca\/fr\/blog\/2020\/11\/21\/deces-de-tom-keegel\/#primaryimage"},"image":{"@id":"https:\/\/teamsters.ca\/fr\/blog\/2020\/11\/21\/deces-de-tom-keegel\/#primaryimage"},"thumbnailUrl":"https:\/\/teamsters.ca\/wp-content\/uploads\/2020\/11\/thumbnail_IMG_0789.jpg","datePublished":"2020-11-21T20:10:17+00:00","dateModified":"2020-11-21T20:10:18+00:00","breadcrumb":{"@id":"https:\/\/teamsters.ca\/fr\/blog\/2020\/11\/21\/deces-de-tom-keegel\/#breadcrumb"},"inLanguage":"fr-CA","potentialAction":[{"@type":"ReadAction","target":["https:\/\/teamsters.ca\/fr\/blog\/2020\/11\/21\/deces-de-tom-keegel\/"]}]},{"@type":"ImageObject","inLanguage":"fr-CA","@id":"https:\/\/teamsters.ca\/fr\/blog\/2020\/11\/21\/deces-de-tom-keegel\/#primaryimage","url":"https:\/\/teamsters.ca\/wp-content\/uploads\/2020\/11\/thumbnail_IMG_0789.jpg","contentUrl":"https:\/\/teamsters.ca\/wp-content\/uploads\/2020\/11\/thumbnail_IMG_0789.jpg","width":1280,"height":880},{"@type":"BreadcrumbList","@id":"https:\/\/teamsters.ca\/fr\/blog\/2020\/11\/21\/deces-de-tom-keegel\/#breadcrumb","itemListElement":[{"@type":"ListItem","position":1,"name":"Home","item":"https:\/\/teamsters.ca\/fr\/"},{"@type":"ListItem","position":2,"name":"D\u00e9c\u00e8s de Tom Keegel"}]},{"@type":"WebSite","@id":"https:\/\/teamsters.ca\/fr\/#website","url":"https:\/\/teamsters.ca\/fr\/","name":"Teamsters Canada","description":"A Canadian union representing over 125 000 members","publisher":{"@id":"https:\/\/teamsters.ca\/fr\/#organization"},"potentialAction":[{"@type":"SearchAction","target":{"@type":"EntryPoint","urlTemplate":"https:\/\/teamsters.ca\/fr\/?s={search_term_string}"},"query-input":{"@type":"PropertyValueSpecification","valueRequired":true,"valueName":"search_term_string"}}],"inLanguage":"fr-CA"},{"@type":"Organization","@id":"https:\/\/teamsters.ca\/fr\/#organization","name":"Teamsters Canada","url":"https:\/\/teamsters.ca\/fr\/","logo":{"@type":"ImageObject","inLanguage":"fr-CA","@id":"https:\/\/teamsters.ca\/fr\/#\/schema\/logo\/image\/","url":"https:\/\/teamsters.ca\/wp-content\/uploads\/2019\/08\/TeamstersCanada.png","contentUrl":"https:\/\/teamsters.ca\/wp-content\/uploads\/2019\/08\/TeamstersCanada.png","width":545,"height":181,"caption":"Teamsters Canada"},"image":{"@id":"https:\/\/teamsters.ca\/fr\/#\/schema\/logo\/image\/"},"sameAs":["https:\/\/www.facebook.com\/Teamsterscanada\/","https:\/\/x.com\/TeamstersCanada"]},{"@type":"Person","@id":"https:\/\/teamsters.ca\/fr\/#\/schema\/person\/3e6ffefc39fe2f212400b7d8d0a4a0c1","name":"St\u00e9phanie Meunier","image":{"@type":"ImageObject","inLanguage":"fr-CA","@id":"https:\/\/teamsters.ca\/fr\/#\/schema\/person\/image\/","url":"https:\/\/secure.gravatar.com\/avatar\/e4e8404e91ed71cb473fa2708849669810cf083c89825a3d2dd0d47dd6b2be77?s=96&d=mm&r=g","contentUrl":"https:\/\/secure.gravatar.com\/avatar\/e4e8404e91ed71cb473fa2708849669810cf083c89825a3d2dd0d47dd6b2be77?s=96&d=mm&r=g","caption":"St\u00e9phanie Meunier"},"url":"https:\/\/teamsters.ca\/fr\/blog\/author\/smeunier\/"}]}},"_links":{"self":[{"href":"https:\/\/teamsters.ca\/fr\/wp-json\/wp\/v2\/posts\/19733","targetHints":{"allow":["GET"]}}],"collection":[{"href":"https:\/\/teamsters.ca\/fr\/wp-json\/wp\/v2\/posts"}],"about":[{"href":"https:\/\/teamsters.ca\/fr\/wp-json\/wp\/v2\/types\/post"}],"author":[{"embeddable":true,"href":"https:\/\/teamsters.ca\/fr\/wp-json\/wp\/v2\/users\/8"}],"replies":[{"embeddable":true,"href":"https:\/\/teamsters.ca\/fr\/wp-json\/wp\/v2\/comments?post=19733"}],"version-history":[{"count":2,"href":"https:\/\/teamsters.ca\/fr\/wp-json\/wp\/v2\/posts\/19733\/revisions"}],"predecessor-version":[{"id":19737,"href":"https:\/\/teamsters.ca\/fr\/wp-json\/wp\/v2\/posts\/19733\/revisions\/19737"}],"wp:featuredmedia":[{"embeddable":true,"href":"https:\/\/teamsters.ca\/fr\/wp-json\/wp\/v2\/media\/19735"}],"wp:attachment":[{"href":"https:\/\/teamsters.ca\/fr\/wp-json\/wp\/v2\/media?parent=19733"}],"wp:term":[{"taxonomy":"category","embeddable":true,"href":"https:\/\/teamsters.ca\/fr\/wp-json\/wp\/v2\/categories?post=19733"},{"taxonomy":"post_tag","embeddable":true,"href":"https:\/\/teamsters.ca\/fr\/wp-json\/wp\/v2\/tags?post=19733"}],"curies":[{"name":"wp","href":"https:\/\/api.w.org\/{rel}","templated":true}]}}