{"id":18899,"date":"2020-07-27T13:17:13","date_gmt":"2020-07-27T17:17:13","guid":{"rendered":"http:\/\/teamsters.ca\/?p=18899"},"modified":"2020-07-27T14:31:05","modified_gmt":"2020-07-27T18:31:05","slug":"premier-contrat-de-travail-chez-robert-transport-division-exceldor","status":"publish","type":"post","link":"https:\/\/teamsters.ca\/fr\/blog\/2020\/07\/27\/premier-contrat-de-travail-chez-robert-transport-division-exceldor\/","title":{"rendered":"Premier contrat de travail chez Robert Transport &#8211; Division Exceldor"},"content":{"rendered":"\n<p>Laval, 27 juillet 2020 \u2014 Les quelque 30 travailleurs-euses de l\u2019entrep\u00f4t de Robert Transport, division Exceldor&nbsp;\u00e0 Beloeil, se sont dot\u00e9s d\u2019un premier contrat de travail hier. En effet, la convention collective a \u00e9t\u00e9 ratifi\u00e9e par pr\u00e8s de 90 % des membres pr\u00e9sents \u00e0 l\u2019assembl\u00e9e syndicale.<\/p>\n\n\n\n<p>Des augmentations salariales totalisant 8 % ont \u00e9t\u00e9 obtenues 2 ans et 7 mois, en plus de 12 journ\u00e9es f\u00e9ri\u00e9es et deux journ\u00e9es familiales monnayables.<\/p>\n\n\n\n<p>Ce groupe de travailleurs-euses est devenu membres de la Section locale 106 du syndicat des Teamsters en d\u00e9cembre dernier. La pand\u00e9mie a retard\u00e9 un peu les n\u00e9gociations.<\/p>\n\n\n\n<p>\u00ab&nbsp;Joindre le plus puissant syndicat en Am\u00e9rique du Nord comporte de nombreux avantages, de faire remarquer le pr\u00e9sident de la Section locale 106 des Teamsters, Jean Chartrand. L\u2019un d\u2019entre eux est de pouvoir n\u00e9gocier un bon premier contrat de travail.&nbsp;\u00bb<\/p>\n\n\n\n<p>\u00ab&nbsp;F\u00e9licitation au comit\u00e9 de n\u00e9gociations et aux membres pour leur bon travail et leur solidarit\u00e9.&nbsp;\u00bb<\/p>\n\n\n\n<p><em>Le syndicat des Teamsters repr\u00e9sente les int\u00e9r\u00eats de&nbsp;125 000 membres au Canada. Ils et elles sont affili\u00e9s-\u00e9es \u00e0 la Fraternit\u00e9 internationale des Teamsters, dont l\u2019effectif syndical est de 1,4 million de membres en Am\u00e9rique du Nord.<\/em><\/p>\n\n\n\n<p style=\"text-align:center\">-30-<\/p>\n\n\n\n<p>St\u00e9phane Lacroix, directeur des Communications et des Affaires publiques<br \/>Portable : 514 609-5101<br \/><a rel=\"noreferrer noopener\" href=\"mailto:slacroix@teamsters.ca\" target=\"_blank\">slacroix@teamsters.ca<\/a><\/p>\n\n\n\n<p class=\"has-background has-very-light-gray-background-color\">IMAGE CENTRE EXCELDOR : <a rel=\"noreferrer noopener\" aria-label=\"Site officiel Les services d'EMS - Nouveau centre de distribution r\u00e9frig\u00e9r\u00e9 de Beloeil (opens in a new tab)\" href=\"http:\/\/www.ems-ing.com\/realisations\/batiment\/220-1-exceldor-nouveau-centre-de-distribution-refrigere-de-beloeil.html\" target=\"_blank\">Site officiel Les services d&rsquo;EMS &#8211; Nouveau centre de distribution r\u00e9frig\u00e9r\u00e9 de Beloeil<\/a> \ud83d\udd17 <\/p>\n","protected":false},"excerpt":{"rendered":"<p>Les quelque 30 travailleurs-euses de l\u2019entrep\u00f4t de Robert Transport, division Exceldor \u00e0 Beloeil, se sont dot\u00e9s d\u2019un premier contrat de travail hier. En effet, la convention collective a \u00e9t\u00e9 ratifi\u00e9e par pr\u00e8s de 90 % des membres pr\u00e9sents \u00e0 l\u2019assembl\u00e9e syndicale.<\/p>\n","protected":false},"author":8,"featured_media":18913,"comment_status":"closed","ping_status":"closed","sticky":false,"template":"","format":"standard","meta":{"ngg_post_thumbnail":0,"mc4wp_mailchimp_campaign":[],"footnotes":""},"categories":[4995,1135,1114],"tags":[253,5332,254,656],"class_list":{"0":"post-18899","1":"post","2":"type-post","3":"status-publish","4":"format-standard","5":"has-post-thumbnail","7":"category-convention-collective","8":"category-entrepot","9":"category-nouvelles","10":"tag-convention-collective","11":"tag-exceldor","12":"tag-robert-transport","13":"tag-section-locale-106"},"yoast_head":"<!-- This site is optimized with the Yoast SEO Premium plugin v25.5 (Yoast SEO v25.5) - https:\/\/yoast.com\/wordpress\/plugins\/seo\/ -->\n<title>Premier contrat de travail chez Robert Transport - Division Exceldor | Teamsters Canada<\/title>\n<meta name=\"robots\" content=\"index, follow, max-snippet:-1, max-image-preview:large, max-video-preview:-1\" \/>\n<link rel=\"canonical\" href=\"https:\/\/teamsters.ca\/fr\/blog\/2020\/07\/27\/premier-contrat-de-travail-chez-robert-transport-division-exceldor\/\" \/>\n<meta property=\"og:locale\" content=\"fr_CA\" \/>\n<meta property=\"og:type\" content=\"article\" \/>\n<meta property=\"og:title\" content=\"Premier contrat de travail chez Robert Transport - Division Exceldor\" \/>\n<meta property=\"og:description\" content=\"Les quelque 30 travailleurs-euses de l\u2019entrep\u00f4t de Robert Transport, division Exceldor \u00e0 Beloeil, se sont dot\u00e9s d\u2019un premier contrat de travail hier. En effet, la convention collective a \u00e9t\u00e9 ratifi\u00e9e par pr\u00e8s de 90 % des membres pr\u00e9sents \u00e0 l\u2019assembl\u00e9e syndicale.\" \/>\n<meta property=\"og:url\" content=\"https:\/\/teamsters.ca\/fr\/blog\/2020\/07\/27\/premier-contrat-de-travail-chez-robert-transport-division-exceldor\/\" \/>\n<meta property=\"og:site_name\" content=\"Teamsters Canada\" \/>\n<meta property=\"article:publisher\" content=\"https:\/\/www.facebook.com\/Teamsterscanada\/\" \/>\n<meta property=\"article:published_time\" content=\"2020-07-27T17:17:13+00:00\" \/>\n<meta property=\"article:modified_time\" content=\"2020-07-27T18:31:05+00:00\" \/>\n<meta property=\"og:image\" content=\"https:\/\/teamsters.ca\/wp-content\/uploads\/2020\/07\/image_francaise.jpg\" \/>\n\t<meta property=\"og:image:width\" content=\"1167\" \/>\n\t<meta property=\"og:image:height\" content=\"768\" \/>\n\t<meta property=\"og:image:type\" content=\"image\/jpeg\" \/>\n<meta name=\"author\" content=\"St\u00e9phanie Meunier\" \/>\n<meta name=\"twitter:card\" content=\"summary_large_image\" \/>\n<meta name=\"twitter:creator\" content=\"@TeamstersCanada\" \/>\n<meta name=\"twitter:site\" content=\"@TeamstersCanada\" \/>\n<meta name=\"twitter:label1\" content=\"\u00c9crit par\" \/>\n\t<meta name=\"twitter:data1\" content=\"St\u00e9phanie Meunier\" \/>\n\t<meta name=\"twitter:label2\" content=\"Estimation du temps de lecture\" \/>\n\t<meta name=\"twitter:data2\" content=\"1 minute\" \/>\n<script type=\"application\/ld+json\" class=\"yoast-schema-graph\">{\"@context\":\"https:\/\/schema.org\",\"@graph\":[{\"@type\":\"Article\",\"@id\":\"https:\/\/teamsters.ca\/fr\/blog\/2020\/07\/27\/premier-contrat-de-travail-chez-robert-transport-division-exceldor\/#article\",\"isPartOf\":{\"@id\":\"https:\/\/teamsters.ca\/fr\/blog\/2020\/07\/27\/premier-contrat-de-travail-chez-robert-transport-division-exceldor\/\"},\"author\":{\"name\":\"St\u00e9phanie Meunier\",\"@id\":\"https:\/\/teamsters.ca\/fr\/#\/schema\/person\/3e6ffefc39fe2f212400b7d8d0a4a0c1\"},\"headline\":\"Premier contrat de travail chez Robert Transport &#8211; Division Exceldor\",\"datePublished\":\"2020-07-27T17:17:13+00:00\",\"dateModified\":\"2020-07-27T18:31:05+00:00\",\"mainEntityOfPage\":{\"@id\":\"https:\/\/teamsters.ca\/fr\/blog\/2020\/07\/27\/premier-contrat-de-travail-chez-robert-transport-division-exceldor\/\"},\"wordCount\":237,\"publisher\":{\"@id\":\"https:\/\/teamsters.ca\/fr\/#organization\"},\"image\":{\"@id\":\"https:\/\/teamsters.ca\/fr\/blog\/2020\/07\/27\/premier-contrat-de-travail-chez-robert-transport-division-exceldor\/#primaryimage\"},\"thumbnailUrl\":\"https:\/\/teamsters.ca\/wp-content\/uploads\/2020\/07\/image_francaise.jpg\",\"keywords\":[\"Convention collective\",\"Exceldor\",\"Robert transport\",\"Section locale 106\"],\"articleSection\":[\"Convention collective\",\"Entrep\u00f4t\",\"Nouvelles\"],\"inLanguage\":\"fr-CA\"},{\"@type\":\"WebPage\",\"@id\":\"https:\/\/teamsters.ca\/fr\/blog\/2020\/07\/27\/premier-contrat-de-travail-chez-robert-transport-division-exceldor\/\",\"url\":\"https:\/\/teamsters.ca\/fr\/blog\/2020\/07\/27\/premier-contrat-de-travail-chez-robert-transport-division-exceldor\/\",\"name\":\"Premier contrat de travail chez Robert Transport - Division Exceldor | Teamsters Canada\",\"isPartOf\":{\"@id\":\"https:\/\/teamsters.ca\/fr\/#website\"},\"primaryImageOfPage\":{\"@id\":\"https:\/\/teamsters.ca\/fr\/blog\/2020\/07\/27\/premier-contrat-de-travail-chez-robert-transport-division-exceldor\/#primaryimage\"},\"image\":{\"@id\":\"https:\/\/teamsters.ca\/fr\/blog\/2020\/07\/27\/premier-contrat-de-travail-chez-robert-transport-division-exceldor\/#primaryimage\"},\"thumbnailUrl\":\"https:\/\/teamsters.ca\/wp-content\/uploads\/2020\/07\/image_francaise.jpg\",\"datePublished\":\"2020-07-27T17:17:13+00:00\",\"dateModified\":\"2020-07-27T18:31:05+00:00\",\"breadcrumb\":{\"@id\":\"https:\/\/teamsters.ca\/fr\/blog\/2020\/07\/27\/premier-contrat-de-travail-chez-robert-transport-division-exceldor\/#breadcrumb\"},\"inLanguage\":\"fr-CA\",\"potentialAction\":[{\"@type\":\"ReadAction\",\"target\":[\"https:\/\/teamsters.ca\/fr\/blog\/2020\/07\/27\/premier-contrat-de-travail-chez-robert-transport-division-exceldor\/\"]}]},{\"@type\":\"ImageObject\",\"inLanguage\":\"fr-CA\",\"@id\":\"https:\/\/teamsters.ca\/fr\/blog\/2020\/07\/27\/premier-contrat-de-travail-chez-robert-transport-division-exceldor\/#primaryimage\",\"url\":\"https:\/\/teamsters.ca\/wp-content\/uploads\/2020\/07\/image_francaise.jpg\",\"contentUrl\":\"https:\/\/teamsters.ca\/wp-content\/uploads\/2020\/07\/image_francaise.jpg\",\"width\":1167,\"height\":768},{\"@type\":\"BreadcrumbList\",\"@id\":\"https:\/\/teamsters.ca\/fr\/blog\/2020\/07\/27\/premier-contrat-de-travail-chez-robert-transport-division-exceldor\/#breadcrumb\",\"itemListElement\":[{\"@type\":\"ListItem\",\"position\":1,\"name\":\"Home\",\"item\":\"https:\/\/teamsters.ca\/fr\/\"},{\"@type\":\"ListItem\",\"position\":2,\"name\":\"Premier contrat de travail chez Robert Transport &#8211; Division Exceldor\"}]},{\"@type\":\"WebSite\",\"@id\":\"https:\/\/teamsters.ca\/fr\/#website\",\"url\":\"https:\/\/teamsters.ca\/fr\/\",\"name\":\"Teamsters Canada\",\"description\":\"A Canadian union representing over 125 000 members\",\"publisher\":{\"@id\":\"https:\/\/teamsters.ca\/fr\/#organization\"},\"potentialAction\":[{\"@type\":\"SearchAction\",\"target\":{\"@type\":\"EntryPoint\",\"urlTemplate\":\"https:\/\/teamsters.ca\/fr\/?s={search_term_string}\"},\"query-input\":{\"@type\":\"PropertyValueSpecification\",\"valueRequired\":true,\"valueName\":\"search_term_string\"}}],\"inLanguage\":\"fr-CA\"},{\"@type\":\"Organization\",\"@id\":\"https:\/\/teamsters.ca\/fr\/#organization\",\"name\":\"Teamsters Canada\",\"url\":\"https:\/\/teamsters.ca\/fr\/\",\"logo\":{\"@type\":\"ImageObject\",\"inLanguage\":\"fr-CA\",\"@id\":\"https:\/\/teamsters.ca\/fr\/#\/schema\/logo\/image\/\",\"url\":\"https:\/\/teamsters.ca\/wp-content\/uploads\/2019\/08\/TeamstersCanada.png\",\"contentUrl\":\"https:\/\/teamsters.ca\/wp-content\/uploads\/2019\/08\/TeamstersCanada.png\",\"width\":545,\"height\":181,\"caption\":\"Teamsters Canada\"},\"image\":{\"@id\":\"https:\/\/teamsters.ca\/fr\/#\/schema\/logo\/image\/\"},\"sameAs\":[\"https:\/\/www.facebook.com\/Teamsterscanada\/\",\"https:\/\/x.com\/TeamstersCanada\"]},{\"@type\":\"Person\",\"@id\":\"https:\/\/teamsters.ca\/fr\/#\/schema\/person\/3e6ffefc39fe2f212400b7d8d0a4a0c1\",\"name\":\"St\u00e9phanie Meunier\",\"image\":{\"@type\":\"ImageObject\",\"inLanguage\":\"fr-CA\",\"@id\":\"https:\/\/teamsters.ca\/fr\/#\/schema\/person\/image\/\",\"url\":\"https:\/\/secure.gravatar.com\/avatar\/e4e8404e91ed71cb473fa2708849669810cf083c89825a3d2dd0d47dd6b2be77?s=96&d=mm&r=g\",\"contentUrl\":\"https:\/\/secure.gravatar.com\/avatar\/e4e8404e91ed71cb473fa2708849669810cf083c89825a3d2dd0d47dd6b2be77?s=96&d=mm&r=g\",\"caption\":\"St\u00e9phanie Meunier\"},\"url\":\"https:\/\/teamsters.ca\/fr\/blog\/author\/smeunier\/\"}]}<\/script>\n<!-- \/ Yoast SEO Premium plugin. -->","yoast_head_json":{"title":"Premier contrat de travail chez Robert Transport - Division Exceldor | Teamsters Canada","robots":{"index":"index","follow":"follow","max-snippet":"max-snippet:-1","max-image-preview":"max-image-preview:large","max-video-preview":"max-video-preview:-1"},"canonical":"https:\/\/teamsters.ca\/fr\/blog\/2020\/07\/27\/premier-contrat-de-travail-chez-robert-transport-division-exceldor\/","og_locale":"fr_CA","og_type":"article","og_title":"Premier contrat de travail chez Robert Transport - Division Exceldor","og_description":"Les quelque 30 travailleurs-euses de l\u2019entrep\u00f4t de Robert Transport, division Exceldor \u00e0 Beloeil, se sont dot\u00e9s d\u2019un premier contrat de travail hier. En effet, la convention collective a \u00e9t\u00e9 ratifi\u00e9e par pr\u00e8s de 90 % des membres pr\u00e9sents \u00e0 l\u2019assembl\u00e9e syndicale.","og_url":"https:\/\/teamsters.ca\/fr\/blog\/2020\/07\/27\/premier-contrat-de-travail-chez-robert-transport-division-exceldor\/","og_site_name":"Teamsters Canada","article_publisher":"https:\/\/www.facebook.com\/Teamsterscanada\/","article_published_time":"2020-07-27T17:17:13+00:00","article_modified_time":"2020-07-27T18:31:05+00:00","og_image":[{"width":1167,"height":768,"url":"https:\/\/teamsters.ca\/wp-content\/uploads\/2020\/07\/image_francaise.jpg","type":"image\/jpeg"}],"author":"St\u00e9phanie Meunier","twitter_card":"summary_large_image","twitter_creator":"@TeamstersCanada","twitter_site":"@TeamstersCanada","twitter_misc":{"\u00c9crit par":"St\u00e9phanie Meunier","Estimation du temps de lecture":"1 minute"},"schema":{"@context":"https:\/\/schema.org","@graph":[{"@type":"Article","@id":"https:\/\/teamsters.ca\/fr\/blog\/2020\/07\/27\/premier-contrat-de-travail-chez-robert-transport-division-exceldor\/#article","isPartOf":{"@id":"https:\/\/teamsters.ca\/fr\/blog\/2020\/07\/27\/premier-contrat-de-travail-chez-robert-transport-division-exceldor\/"},"author":{"name":"St\u00e9phanie Meunier","@id":"https:\/\/teamsters.ca\/fr\/#\/schema\/person\/3e6ffefc39fe2f212400b7d8d0a4a0c1"},"headline":"Premier contrat de travail chez Robert Transport &#8211; Division Exceldor","datePublished":"2020-07-27T17:17:13+00:00","dateModified":"2020-07-27T18:31:05+00:00","mainEntityOfPage":{"@id":"https:\/\/teamsters.ca\/fr\/blog\/2020\/07\/27\/premier-contrat-de-travail-chez-robert-transport-division-exceldor\/"},"wordCount":237,"publisher":{"@id":"https:\/\/teamsters.ca\/fr\/#organization"},"image":{"@id":"https:\/\/teamsters.ca\/fr\/blog\/2020\/07\/27\/premier-contrat-de-travail-chez-robert-transport-division-exceldor\/#primaryimage"},"thumbnailUrl":"https:\/\/teamsters.ca\/wp-content\/uploads\/2020\/07\/image_francaise.jpg","keywords":["Convention collective","Exceldor","Robert transport","Section locale 106"],"articleSection":["Convention collective","Entrep\u00f4t","Nouvelles"],"inLanguage":"fr-CA"},{"@type":"WebPage","@id":"https:\/\/teamsters.ca\/fr\/blog\/2020\/07\/27\/premier-contrat-de-travail-chez-robert-transport-division-exceldor\/","url":"https:\/\/teamsters.ca\/fr\/blog\/2020\/07\/27\/premier-contrat-de-travail-chez-robert-transport-division-exceldor\/","name":"Premier contrat de travail chez Robert Transport - Division Exceldor | Teamsters Canada","isPartOf":{"@id":"https:\/\/teamsters.ca\/fr\/#website"},"primaryImageOfPage":{"@id":"https:\/\/teamsters.ca\/fr\/blog\/2020\/07\/27\/premier-contrat-de-travail-chez-robert-transport-division-exceldor\/#primaryimage"},"image":{"@id":"https:\/\/teamsters.ca\/fr\/blog\/2020\/07\/27\/premier-contrat-de-travail-chez-robert-transport-division-exceldor\/#primaryimage"},"thumbnailUrl":"https:\/\/teamsters.ca\/wp-content\/uploads\/2020\/07\/image_francaise.jpg","datePublished":"2020-07-27T17:17:13+00:00","dateModified":"2020-07-27T18:31:05+00:00","breadcrumb":{"@id":"https:\/\/teamsters.ca\/fr\/blog\/2020\/07\/27\/premier-contrat-de-travail-chez-robert-transport-division-exceldor\/#breadcrumb"},"inLanguage":"fr-CA","potentialAction":[{"@type":"ReadAction","target":["https:\/\/teamsters.ca\/fr\/blog\/2020\/07\/27\/premier-contrat-de-travail-chez-robert-transport-division-exceldor\/"]}]},{"@type":"ImageObject","inLanguage":"fr-CA","@id":"https:\/\/teamsters.ca\/fr\/blog\/2020\/07\/27\/premier-contrat-de-travail-chez-robert-transport-division-exceldor\/#primaryimage","url":"https:\/\/teamsters.ca\/wp-content\/uploads\/2020\/07\/image_francaise.jpg","contentUrl":"https:\/\/teamsters.ca\/wp-content\/uploads\/2020\/07\/image_francaise.jpg","width":1167,"height":768},{"@type":"BreadcrumbList","@id":"https:\/\/teamsters.ca\/fr\/blog\/2020\/07\/27\/premier-contrat-de-travail-chez-robert-transport-division-exceldor\/#breadcrumb","itemListElement":[{"@type":"ListItem","position":1,"name":"Home","item":"https:\/\/teamsters.ca\/fr\/"},{"@type":"ListItem","position":2,"name":"Premier contrat de travail chez Robert Transport &#8211; Division Exceldor"}]},{"@type":"WebSite","@id":"https:\/\/teamsters.ca\/fr\/#website","url":"https:\/\/teamsters.ca\/fr\/","name":"Teamsters Canada","description":"A Canadian union representing over 125 000 members","publisher":{"@id":"https:\/\/teamsters.ca\/fr\/#organization"},"potentialAction":[{"@type":"SearchAction","target":{"@type":"EntryPoint","urlTemplate":"https:\/\/teamsters.ca\/fr\/?s={search_term_string}"},"query-input":{"@type":"PropertyValueSpecification","valueRequired":true,"valueName":"search_term_string"}}],"inLanguage":"fr-CA"},{"@type":"Organization","@id":"https:\/\/teamsters.ca\/fr\/#organization","name":"Teamsters Canada","url":"https:\/\/teamsters.ca\/fr\/","logo":{"@type":"ImageObject","inLanguage":"fr-CA","@id":"https:\/\/teamsters.ca\/fr\/#\/schema\/logo\/image\/","url":"https:\/\/teamsters.ca\/wp-content\/uploads\/2019\/08\/TeamstersCanada.png","contentUrl":"https:\/\/teamsters.ca\/wp-content\/uploads\/2019\/08\/TeamstersCanada.png","width":545,"height":181,"caption":"Teamsters Canada"},"image":{"@id":"https:\/\/teamsters.ca\/fr\/#\/schema\/logo\/image\/"},"sameAs":["https:\/\/www.facebook.com\/Teamsterscanada\/","https:\/\/x.com\/TeamstersCanada"]},{"@type":"Person","@id":"https:\/\/teamsters.ca\/fr\/#\/schema\/person\/3e6ffefc39fe2f212400b7d8d0a4a0c1","name":"St\u00e9phanie Meunier","image":{"@type":"ImageObject","inLanguage":"fr-CA","@id":"https:\/\/teamsters.ca\/fr\/#\/schema\/person\/image\/","url":"https:\/\/secure.gravatar.com\/avatar\/e4e8404e91ed71cb473fa2708849669810cf083c89825a3d2dd0d47dd6b2be77?s=96&d=mm&r=g","contentUrl":"https:\/\/secure.gravatar.com\/avatar\/e4e8404e91ed71cb473fa2708849669810cf083c89825a3d2dd0d47dd6b2be77?s=96&d=mm&r=g","caption":"St\u00e9phanie Meunier"},"url":"https:\/\/teamsters.ca\/fr\/blog\/author\/smeunier\/"}]}},"_links":{"self":[{"href":"https:\/\/teamsters.ca\/fr\/wp-json\/wp\/v2\/posts\/18899","targetHints":{"allow":["GET"]}}],"collection":[{"href":"https:\/\/teamsters.ca\/fr\/wp-json\/wp\/v2\/posts"}],"about":[{"href":"https:\/\/teamsters.ca\/fr\/wp-json\/wp\/v2\/types\/post"}],"author":[{"embeddable":true,"href":"https:\/\/teamsters.ca\/fr\/wp-json\/wp\/v2\/users\/8"}],"replies":[{"embeddable":true,"href":"https:\/\/teamsters.ca\/fr\/wp-json\/wp\/v2\/comments?post=18899"}],"version-history":[{"count":5,"href":"https:\/\/teamsters.ca\/fr\/wp-json\/wp\/v2\/posts\/18899\/revisions"}],"predecessor-version":[{"id":18916,"href":"https:\/\/teamsters.ca\/fr\/wp-json\/wp\/v2\/posts\/18899\/revisions\/18916"}],"wp:featuredmedia":[{"embeddable":true,"href":"https:\/\/teamsters.ca\/fr\/wp-json\/wp\/v2\/media\/18913"}],"wp:attachment":[{"href":"https:\/\/teamsters.ca\/fr\/wp-json\/wp\/v2\/media?parent=18899"}],"wp:term":[{"taxonomy":"category","embeddable":true,"href":"https:\/\/teamsters.ca\/fr\/wp-json\/wp\/v2\/categories?post=18899"},{"taxonomy":"post_tag","embeddable":true,"href":"https:\/\/teamsters.ca\/fr\/wp-json\/wp\/v2\/tags?post=18899"}],"curies":[{"name":"wp","href":"https:\/\/api.w.org\/{rel}","templated":true}]}}