{"id":18566,"date":"2020-07-02T08:14:20","date_gmt":"2020-07-02T12:14:20","guid":{"rendered":"http:\/\/teamsters.ca\/?p=18566"},"modified":"2020-07-02T08:14:20","modified_gmt":"2020-07-02T12:14:20","slug":"mandat-de-greve-chez-demix-agregat","status":"publish","type":"post","link":"https:\/\/teamsters.ca\/fr\/blog\/2020\/07\/02\/mandat-de-greve-chez-demix-agregat\/","title":{"rendered":"Mandat de gr\u00e8ve chez Demix Agr\u00e9gat"},"content":{"rendered":"\n<p>Laval, 1er juillet 2020 \u2014 Les salari\u00e9s-\u00e9es de l\u2019usine du g\u00e9ant Demix Agr\u00e9gats, situ\u00e9e St-Jacques-le-Mineur, ont vot\u00e9 \u00e0 100% pour un mandat de gr\u00e8ve. Leur syndicat, la Section locale 1791 des Teamsters, d\u00e9clenchera la gr\u00e8ve au moment jug\u00e9 opportun. Les travailleurs-euses ont rejet\u00e9 \u00e0 100% les derni\u00e8res offres de l\u2019employeur lors de cette m\u00eame assembl\u00e9e g\u00e9n\u00e9rale tenue le 22 juin dernier.<\/p>\n\n\n\n<p>Les membres de la Section locale 1791 ont exprim\u00e9 leur frustration, jugeant l\u2019offre patronale insultante et tr\u00e8s en de\u00e7\u00e0&nbsp;de leurs attentes.<\/p>\n\n\n\n<p>\u00ab&nbsp;C\u2019est \u00e0 croire que ces travailleurs valent moins que ceux des autres sites de la m\u00eame compagnie, fustige le secr\u00e9taire-tr\u00e9sorier de la Section locale 1791, Michel Richard. Nos membres \u00e0 St-Jacques-le-Mineur m\u00e9ritent plus et mieux. L\u2019employeur \u00e0 int\u00e9r\u00eat \u00e0 bonifier substantiellement son offre!&nbsp;\u00bb<\/p>\n\n\n\n<p>Il va sans dire que les salaires sont au centre du litige entre les parties.<\/p>\n\n\n\n<p>La pr\u00e9c\u00e9dente convention collective est \u00e9chue depuis le 1er janvier 2020. Une journ\u00e9e de n\u00e9gociation est pr\u00e9vue le 15 juillet et elle sera d\u00e9terminante pour la suite des choses.<\/p>\n\n\n\n<p>Rappelons que Demix a fait l\u2019acquisition du site de St-Jacques-le-Mineur en mars 2017. Demix se pr\u00e9tend chef de file dans la production et la distribution de produits granulaires et dessert la grande r\u00e9gion m\u00e9tropolitaine de Montr\u00e9al.&nbsp;<\/p>\n\n\n\n<p><em>Le syndicat des Teamsters repr\u00e9sente les int\u00e9r\u00eats de 125 000 membres au Canada. Ils et elles sont affili\u00e9s-\u00e9es \u00e0 la Fraternit\u00e9 internationale des Teamsters, dont l\u2019effectif syndical est de 1,4 million de membres en Am\u00e9rique du Nord.<\/em><\/p>\n\n\n\n<p style=\"text-align:center\">-30-<\/p>\n\n\n\n<p>St\u00e9phane Lacroix, directeur des Communications et des Affaires publiques<br \/>Portable : 514 609-5101<br \/><a rel=\"noreferrer noopener\" href=\"mailto:slacroix@teamsters.ca\" target=\"_blank\">slacroix@teamsters.ca<\/a><\/p>\n","protected":false},"excerpt":{"rendered":"<p>Les salari\u00e9s-\u00e9es de l\u2019usine du g\u00e9ant Demix Agr\u00e9gats, situ\u00e9e St-Jacques-le-Mineur, ont vot\u00e9 \u00e0 100% pour un mandat de gr\u00e8ve. Leur syndicat, la Section locale 1791 des Teamsters, d\u00e9clenchera la gr\u00e8ve au moment jug\u00e9 opportun. Les travailleurs-euses ont rejet\u00e9 \u00e0 100% les derni\u00e8res offres de l\u2019employeur lors de cette m\u00eame assembl\u00e9e g\u00e9n\u00e9rale tenue le 22 juin dernier.<\/p>\n","protected":false},"author":8,"featured_media":18569,"comment_status":"closed","ping_status":"closed","sticky":false,"template":"","format":"standard","meta":{"ngg_post_thumbnail":0,"mc4wp_mailchimp_campaign":[],"footnotes":""},"categories":[1411,1114,1145],"tags":[4959,813,4950],"class_list":{"0":"post-18566","1":"post","2":"type-post","3":"status-publish","4":"format-standard","5":"has-post-thumbnail","7":"category-greve","8":"category-nouvelles","9":"category-quebec-fr","10":"tag-demix","11":"tag-section-locale-1791","12":"tag-st-jacques-le-mineur"},"yoast_head":"<!-- This site is optimized with the Yoast SEO Premium plugin v25.5 (Yoast SEO v25.5) - https:\/\/yoast.com\/wordpress\/plugins\/seo\/ -->\n<title>Mandat de gr\u00e8ve chez Demix Agr\u00e9gat | Teamsters Canada<\/title>\n<meta name=\"robots\" content=\"index, follow, max-snippet:-1, max-image-preview:large, max-video-preview:-1\" \/>\n<link rel=\"canonical\" href=\"https:\/\/teamsters.ca\/fr\/blog\/2020\/07\/02\/mandat-de-greve-chez-demix-agregat\/\" \/>\n<meta property=\"og:locale\" content=\"fr_CA\" \/>\n<meta property=\"og:type\" content=\"article\" \/>\n<meta property=\"og:title\" content=\"Mandat de gr\u00e8ve chez Demix Agr\u00e9gat\" \/>\n<meta property=\"og:description\" content=\"Les salari\u00e9s-\u00e9es de l\u2019usine du g\u00e9ant Demix Agr\u00e9gats, situ\u00e9e St-Jacques-le-Mineur, ont vot\u00e9 \u00e0 100% pour un mandat de gr\u00e8ve. Leur syndicat, la Section locale 1791 des Teamsters, d\u00e9clenchera la gr\u00e8ve au moment jug\u00e9 opportun. Les travailleurs-euses ont rejet\u00e9 \u00e0 100% les derni\u00e8res offres de l\u2019employeur lors de cette m\u00eame assembl\u00e9e g\u00e9n\u00e9rale tenue le 22 juin dernier.\" \/>\n<meta property=\"og:url\" content=\"https:\/\/teamsters.ca\/fr\/blog\/2020\/07\/02\/mandat-de-greve-chez-demix-agregat\/\" \/>\n<meta property=\"og:site_name\" content=\"Teamsters Canada\" \/>\n<meta property=\"article:publisher\" content=\"https:\/\/www.facebook.com\/Teamsterscanada\/\" \/>\n<meta property=\"article:published_time\" content=\"2020-07-02T12:14:20+00:00\" \/>\n<meta property=\"og:image\" content=\"https:\/\/teamsters.ca\/wp-content\/uploads\/2020\/07\/demix_greve.png\" \/>\n\t<meta property=\"og:image:width\" content=\"1166\" \/>\n\t<meta property=\"og:image:height\" content=\"768\" \/>\n\t<meta property=\"og:image:type\" content=\"image\/png\" \/>\n<meta name=\"author\" content=\"St\u00e9phanie Meunier\" \/>\n<meta name=\"twitter:card\" content=\"summary_large_image\" \/>\n<meta name=\"twitter:creator\" content=\"@TeamstersCanada\" \/>\n<meta name=\"twitter:site\" content=\"@TeamstersCanada\" \/>\n<meta name=\"twitter:label1\" content=\"\u00c9crit par\" \/>\n\t<meta name=\"twitter:data1\" content=\"St\u00e9phanie Meunier\" \/>\n\t<meta name=\"twitter:label2\" content=\"Estimation du temps de lecture\" \/>\n\t<meta name=\"twitter:data2\" content=\"1 minute\" \/>\n<script type=\"application\/ld+json\" class=\"yoast-schema-graph\">{\"@context\":\"https:\/\/schema.org\",\"@graph\":[{\"@type\":\"Article\",\"@id\":\"https:\/\/teamsters.ca\/fr\/blog\/2020\/07\/02\/mandat-de-greve-chez-demix-agregat\/#article\",\"isPartOf\":{\"@id\":\"https:\/\/teamsters.ca\/fr\/blog\/2020\/07\/02\/mandat-de-greve-chez-demix-agregat\/\"},\"author\":{\"name\":\"St\u00e9phanie Meunier\",\"@id\":\"https:\/\/teamsters.ca\/fr\/#\/schema\/person\/3e6ffefc39fe2f212400b7d8d0a4a0c1\"},\"headline\":\"Mandat de gr\u00e8ve chez Demix Agr\u00e9gat\",\"datePublished\":\"2020-07-02T12:14:20+00:00\",\"mainEntityOfPage\":{\"@id\":\"https:\/\/teamsters.ca\/fr\/blog\/2020\/07\/02\/mandat-de-greve-chez-demix-agregat\/\"},\"wordCount\":278,\"publisher\":{\"@id\":\"https:\/\/teamsters.ca\/fr\/#organization\"},\"image\":{\"@id\":\"https:\/\/teamsters.ca\/fr\/blog\/2020\/07\/02\/mandat-de-greve-chez-demix-agregat\/#primaryimage\"},\"thumbnailUrl\":\"https:\/\/teamsters.ca\/wp-content\/uploads\/2020\/07\/demix_greve.png\",\"keywords\":[\"Demix\",\"Section locale 1791\",\"St-Jacques-le-Mineur\"],\"articleSection\":[\"Gr\u00e8ve\",\"Nouvelles\",\"Qu\u00e9bec\"],\"inLanguage\":\"fr-CA\"},{\"@type\":\"WebPage\",\"@id\":\"https:\/\/teamsters.ca\/fr\/blog\/2020\/07\/02\/mandat-de-greve-chez-demix-agregat\/\",\"url\":\"https:\/\/teamsters.ca\/fr\/blog\/2020\/07\/02\/mandat-de-greve-chez-demix-agregat\/\",\"name\":\"Mandat de gr\u00e8ve chez Demix Agr\u00e9gat | Teamsters Canada\",\"isPartOf\":{\"@id\":\"https:\/\/teamsters.ca\/fr\/#website\"},\"primaryImageOfPage\":{\"@id\":\"https:\/\/teamsters.ca\/fr\/blog\/2020\/07\/02\/mandat-de-greve-chez-demix-agregat\/#primaryimage\"},\"image\":{\"@id\":\"https:\/\/teamsters.ca\/fr\/blog\/2020\/07\/02\/mandat-de-greve-chez-demix-agregat\/#primaryimage\"},\"thumbnailUrl\":\"https:\/\/teamsters.ca\/wp-content\/uploads\/2020\/07\/demix_greve.png\",\"datePublished\":\"2020-07-02T12:14:20+00:00\",\"breadcrumb\":{\"@id\":\"https:\/\/teamsters.ca\/fr\/blog\/2020\/07\/02\/mandat-de-greve-chez-demix-agregat\/#breadcrumb\"},\"inLanguage\":\"fr-CA\",\"potentialAction\":[{\"@type\":\"ReadAction\",\"target\":[\"https:\/\/teamsters.ca\/fr\/blog\/2020\/07\/02\/mandat-de-greve-chez-demix-agregat\/\"]}]},{\"@type\":\"ImageObject\",\"inLanguage\":\"fr-CA\",\"@id\":\"https:\/\/teamsters.ca\/fr\/blog\/2020\/07\/02\/mandat-de-greve-chez-demix-agregat\/#primaryimage\",\"url\":\"https:\/\/teamsters.ca\/wp-content\/uploads\/2020\/07\/demix_greve.png\",\"contentUrl\":\"https:\/\/teamsters.ca\/wp-content\/uploads\/2020\/07\/demix_greve.png\",\"width\":1166,\"height\":768},{\"@type\":\"BreadcrumbList\",\"@id\":\"https:\/\/teamsters.ca\/fr\/blog\/2020\/07\/02\/mandat-de-greve-chez-demix-agregat\/#breadcrumb\",\"itemListElement\":[{\"@type\":\"ListItem\",\"position\":1,\"name\":\"Home\",\"item\":\"https:\/\/teamsters.ca\/fr\/\"},{\"@type\":\"ListItem\",\"position\":2,\"name\":\"Mandat de gr\u00e8ve chez Demix Agr\u00e9gat\"}]},{\"@type\":\"WebSite\",\"@id\":\"https:\/\/teamsters.ca\/fr\/#website\",\"url\":\"https:\/\/teamsters.ca\/fr\/\",\"name\":\"Teamsters Canada\",\"description\":\"A Canadian union representing over 125 000 members\",\"publisher\":{\"@id\":\"https:\/\/teamsters.ca\/fr\/#organization\"},\"potentialAction\":[{\"@type\":\"SearchAction\",\"target\":{\"@type\":\"EntryPoint\",\"urlTemplate\":\"https:\/\/teamsters.ca\/fr\/?s={search_term_string}\"},\"query-input\":{\"@type\":\"PropertyValueSpecification\",\"valueRequired\":true,\"valueName\":\"search_term_string\"}}],\"inLanguage\":\"fr-CA\"},{\"@type\":\"Organization\",\"@id\":\"https:\/\/teamsters.ca\/fr\/#organization\",\"name\":\"Teamsters Canada\",\"url\":\"https:\/\/teamsters.ca\/fr\/\",\"logo\":{\"@type\":\"ImageObject\",\"inLanguage\":\"fr-CA\",\"@id\":\"https:\/\/teamsters.ca\/fr\/#\/schema\/logo\/image\/\",\"url\":\"https:\/\/teamsters.ca\/wp-content\/uploads\/2019\/08\/TeamstersCanada.png\",\"contentUrl\":\"https:\/\/teamsters.ca\/wp-content\/uploads\/2019\/08\/TeamstersCanada.png\",\"width\":545,\"height\":181,\"caption\":\"Teamsters Canada\"},\"image\":{\"@id\":\"https:\/\/teamsters.ca\/fr\/#\/schema\/logo\/image\/\"},\"sameAs\":[\"https:\/\/www.facebook.com\/Teamsterscanada\/\",\"https:\/\/x.com\/TeamstersCanada\"]},{\"@type\":\"Person\",\"@id\":\"https:\/\/teamsters.ca\/fr\/#\/schema\/person\/3e6ffefc39fe2f212400b7d8d0a4a0c1\",\"name\":\"St\u00e9phanie Meunier\",\"image\":{\"@type\":\"ImageObject\",\"inLanguage\":\"fr-CA\",\"@id\":\"https:\/\/teamsters.ca\/fr\/#\/schema\/person\/image\/\",\"url\":\"https:\/\/secure.gravatar.com\/avatar\/e4e8404e91ed71cb473fa2708849669810cf083c89825a3d2dd0d47dd6b2be77?s=96&d=mm&r=g\",\"contentUrl\":\"https:\/\/secure.gravatar.com\/avatar\/e4e8404e91ed71cb473fa2708849669810cf083c89825a3d2dd0d47dd6b2be77?s=96&d=mm&r=g\",\"caption\":\"St\u00e9phanie Meunier\"},\"url\":\"https:\/\/teamsters.ca\/fr\/blog\/author\/smeunier\/\"}]}<\/script>\n<!-- \/ Yoast SEO Premium plugin. -->","yoast_head_json":{"title":"Mandat de gr\u00e8ve chez Demix Agr\u00e9gat | Teamsters Canada","robots":{"index":"index","follow":"follow","max-snippet":"max-snippet:-1","max-image-preview":"max-image-preview:large","max-video-preview":"max-video-preview:-1"},"canonical":"https:\/\/teamsters.ca\/fr\/blog\/2020\/07\/02\/mandat-de-greve-chez-demix-agregat\/","og_locale":"fr_CA","og_type":"article","og_title":"Mandat de gr\u00e8ve chez Demix Agr\u00e9gat","og_description":"Les salari\u00e9s-\u00e9es de l\u2019usine du g\u00e9ant Demix Agr\u00e9gats, situ\u00e9e St-Jacques-le-Mineur, ont vot\u00e9 \u00e0 100% pour un mandat de gr\u00e8ve. Leur syndicat, la Section locale 1791 des Teamsters, d\u00e9clenchera la gr\u00e8ve au moment jug\u00e9 opportun. Les travailleurs-euses ont rejet\u00e9 \u00e0 100% les derni\u00e8res offres de l\u2019employeur lors de cette m\u00eame assembl\u00e9e g\u00e9n\u00e9rale tenue le 22 juin dernier.","og_url":"https:\/\/teamsters.ca\/fr\/blog\/2020\/07\/02\/mandat-de-greve-chez-demix-agregat\/","og_site_name":"Teamsters Canada","article_publisher":"https:\/\/www.facebook.com\/Teamsterscanada\/","article_published_time":"2020-07-02T12:14:20+00:00","og_image":[{"width":1166,"height":768,"url":"https:\/\/teamsters.ca\/wp-content\/uploads\/2020\/07\/demix_greve.png","type":"image\/png"}],"author":"St\u00e9phanie Meunier","twitter_card":"summary_large_image","twitter_creator":"@TeamstersCanada","twitter_site":"@TeamstersCanada","twitter_misc":{"\u00c9crit par":"St\u00e9phanie Meunier","Estimation du temps de lecture":"1 minute"},"schema":{"@context":"https:\/\/schema.org","@graph":[{"@type":"Article","@id":"https:\/\/teamsters.ca\/fr\/blog\/2020\/07\/02\/mandat-de-greve-chez-demix-agregat\/#article","isPartOf":{"@id":"https:\/\/teamsters.ca\/fr\/blog\/2020\/07\/02\/mandat-de-greve-chez-demix-agregat\/"},"author":{"name":"St\u00e9phanie Meunier","@id":"https:\/\/teamsters.ca\/fr\/#\/schema\/person\/3e6ffefc39fe2f212400b7d8d0a4a0c1"},"headline":"Mandat de gr\u00e8ve chez Demix Agr\u00e9gat","datePublished":"2020-07-02T12:14:20+00:00","mainEntityOfPage":{"@id":"https:\/\/teamsters.ca\/fr\/blog\/2020\/07\/02\/mandat-de-greve-chez-demix-agregat\/"},"wordCount":278,"publisher":{"@id":"https:\/\/teamsters.ca\/fr\/#organization"},"image":{"@id":"https:\/\/teamsters.ca\/fr\/blog\/2020\/07\/02\/mandat-de-greve-chez-demix-agregat\/#primaryimage"},"thumbnailUrl":"https:\/\/teamsters.ca\/wp-content\/uploads\/2020\/07\/demix_greve.png","keywords":["Demix","Section locale 1791","St-Jacques-le-Mineur"],"articleSection":["Gr\u00e8ve","Nouvelles","Qu\u00e9bec"],"inLanguage":"fr-CA"},{"@type":"WebPage","@id":"https:\/\/teamsters.ca\/fr\/blog\/2020\/07\/02\/mandat-de-greve-chez-demix-agregat\/","url":"https:\/\/teamsters.ca\/fr\/blog\/2020\/07\/02\/mandat-de-greve-chez-demix-agregat\/","name":"Mandat de gr\u00e8ve chez Demix Agr\u00e9gat | Teamsters Canada","isPartOf":{"@id":"https:\/\/teamsters.ca\/fr\/#website"},"primaryImageOfPage":{"@id":"https:\/\/teamsters.ca\/fr\/blog\/2020\/07\/02\/mandat-de-greve-chez-demix-agregat\/#primaryimage"},"image":{"@id":"https:\/\/teamsters.ca\/fr\/blog\/2020\/07\/02\/mandat-de-greve-chez-demix-agregat\/#primaryimage"},"thumbnailUrl":"https:\/\/teamsters.ca\/wp-content\/uploads\/2020\/07\/demix_greve.png","datePublished":"2020-07-02T12:14:20+00:00","breadcrumb":{"@id":"https:\/\/teamsters.ca\/fr\/blog\/2020\/07\/02\/mandat-de-greve-chez-demix-agregat\/#breadcrumb"},"inLanguage":"fr-CA","potentialAction":[{"@type":"ReadAction","target":["https:\/\/teamsters.ca\/fr\/blog\/2020\/07\/02\/mandat-de-greve-chez-demix-agregat\/"]}]},{"@type":"ImageObject","inLanguage":"fr-CA","@id":"https:\/\/teamsters.ca\/fr\/blog\/2020\/07\/02\/mandat-de-greve-chez-demix-agregat\/#primaryimage","url":"https:\/\/teamsters.ca\/wp-content\/uploads\/2020\/07\/demix_greve.png","contentUrl":"https:\/\/teamsters.ca\/wp-content\/uploads\/2020\/07\/demix_greve.png","width":1166,"height":768},{"@type":"BreadcrumbList","@id":"https:\/\/teamsters.ca\/fr\/blog\/2020\/07\/02\/mandat-de-greve-chez-demix-agregat\/#breadcrumb","itemListElement":[{"@type":"ListItem","position":1,"name":"Home","item":"https:\/\/teamsters.ca\/fr\/"},{"@type":"ListItem","position":2,"name":"Mandat de gr\u00e8ve chez Demix Agr\u00e9gat"}]},{"@type":"WebSite","@id":"https:\/\/teamsters.ca\/fr\/#website","url":"https:\/\/teamsters.ca\/fr\/","name":"Teamsters Canada","description":"A Canadian union representing over 125 000 members","publisher":{"@id":"https:\/\/teamsters.ca\/fr\/#organization"},"potentialAction":[{"@type":"SearchAction","target":{"@type":"EntryPoint","urlTemplate":"https:\/\/teamsters.ca\/fr\/?s={search_term_string}"},"query-input":{"@type":"PropertyValueSpecification","valueRequired":true,"valueName":"search_term_string"}}],"inLanguage":"fr-CA"},{"@type":"Organization","@id":"https:\/\/teamsters.ca\/fr\/#organization","name":"Teamsters Canada","url":"https:\/\/teamsters.ca\/fr\/","logo":{"@type":"ImageObject","inLanguage":"fr-CA","@id":"https:\/\/teamsters.ca\/fr\/#\/schema\/logo\/image\/","url":"https:\/\/teamsters.ca\/wp-content\/uploads\/2019\/08\/TeamstersCanada.png","contentUrl":"https:\/\/teamsters.ca\/wp-content\/uploads\/2019\/08\/TeamstersCanada.png","width":545,"height":181,"caption":"Teamsters Canada"},"image":{"@id":"https:\/\/teamsters.ca\/fr\/#\/schema\/logo\/image\/"},"sameAs":["https:\/\/www.facebook.com\/Teamsterscanada\/","https:\/\/x.com\/TeamstersCanada"]},{"@type":"Person","@id":"https:\/\/teamsters.ca\/fr\/#\/schema\/person\/3e6ffefc39fe2f212400b7d8d0a4a0c1","name":"St\u00e9phanie Meunier","image":{"@type":"ImageObject","inLanguage":"fr-CA","@id":"https:\/\/teamsters.ca\/fr\/#\/schema\/person\/image\/","url":"https:\/\/secure.gravatar.com\/avatar\/e4e8404e91ed71cb473fa2708849669810cf083c89825a3d2dd0d47dd6b2be77?s=96&d=mm&r=g","contentUrl":"https:\/\/secure.gravatar.com\/avatar\/e4e8404e91ed71cb473fa2708849669810cf083c89825a3d2dd0d47dd6b2be77?s=96&d=mm&r=g","caption":"St\u00e9phanie Meunier"},"url":"https:\/\/teamsters.ca\/fr\/blog\/author\/smeunier\/"}]}},"_links":{"self":[{"href":"https:\/\/teamsters.ca\/fr\/wp-json\/wp\/v2\/posts\/18566","targetHints":{"allow":["GET"]}}],"collection":[{"href":"https:\/\/teamsters.ca\/fr\/wp-json\/wp\/v2\/posts"}],"about":[{"href":"https:\/\/teamsters.ca\/fr\/wp-json\/wp\/v2\/types\/post"}],"author":[{"embeddable":true,"href":"https:\/\/teamsters.ca\/fr\/wp-json\/wp\/v2\/users\/8"}],"replies":[{"embeddable":true,"href":"https:\/\/teamsters.ca\/fr\/wp-json\/wp\/v2\/comments?post=18566"}],"version-history":[{"count":3,"href":"https:\/\/teamsters.ca\/fr\/wp-json\/wp\/v2\/posts\/18566\/revisions"}],"predecessor-version":[{"id":18571,"href":"https:\/\/teamsters.ca\/fr\/wp-json\/wp\/v2\/posts\/18566\/revisions\/18571"}],"wp:featuredmedia":[{"embeddable":true,"href":"https:\/\/teamsters.ca\/fr\/wp-json\/wp\/v2\/media\/18569"}],"wp:attachment":[{"href":"https:\/\/teamsters.ca\/fr\/wp-json\/wp\/v2\/media?parent=18566"}],"wp:term":[{"taxonomy":"category","embeddable":true,"href":"https:\/\/teamsters.ca\/fr\/wp-json\/wp\/v2\/categories?post=18566"},{"taxonomy":"post_tag","embeddable":true,"href":"https:\/\/teamsters.ca\/fr\/wp-json\/wp\/v2\/tags?post=18566"}],"curies":[{"name":"wp","href":"https:\/\/api.w.org\/{rel}","templated":true}]}}