{"id":18534,"date":"2020-06-30T17:35:33","date_gmt":"2020-06-30T21:35:33","guid":{"rendered":"http:\/\/teamsters.ca\/?p=18534"},"modified":"2020-06-30T17:42:34","modified_gmt":"2020-06-30T21:42:34","slug":"en-photos-40e-anniversaire-de-la-tragedie-du-prairie-steel-gang","status":"publish","type":"post","link":"https:\/\/teamsters.ca\/fr\/blog\/2020\/06\/30\/en-photos-40e-anniversaire-de-la-tragedie-du-prairie-steel-gang\/","title":{"rendered":"EN PHOTOS: 40e anniversaire de la trag\u00e9die du Prairie Steel Gang"},"content":{"rendered":"\n<p>Jeudi dernier, \u00e0 Webb, SK, le comit\u00e9 de sant\u00e9 et de s\u00e9curit\u00e9 des employ\u00e9es de l\u2019entretien des voies du Canadien Pacifique a visit\u00e9 le monument comm\u00e9moratif \u00e9rig\u00e9 en bordure de route en m\u00e9moire des vingt-deux employ\u00e9s du CP qui sont morts le 28 mai 1980. Un moment de silence a \u00e9t\u00e9 observ\u00e9, et vingt-deux fleurs ont \u00e9t\u00e9 laiss\u00e9es en souvenir des victimes.&nbsp;<\/p>\n\n\n\n<p>Des restrictions de voyage li\u00e9es \u00e0 la COVID-19 ont emp\u00each\u00e9 le comit\u00e9 de visiter au mois de mai.&nbsp;<\/p>\n\n\n\n<p>Connu comme l\u2019une des catastrophes automobiles les plus meurtri\u00e8res de l\u2019histoire du Canada, le syndicat des Teamsters n\u2019oubliera jamais la trag\u00e9die du Prairie Steel Gang. Pour en savoir plus sur ce drame, <a rel=\"noreferrer noopener\" aria-label=\"cliquez ici (opens in a new tab)\" href=\"https:\/\/teamsters.ca\/fr\/blog\/2020\/05\/27\/40e-anniversaire-de-la-tragedie-du-prairie-steel-gang\/\" target=\"_blank\">cliquez ici<\/a>.&nbsp;<\/p>\n\n\n\n<ul class=\"wp-block-gallery columns-1 is-cropped wp-block-gallery-1 is-layout-flex wp-block-gallery-is-layout-flex\"><li class=\"blocks-gallery-item\"><figure><img loading=\"lazy\" decoding=\"async\" width=\"768\" height=\"1024\" src=\"https:\/\/teamsters.ca\/wp-content\/uploads\/2020\/06\/IMG_1007-768x1024.jpg\" alt=\"\" data-id=\"18537\" data-link=\"https:\/\/teamsters.ca\/fr\/?attachment_id=18537\" class=\"wp-image-18537\" srcset=\"https:\/\/teamsters.ca\/wp-content\/uploads\/2020\/06\/IMG_1007-768x1024.jpg 768w, https:\/\/teamsters.ca\/wp-content\/uploads\/2020\/06\/IMG_1007-113x150.jpg 113w, https:\/\/teamsters.ca\/wp-content\/uploads\/2020\/06\/IMG_1007-225x300.jpg 225w, https:\/\/teamsters.ca\/wp-content\/uploads\/2020\/06\/IMG_1007-696x928.jpg 696w, https:\/\/teamsters.ca\/wp-content\/uploads\/2020\/06\/IMG_1007-1068x1424.jpg 1068w, https:\/\/teamsters.ca\/wp-content\/uploads\/2020\/06\/IMG_1007-315x420.jpg 315w, https:\/\/teamsters.ca\/wp-content\/uploads\/2020\/06\/IMG_1007.jpg 1512w\" sizes=\"auto, (max-width: 768px) 100vw, 768px\" \/><\/figure><\/li><li class=\"blocks-gallery-item\"><figure><img loading=\"lazy\" decoding=\"async\" width=\"768\" height=\"1024\" src=\"https:\/\/teamsters.ca\/wp-content\/uploads\/2020\/06\/IMG_1011-768x1024.jpg\" alt=\"\" data-id=\"18539\" data-link=\"https:\/\/teamsters.ca\/fr\/?attachment_id=18539\" class=\"wp-image-18539\" srcset=\"https:\/\/teamsters.ca\/wp-content\/uploads\/2020\/06\/IMG_1011-768x1024.jpg 768w, https:\/\/teamsters.ca\/wp-content\/uploads\/2020\/06\/IMG_1011-113x150.jpg 113w, https:\/\/teamsters.ca\/wp-content\/uploads\/2020\/06\/IMG_1011-225x300.jpg 225w, https:\/\/teamsters.ca\/wp-content\/uploads\/2020\/06\/IMG_1011-696x928.jpg 696w, https:\/\/teamsters.ca\/wp-content\/uploads\/2020\/06\/IMG_1011-1068x1424.jpg 1068w, https:\/\/teamsters.ca\/wp-content\/uploads\/2020\/06\/IMG_1011-315x420.jpg 315w, https:\/\/teamsters.ca\/wp-content\/uploads\/2020\/06\/IMG_1011.jpg 1512w\" sizes=\"auto, (max-width: 768px) 100vw, 768px\" \/><\/figure><\/li><\/ul>\n","protected":false},"excerpt":{"rendered":"<p>Jeudi dernier, \u00e0 Webb, SK, le comit\u00e9 de sant\u00e9 et de s\u00e9curit\u00e9 des employ\u00e9es de l\u2019entretien des voies du Canadien Pacifique a visit\u00e9 le monument comm\u00e9moratif \u00e9rig\u00e9 en bordure de route en m\u00e9moire des vingt-deux employ\u00e9s du CP qui sont morts le 28 mai 1980. Un moment de silence a \u00e9t\u00e9 observ\u00e9, et vingt-deux fleurs ont \u00e9t\u00e9 laiss\u00e9es en souvenir des victimes. <\/p>\n","protected":false},"author":8,"featured_media":18546,"comment_status":"closed","ping_status":"closed","sticky":false,"template":"","format":"standard","meta":{"ngg_post_thumbnail":0,"mc4wp_mailchimp_campaign":[],"footnotes":""},"categories":[1114,1107],"tags":[4595,252],"class_list":{"0":"post-18534","1":"post","2":"type-post","3":"status-publish","4":"format-standard","5":"has-post-thumbnail","7":"category-nouvelles","8":"category-sante-et-securite","9":"tag-prairie-steel-gang","10":"tag-sante-et-securite"},"yoast_head":"<!-- This site is optimized with the Yoast SEO Premium plugin v25.5 (Yoast SEO v25.5) - https:\/\/yoast.com\/wordpress\/plugins\/seo\/ -->\n<title>EN PHOTOS: 40e anniversaire de la trag\u00e9die du Prairie Steel Gang | Teamsters Canada<\/title>\n<meta name=\"robots\" content=\"index, follow, max-snippet:-1, max-image-preview:large, max-video-preview:-1\" \/>\n<link rel=\"canonical\" href=\"https:\/\/teamsters.ca\/fr\/blog\/2020\/06\/30\/en-photos-40e-anniversaire-de-la-tragedie-du-prairie-steel-gang\/\" \/>\n<meta property=\"og:locale\" content=\"fr_CA\" \/>\n<meta property=\"og:type\" content=\"article\" \/>\n<meta property=\"og:title\" content=\"EN PHOTOS: 40e anniversaire de la trag\u00e9die du Prairie Steel Gang\" \/>\n<meta property=\"og:description\" content=\"Jeudi dernier, \u00e0 Webb, SK, le comit\u00e9 de sant\u00e9 et de s\u00e9curit\u00e9 des employ\u00e9es de l\u2019entretien des voies du Canadien Pacifique a visit\u00e9 le monument comm\u00e9moratif \u00e9rig\u00e9 en bordure de route en m\u00e9moire des vingt-deux employ\u00e9s du CP qui sont morts le 28 mai 1980. Un moment de silence a \u00e9t\u00e9 observ\u00e9, et vingt-deux fleurs ont \u00e9t\u00e9 laiss\u00e9es en souvenir des victimes.\" \/>\n<meta property=\"og:url\" content=\"https:\/\/teamsters.ca\/fr\/blog\/2020\/06\/30\/en-photos-40e-anniversaire-de-la-tragedie-du-prairie-steel-gang\/\" \/>\n<meta property=\"og:site_name\" content=\"Teamsters Canada\" \/>\n<meta property=\"article:publisher\" content=\"https:\/\/www.facebook.com\/Teamsterscanada\/\" \/>\n<meta property=\"article:published_time\" content=\"2020-06-30T21:35:33+00:00\" \/>\n<meta property=\"article:modified_time\" content=\"2020-06-30T21:42:34+00:00\" \/>\n<meta property=\"og:image\" content=\"https:\/\/teamsters.ca\/wp-content\/uploads\/2020\/06\/IMG_1006-1.jpg\" \/>\n\t<meta property=\"og:image:width\" content=\"1418\" \/>\n\t<meta property=\"og:image:height\" content=\"1064\" \/>\n\t<meta property=\"og:image:type\" content=\"image\/jpeg\" \/>\n<meta name=\"author\" content=\"St\u00e9phanie Meunier\" \/>\n<meta name=\"twitter:card\" content=\"summary_large_image\" \/>\n<meta name=\"twitter:creator\" content=\"@TeamstersCanada\" \/>\n<meta name=\"twitter:site\" content=\"@TeamstersCanada\" \/>\n<meta name=\"twitter:label1\" content=\"\u00c9crit par\" \/>\n\t<meta name=\"twitter:data1\" content=\"St\u00e9phanie Meunier\" \/>\n\t<meta name=\"twitter:label2\" content=\"Estimation du temps de lecture\" \/>\n\t<meta name=\"twitter:data2\" content=\"1 minute\" \/>\n<script type=\"application\/ld+json\" class=\"yoast-schema-graph\">{\"@context\":\"https:\/\/schema.org\",\"@graph\":[{\"@type\":\"Article\",\"@id\":\"https:\/\/teamsters.ca\/fr\/blog\/2020\/06\/30\/en-photos-40e-anniversaire-de-la-tragedie-du-prairie-steel-gang\/#article\",\"isPartOf\":{\"@id\":\"https:\/\/teamsters.ca\/fr\/blog\/2020\/06\/30\/en-photos-40e-anniversaire-de-la-tragedie-du-prairie-steel-gang\/\"},\"author\":{\"name\":\"St\u00e9phanie Meunier\",\"@id\":\"https:\/\/teamsters.ca\/fr\/#\/schema\/person\/3e6ffefc39fe2f212400b7d8d0a4a0c1\"},\"headline\":\"EN PHOTOS: 40e anniversaire de la trag\u00e9die du Prairie Steel Gang\",\"datePublished\":\"2020-06-30T21:35:33+00:00\",\"dateModified\":\"2020-06-30T21:42:34+00:00\",\"mainEntityOfPage\":{\"@id\":\"https:\/\/teamsters.ca\/fr\/blog\/2020\/06\/30\/en-photos-40e-anniversaire-de-la-tragedie-du-prairie-steel-gang\/\"},\"wordCount\":139,\"publisher\":{\"@id\":\"https:\/\/teamsters.ca\/fr\/#organization\"},\"image\":{\"@id\":\"https:\/\/teamsters.ca\/fr\/blog\/2020\/06\/30\/en-photos-40e-anniversaire-de-la-tragedie-du-prairie-steel-gang\/#primaryimage\"},\"thumbnailUrl\":\"https:\/\/teamsters.ca\/wp-content\/uploads\/2020\/06\/IMG_1006-1.jpg\",\"keywords\":[\"Prairie Steel Gang\",\"Sant\u00e9 et s\u00e9curit\u00e9\"],\"articleSection\":[\"Nouvelles\",\"Sant\u00e9 et s\u00e9curit\u00e9\"],\"inLanguage\":\"fr-CA\"},{\"@type\":\"WebPage\",\"@id\":\"https:\/\/teamsters.ca\/fr\/blog\/2020\/06\/30\/en-photos-40e-anniversaire-de-la-tragedie-du-prairie-steel-gang\/\",\"url\":\"https:\/\/teamsters.ca\/fr\/blog\/2020\/06\/30\/en-photos-40e-anniversaire-de-la-tragedie-du-prairie-steel-gang\/\",\"name\":\"EN PHOTOS: 40e anniversaire de la trag\u00e9die du Prairie Steel Gang | Teamsters Canada\",\"isPartOf\":{\"@id\":\"https:\/\/teamsters.ca\/fr\/#website\"},\"primaryImageOfPage\":{\"@id\":\"https:\/\/teamsters.ca\/fr\/blog\/2020\/06\/30\/en-photos-40e-anniversaire-de-la-tragedie-du-prairie-steel-gang\/#primaryimage\"},\"image\":{\"@id\":\"https:\/\/teamsters.ca\/fr\/blog\/2020\/06\/30\/en-photos-40e-anniversaire-de-la-tragedie-du-prairie-steel-gang\/#primaryimage\"},\"thumbnailUrl\":\"https:\/\/teamsters.ca\/wp-content\/uploads\/2020\/06\/IMG_1006-1.jpg\",\"datePublished\":\"2020-06-30T21:35:33+00:00\",\"dateModified\":\"2020-06-30T21:42:34+00:00\",\"breadcrumb\":{\"@id\":\"https:\/\/teamsters.ca\/fr\/blog\/2020\/06\/30\/en-photos-40e-anniversaire-de-la-tragedie-du-prairie-steel-gang\/#breadcrumb\"},\"inLanguage\":\"fr-CA\",\"potentialAction\":[{\"@type\":\"ReadAction\",\"target\":[\"https:\/\/teamsters.ca\/fr\/blog\/2020\/06\/30\/en-photos-40e-anniversaire-de-la-tragedie-du-prairie-steel-gang\/\"]}]},{\"@type\":\"ImageObject\",\"inLanguage\":\"fr-CA\",\"@id\":\"https:\/\/teamsters.ca\/fr\/blog\/2020\/06\/30\/en-photos-40e-anniversaire-de-la-tragedie-du-prairie-steel-gang\/#primaryimage\",\"url\":\"https:\/\/teamsters.ca\/wp-content\/uploads\/2020\/06\/IMG_1006-1.jpg\",\"contentUrl\":\"https:\/\/teamsters.ca\/wp-content\/uploads\/2020\/06\/IMG_1006-1.jpg\",\"width\":1418,\"height\":1064},{\"@type\":\"BreadcrumbList\",\"@id\":\"https:\/\/teamsters.ca\/fr\/blog\/2020\/06\/30\/en-photos-40e-anniversaire-de-la-tragedie-du-prairie-steel-gang\/#breadcrumb\",\"itemListElement\":[{\"@type\":\"ListItem\",\"position\":1,\"name\":\"Home\",\"item\":\"https:\/\/teamsters.ca\/fr\/\"},{\"@type\":\"ListItem\",\"position\":2,\"name\":\"EN PHOTOS: 40e anniversaire de la trag\u00e9die du Prairie Steel Gang\"}]},{\"@type\":\"WebSite\",\"@id\":\"https:\/\/teamsters.ca\/fr\/#website\",\"url\":\"https:\/\/teamsters.ca\/fr\/\",\"name\":\"Teamsters Canada\",\"description\":\"A Canadian union representing over 125 000 members\",\"publisher\":{\"@id\":\"https:\/\/teamsters.ca\/fr\/#organization\"},\"potentialAction\":[{\"@type\":\"SearchAction\",\"target\":{\"@type\":\"EntryPoint\",\"urlTemplate\":\"https:\/\/teamsters.ca\/fr\/?s={search_term_string}\"},\"query-input\":{\"@type\":\"PropertyValueSpecification\",\"valueRequired\":true,\"valueName\":\"search_term_string\"}}],\"inLanguage\":\"fr-CA\"},{\"@type\":\"Organization\",\"@id\":\"https:\/\/teamsters.ca\/fr\/#organization\",\"name\":\"Teamsters Canada\",\"url\":\"https:\/\/teamsters.ca\/fr\/\",\"logo\":{\"@type\":\"ImageObject\",\"inLanguage\":\"fr-CA\",\"@id\":\"https:\/\/teamsters.ca\/fr\/#\/schema\/logo\/image\/\",\"url\":\"https:\/\/teamsters.ca\/wp-content\/uploads\/2019\/08\/TeamstersCanada.png\",\"contentUrl\":\"https:\/\/teamsters.ca\/wp-content\/uploads\/2019\/08\/TeamstersCanada.png\",\"width\":545,\"height\":181,\"caption\":\"Teamsters Canada\"},\"image\":{\"@id\":\"https:\/\/teamsters.ca\/fr\/#\/schema\/logo\/image\/\"},\"sameAs\":[\"https:\/\/www.facebook.com\/Teamsterscanada\/\",\"https:\/\/x.com\/TeamstersCanada\"]},{\"@type\":\"Person\",\"@id\":\"https:\/\/teamsters.ca\/fr\/#\/schema\/person\/3e6ffefc39fe2f212400b7d8d0a4a0c1\",\"name\":\"St\u00e9phanie Meunier\",\"image\":{\"@type\":\"ImageObject\",\"inLanguage\":\"fr-CA\",\"@id\":\"https:\/\/teamsters.ca\/fr\/#\/schema\/person\/image\/\",\"url\":\"https:\/\/secure.gravatar.com\/avatar\/e4e8404e91ed71cb473fa2708849669810cf083c89825a3d2dd0d47dd6b2be77?s=96&d=mm&r=g\",\"contentUrl\":\"https:\/\/secure.gravatar.com\/avatar\/e4e8404e91ed71cb473fa2708849669810cf083c89825a3d2dd0d47dd6b2be77?s=96&d=mm&r=g\",\"caption\":\"St\u00e9phanie Meunier\"},\"url\":\"https:\/\/teamsters.ca\/fr\/blog\/author\/smeunier\/\"}]}<\/script>\n<!-- \/ Yoast SEO Premium plugin. -->","yoast_head_json":{"title":"EN PHOTOS: 40e anniversaire de la trag\u00e9die du Prairie Steel Gang | Teamsters Canada","robots":{"index":"index","follow":"follow","max-snippet":"max-snippet:-1","max-image-preview":"max-image-preview:large","max-video-preview":"max-video-preview:-1"},"canonical":"https:\/\/teamsters.ca\/fr\/blog\/2020\/06\/30\/en-photos-40e-anniversaire-de-la-tragedie-du-prairie-steel-gang\/","og_locale":"fr_CA","og_type":"article","og_title":"EN PHOTOS: 40e anniversaire de la trag\u00e9die du Prairie Steel Gang","og_description":"Jeudi dernier, \u00e0 Webb, SK, le comit\u00e9 de sant\u00e9 et de s\u00e9curit\u00e9 des employ\u00e9es de l\u2019entretien des voies du Canadien Pacifique a visit\u00e9 le monument comm\u00e9moratif \u00e9rig\u00e9 en bordure de route en m\u00e9moire des vingt-deux employ\u00e9s du CP qui sont morts le 28 mai 1980. Un moment de silence a \u00e9t\u00e9 observ\u00e9, et vingt-deux fleurs ont \u00e9t\u00e9 laiss\u00e9es en souvenir des victimes.","og_url":"https:\/\/teamsters.ca\/fr\/blog\/2020\/06\/30\/en-photos-40e-anniversaire-de-la-tragedie-du-prairie-steel-gang\/","og_site_name":"Teamsters Canada","article_publisher":"https:\/\/www.facebook.com\/Teamsterscanada\/","article_published_time":"2020-06-30T21:35:33+00:00","article_modified_time":"2020-06-30T21:42:34+00:00","og_image":[{"width":1418,"height":1064,"url":"https:\/\/teamsters.ca\/wp-content\/uploads\/2020\/06\/IMG_1006-1.jpg","type":"image\/jpeg"}],"author":"St\u00e9phanie Meunier","twitter_card":"summary_large_image","twitter_creator":"@TeamstersCanada","twitter_site":"@TeamstersCanada","twitter_misc":{"\u00c9crit par":"St\u00e9phanie Meunier","Estimation du temps de lecture":"1 minute"},"schema":{"@context":"https:\/\/schema.org","@graph":[{"@type":"Article","@id":"https:\/\/teamsters.ca\/fr\/blog\/2020\/06\/30\/en-photos-40e-anniversaire-de-la-tragedie-du-prairie-steel-gang\/#article","isPartOf":{"@id":"https:\/\/teamsters.ca\/fr\/blog\/2020\/06\/30\/en-photos-40e-anniversaire-de-la-tragedie-du-prairie-steel-gang\/"},"author":{"name":"St\u00e9phanie Meunier","@id":"https:\/\/teamsters.ca\/fr\/#\/schema\/person\/3e6ffefc39fe2f212400b7d8d0a4a0c1"},"headline":"EN PHOTOS: 40e anniversaire de la trag\u00e9die du Prairie Steel Gang","datePublished":"2020-06-30T21:35:33+00:00","dateModified":"2020-06-30T21:42:34+00:00","mainEntityOfPage":{"@id":"https:\/\/teamsters.ca\/fr\/blog\/2020\/06\/30\/en-photos-40e-anniversaire-de-la-tragedie-du-prairie-steel-gang\/"},"wordCount":139,"publisher":{"@id":"https:\/\/teamsters.ca\/fr\/#organization"},"image":{"@id":"https:\/\/teamsters.ca\/fr\/blog\/2020\/06\/30\/en-photos-40e-anniversaire-de-la-tragedie-du-prairie-steel-gang\/#primaryimage"},"thumbnailUrl":"https:\/\/teamsters.ca\/wp-content\/uploads\/2020\/06\/IMG_1006-1.jpg","keywords":["Prairie Steel Gang","Sant\u00e9 et s\u00e9curit\u00e9"],"articleSection":["Nouvelles","Sant\u00e9 et s\u00e9curit\u00e9"],"inLanguage":"fr-CA"},{"@type":"WebPage","@id":"https:\/\/teamsters.ca\/fr\/blog\/2020\/06\/30\/en-photos-40e-anniversaire-de-la-tragedie-du-prairie-steel-gang\/","url":"https:\/\/teamsters.ca\/fr\/blog\/2020\/06\/30\/en-photos-40e-anniversaire-de-la-tragedie-du-prairie-steel-gang\/","name":"EN PHOTOS: 40e anniversaire de la trag\u00e9die du Prairie Steel Gang | Teamsters Canada","isPartOf":{"@id":"https:\/\/teamsters.ca\/fr\/#website"},"primaryImageOfPage":{"@id":"https:\/\/teamsters.ca\/fr\/blog\/2020\/06\/30\/en-photos-40e-anniversaire-de-la-tragedie-du-prairie-steel-gang\/#primaryimage"},"image":{"@id":"https:\/\/teamsters.ca\/fr\/blog\/2020\/06\/30\/en-photos-40e-anniversaire-de-la-tragedie-du-prairie-steel-gang\/#primaryimage"},"thumbnailUrl":"https:\/\/teamsters.ca\/wp-content\/uploads\/2020\/06\/IMG_1006-1.jpg","datePublished":"2020-06-30T21:35:33+00:00","dateModified":"2020-06-30T21:42:34+00:00","breadcrumb":{"@id":"https:\/\/teamsters.ca\/fr\/blog\/2020\/06\/30\/en-photos-40e-anniversaire-de-la-tragedie-du-prairie-steel-gang\/#breadcrumb"},"inLanguage":"fr-CA","potentialAction":[{"@type":"ReadAction","target":["https:\/\/teamsters.ca\/fr\/blog\/2020\/06\/30\/en-photos-40e-anniversaire-de-la-tragedie-du-prairie-steel-gang\/"]}]},{"@type":"ImageObject","inLanguage":"fr-CA","@id":"https:\/\/teamsters.ca\/fr\/blog\/2020\/06\/30\/en-photos-40e-anniversaire-de-la-tragedie-du-prairie-steel-gang\/#primaryimage","url":"https:\/\/teamsters.ca\/wp-content\/uploads\/2020\/06\/IMG_1006-1.jpg","contentUrl":"https:\/\/teamsters.ca\/wp-content\/uploads\/2020\/06\/IMG_1006-1.jpg","width":1418,"height":1064},{"@type":"BreadcrumbList","@id":"https:\/\/teamsters.ca\/fr\/blog\/2020\/06\/30\/en-photos-40e-anniversaire-de-la-tragedie-du-prairie-steel-gang\/#breadcrumb","itemListElement":[{"@type":"ListItem","position":1,"name":"Home","item":"https:\/\/teamsters.ca\/fr\/"},{"@type":"ListItem","position":2,"name":"EN PHOTOS: 40e anniversaire de la trag\u00e9die du Prairie Steel Gang"}]},{"@type":"WebSite","@id":"https:\/\/teamsters.ca\/fr\/#website","url":"https:\/\/teamsters.ca\/fr\/","name":"Teamsters Canada","description":"A Canadian union representing over 125 000 members","publisher":{"@id":"https:\/\/teamsters.ca\/fr\/#organization"},"potentialAction":[{"@type":"SearchAction","target":{"@type":"EntryPoint","urlTemplate":"https:\/\/teamsters.ca\/fr\/?s={search_term_string}"},"query-input":{"@type":"PropertyValueSpecification","valueRequired":true,"valueName":"search_term_string"}}],"inLanguage":"fr-CA"},{"@type":"Organization","@id":"https:\/\/teamsters.ca\/fr\/#organization","name":"Teamsters Canada","url":"https:\/\/teamsters.ca\/fr\/","logo":{"@type":"ImageObject","inLanguage":"fr-CA","@id":"https:\/\/teamsters.ca\/fr\/#\/schema\/logo\/image\/","url":"https:\/\/teamsters.ca\/wp-content\/uploads\/2019\/08\/TeamstersCanada.png","contentUrl":"https:\/\/teamsters.ca\/wp-content\/uploads\/2019\/08\/TeamstersCanada.png","width":545,"height":181,"caption":"Teamsters Canada"},"image":{"@id":"https:\/\/teamsters.ca\/fr\/#\/schema\/logo\/image\/"},"sameAs":["https:\/\/www.facebook.com\/Teamsterscanada\/","https:\/\/x.com\/TeamstersCanada"]},{"@type":"Person","@id":"https:\/\/teamsters.ca\/fr\/#\/schema\/person\/3e6ffefc39fe2f212400b7d8d0a4a0c1","name":"St\u00e9phanie Meunier","image":{"@type":"ImageObject","inLanguage":"fr-CA","@id":"https:\/\/teamsters.ca\/fr\/#\/schema\/person\/image\/","url":"https:\/\/secure.gravatar.com\/avatar\/e4e8404e91ed71cb473fa2708849669810cf083c89825a3d2dd0d47dd6b2be77?s=96&d=mm&r=g","contentUrl":"https:\/\/secure.gravatar.com\/avatar\/e4e8404e91ed71cb473fa2708849669810cf083c89825a3d2dd0d47dd6b2be77?s=96&d=mm&r=g","caption":"St\u00e9phanie Meunier"},"url":"https:\/\/teamsters.ca\/fr\/blog\/author\/smeunier\/"}]}},"_links":{"self":[{"href":"https:\/\/teamsters.ca\/fr\/wp-json\/wp\/v2\/posts\/18534","targetHints":{"allow":["GET"]}}],"collection":[{"href":"https:\/\/teamsters.ca\/fr\/wp-json\/wp\/v2\/posts"}],"about":[{"href":"https:\/\/teamsters.ca\/fr\/wp-json\/wp\/v2\/types\/post"}],"author":[{"embeddable":true,"href":"https:\/\/teamsters.ca\/fr\/wp-json\/wp\/v2\/users\/8"}],"replies":[{"embeddable":true,"href":"https:\/\/teamsters.ca\/fr\/wp-json\/wp\/v2\/comments?post=18534"}],"version-history":[{"count":5,"href":"https:\/\/teamsters.ca\/fr\/wp-json\/wp\/v2\/posts\/18534\/revisions"}],"predecessor-version":[{"id":18545,"href":"https:\/\/teamsters.ca\/fr\/wp-json\/wp\/v2\/posts\/18534\/revisions\/18545"}],"wp:featuredmedia":[{"embeddable":true,"href":"https:\/\/teamsters.ca\/fr\/wp-json\/wp\/v2\/media\/18546"}],"wp:attachment":[{"href":"https:\/\/teamsters.ca\/fr\/wp-json\/wp\/v2\/media?parent=18534"}],"wp:term":[{"taxonomy":"category","embeddable":true,"href":"https:\/\/teamsters.ca\/fr\/wp-json\/wp\/v2\/categories?post=18534"},{"taxonomy":"post_tag","embeddable":true,"href":"https:\/\/teamsters.ca\/fr\/wp-json\/wp\/v2\/tags?post=18534"}],"curies":[{"name":"wp","href":"https:\/\/api.w.org\/{rel}","templated":true}]}}