{"id":18343,"date":"2020-06-16T21:16:54","date_gmt":"2020-06-17T01:16:54","guid":{"rendered":"http:\/\/teamsters.ca\/?p=18343"},"modified":"2020-06-16T21:16:56","modified_gmt":"2020-06-17T01:16:56","slug":"la-fondation-teamsters-canada-remet-20-000-a-moisson-quebec","status":"publish","type":"post","link":"https:\/\/teamsters.ca\/fr\/blog\/2020\/06\/16\/la-fondation-teamsters-canada-remet-20-000-a-moisson-quebec\/","title":{"rendered":"La Fondation Teamsters Canada remet 20 000 $ \u00e0 Moisson Qu\u00e9bec"},"content":{"rendered":"\n<p>Montr\u00e9al, le 16 juin 2020&nbsp;\u2014&nbsp;La Fondation Teamsters Canada a remis 20\u2009000&nbsp;$ \u00e0&nbsp;Moisson Qu\u00e9bec aujourd\u2019hui. C\u2019est le pr\u00e9sident de Teamsters Canada et de la Fondation Teamsters Canada, Fran\u00e7ois Laporte, ainsi que le pr\u00e9sident de Teamsters Qu\u00e9bec, Alain Michaud, qui ont remis le ch\u00e8que.<\/p>\n\n\n\n<p>Seule banque alimentaire alternative de la grande r\u00e9gion de Qu\u00e9bec, l\u2019\u00e9quipe de Moisson Qu\u00e9bec travaille sans rel\u00e2che pour r\u00e9aliser sa mission&nbsp;: agir sur l\u2019ins\u00e9curit\u00e9 alimentaire pour am\u00e9liorer la qualit\u00e9 de vie des personnes vivant des conditions socio-\u00e9conomiques difficiles.<\/p>\n\n\n\n<p>Pendant la pand\u00e9mie, Moisson Qu\u00e9bec a aid\u00e9 70 000 personnes par mois. Avec chaque dollar de don, cette organisation peut servir trois repas. Par cons\u00e9quent, les 20 000 $ donn\u00e9s par la Fondation Teamsters Canada sont convertis en 60 000 repas.<\/p>\n\n\n\n<p>\u00ab&nbsp;Le syndicat des Teamsters ne s\u2019est pas fait prier pour passer&nbsp;\u00e0 l\u2019action et venir en aide aux gens dans le besoin, d\u2019expliquer le pr\u00e9sident de Teamsters Qu\u00e9bec et secr\u00e9taire-tr\u00e9sorier de la Section locale 106 des Teamsters, Alain Michaud. La pand\u00e9mie de COVID-19 est un rappel brutal que nous sommes tous et toutes tr\u00e8s fragiles; nous avons donc mille et une raisons pour lesquelles nous apportons notre aide.&nbsp;\u00bb<\/p>\n\n\n\n<p>Rappelons que la Fondation Teamsters Canada a vers\u00e9&nbsp;300 000 $ \u00e0&nbsp;plusieurs \u0153uvres de charit\u00e9&nbsp;d\u2019un bout \u00e0 l\u2019autre du pays.<\/p>\n\n\n\n<p>\u00ab&nbsp;Les Canadiens et les Canadiennes font preuve d\u2019une solidarit\u00e9 et d\u2019une g\u00e9n\u00e9rosit\u00e9 remarquable pendant cette pand\u00e9mie, fait remarquer Fran\u00e7ois Laporte. Nous avons le devoir porter secours&nbsp;\u00e0&nbsp;nos concitoyens et concitoyennes lorsque c\u2019est possible et c\u2019est ce que nous faisons avec l\u2019aide de la Fondation Teamsters Canada.&nbsp;\u00bb<\/p>\n\n\n\n<p>L\u2019argent que la Fondation Teamsters Canada amasse dans ses activit\u00e9s caritatives provient de dons priv\u00e9s et non pas des cotisations des membres des Teamsters. L\u2019Agence du revenu du Canada oblige d\u2019ailleurs les fondations&nbsp;\u00e0&nbsp;remettre leurs dons&nbsp;\u00e0&nbsp;des \u0153uvres de bienfaisance plut\u00f4t qu\u2019aux individus.<\/p>\n\n\n\n<p>La Fondation Teamsters Canada accepte les dons individuels sur son site Internet <a href=\"http:\/\/ftcf.ca\/accueil\" target=\"_blank\" rel=\"noreferrer noopener\" aria-label=\"ftcf.ca (opens in a new tab)\">ftcf.ca<\/a>.<\/p>\n\n\n\n<p class=\"has-background has-very-light-gray-background-color\"><em>La Fondation Teamsters Canada a pour mission de venir en aide aux plus vuln\u00e9rables&nbsp;\u00e0&nbsp;travers des oeuvres caritatives pr\u00e9sentes dans les diff\u00e9rentes communaut\u00e9s canadiennes. Elle s\u2019implique aussi aupr\u00e8s de travailleurs et de travailleuses qui veulent am\u00e9liorer leur sort en se recyclant ou en suivant des formations dans la perspective d\u2019un changement ou de l\u2019am\u00e9lioration d\u2019une carri\u00e8re. Visitez <a href=\"http:\/\/ftcf.ca\/accueil\" target=\"_blank\" rel=\"noreferrer noopener\" aria-label=\"ftcf.ca (opens in a new tab)\">ftcf.ca<\/a> pour en savoir plus.<\/em><\/p>\n\n\n\n<p style=\"text-align:center\">-30-<\/p>\n\n\n\n<p><strong>Renseignements :<br><\/strong>St\u00e9phane Lacroix, Relationniste<br>Portable : 514-609-5101<br><a rel=\"noreferrer noopener\" aria-label=\"infomedia@ftcf.ca (opens in a new tab)\" href=\"mailto:infomedia@ftcf.ca\" target=\"_blank\">infomedia@ftcf.ca<\/a><\/p>\n","protected":false},"excerpt":{"rendered":"<p>La Fondation Teamsters Canada a remis 20\u2009000 $ \u00e0 Moisson Qu\u00e9bec aujourd\u2019hui. C\u2019est le pr\u00e9sident de Teamsters Canada et de la Fondation Teamsters Canada, Fran\u00e7ois Laporte, ainsi que le pr\u00e9sident de Teamsters Qu\u00e9bec, Alain Michaud, qui ont remis le ch\u00e8que.<\/p>\n","protected":false},"author":8,"featured_media":18347,"comment_status":"closed","ping_status":"closed","sticky":false,"template":"","format":"standard","meta":{"ngg_post_thumbnail":0,"mc4wp_mailchimp_campaign":[],"footnotes":""},"categories":[3384,4388,1114],"tags":[3314,4390,4812,3491],"class_list":{"0":"post-18343","1":"post","2":"type-post","3":"status-publish","4":"format-standard","5":"has-post-thumbnail","7":"category-covid-19","8":"category-fondation-teamsters-canada","9":"category-nouvelles","10":"tag-covid-19","11":"tag-fondation-teamsters-canada","12":"tag-moisson-quebec","13":"tag-pandemie"},"yoast_head":"<!-- This site is optimized with the Yoast SEO Premium plugin v25.5 (Yoast SEO v25.5) - https:\/\/yoast.com\/wordpress\/plugins\/seo\/ -->\n<title>La Fondation Teamsters Canada remet 20 000 $ \u00e0 Moisson Qu\u00e9bec | Teamsters Canada<\/title>\n<meta name=\"robots\" content=\"index, follow, max-snippet:-1, max-image-preview:large, max-video-preview:-1\" \/>\n<link rel=\"canonical\" href=\"https:\/\/teamsters.ca\/fr\/blog\/2020\/06\/16\/la-fondation-teamsters-canada-remet-20-000-a-moisson-quebec\/\" \/>\n<meta property=\"og:locale\" content=\"fr_CA\" \/>\n<meta property=\"og:type\" content=\"article\" \/>\n<meta property=\"og:title\" content=\"La Fondation Teamsters Canada remet 20 000 $ \u00e0 Moisson Qu\u00e9bec\" \/>\n<meta property=\"og:description\" content=\"La Fondation Teamsters Canada a remis 20\u2009000 $ \u00e0 Moisson Qu\u00e9bec aujourd\u2019hui. C\u2019est le pr\u00e9sident de Teamsters Canada et de la Fondation Teamsters Canada, Fran\u00e7ois Laporte, ainsi que le pr\u00e9sident de Teamsters Qu\u00e9bec, Alain Michaud, qui ont remis le ch\u00e8que.\" \/>\n<meta property=\"og:url\" content=\"https:\/\/teamsters.ca\/fr\/blog\/2020\/06\/16\/la-fondation-teamsters-canada-remet-20-000-a-moisson-quebec\/\" \/>\n<meta property=\"og:site_name\" content=\"Teamsters Canada\" \/>\n<meta property=\"article:publisher\" content=\"https:\/\/www.facebook.com\/Teamsterscanada\/\" \/>\n<meta property=\"article:published_time\" content=\"2020-06-17T01:16:54+00:00\" \/>\n<meta property=\"article:modified_time\" content=\"2020-06-17T01:16:56+00:00\" \/>\n<meta property=\"og:image\" content=\"https:\/\/teamsters.ca\/wp-content\/uploads\/2020\/06\/MoissonQuebec.jpg\" \/>\n\t<meta property=\"og:image:width\" content=\"2000\" \/>\n\t<meta property=\"og:image:height\" content=\"1196\" \/>\n\t<meta property=\"og:image:type\" content=\"image\/jpeg\" \/>\n<meta name=\"author\" content=\"St\u00e9phanie Meunier\" \/>\n<meta name=\"twitter:card\" content=\"summary_large_image\" \/>\n<meta name=\"twitter:creator\" content=\"@TeamstersCanada\" \/>\n<meta name=\"twitter:site\" content=\"@TeamstersCanada\" \/>\n<meta name=\"twitter:label1\" content=\"\u00c9crit par\" \/>\n\t<meta name=\"twitter:data1\" content=\"St\u00e9phanie Meunier\" \/>\n\t<meta name=\"twitter:label2\" content=\"Estimation du temps de lecture\" \/>\n\t<meta name=\"twitter:data2\" content=\"2 minutes\" \/>\n<script type=\"application\/ld+json\" class=\"yoast-schema-graph\">{\"@context\":\"https:\/\/schema.org\",\"@graph\":[{\"@type\":\"Article\",\"@id\":\"https:\/\/teamsters.ca\/fr\/blog\/2020\/06\/16\/la-fondation-teamsters-canada-remet-20-000-a-moisson-quebec\/#article\",\"isPartOf\":{\"@id\":\"https:\/\/teamsters.ca\/fr\/blog\/2020\/06\/16\/la-fondation-teamsters-canada-remet-20-000-a-moisson-quebec\/\"},\"author\":{\"name\":\"St\u00e9phanie Meunier\",\"@id\":\"https:\/\/teamsters.ca\/fr\/#\/schema\/person\/3e6ffefc39fe2f212400b7d8d0a4a0c1\"},\"headline\":\"La Fondation Teamsters Canada remet 20 000 $ \u00e0 Moisson Qu\u00e9bec\",\"datePublished\":\"2020-06-17T01:16:54+00:00\",\"dateModified\":\"2020-06-17T01:16:56+00:00\",\"mainEntityOfPage\":{\"@id\":\"https:\/\/teamsters.ca\/fr\/blog\/2020\/06\/16\/la-fondation-teamsters-canada-remet-20-000-a-moisson-quebec\/\"},\"wordCount\":453,\"publisher\":{\"@id\":\"https:\/\/teamsters.ca\/fr\/#organization\"},\"image\":{\"@id\":\"https:\/\/teamsters.ca\/fr\/blog\/2020\/06\/16\/la-fondation-teamsters-canada-remet-20-000-a-moisson-quebec\/#primaryimage\"},\"thumbnailUrl\":\"https:\/\/teamsters.ca\/wp-content\/uploads\/2020\/06\/MoissonQuebec.jpg\",\"keywords\":[\"COVID-19\",\"Fondation Teamsters Canada\",\"Moisson Qu\u00e9bec\",\"pand\u00e9mie\"],\"articleSection\":[\"covid-19\",\"Fondation Teamsters Canada\",\"Nouvelles\"],\"inLanguage\":\"fr-CA\"},{\"@type\":\"WebPage\",\"@id\":\"https:\/\/teamsters.ca\/fr\/blog\/2020\/06\/16\/la-fondation-teamsters-canada-remet-20-000-a-moisson-quebec\/\",\"url\":\"https:\/\/teamsters.ca\/fr\/blog\/2020\/06\/16\/la-fondation-teamsters-canada-remet-20-000-a-moisson-quebec\/\",\"name\":\"La Fondation Teamsters Canada remet 20 000 $ \u00e0 Moisson Qu\u00e9bec | Teamsters Canada\",\"isPartOf\":{\"@id\":\"https:\/\/teamsters.ca\/fr\/#website\"},\"primaryImageOfPage\":{\"@id\":\"https:\/\/teamsters.ca\/fr\/blog\/2020\/06\/16\/la-fondation-teamsters-canada-remet-20-000-a-moisson-quebec\/#primaryimage\"},\"image\":{\"@id\":\"https:\/\/teamsters.ca\/fr\/blog\/2020\/06\/16\/la-fondation-teamsters-canada-remet-20-000-a-moisson-quebec\/#primaryimage\"},\"thumbnailUrl\":\"https:\/\/teamsters.ca\/wp-content\/uploads\/2020\/06\/MoissonQuebec.jpg\",\"datePublished\":\"2020-06-17T01:16:54+00:00\",\"dateModified\":\"2020-06-17T01:16:56+00:00\",\"breadcrumb\":{\"@id\":\"https:\/\/teamsters.ca\/fr\/blog\/2020\/06\/16\/la-fondation-teamsters-canada-remet-20-000-a-moisson-quebec\/#breadcrumb\"},\"inLanguage\":\"fr-CA\",\"potentialAction\":[{\"@type\":\"ReadAction\",\"target\":[\"https:\/\/teamsters.ca\/fr\/blog\/2020\/06\/16\/la-fondation-teamsters-canada-remet-20-000-a-moisson-quebec\/\"]}]},{\"@type\":\"ImageObject\",\"inLanguage\":\"fr-CA\",\"@id\":\"https:\/\/teamsters.ca\/fr\/blog\/2020\/06\/16\/la-fondation-teamsters-canada-remet-20-000-a-moisson-quebec\/#primaryimage\",\"url\":\"https:\/\/teamsters.ca\/wp-content\/uploads\/2020\/06\/MoissonQuebec.jpg\",\"contentUrl\":\"https:\/\/teamsters.ca\/wp-content\/uploads\/2020\/06\/MoissonQuebec.jpg\",\"width\":2000,\"height\":1196},{\"@type\":\"BreadcrumbList\",\"@id\":\"https:\/\/teamsters.ca\/fr\/blog\/2020\/06\/16\/la-fondation-teamsters-canada-remet-20-000-a-moisson-quebec\/#breadcrumb\",\"itemListElement\":[{\"@type\":\"ListItem\",\"position\":1,\"name\":\"Home\",\"item\":\"https:\/\/teamsters.ca\/fr\/\"},{\"@type\":\"ListItem\",\"position\":2,\"name\":\"La Fondation Teamsters Canada remet 20 000 $ \u00e0 Moisson Qu\u00e9bec\"}]},{\"@type\":\"WebSite\",\"@id\":\"https:\/\/teamsters.ca\/fr\/#website\",\"url\":\"https:\/\/teamsters.ca\/fr\/\",\"name\":\"Teamsters Canada\",\"description\":\"A Canadian union representing over 125 000 members\",\"publisher\":{\"@id\":\"https:\/\/teamsters.ca\/fr\/#organization\"},\"potentialAction\":[{\"@type\":\"SearchAction\",\"target\":{\"@type\":\"EntryPoint\",\"urlTemplate\":\"https:\/\/teamsters.ca\/fr\/?s={search_term_string}\"},\"query-input\":{\"@type\":\"PropertyValueSpecification\",\"valueRequired\":true,\"valueName\":\"search_term_string\"}}],\"inLanguage\":\"fr-CA\"},{\"@type\":\"Organization\",\"@id\":\"https:\/\/teamsters.ca\/fr\/#organization\",\"name\":\"Teamsters Canada\",\"url\":\"https:\/\/teamsters.ca\/fr\/\",\"logo\":{\"@type\":\"ImageObject\",\"inLanguage\":\"fr-CA\",\"@id\":\"https:\/\/teamsters.ca\/fr\/#\/schema\/logo\/image\/\",\"url\":\"https:\/\/teamsters.ca\/wp-content\/uploads\/2019\/08\/TeamstersCanada.png\",\"contentUrl\":\"https:\/\/teamsters.ca\/wp-content\/uploads\/2019\/08\/TeamstersCanada.png\",\"width\":545,\"height\":181,\"caption\":\"Teamsters Canada\"},\"image\":{\"@id\":\"https:\/\/teamsters.ca\/fr\/#\/schema\/logo\/image\/\"},\"sameAs\":[\"https:\/\/www.facebook.com\/Teamsterscanada\/\",\"https:\/\/x.com\/TeamstersCanada\"]},{\"@type\":\"Person\",\"@id\":\"https:\/\/teamsters.ca\/fr\/#\/schema\/person\/3e6ffefc39fe2f212400b7d8d0a4a0c1\",\"name\":\"St\u00e9phanie Meunier\",\"image\":{\"@type\":\"ImageObject\",\"inLanguage\":\"fr-CA\",\"@id\":\"https:\/\/teamsters.ca\/fr\/#\/schema\/person\/image\/\",\"url\":\"https:\/\/secure.gravatar.com\/avatar\/e4e8404e91ed71cb473fa2708849669810cf083c89825a3d2dd0d47dd6b2be77?s=96&d=mm&r=g\",\"contentUrl\":\"https:\/\/secure.gravatar.com\/avatar\/e4e8404e91ed71cb473fa2708849669810cf083c89825a3d2dd0d47dd6b2be77?s=96&d=mm&r=g\",\"caption\":\"St\u00e9phanie Meunier\"},\"url\":\"https:\/\/teamsters.ca\/fr\/blog\/author\/smeunier\/\"}]}<\/script>\n<!-- \/ Yoast SEO Premium plugin. -->","yoast_head_json":{"title":"La Fondation Teamsters Canada remet 20 000 $ \u00e0 Moisson Qu\u00e9bec | Teamsters Canada","robots":{"index":"index","follow":"follow","max-snippet":"max-snippet:-1","max-image-preview":"max-image-preview:large","max-video-preview":"max-video-preview:-1"},"canonical":"https:\/\/teamsters.ca\/fr\/blog\/2020\/06\/16\/la-fondation-teamsters-canada-remet-20-000-a-moisson-quebec\/","og_locale":"fr_CA","og_type":"article","og_title":"La Fondation Teamsters Canada remet 20 000 $ \u00e0 Moisson Qu\u00e9bec","og_description":"La Fondation Teamsters Canada a remis 20\u2009000 $ \u00e0 Moisson Qu\u00e9bec aujourd\u2019hui. C\u2019est le pr\u00e9sident de Teamsters Canada et de la Fondation Teamsters Canada, Fran\u00e7ois Laporte, ainsi que le pr\u00e9sident de Teamsters Qu\u00e9bec, Alain Michaud, qui ont remis le ch\u00e8que.","og_url":"https:\/\/teamsters.ca\/fr\/blog\/2020\/06\/16\/la-fondation-teamsters-canada-remet-20-000-a-moisson-quebec\/","og_site_name":"Teamsters Canada","article_publisher":"https:\/\/www.facebook.com\/Teamsterscanada\/","article_published_time":"2020-06-17T01:16:54+00:00","article_modified_time":"2020-06-17T01:16:56+00:00","og_image":[{"width":2000,"height":1196,"url":"https:\/\/teamsters.ca\/wp-content\/uploads\/2020\/06\/MoissonQuebec.jpg","type":"image\/jpeg"}],"author":"St\u00e9phanie Meunier","twitter_card":"summary_large_image","twitter_creator":"@TeamstersCanada","twitter_site":"@TeamstersCanada","twitter_misc":{"\u00c9crit par":"St\u00e9phanie Meunier","Estimation du temps de lecture":"2 minutes"},"schema":{"@context":"https:\/\/schema.org","@graph":[{"@type":"Article","@id":"https:\/\/teamsters.ca\/fr\/blog\/2020\/06\/16\/la-fondation-teamsters-canada-remet-20-000-a-moisson-quebec\/#article","isPartOf":{"@id":"https:\/\/teamsters.ca\/fr\/blog\/2020\/06\/16\/la-fondation-teamsters-canada-remet-20-000-a-moisson-quebec\/"},"author":{"name":"St\u00e9phanie Meunier","@id":"https:\/\/teamsters.ca\/fr\/#\/schema\/person\/3e6ffefc39fe2f212400b7d8d0a4a0c1"},"headline":"La Fondation Teamsters Canada remet 20 000 $ \u00e0 Moisson Qu\u00e9bec","datePublished":"2020-06-17T01:16:54+00:00","dateModified":"2020-06-17T01:16:56+00:00","mainEntityOfPage":{"@id":"https:\/\/teamsters.ca\/fr\/blog\/2020\/06\/16\/la-fondation-teamsters-canada-remet-20-000-a-moisson-quebec\/"},"wordCount":453,"publisher":{"@id":"https:\/\/teamsters.ca\/fr\/#organization"},"image":{"@id":"https:\/\/teamsters.ca\/fr\/blog\/2020\/06\/16\/la-fondation-teamsters-canada-remet-20-000-a-moisson-quebec\/#primaryimage"},"thumbnailUrl":"https:\/\/teamsters.ca\/wp-content\/uploads\/2020\/06\/MoissonQuebec.jpg","keywords":["COVID-19","Fondation Teamsters Canada","Moisson Qu\u00e9bec","pand\u00e9mie"],"articleSection":["covid-19","Fondation Teamsters Canada","Nouvelles"],"inLanguage":"fr-CA"},{"@type":"WebPage","@id":"https:\/\/teamsters.ca\/fr\/blog\/2020\/06\/16\/la-fondation-teamsters-canada-remet-20-000-a-moisson-quebec\/","url":"https:\/\/teamsters.ca\/fr\/blog\/2020\/06\/16\/la-fondation-teamsters-canada-remet-20-000-a-moisson-quebec\/","name":"La Fondation Teamsters Canada remet 20 000 $ \u00e0 Moisson Qu\u00e9bec | Teamsters Canada","isPartOf":{"@id":"https:\/\/teamsters.ca\/fr\/#website"},"primaryImageOfPage":{"@id":"https:\/\/teamsters.ca\/fr\/blog\/2020\/06\/16\/la-fondation-teamsters-canada-remet-20-000-a-moisson-quebec\/#primaryimage"},"image":{"@id":"https:\/\/teamsters.ca\/fr\/blog\/2020\/06\/16\/la-fondation-teamsters-canada-remet-20-000-a-moisson-quebec\/#primaryimage"},"thumbnailUrl":"https:\/\/teamsters.ca\/wp-content\/uploads\/2020\/06\/MoissonQuebec.jpg","datePublished":"2020-06-17T01:16:54+00:00","dateModified":"2020-06-17T01:16:56+00:00","breadcrumb":{"@id":"https:\/\/teamsters.ca\/fr\/blog\/2020\/06\/16\/la-fondation-teamsters-canada-remet-20-000-a-moisson-quebec\/#breadcrumb"},"inLanguage":"fr-CA","potentialAction":[{"@type":"ReadAction","target":["https:\/\/teamsters.ca\/fr\/blog\/2020\/06\/16\/la-fondation-teamsters-canada-remet-20-000-a-moisson-quebec\/"]}]},{"@type":"ImageObject","inLanguage":"fr-CA","@id":"https:\/\/teamsters.ca\/fr\/blog\/2020\/06\/16\/la-fondation-teamsters-canada-remet-20-000-a-moisson-quebec\/#primaryimage","url":"https:\/\/teamsters.ca\/wp-content\/uploads\/2020\/06\/MoissonQuebec.jpg","contentUrl":"https:\/\/teamsters.ca\/wp-content\/uploads\/2020\/06\/MoissonQuebec.jpg","width":2000,"height":1196},{"@type":"BreadcrumbList","@id":"https:\/\/teamsters.ca\/fr\/blog\/2020\/06\/16\/la-fondation-teamsters-canada-remet-20-000-a-moisson-quebec\/#breadcrumb","itemListElement":[{"@type":"ListItem","position":1,"name":"Home","item":"https:\/\/teamsters.ca\/fr\/"},{"@type":"ListItem","position":2,"name":"La Fondation Teamsters Canada remet 20 000 $ \u00e0 Moisson Qu\u00e9bec"}]},{"@type":"WebSite","@id":"https:\/\/teamsters.ca\/fr\/#website","url":"https:\/\/teamsters.ca\/fr\/","name":"Teamsters Canada","description":"A Canadian union representing over 125 000 members","publisher":{"@id":"https:\/\/teamsters.ca\/fr\/#organization"},"potentialAction":[{"@type":"SearchAction","target":{"@type":"EntryPoint","urlTemplate":"https:\/\/teamsters.ca\/fr\/?s={search_term_string}"},"query-input":{"@type":"PropertyValueSpecification","valueRequired":true,"valueName":"search_term_string"}}],"inLanguage":"fr-CA"},{"@type":"Organization","@id":"https:\/\/teamsters.ca\/fr\/#organization","name":"Teamsters Canada","url":"https:\/\/teamsters.ca\/fr\/","logo":{"@type":"ImageObject","inLanguage":"fr-CA","@id":"https:\/\/teamsters.ca\/fr\/#\/schema\/logo\/image\/","url":"https:\/\/teamsters.ca\/wp-content\/uploads\/2019\/08\/TeamstersCanada.png","contentUrl":"https:\/\/teamsters.ca\/wp-content\/uploads\/2019\/08\/TeamstersCanada.png","width":545,"height":181,"caption":"Teamsters Canada"},"image":{"@id":"https:\/\/teamsters.ca\/fr\/#\/schema\/logo\/image\/"},"sameAs":["https:\/\/www.facebook.com\/Teamsterscanada\/","https:\/\/x.com\/TeamstersCanada"]},{"@type":"Person","@id":"https:\/\/teamsters.ca\/fr\/#\/schema\/person\/3e6ffefc39fe2f212400b7d8d0a4a0c1","name":"St\u00e9phanie Meunier","image":{"@type":"ImageObject","inLanguage":"fr-CA","@id":"https:\/\/teamsters.ca\/fr\/#\/schema\/person\/image\/","url":"https:\/\/secure.gravatar.com\/avatar\/e4e8404e91ed71cb473fa2708849669810cf083c89825a3d2dd0d47dd6b2be77?s=96&d=mm&r=g","contentUrl":"https:\/\/secure.gravatar.com\/avatar\/e4e8404e91ed71cb473fa2708849669810cf083c89825a3d2dd0d47dd6b2be77?s=96&d=mm&r=g","caption":"St\u00e9phanie Meunier"},"url":"https:\/\/teamsters.ca\/fr\/blog\/author\/smeunier\/"}]}},"_links":{"self":[{"href":"https:\/\/teamsters.ca\/fr\/wp-json\/wp\/v2\/posts\/18343","targetHints":{"allow":["GET"]}}],"collection":[{"href":"https:\/\/teamsters.ca\/fr\/wp-json\/wp\/v2\/posts"}],"about":[{"href":"https:\/\/teamsters.ca\/fr\/wp-json\/wp\/v2\/types\/post"}],"author":[{"embeddable":true,"href":"https:\/\/teamsters.ca\/fr\/wp-json\/wp\/v2\/users\/8"}],"replies":[{"embeddable":true,"href":"https:\/\/teamsters.ca\/fr\/wp-json\/wp\/v2\/comments?post=18343"}],"version-history":[{"count":5,"href":"https:\/\/teamsters.ca\/fr\/wp-json\/wp\/v2\/posts\/18343\/revisions"}],"predecessor-version":[{"id":18355,"href":"https:\/\/teamsters.ca\/fr\/wp-json\/wp\/v2\/posts\/18343\/revisions\/18355"}],"wp:featuredmedia":[{"embeddable":true,"href":"https:\/\/teamsters.ca\/fr\/wp-json\/wp\/v2\/media\/18347"}],"wp:attachment":[{"href":"https:\/\/teamsters.ca\/fr\/wp-json\/wp\/v2\/media?parent=18343"}],"wp:term":[{"taxonomy":"category","embeddable":true,"href":"https:\/\/teamsters.ca\/fr\/wp-json\/wp\/v2\/categories?post=18343"},{"taxonomy":"post_tag","embeddable":true,"href":"https:\/\/teamsters.ca\/fr\/wp-json\/wp\/v2\/tags?post=18343"}],"curies":[{"name":"wp","href":"https:\/\/api.w.org\/{rel}","templated":true}]}}