{"id":18156,"date":"2020-05-27T22:24:17","date_gmt":"2020-05-28T02:24:17","guid":{"rendered":"http:\/\/teamsters.ca\/?p=18156"},"modified":"2020-05-27T22:27:35","modified_gmt":"2020-05-28T02:27:35","slug":"40e-anniversaire-de-la-tragedie-du-prairie-steel-gang","status":"publish","type":"post","link":"https:\/\/teamsters.ca\/fr\/blog\/2020\/05\/27\/40e-anniversaire-de-la-tragedie-du-prairie-steel-gang\/","title":{"rendered":"40e anniversaire de la trag\u00e9die du Prairie Steel Gang"},"content":{"rendered":"\n<div class=\"wp-block-media-text has-media-on-the-right\" style=\"background-color:#9f9d90\"><figure class=\"wp-block-media-text__media\"><img loading=\"lazy\" decoding=\"async\" width=\"1024\" height=\"1011\" src=\"https:\/\/teamsters.ca\/wp-content\/uploads\/2020\/05\/photo_bande-1024x1011.png\" alt=\"\" class=\"wp-image-18157\" srcset=\"https:\/\/teamsters.ca\/wp-content\/uploads\/2020\/05\/photo_bande-1024x1011.png 1024w, https:\/\/teamsters.ca\/wp-content\/uploads\/2020\/05\/photo_bande-150x148.png 150w, https:\/\/teamsters.ca\/wp-content\/uploads\/2020\/05\/photo_bande-300x296.png 300w, https:\/\/teamsters.ca\/wp-content\/uploads\/2020\/05\/photo_bande-768x758.png 768w, https:\/\/teamsters.ca\/wp-content\/uploads\/2020\/05\/photo_bande-696x687.png 696w, https:\/\/teamsters.ca\/wp-content\/uploads\/2020\/05\/photo_bande-1068x1054.png 1068w, https:\/\/teamsters.ca\/wp-content\/uploads\/2020\/05\/photo_bande-426x420.png 426w, https:\/\/teamsters.ca\/wp-content\/uploads\/2020\/05\/photo_bande.png 1469w\" sizes=\"auto, (max-width: 1024px) 100vw, 1024px\" \/><\/figure><div class=\"wp-block-media-text__content\">\n<p class=\"has-text-color has-regular-font-size has-very-light-gray-color\"><strong>\u00ab\u00a0Cette plaque est plac\u00e9e ici en hommage pour que nous n&rsquo;oubliions jamais&nbsp;\u00bb<\/strong><\/p>\n<\/div><\/div>\n\n\n\n<p>Dans l&rsquo;apr\u00e8s-midi du 28 mai 1980, le Canadien Pacifique, ainsi que la Fraternit\u00e9 des pr\u00e9pos\u00e9s \u00e0 l&rsquo;entretien des voies, ont \u00e9t\u00e9&nbsp;choqu\u00e9s, secou\u00e9s et sans voix de d\u00e9couvrir un autobus charg\u00e9 d&#8217;employ\u00e9s des services d\u2019ing\u00e9nierie mieux connus sous le nom de \u00ab&nbsp;Prairie Steel Gang&nbsp;\u00bb&nbsp;qui ont \u00e9t\u00e9 impliqu\u00e9s dans un accident impliquant trois v\u00e9hicules.<\/p>\n\n\n\n<p>Connu comme \u00ab\u00a0l&rsquo;une des catastrophes automobiles les plus meurtri\u00e8res de l&rsquo;histoire du Canada\u00a0\u00bb, l&rsquo;accident s&rsquo;est produit sur la route transcanadienne \u00e0 l&rsquo;ouest de Webb Saskatchewan, une petite ville proche de Swift Current, alors que l\u2019\u00e9quipe retournait \u00e0 son logement apr\u00e8s une journ\u00e9e de travail \u00e9court\u00e9e. Trente personnes se trouvaient \u00e0 bord et 22 membres de l&rsquo;\u00e9quipage ont malheureusement perdu la vie, changeant \u00e0 jamais la vie de leur famille, de leur communaut\u00e9 et des coll\u00e8gues laiss\u00e9s derri\u00e8re eux. Cette trag\u00e9die a laiss\u00e9 tant de gens se demander pourquoi et comment des incidents similaires pourraient \u00eatre \u00e9vit\u00e9s \u00e0 l\u2019avenir.<\/p>\n\n\n\n<p>Au cours des 40 ann\u00e9es qui ont suivi la trag\u00e9die, le CP, aux c\u00f4t\u00e9s des membres du syndicat, s&rsquo;est engag\u00e9 \u00e0 garantir la s\u00e9curit\u00e9 de la main-d&rsquo;\u0153uvre. Cet engagement a \u00e9volu\u00e9 au-del\u00e0 du lieu de travail, pour faire de la s\u00e9curit\u00e9&nbsp;la priorit\u00e9 absolue dans notre vie quotidienne afin que nous puissions tous rentrer chez nous en toute s\u00e9curit\u00e9. La s\u00e9curit\u00e9 est primordiale. Si nous restons concentr\u00e9s sur notre engagement et si nous nous effor\u00e7ons d&rsquo;\u00eatre vigilants quant \u00e0 notre s\u00e9curit\u00e9 personnelle et \u00e0 celle de nos coll\u00e8gues, nous pouvons faire la diff\u00e9rence pour emp\u00eacher que ces \u00e9v\u00e9nements et d&rsquo;autres types d&rsquo;\u00e9v\u00e9nements tragiques ne se produisent.<\/p>\n\n\n\n<p>\u00ab&nbsp;L&rsquo;incident du Prairie Steel Gang est un rappel tragique de l&rsquo;importance de la s\u00e9curit\u00e9 dans tous les aspects de la vie d&rsquo;une personne, a d\u00e9clar\u00e9&nbsp;Justin Meyer, vice-pr\u00e9sident de l&rsquo;ing\u00e9nierie. Alors que nous prenons un moment pour nous souvenir des membres de la famille du CP d\u00e9c\u00e9d\u00e9s dans cet horrible accident, nous devons \u00e9galement leur rendre hommage en restant vigilants sur la s\u00e9curit\u00e9 au travail et \u00e0 la maison&nbsp;\u00bb.<\/p>\n\n\n\n<p>Un m\u00e9morial sur le bord de la route marque maintenant l&rsquo;accident afin de souligner ce jour fatidique. Le comit\u00e9 d&rsquo;orientation en mati\u00e8re de sant\u00e9 et de s\u00e9curit\u00e9 du CP Engineering, compos\u00e9 de cadres sup\u00e9rieurs, ainsi que de hauts repr\u00e9sentants de la Conf\u00e9rence ferroviaire de Teamsters Canada &#8211; Division des pr\u00e9pos\u00e9s \u00e0 l\u2019entretien des voies et de la FIOE, prendra le temps d&rsquo;honorer nos membres d\u00e9c\u00e9d\u00e9s et demande \u00e0 chacun de prendre le temps de se souvenir de ces pr\u00e9cieuses vies perdues il y a 40 ans.<\/p>\n\n\n\n<figure class=\"wp-block-image\"><img loading=\"lazy\" decoding=\"async\" width=\"438\" height=\"430\" src=\"https:\/\/teamsters.ca\/wp-content\/uploads\/2020\/05\/CP-Rail-Bus-Tragedy-Saskatchewan-1980.jpg\" alt=\"\" class=\"wp-image-18160\" srcset=\"https:\/\/teamsters.ca\/wp-content\/uploads\/2020\/05\/CP-Rail-Bus-Tragedy-Saskatchewan-1980.jpg 438w, https:\/\/teamsters.ca\/wp-content\/uploads\/2020\/05\/CP-Rail-Bus-Tragedy-Saskatchewan-1980-150x147.jpg 150w, https:\/\/teamsters.ca\/wp-content\/uploads\/2020\/05\/CP-Rail-Bus-Tragedy-Saskatchewan-1980-300x295.jpg 300w, https:\/\/teamsters.ca\/wp-content\/uploads\/2020\/05\/CP-Rail-Bus-Tragedy-Saskatchewan-1980-428x420.jpg 428w\" sizes=\"auto, (max-width: 438px) 100vw, 438px\" \/><\/figure>\n\n\n\n<p>\u00ab&nbsp;Chaque jour, nos membres travaillant dans le d\u00e9partement de l&rsquo;ing\u00e9nierie pr\u00e9voient de rentrer chez eux en toute s\u00e9curit\u00e9 aupr\u00e8s de leurs familles, a d\u00e9clar\u00e9&nbsp;Ken Deptuck, copr\u00e9sident du Comit\u00e9 de sant\u00e9 et de s\u00e9curit\u00e9&nbsp;de l&rsquo;ing\u00e9nierie. Malheureusement, les employ\u00e9s du Prairie Steel Gang ne sont pas rentr\u00e9s chez eux en toute s\u00e9curit\u00e9 ce jour-l\u00e0. Nous honorons ces employ\u00e9s perdus, avec leurs familles en se souvenant toujours d\u2019eux.\u00a0\u00bb<\/p>\n\n\n\n<p>Le comit\u00e9 de politique de sant\u00e9 et de s\u00e9curit\u00e9&nbsp;de l&rsquo;ing\u00e9nierie avait pr\u00e9vu une visite comm\u00e9morative en bord de route \u00e0 la date anniversaire. En raison des restrictions de voyage actuelles dues \u00e0&nbsp;la pand\u00e9mie COVID-19, la visite sera fix\u00e9e \u00e0&nbsp;une date ult\u00e9rieure.<\/p>\n\n\n\n<p><strong>CP ENGINEERING H&amp;S POLICY COMMITTEE&nbsp;<\/strong><\/p>\n\n\n\n<p>Copr\u00e9sident de la direction &#8211; Justin Meyer<br>Copr\u00e9sident du travail &#8211; Ken Deptuck<\/p>\n","protected":false},"excerpt":{"rendered":"<p>Dans l&rsquo;apr\u00e8s-midi du 28 mai 1980, le Canadien Pacifique, ainsi que la Fraternit\u00e9 des pr\u00e9pos\u00e9s \u00e0 l&rsquo;entretien des voies, ont \u00e9t\u00e9 choqu\u00e9s, secou\u00e9s et sans voix de d\u00e9couvrir un autobus charg\u00e9 d&#8217;employ\u00e9s des services d\u2019ing\u00e9nierie mieux connus sous le nom de \u00ab Prairie Steel Gang \u00bb qui ont \u00e9t\u00e9 impliqu\u00e9s dans un accident impliquant trois v\u00e9hicules.<\/p>\n","protected":false},"author":8,"featured_media":18172,"comment_status":"closed","ping_status":"closed","sticky":false,"template":"","format":"standard","meta":{"ngg_post_thumbnail":0,"mc4wp_mailchimp_campaign":[],"footnotes":""},"categories":[1114,1132],"tags":[57,3001,4595,252],"class_list":{"0":"post-18156","1":"post","2":"type-post","3":"status-publish","4":"format-standard","5":"has-post-thumbnail","7":"category-nouvelles","8":"category-transport-ferroviaire","9":"tag-canadian-pacific","10":"tag-cp","11":"tag-prairie-steel-gang","12":"tag-sante-et-securite"},"yoast_head":"<!-- This site is optimized with the Yoast SEO Premium plugin v25.5 (Yoast SEO v25.5) - https:\/\/yoast.com\/wordpress\/plugins\/seo\/ -->\n<title>40e anniversaire de la trag\u00e9die du Prairie Steel Gang | Teamsters Canada<\/title>\n<meta name=\"robots\" content=\"index, follow, max-snippet:-1, max-image-preview:large, max-video-preview:-1\" \/>\n<link rel=\"canonical\" href=\"https:\/\/teamsters.ca\/fr\/blog\/2020\/05\/27\/40e-anniversaire-de-la-tragedie-du-prairie-steel-gang\/\" \/>\n<meta property=\"og:locale\" content=\"fr_CA\" \/>\n<meta property=\"og:type\" content=\"article\" \/>\n<meta property=\"og:title\" content=\"40e anniversaire de la trag\u00e9die du Prairie Steel Gang\" \/>\n<meta property=\"og:description\" content=\"Dans l&#039;apr\u00e8s-midi du 28 mai 1980, le Canadien Pacifique, ainsi que la Fraternit\u00e9 des pr\u00e9pos\u00e9s \u00e0 l&#039;entretien des voies, ont \u00e9t\u00e9 choqu\u00e9s, secou\u00e9s et sans voix de d\u00e9couvrir un autobus charg\u00e9 d&#039;employ\u00e9s des services d\u2019ing\u00e9nierie mieux connus sous le nom de \u00ab Prairie Steel Gang \u00bb qui ont \u00e9t\u00e9 impliqu\u00e9s dans un accident impliquant trois v\u00e9hicules.\" \/>\n<meta property=\"og:url\" content=\"https:\/\/teamsters.ca\/fr\/blog\/2020\/05\/27\/40e-anniversaire-de-la-tragedie-du-prairie-steel-gang\/\" \/>\n<meta property=\"og:site_name\" content=\"Teamsters Canada\" \/>\n<meta property=\"article:publisher\" content=\"https:\/\/www.facebook.com\/Teamsterscanada\/\" \/>\n<meta property=\"article:published_time\" content=\"2020-05-28T02:24:17+00:00\" \/>\n<meta property=\"article:modified_time\" content=\"2020-05-28T02:27:35+00:00\" \/>\n<meta property=\"og:image\" content=\"https:\/\/teamsters.ca\/wp-content\/uploads\/2020\/05\/STEELFR2.jpg\" \/>\n\t<meta property=\"og:image:width\" content=\"1166\" \/>\n\t<meta property=\"og:image:height\" content=\"768\" \/>\n\t<meta property=\"og:image:type\" content=\"image\/jpeg\" \/>\n<meta name=\"author\" content=\"St\u00e9phanie Meunier\" \/>\n<meta name=\"twitter:card\" content=\"summary_large_image\" \/>\n<meta name=\"twitter:creator\" content=\"@TeamstersCanada\" \/>\n<meta name=\"twitter:site\" content=\"@TeamstersCanada\" \/>\n<meta name=\"twitter:label1\" content=\"\u00c9crit par\" \/>\n\t<meta name=\"twitter:data1\" content=\"St\u00e9phanie Meunier\" \/>\n\t<meta name=\"twitter:label2\" content=\"Estimation du temps de lecture\" \/>\n\t<meta name=\"twitter:data2\" content=\"3 minutes\" \/>\n<script type=\"application\/ld+json\" class=\"yoast-schema-graph\">{\"@context\":\"https:\/\/schema.org\",\"@graph\":[{\"@type\":\"Article\",\"@id\":\"https:\/\/teamsters.ca\/fr\/blog\/2020\/05\/27\/40e-anniversaire-de-la-tragedie-du-prairie-steel-gang\/#article\",\"isPartOf\":{\"@id\":\"https:\/\/teamsters.ca\/fr\/blog\/2020\/05\/27\/40e-anniversaire-de-la-tragedie-du-prairie-steel-gang\/\"},\"author\":{\"name\":\"St\u00e9phanie Meunier\",\"@id\":\"https:\/\/teamsters.ca\/fr\/#\/schema\/person\/3e6ffefc39fe2f212400b7d8d0a4a0c1\"},\"headline\":\"40e anniversaire de la trag\u00e9die du Prairie Steel Gang\",\"datePublished\":\"2020-05-28T02:24:17+00:00\",\"dateModified\":\"2020-05-28T02:27:35+00:00\",\"mainEntityOfPage\":{\"@id\":\"https:\/\/teamsters.ca\/fr\/blog\/2020\/05\/27\/40e-anniversaire-de-la-tragedie-du-prairie-steel-gang\/\"},\"wordCount\":648,\"publisher\":{\"@id\":\"https:\/\/teamsters.ca\/fr\/#organization\"},\"image\":{\"@id\":\"https:\/\/teamsters.ca\/fr\/blog\/2020\/05\/27\/40e-anniversaire-de-la-tragedie-du-prairie-steel-gang\/#primaryimage\"},\"thumbnailUrl\":\"https:\/\/teamsters.ca\/wp-content\/uploads\/2020\/05\/STEELFR2.jpg\",\"keywords\":[\"Canadian Pacific\",\"CP\",\"Prairie Steel Gang\",\"Sant\u00e9 et s\u00e9curit\u00e9\"],\"articleSection\":[\"Nouvelles\",\"Transport ferroviaire\"],\"inLanguage\":\"fr-CA\"},{\"@type\":\"WebPage\",\"@id\":\"https:\/\/teamsters.ca\/fr\/blog\/2020\/05\/27\/40e-anniversaire-de-la-tragedie-du-prairie-steel-gang\/\",\"url\":\"https:\/\/teamsters.ca\/fr\/blog\/2020\/05\/27\/40e-anniversaire-de-la-tragedie-du-prairie-steel-gang\/\",\"name\":\"40e anniversaire de la trag\u00e9die du Prairie Steel Gang | Teamsters Canada\",\"isPartOf\":{\"@id\":\"https:\/\/teamsters.ca\/fr\/#website\"},\"primaryImageOfPage\":{\"@id\":\"https:\/\/teamsters.ca\/fr\/blog\/2020\/05\/27\/40e-anniversaire-de-la-tragedie-du-prairie-steel-gang\/#primaryimage\"},\"image\":{\"@id\":\"https:\/\/teamsters.ca\/fr\/blog\/2020\/05\/27\/40e-anniversaire-de-la-tragedie-du-prairie-steel-gang\/#primaryimage\"},\"thumbnailUrl\":\"https:\/\/teamsters.ca\/wp-content\/uploads\/2020\/05\/STEELFR2.jpg\",\"datePublished\":\"2020-05-28T02:24:17+00:00\",\"dateModified\":\"2020-05-28T02:27:35+00:00\",\"breadcrumb\":{\"@id\":\"https:\/\/teamsters.ca\/fr\/blog\/2020\/05\/27\/40e-anniversaire-de-la-tragedie-du-prairie-steel-gang\/#breadcrumb\"},\"inLanguage\":\"fr-CA\",\"potentialAction\":[{\"@type\":\"ReadAction\",\"target\":[\"https:\/\/teamsters.ca\/fr\/blog\/2020\/05\/27\/40e-anniversaire-de-la-tragedie-du-prairie-steel-gang\/\"]}]},{\"@type\":\"ImageObject\",\"inLanguage\":\"fr-CA\",\"@id\":\"https:\/\/teamsters.ca\/fr\/blog\/2020\/05\/27\/40e-anniversaire-de-la-tragedie-du-prairie-steel-gang\/#primaryimage\",\"url\":\"https:\/\/teamsters.ca\/wp-content\/uploads\/2020\/05\/STEELFR2.jpg\",\"contentUrl\":\"https:\/\/teamsters.ca\/wp-content\/uploads\/2020\/05\/STEELFR2.jpg\",\"width\":1166,\"height\":768},{\"@type\":\"BreadcrumbList\",\"@id\":\"https:\/\/teamsters.ca\/fr\/blog\/2020\/05\/27\/40e-anniversaire-de-la-tragedie-du-prairie-steel-gang\/#breadcrumb\",\"itemListElement\":[{\"@type\":\"ListItem\",\"position\":1,\"name\":\"Home\",\"item\":\"https:\/\/teamsters.ca\/fr\/\"},{\"@type\":\"ListItem\",\"position\":2,\"name\":\"40e anniversaire de la trag\u00e9die du Prairie Steel Gang\"}]},{\"@type\":\"WebSite\",\"@id\":\"https:\/\/teamsters.ca\/fr\/#website\",\"url\":\"https:\/\/teamsters.ca\/fr\/\",\"name\":\"Teamsters Canada\",\"description\":\"A Canadian union representing over 125 000 members\",\"publisher\":{\"@id\":\"https:\/\/teamsters.ca\/fr\/#organization\"},\"potentialAction\":[{\"@type\":\"SearchAction\",\"target\":{\"@type\":\"EntryPoint\",\"urlTemplate\":\"https:\/\/teamsters.ca\/fr\/?s={search_term_string}\"},\"query-input\":{\"@type\":\"PropertyValueSpecification\",\"valueRequired\":true,\"valueName\":\"search_term_string\"}}],\"inLanguage\":\"fr-CA\"},{\"@type\":\"Organization\",\"@id\":\"https:\/\/teamsters.ca\/fr\/#organization\",\"name\":\"Teamsters Canada\",\"url\":\"https:\/\/teamsters.ca\/fr\/\",\"logo\":{\"@type\":\"ImageObject\",\"inLanguage\":\"fr-CA\",\"@id\":\"https:\/\/teamsters.ca\/fr\/#\/schema\/logo\/image\/\",\"url\":\"https:\/\/teamsters.ca\/wp-content\/uploads\/2019\/08\/TeamstersCanada.png\",\"contentUrl\":\"https:\/\/teamsters.ca\/wp-content\/uploads\/2019\/08\/TeamstersCanada.png\",\"width\":545,\"height\":181,\"caption\":\"Teamsters Canada\"},\"image\":{\"@id\":\"https:\/\/teamsters.ca\/fr\/#\/schema\/logo\/image\/\"},\"sameAs\":[\"https:\/\/www.facebook.com\/Teamsterscanada\/\",\"https:\/\/x.com\/TeamstersCanada\"]},{\"@type\":\"Person\",\"@id\":\"https:\/\/teamsters.ca\/fr\/#\/schema\/person\/3e6ffefc39fe2f212400b7d8d0a4a0c1\",\"name\":\"St\u00e9phanie Meunier\",\"image\":{\"@type\":\"ImageObject\",\"inLanguage\":\"fr-CA\",\"@id\":\"https:\/\/teamsters.ca\/fr\/#\/schema\/person\/image\/\",\"url\":\"https:\/\/secure.gravatar.com\/avatar\/e4e8404e91ed71cb473fa2708849669810cf083c89825a3d2dd0d47dd6b2be77?s=96&d=mm&r=g\",\"contentUrl\":\"https:\/\/secure.gravatar.com\/avatar\/e4e8404e91ed71cb473fa2708849669810cf083c89825a3d2dd0d47dd6b2be77?s=96&d=mm&r=g\",\"caption\":\"St\u00e9phanie Meunier\"},\"url\":\"https:\/\/teamsters.ca\/fr\/blog\/author\/smeunier\/\"}]}<\/script>\n<!-- \/ Yoast SEO Premium plugin. -->","yoast_head_json":{"title":"40e anniversaire de la trag\u00e9die du Prairie Steel Gang | Teamsters Canada","robots":{"index":"index","follow":"follow","max-snippet":"max-snippet:-1","max-image-preview":"max-image-preview:large","max-video-preview":"max-video-preview:-1"},"canonical":"https:\/\/teamsters.ca\/fr\/blog\/2020\/05\/27\/40e-anniversaire-de-la-tragedie-du-prairie-steel-gang\/","og_locale":"fr_CA","og_type":"article","og_title":"40e anniversaire de la trag\u00e9die du Prairie Steel Gang","og_description":"Dans l'apr\u00e8s-midi du 28 mai 1980, le Canadien Pacifique, ainsi que la Fraternit\u00e9 des pr\u00e9pos\u00e9s \u00e0 l'entretien des voies, ont \u00e9t\u00e9 choqu\u00e9s, secou\u00e9s et sans voix de d\u00e9couvrir un autobus charg\u00e9 d'employ\u00e9s des services d\u2019ing\u00e9nierie mieux connus sous le nom de \u00ab Prairie Steel Gang \u00bb qui ont \u00e9t\u00e9 impliqu\u00e9s dans un accident impliquant trois v\u00e9hicules.","og_url":"https:\/\/teamsters.ca\/fr\/blog\/2020\/05\/27\/40e-anniversaire-de-la-tragedie-du-prairie-steel-gang\/","og_site_name":"Teamsters Canada","article_publisher":"https:\/\/www.facebook.com\/Teamsterscanada\/","article_published_time":"2020-05-28T02:24:17+00:00","article_modified_time":"2020-05-28T02:27:35+00:00","og_image":[{"width":1166,"height":768,"url":"https:\/\/teamsters.ca\/wp-content\/uploads\/2020\/05\/STEELFR2.jpg","type":"image\/jpeg"}],"author":"St\u00e9phanie Meunier","twitter_card":"summary_large_image","twitter_creator":"@TeamstersCanada","twitter_site":"@TeamstersCanada","twitter_misc":{"\u00c9crit par":"St\u00e9phanie Meunier","Estimation du temps de lecture":"3 minutes"},"schema":{"@context":"https:\/\/schema.org","@graph":[{"@type":"Article","@id":"https:\/\/teamsters.ca\/fr\/blog\/2020\/05\/27\/40e-anniversaire-de-la-tragedie-du-prairie-steel-gang\/#article","isPartOf":{"@id":"https:\/\/teamsters.ca\/fr\/blog\/2020\/05\/27\/40e-anniversaire-de-la-tragedie-du-prairie-steel-gang\/"},"author":{"name":"St\u00e9phanie Meunier","@id":"https:\/\/teamsters.ca\/fr\/#\/schema\/person\/3e6ffefc39fe2f212400b7d8d0a4a0c1"},"headline":"40e anniversaire de la trag\u00e9die du Prairie Steel Gang","datePublished":"2020-05-28T02:24:17+00:00","dateModified":"2020-05-28T02:27:35+00:00","mainEntityOfPage":{"@id":"https:\/\/teamsters.ca\/fr\/blog\/2020\/05\/27\/40e-anniversaire-de-la-tragedie-du-prairie-steel-gang\/"},"wordCount":648,"publisher":{"@id":"https:\/\/teamsters.ca\/fr\/#organization"},"image":{"@id":"https:\/\/teamsters.ca\/fr\/blog\/2020\/05\/27\/40e-anniversaire-de-la-tragedie-du-prairie-steel-gang\/#primaryimage"},"thumbnailUrl":"https:\/\/teamsters.ca\/wp-content\/uploads\/2020\/05\/STEELFR2.jpg","keywords":["Canadian Pacific","CP","Prairie Steel Gang","Sant\u00e9 et s\u00e9curit\u00e9"],"articleSection":["Nouvelles","Transport ferroviaire"],"inLanguage":"fr-CA"},{"@type":"WebPage","@id":"https:\/\/teamsters.ca\/fr\/blog\/2020\/05\/27\/40e-anniversaire-de-la-tragedie-du-prairie-steel-gang\/","url":"https:\/\/teamsters.ca\/fr\/blog\/2020\/05\/27\/40e-anniversaire-de-la-tragedie-du-prairie-steel-gang\/","name":"40e anniversaire de la trag\u00e9die du Prairie Steel Gang | Teamsters Canada","isPartOf":{"@id":"https:\/\/teamsters.ca\/fr\/#website"},"primaryImageOfPage":{"@id":"https:\/\/teamsters.ca\/fr\/blog\/2020\/05\/27\/40e-anniversaire-de-la-tragedie-du-prairie-steel-gang\/#primaryimage"},"image":{"@id":"https:\/\/teamsters.ca\/fr\/blog\/2020\/05\/27\/40e-anniversaire-de-la-tragedie-du-prairie-steel-gang\/#primaryimage"},"thumbnailUrl":"https:\/\/teamsters.ca\/wp-content\/uploads\/2020\/05\/STEELFR2.jpg","datePublished":"2020-05-28T02:24:17+00:00","dateModified":"2020-05-28T02:27:35+00:00","breadcrumb":{"@id":"https:\/\/teamsters.ca\/fr\/blog\/2020\/05\/27\/40e-anniversaire-de-la-tragedie-du-prairie-steel-gang\/#breadcrumb"},"inLanguage":"fr-CA","potentialAction":[{"@type":"ReadAction","target":["https:\/\/teamsters.ca\/fr\/blog\/2020\/05\/27\/40e-anniversaire-de-la-tragedie-du-prairie-steel-gang\/"]}]},{"@type":"ImageObject","inLanguage":"fr-CA","@id":"https:\/\/teamsters.ca\/fr\/blog\/2020\/05\/27\/40e-anniversaire-de-la-tragedie-du-prairie-steel-gang\/#primaryimage","url":"https:\/\/teamsters.ca\/wp-content\/uploads\/2020\/05\/STEELFR2.jpg","contentUrl":"https:\/\/teamsters.ca\/wp-content\/uploads\/2020\/05\/STEELFR2.jpg","width":1166,"height":768},{"@type":"BreadcrumbList","@id":"https:\/\/teamsters.ca\/fr\/blog\/2020\/05\/27\/40e-anniversaire-de-la-tragedie-du-prairie-steel-gang\/#breadcrumb","itemListElement":[{"@type":"ListItem","position":1,"name":"Home","item":"https:\/\/teamsters.ca\/fr\/"},{"@type":"ListItem","position":2,"name":"40e anniversaire de la trag\u00e9die du Prairie Steel Gang"}]},{"@type":"WebSite","@id":"https:\/\/teamsters.ca\/fr\/#website","url":"https:\/\/teamsters.ca\/fr\/","name":"Teamsters Canada","description":"A Canadian union representing over 125 000 members","publisher":{"@id":"https:\/\/teamsters.ca\/fr\/#organization"},"potentialAction":[{"@type":"SearchAction","target":{"@type":"EntryPoint","urlTemplate":"https:\/\/teamsters.ca\/fr\/?s={search_term_string}"},"query-input":{"@type":"PropertyValueSpecification","valueRequired":true,"valueName":"search_term_string"}}],"inLanguage":"fr-CA"},{"@type":"Organization","@id":"https:\/\/teamsters.ca\/fr\/#organization","name":"Teamsters Canada","url":"https:\/\/teamsters.ca\/fr\/","logo":{"@type":"ImageObject","inLanguage":"fr-CA","@id":"https:\/\/teamsters.ca\/fr\/#\/schema\/logo\/image\/","url":"https:\/\/teamsters.ca\/wp-content\/uploads\/2019\/08\/TeamstersCanada.png","contentUrl":"https:\/\/teamsters.ca\/wp-content\/uploads\/2019\/08\/TeamstersCanada.png","width":545,"height":181,"caption":"Teamsters Canada"},"image":{"@id":"https:\/\/teamsters.ca\/fr\/#\/schema\/logo\/image\/"},"sameAs":["https:\/\/www.facebook.com\/Teamsterscanada\/","https:\/\/x.com\/TeamstersCanada"]},{"@type":"Person","@id":"https:\/\/teamsters.ca\/fr\/#\/schema\/person\/3e6ffefc39fe2f212400b7d8d0a4a0c1","name":"St\u00e9phanie Meunier","image":{"@type":"ImageObject","inLanguage":"fr-CA","@id":"https:\/\/teamsters.ca\/fr\/#\/schema\/person\/image\/","url":"https:\/\/secure.gravatar.com\/avatar\/e4e8404e91ed71cb473fa2708849669810cf083c89825a3d2dd0d47dd6b2be77?s=96&d=mm&r=g","contentUrl":"https:\/\/secure.gravatar.com\/avatar\/e4e8404e91ed71cb473fa2708849669810cf083c89825a3d2dd0d47dd6b2be77?s=96&d=mm&r=g","caption":"St\u00e9phanie Meunier"},"url":"https:\/\/teamsters.ca\/fr\/blog\/author\/smeunier\/"}]}},"_links":{"self":[{"href":"https:\/\/teamsters.ca\/fr\/wp-json\/wp\/v2\/posts\/18156","targetHints":{"allow":["GET"]}}],"collection":[{"href":"https:\/\/teamsters.ca\/fr\/wp-json\/wp\/v2\/posts"}],"about":[{"href":"https:\/\/teamsters.ca\/fr\/wp-json\/wp\/v2\/types\/post"}],"author":[{"embeddable":true,"href":"https:\/\/teamsters.ca\/fr\/wp-json\/wp\/v2\/users\/8"}],"replies":[{"embeddable":true,"href":"https:\/\/teamsters.ca\/fr\/wp-json\/wp\/v2\/comments?post=18156"}],"version-history":[{"count":5,"href":"https:\/\/teamsters.ca\/fr\/wp-json\/wp\/v2\/posts\/18156\/revisions"}],"predecessor-version":[{"id":18171,"href":"https:\/\/teamsters.ca\/fr\/wp-json\/wp\/v2\/posts\/18156\/revisions\/18171"}],"wp:featuredmedia":[{"embeddable":true,"href":"https:\/\/teamsters.ca\/fr\/wp-json\/wp\/v2\/media\/18172"}],"wp:attachment":[{"href":"https:\/\/teamsters.ca\/fr\/wp-json\/wp\/v2\/media?parent=18156"}],"wp:term":[{"taxonomy":"category","embeddable":true,"href":"https:\/\/teamsters.ca\/fr\/wp-json\/wp\/v2\/categories?post=18156"},{"taxonomy":"post_tag","embeddable":true,"href":"https:\/\/teamsters.ca\/fr\/wp-json\/wp\/v2\/tags?post=18156"}],"curies":[{"name":"wp","href":"https:\/\/api.w.org\/{rel}","templated":true}]}}